{"id":102680,"date":"2023-03-10T01:42:19","date_gmt":"2023-03-10T04:42:19","guid":{"rendered":"https:\/\/infoecos.com.ar\/?p=102680"},"modified":"2023-03-10T01:42:20","modified_gmt":"2023-03-10T04:42:20","slug":"agenda-cultural-trenque-lauquen-hoy-se-presenta-the-police-men-en-el-cine-barrio-alegre","status":"publish","type":"post","link":"https:\/\/infoecos.com.ar\/index.php\/agenda-cultural-trenque-lauquen-hoy-se-presenta-the-police-men-en-el-cine-barrio-alegre\/","title":{"rendered":"Agenda Cultural Trenque Lauquen: hoy se presenta The Police Men en el Cine Barrio Alegre"},"content":{"rendered":"\n<p class=\"has-text-align-center\"><strong>Agenda Cultural Trenque Lauquen<\/strong><\/p>\n\n\n\n<figure class=\"wp-block-image aligncenter size-full is-resized\"><img loading=\"lazy\" decoding=\"async\" src=\"https:\/\/infoecos.com.ar\/wp-content\/uploads\/2023\/03\/279296159_393522029448106_4030051743459191372_n.jpg\" alt=\"\" class=\"wp-image-102681\" width=\"449\" height=\"449\" srcset=\"https:\/\/infoecos.com.ar\/wp-content\/uploads\/2023\/03\/279296159_393522029448106_4030051743459191372_n.jpg 1000w, https:\/\/infoecos.com.ar\/wp-content\/uploads\/2023\/03\/279296159_393522029448106_4030051743459191372_n-800x800.jpg 800w, https:\/\/infoecos.com.ar\/wp-content\/uploads\/2023\/03\/279296159_393522029448106_4030051743459191372_n-768x768.jpg 768w\" sizes=\"(max-width: 449px) 100vw, 449px\" \/><\/figure>\n\n\n\n<p><strong>Viernes 10<\/strong><br>&#8211; <strong>Pr\u00e1ctica de Tango \u201cA-Braza-2\u201d<\/strong>. Organiza Luna y Misterio. De 21.30 a 23.30 hs. En<br><strong>Taller Casa de Fuego (San Mart\u00edn 223)<\/strong>. Contacto (2392) 58-1200.<br>&#8211; <strong>Gonzalo Mart\u00ednez, \u201cUn piano en la pampa\u201d. A las 21.30 hs. En Gladiolo (Cuello 80)<\/strong>.<br>Repertorio popular con invitado especial. Entrada libre. Reservas al (2392) 63-7484.<br><strong>&#8211; The Police Men. Banda soporte M\u00e1s de lo Mismo<\/strong>. A las 21.30 hs. <strong>En el Cine Teatro<br>Barrio Alegre<\/strong>. Entradas a la venta en la administraci\u00f3n del Cine, de 8 a 16 hs.<br><strong><mark style=\"background-color:rgba(0, 0, 0, 0)\" class=\"has-inline-color has-black-color\">S\u00e1bado 11<\/mark><\/strong><br>&#8211;<strong> Ra\u00fal Noni Ressia (Guitarra) y Kikuko Inohara (bandone\u00f3n)<\/strong>. A las 21.30 hs. En Gladiolo<br><strong>(Cuello 80)<\/strong>. Entrada libre. Reservas al (2392) 63-7484.<br><strong>&#8211; Cine Barrio Alegre<\/strong><br>. 15:00 hs. \u201cLas momias\u201d (2D) (D:88) (A.T.P.) ESPA\u00d1OL.<br>.19:00 hs. \u201cExpuesta\u201d (2D) (D:76) ESPA\u00d1OL. Espacio INCAA.<br>.21:30 hs. Creed III (2D) (D:116) (P.13) SUB.<br><strong>Domingo 12<\/strong><br>&#8211; Cine Barrio Alegre<br>.15:00 hs. \u201cLas Momias\u201d (2D) (D:88) (A.T.P.) ESPA\u00d1OL.<br>.18:30 hs. \u201cLas Momias\u201d (2D) (D:88) (A.T.P.) ESPA\u00d1OL.<br>.21:30 hs. Creed III (2D) (D:116) (P.13) SUB.<br><strong>Lunes 13<\/strong><br>&#8211; Cine Barro Alegre:<br>.19:00 hs. \u201cNi\u00f1a mam\u00e1\u201d (2D) (D:66) ESPA\u00d1OL. Espacio INCAA.<br>. 21:30 hs. Creed III (2D) (D:116) (P.13) SUB.<br><strong>Martes 14<\/strong><br>&#8211; Cine Barrio Alegre:<br>. 19:00 hs. \u201cExpuesta\u201d (2D) (D:76) ESPA\u00d1OL. Espacio INCAA<br>. 21:30 hs. Creed III (2D) (D:116) (P.13) SUB.<br><strong>Domingo 19<\/strong><br>\u201cPalabra Plena\u201d \/ Gabriel Rol\u00f3n. A las 19hs. En el Cine Teatro Barrio Alegre.Entradas en<br>venta en la administraci\u00f3n del Cine, de 8 a 16 hs. Contactos: Tel\u00e9fono fijo: (02392) 43-<br>2001. Celular: (2392) 40-2933<br><strong>Viernes 24<\/strong><br>Merengue Rock. A las 21 hs. En el Club Tres Llantas<br>Bandas invitadas: El Vincha, Zupernova, Mand\u00edbula, Cecilia y las Conspiraciones,<br>Trinomio. Anticipadas $800<br><\/p>\n","protected":false},"excerpt":{"rendered":"<p>En Gladiolo: Gonzalo Mart\u00ednez. En Taller Casa de Fuego: \u00abA-Braza-2\u00bb. Ma\u00f1ana en Gladiolo: Ra\u00fal Noni Ressia y Kikuko<\/p>\n","protected":false},"author":2,"featured_media":102681,"comment_status":"closed","ping_status":"open","sticky":false,"template":"","format":"standard","meta":{"footnotes":""},"categories":[47],"tags":[7485],"class_list":["post-102680","post","type-post","status-publish","format-standard","has-post-thumbnail","hentry","category-c3nota2","tag-para-el-fin-de-semana"],"yoast_head":"<!-- This site is optimized with the Yoast SEO plugin v23.4 - https:\/\/yoast.com\/wordpress\/plugins\/seo\/ -->\n<title>Agenda Cultural Trenque Lauquen: hoy se presenta The Police Men en el Cine Barrio Alegre - Infoecos<\/title>\n<meta name=\"robots\" content=\"index, follow, max-snippet:-1, max-image-preview:large, max-video-preview:-1\" \/>\n<link rel=\"canonical\" href=\"https:\/\/infoecos.com.ar\/index.php\/agenda-cultural-trenque-lauquen-hoy-se-presenta-the-police-men-en-el-cine-barrio-alegre\/\" \/>\n<meta property=\"og:locale\" content=\"es_ES\" \/>\n<meta property=\"og:type\" content=\"article\" \/>\n<meta property=\"og:title\" content=\"Agenda Cultural Trenque Lauquen: hoy se presenta The Police Men en el Cine Barrio Alegre - Infoecos\" \/>\n<meta property=\"og:description\" content=\"En Gladiolo: Gonzalo Mart\u00ednez. En Taller Casa de Fuego: &quot;A-Braza-2&quot;. Ma\u00f1ana en Gladiolo: Ra\u00fal Noni Ressia y Kikuko\" \/>\n<meta property=\"og:url\" content=\"https:\/\/infoecos.com.ar\/index.php\/agenda-cultural-trenque-lauquen-hoy-se-presenta-the-police-men-en-el-cine-barrio-alegre\/\" \/>\n<meta property=\"og:site_name\" content=\"Infoecos\" \/>\n<meta property=\"article:publisher\" content=\"https:\/\/www.facebook.com\/profile.php?id=100063200290284\" \/>\n<meta property=\"article:published_time\" content=\"2023-03-10T04:42:19+00:00\" \/>\n<meta property=\"article:modified_time\" content=\"2023-03-10T04:42:20+00:00\" \/>\n<meta property=\"og:image\" content=\"https:\/\/infoecos.com.ar\/wp-content\/uploads\/2023\/03\/279296159_393522029448106_4030051743459191372_n.jpg\" \/>\n\t<meta property=\"og:image:width\" content=\"1000\" \/>\n\t<meta property=\"og:image:height\" content=\"1000\" \/>\n\t<meta property=\"og:image:type\" content=\"image\/jpeg\" \/>\n<meta name=\"author\" content=\"Jorge Matheus\" \/>\n<meta name=\"twitter:card\" content=\"summary_large_image\" \/>\n<meta name=\"twitter:creator\" content=\"@infoecos\" \/>\n<meta name=\"twitter:site\" content=\"@infoecos\" \/>\n<meta name=\"twitter:label1\" content=\"Escrito por\" \/>\n\t<meta name=\"twitter:data1\" content=\"Jorge Matheus\" \/>\n\t<meta name=\"twitter:label2\" content=\"Tiempo de lectura\" \/>\n\t<meta name=\"twitter:data2\" content=\"2 minutos\" \/>\n<script type=\"application\/ld+json\" class=\"yoast-schema-graph\">{\"@context\":\"https:\/\/schema.org\",\"@graph\":[{\"@type\":\"Article\",\"@id\":\"https:\/\/infoecos.com.ar\/index.php\/agenda-cultural-trenque-lauquen-hoy-se-presenta-the-police-men-en-el-cine-barrio-alegre\/#article\",\"isPartOf\":{\"@id\":\"https:\/\/infoecos.com.ar\/index.php\/agenda-cultural-trenque-lauquen-hoy-se-presenta-the-police-men-en-el-cine-barrio-alegre\/\"},\"author\":{\"name\":\"Jorge Matheus\",\"@id\":\"https:\/\/infoecos.com.ar\/#\/schema\/person\/8f5ace5ce73b4b4aac4b7245aee6f191\"},\"headline\":\"Agenda Cultural Trenque Lauquen: hoy se presenta The Police Men en el Cine Barrio Alegre\",\"datePublished\":\"2023-03-10T04:42:19+00:00\",\"dateModified\":\"2023-03-10T04:42:20+00:00\",\"mainEntityOfPage\":{\"@id\":\"https:\/\/infoecos.com.ar\/index.php\/agenda-cultural-trenque-lauquen-hoy-se-presenta-the-police-men-en-el-cine-barrio-alegre\/\"},\"wordCount\":283,\"publisher\":{\"@id\":\"https:\/\/infoecos.com.ar\/#organization\"},\"image\":{\"@id\":\"https:\/\/infoecos.com.ar\/index.php\/agenda-cultural-trenque-lauquen-hoy-se-presenta-the-police-men-en-el-cine-barrio-alegre\/#primaryimage\"},\"thumbnailUrl\":\"https:\/\/infoecos.com.ar\/wp-content\/uploads\/2023\/03\/279296159_393522029448106_4030051743459191372_n.jpg\",\"keywords\":[\"PARA EL FIN DE SEMANA\"],\"articleSection\":[\"C3 N2\"],\"inLanguage\":\"es\"},{\"@type\":\"WebPage\",\"@id\":\"https:\/\/infoecos.com.ar\/index.php\/agenda-cultural-trenque-lauquen-hoy-se-presenta-the-police-men-en-el-cine-barrio-alegre\/\",\"url\":\"https:\/\/infoecos.com.ar\/index.php\/agenda-cultural-trenque-lauquen-hoy-se-presenta-the-police-men-en-el-cine-barrio-alegre\/\",\"name\":\"Agenda Cultural Trenque Lauquen: hoy se presenta The Police Men en el Cine Barrio Alegre - Infoecos\",\"isPartOf\":{\"@id\":\"https:\/\/infoecos.com.ar\/#website\"},\"primaryImageOfPage\":{\"@id\":\"https:\/\/infoecos.com.ar\/index.php\/agenda-cultural-trenque-lauquen-hoy-se-presenta-the-police-men-en-el-cine-barrio-alegre\/#primaryimage\"},\"image\":{\"@id\":\"https:\/\/infoecos.com.ar\/index.php\/agenda-cultural-trenque-lauquen-hoy-se-presenta-the-police-men-en-el-cine-barrio-alegre\/#primaryimage\"},\"thumbnailUrl\":\"https:\/\/infoecos.com.ar\/wp-content\/uploads\/2023\/03\/279296159_393522029448106_4030051743459191372_n.jpg\",\"datePublished\":\"2023-03-10T04:42:19+00:00\",\"dateModified\":\"2023-03-10T04:42:20+00:00\",\"breadcrumb\":{\"@id\":\"https:\/\/infoecos.com.ar\/index.php\/agenda-cultural-trenque-lauquen-hoy-se-presenta-the-police-men-en-el-cine-barrio-alegre\/#breadcrumb\"},\"inLanguage\":\"es\",\"potentialAction\":[{\"@type\":\"ReadAction\",\"target\":[\"https:\/\/infoecos.com.ar\/index.php\/agenda-cultural-trenque-lauquen-hoy-se-presenta-the-police-men-en-el-cine-barrio-alegre\/\"]}]},{\"@type\":\"ImageObject\",\"inLanguage\":\"es\",\"@id\":\"https:\/\/infoecos.com.ar\/index.php\/agenda-cultural-trenque-lauquen-hoy-se-presenta-the-police-men-en-el-cine-barrio-alegre\/#primaryimage\",\"url\":\"https:\/\/infoecos.com.ar\/wp-content\/uploads\/2023\/03\/279296159_393522029448106_4030051743459191372_n.jpg\",\"contentUrl\":\"https:\/\/infoecos.com.ar\/wp-content\/uploads\/2023\/03\/279296159_393522029448106_4030051743459191372_n.jpg\",\"width\":1000,\"height\":1000},{\"@type\":\"BreadcrumbList\",\"@id\":\"https:\/\/infoecos.com.ar\/index.php\/agenda-cultural-trenque-lauquen-hoy-se-presenta-the-police-men-en-el-cine-barrio-alegre\/#breadcrumb\",\"itemListElement\":[{\"@type\":\"ListItem\",\"position\":1,\"name\":\"Portada\",\"item\":\"https:\/\/infoecos.com.ar\/\"},{\"@type\":\"ListItem\",\"position\":2,\"name\":\"Agenda Cultural Trenque Lauquen: hoy se presenta The Police Men en el Cine Barrio Alegre\"}]},{\"@type\":\"WebSite\",\"@id\":\"https:\/\/infoecos.com.ar\/#website\",\"url\":\"https:\/\/infoecos.com.ar\/\",\"name\":\"Infoecos\",\"description\":\"Noticias de trenque lauquen y la zona\",\"publisher\":{\"@id\":\"https:\/\/infoecos.com.ar\/#organization\"},\"alternateName\":\"Noticias\",\"potentialAction\":[{\"@type\":\"SearchAction\",\"target\":{\"@type\":\"EntryPoint\",\"urlTemplate\":\"https:\/\/infoecos.com.ar\/?s={search_term_string}\"},\"query-input\":{\"@type\":\"PropertyValueSpecification\",\"valueRequired\":true,\"valueName\":\"search_term_string\"}}],\"inLanguage\":\"es\"},{\"@type\":\"Organization\",\"@id\":\"https:\/\/infoecos.com.ar\/#organization\",\"name\":\"Infoecos\",\"alternateName\":\"Noticias\",\"url\":\"https:\/\/infoecos.com.ar\/\",\"logo\":{\"@type\":\"ImageObject\",\"inLanguage\":\"es\",\"@id\":\"https:\/\/infoecos.com.ar\/#\/schema\/logo\/image\/\",\"url\":\"https:\/\/infoecos.com.ar\/wp-content\/uploads\/2024\/03\/cropped-logo.png\",\"contentUrl\":\"https:\/\/infoecos.com.ar\/wp-content\/uploads\/2024\/03\/cropped-logo.png\",\"width\":374,\"height\":90,\"caption\":\"Infoecos\"},\"image\":{\"@id\":\"https:\/\/infoecos.com.ar\/#\/schema\/logo\/image\/\"},\"sameAs\":[\"https:\/\/www.facebook.com\/profile.php?id=100063200290284\",\"https:\/\/x.com\/infoecos\"]},{\"@type\":\"Person\",\"@id\":\"https:\/\/infoecos.com.ar\/#\/schema\/person\/8f5ace5ce73b4b4aac4b7245aee6f191\",\"name\":\"Jorge Matheus\",\"url\":\"https:\/\/infoecos.com.ar\/index.php\/author\/jomatheus\/\"}]}<\/script>\n<!-- \/ Yoast SEO plugin. -->","yoast_head_json":{"title":"Agenda Cultural Trenque Lauquen: hoy se presenta The Police Men en el Cine Barrio Alegre - Infoecos","robots":{"index":"index","follow":"follow","max-snippet":"max-snippet:-1","max-image-preview":"max-image-preview:large","max-video-preview":"max-video-preview:-1"},"canonical":"https:\/\/infoecos.com.ar\/index.php\/agenda-cultural-trenque-lauquen-hoy-se-presenta-the-police-men-en-el-cine-barrio-alegre\/","og_locale":"es_ES","og_type":"article","og_title":"Agenda Cultural Trenque Lauquen: hoy se presenta The Police Men en el Cine Barrio Alegre - Infoecos","og_description":"En Gladiolo: Gonzalo Mart\u00ednez. En Taller Casa de Fuego: \"A-Braza-2\". Ma\u00f1ana en Gladiolo: Ra\u00fal Noni Ressia y Kikuko","og_url":"https:\/\/infoecos.com.ar\/index.php\/agenda-cultural-trenque-lauquen-hoy-se-presenta-the-police-men-en-el-cine-barrio-alegre\/","og_site_name":"Infoecos","article_publisher":"https:\/\/www.facebook.com\/profile.php?id=100063200290284","article_published_time":"2023-03-10T04:42:19+00:00","article_modified_time":"2023-03-10T04:42:20+00:00","og_image":[{"width":1000,"height":1000,"url":"https:\/\/infoecos.com.ar\/wp-content\/uploads\/2023\/03\/279296159_393522029448106_4030051743459191372_n.jpg","type":"image\/jpeg"}],"author":"Jorge Matheus","twitter_card":"summary_large_image","twitter_creator":"@infoecos","twitter_site":"@infoecos","twitter_misc":{"Escrito por":"Jorge Matheus","Tiempo de lectura":"2 minutos"},"schema":{"@context":"https:\/\/schema.org","@graph":[{"@type":"Article","@id":"https:\/\/infoecos.com.ar\/index.php\/agenda-cultural-trenque-lauquen-hoy-se-presenta-the-police-men-en-el-cine-barrio-alegre\/#article","isPartOf":{"@id":"https:\/\/infoecos.com.ar\/index.php\/agenda-cultural-trenque-lauquen-hoy-se-presenta-the-police-men-en-el-cine-barrio-alegre\/"},"author":{"name":"Jorge Matheus","@id":"https:\/\/infoecos.com.ar\/#\/schema\/person\/8f5ace5ce73b4b4aac4b7245aee6f191"},"headline":"Agenda Cultural Trenque Lauquen: hoy se presenta The Police Men en el Cine Barrio Alegre","datePublished":"2023-03-10T04:42:19+00:00","dateModified":"2023-03-10T04:42:20+00:00","mainEntityOfPage":{"@id":"https:\/\/infoecos.com.ar\/index.php\/agenda-cultural-trenque-lauquen-hoy-se-presenta-the-police-men-en-el-cine-barrio-alegre\/"},"wordCount":283,"publisher":{"@id":"https:\/\/infoecos.com.ar\/#organization"},"image":{"@id":"https:\/\/infoecos.com.ar\/index.php\/agenda-cultural-trenque-lauquen-hoy-se-presenta-the-police-men-en-el-cine-barrio-alegre\/#primaryimage"},"thumbnailUrl":"https:\/\/infoecos.com.ar\/wp-content\/uploads\/2023\/03\/279296159_393522029448106_4030051743459191372_n.jpg","keywords":["PARA EL FIN DE SEMANA"],"articleSection":["C3 N2"],"inLanguage":"es"},{"@type":"WebPage","@id":"https:\/\/infoecos.com.ar\/index.php\/agenda-cultural-trenque-lauquen-hoy-se-presenta-the-police-men-en-el-cine-barrio-alegre\/","url":"https:\/\/infoecos.com.ar\/index.php\/agenda-cultural-trenque-lauquen-hoy-se-presenta-the-police-men-en-el-cine-barrio-alegre\/","name":"Agenda Cultural Trenque Lauquen: hoy se presenta The Police Men en el Cine Barrio Alegre - Infoecos","isPartOf":{"@id":"https:\/\/infoecos.com.ar\/#website"},"primaryImageOfPage":{"@id":"https:\/\/infoecos.com.ar\/index.php\/agenda-cultural-trenque-lauquen-hoy-se-presenta-the-police-men-en-el-cine-barrio-alegre\/#primaryimage"},"image":{"@id":"https:\/\/infoecos.com.ar\/index.php\/agenda-cultural-trenque-lauquen-hoy-se-presenta-the-police-men-en-el-cine-barrio-alegre\/#primaryimage"},"thumbnailUrl":"https:\/\/infoecos.com.ar\/wp-content\/uploads\/2023\/03\/279296159_393522029448106_4030051743459191372_n.jpg","datePublished":"2023-03-10T04:42:19+00:00","dateModified":"2023-03-10T04:42:20+00:00","breadcrumb":{"@id":"https:\/\/infoecos.com.ar\/index.php\/agenda-cultural-trenque-lauquen-hoy-se-presenta-the-police-men-en-el-cine-barrio-alegre\/#breadcrumb"},"inLanguage":"es","potentialAction":[{"@type":"ReadAction","target":["https:\/\/infoecos.com.ar\/index.php\/agenda-cultural-trenque-lauquen-hoy-se-presenta-the-police-men-en-el-cine-barrio-alegre\/"]}]},{"@type":"ImageObject","inLanguage":"es","@id":"https:\/\/infoecos.com.ar\/index.php\/agenda-cultural-trenque-lauquen-hoy-se-presenta-the-police-men-en-el-cine-barrio-alegre\/#primaryimage","url":"https:\/\/infoecos.com.ar\/wp-content\/uploads\/2023\/03\/279296159_393522029448106_4030051743459191372_n.jpg","contentUrl":"https:\/\/infoecos.com.ar\/wp-content\/uploads\/2023\/03\/279296159_393522029448106_4030051743459191372_n.jpg","width":1000,"height":1000},{"@type":"BreadcrumbList","@id":"https:\/\/infoecos.com.ar\/index.php\/agenda-cultural-trenque-lauquen-hoy-se-presenta-the-police-men-en-el-cine-barrio-alegre\/#breadcrumb","itemListElement":[{"@type":"ListItem","position":1,"name":"Portada","item":"https:\/\/infoecos.com.ar\/"},{"@type":"ListItem","position":2,"name":"Agenda Cultural Trenque Lauquen: hoy se presenta The Police Men en el Cine Barrio Alegre"}]},{"@type":"WebSite","@id":"https:\/\/infoecos.com.ar\/#website","url":"https:\/\/infoecos.com.ar\/","name":"Infoecos","description":"Noticias de trenque lauquen y la zona","publisher":{"@id":"https:\/\/infoecos.com.ar\/#organization"},"alternateName":"Noticias","potentialAction":[{"@type":"SearchAction","target":{"@type":"EntryPoint","urlTemplate":"https:\/\/infoecos.com.ar\/?s={search_term_string}"},"query-input":{"@type":"PropertyValueSpecification","valueRequired":true,"valueName":"search_term_string"}}],"inLanguage":"es"},{"@type":"Organization","@id":"https:\/\/infoecos.com.ar\/#organization","name":"Infoecos","alternateName":"Noticias","url":"https:\/\/infoecos.com.ar\/","logo":{"@type":"ImageObject","inLanguage":"es","@id":"https:\/\/infoecos.com.ar\/#\/schema\/logo\/image\/","url":"https:\/\/infoecos.com.ar\/wp-content\/uploads\/2024\/03\/cropped-logo.png","contentUrl":"https:\/\/infoecos.com.ar\/wp-content\/uploads\/2024\/03\/cropped-logo.png","width":374,"height":90,"caption":"Infoecos"},"image":{"@id":"https:\/\/infoecos.com.ar\/#\/schema\/logo\/image\/"},"sameAs":["https:\/\/www.facebook.com\/profile.php?id=100063200290284","https:\/\/x.com\/infoecos"]},{"@type":"Person","@id":"https:\/\/infoecos.com.ar\/#\/schema\/person\/8f5ace5ce73b4b4aac4b7245aee6f191","name":"Jorge Matheus","url":"https:\/\/infoecos.com.ar\/index.php\/author\/jomatheus\/"}]}},"featured_image_urls":{"full":["https:\/\/infoecos.com.ar\/wp-content\/uploads\/2023\/03\/279296159_393522029448106_4030051743459191372_n.jpg",1000,1000,false],"thumbnail":["https:\/\/infoecos.com.ar\/wp-content\/uploads\/2023\/03\/279296159_393522029448106_4030051743459191372_n-300x150.jpg",300,150,true],"medium":["https:\/\/infoecos.com.ar\/wp-content\/uploads\/2023\/03\/279296159_393522029448106_4030051743459191372_n-800x800.jpg",800,800,true],"medium_large":["https:\/\/infoecos.com.ar\/wp-content\/uploads\/2023\/03\/279296159_393522029448106_4030051743459191372_n-768x768.jpg",640,640,true],"large":["https:\/\/infoecos.com.ar\/wp-content\/uploads\/2023\/03\/279296159_393522029448106_4030051743459191372_n.jpg",640,640,false],"1536x1536":["https:\/\/infoecos.com.ar\/wp-content\/uploads\/2023\/03\/279296159_393522029448106_4030051743459191372_n.jpg",1000,1000,false],"2048x2048":["https:\/\/infoecos.com.ar\/wp-content\/uploads\/2023\/03\/279296159_393522029448106_4030051743459191372_n.jpg",1000,1000,false],"covernews-slider-full":["https:\/\/infoecos.com.ar\/wp-content\/uploads\/2023\/03\/279296159_393522029448106_4030051743459191372_n.jpg",715,715,false],"covernews-slider-center":["https:\/\/infoecos.com.ar\/wp-content\/uploads\/2023\/03\/279296159_393522029448106_4030051743459191372_n-936x897.jpg",522,500,true],"covernews-featured":["https:\/\/infoecos.com.ar\/wp-content\/uploads\/2023\/03\/279296159_393522029448106_4030051743459191372_n.jpg",1000,1000,false],"covernews-medium":["https:\/\/infoecos.com.ar\/wp-content\/uploads\/2023\/03\/279296159_393522029448106_4030051743459191372_n-720x380.jpg",540,285,true],"covernews-medium-square":["https:\/\/infoecos.com.ar\/wp-content\/uploads\/2023\/03\/279296159_393522029448106_4030051743459191372_n-675x450.jpg",375,250,true]},"author_info":{"info":["Jorge Matheus"]},"category_info":"<a href=\"https:\/\/infoecos.com.ar\/index.php\/category\/c3nota2\/\" rel=\"category tag\">C3 N2<\/a>","tag_info":"C3 N2","comment_count":"0","_links":{"self":[{"href":"https:\/\/infoecos.com.ar\/index.php\/wp-json\/wp\/v2\/posts\/102680"}],"collection":[{"href":"https:\/\/infoecos.com.ar\/index.php\/wp-json\/wp\/v2\/posts"}],"about":[{"href":"https:\/\/infoecos.com.ar\/index.php\/wp-json\/wp\/v2\/types\/post"}],"author":[{"embeddable":true,"href":"https:\/\/infoecos.com.ar\/index.php\/wp-json\/wp\/v2\/users\/2"}],"replies":[{"embeddable":true,"href":"https:\/\/infoecos.com.ar\/index.php\/wp-json\/wp\/v2\/comments?post=102680"}],"version-history":[{"count":1,"href":"https:\/\/infoecos.com.ar\/index.php\/wp-json\/wp\/v2\/posts\/102680\/revisions"}],"predecessor-version":[{"id":102682,"href":"https:\/\/infoecos.com.ar\/index.php\/wp-json\/wp\/v2\/posts\/102680\/revisions\/102682"}],"wp:featuredmedia":[{"embeddable":true,"href":"https:\/\/infoecos.com.ar\/index.php\/wp-json\/wp\/v2\/media\/102681"}],"wp:attachment":[{"href":"https:\/\/infoecos.com.ar\/index.php\/wp-json\/wp\/v2\/media?parent=102680"}],"wp:term":[{"taxonomy":"category","embeddable":true,"href":"https:\/\/infoecos.com.ar\/index.php\/wp-json\/wp\/v2\/categories?post=102680"},{"taxonomy":"post_tag","embeddable":true,"href":"https:\/\/infoecos.com.ar\/index.php\/wp-json\/wp\/v2\/tags?post=102680"}],"curies":[{"name":"wp","href":"https:\/\/api.w.org\/{rel}","templated":true}]}}