{"id":102716,"date":"2023-03-12T10:28:25","date_gmt":"2023-03-12T13:28:25","guid":{"rendered":"https:\/\/infoecos.com.ar\/?p=102716"},"modified":"2023-03-12T10:28:26","modified_gmt":"2023-03-12T13:28:26","slug":"el-12-de-marzo-de-1927-nacia-en-chascomus-raul-ricardo-alfonsin","status":"publish","type":"post","link":"https:\/\/infoecos.com.ar\/index.php\/el-12-de-marzo-de-1927-nacia-en-chascomus-raul-ricardo-alfonsin\/","title":{"rendered":"El 12 de Marzo de 1927 nac\u00eda en Chascom\u00fas, Ra\u00fal Ricardo Alfons\u00edn"},"content":{"rendered":"\n<figure class=\"wp-block-image aligncenter size-large is-resized\"><img loading=\"lazy\" decoding=\"async\" src=\"https:\/\/infoecos.com.ar\/wp-content\/uploads\/56328677_10157480773195864_8890109611504304128_o-920x690.jpg\" alt=\"\" class=\"wp-image-55145\" width=\"447\" height=\"335\"\/><figcaption class=\"wp-element-caption\">Alfons\u00edn, Ra\u00fal<\/figcaption><\/figure>\n\n\n\n<ul class=\"wp-block-list\">\n<li><strong>1813&nbsp;&#8211; ESCUDO NACIONAL<\/strong>. La Asamblea Nacional Constituyente de 1813 aprueba el Escudo Nacional, uno de los cuatro s\u00edmbolos patrios junto a la Bandera, el Himno y la Escarapela. El grabado definitivo del escudo fue encargado al orfebre Juan de Dios Rivera, quien se inspir\u00f3 en los usados por los jacobinos durante la Revoluci\u00f3n francesa de 1789.<\/li>\n\n\n\n<li><strong>1927&nbsp;&#8211; RA\u00daL ALFONS\u00cdN.<\/strong>&nbsp;Nace en la ciudad bonaerense de Chascom\u00fas el abogado Ra\u00fal Ricardo Alfons\u00edn, dirigente de la Uni\u00f3n C\u00edvica Radical que el 10 de diciembre de 1983 se convirti\u00f3 en el primer presidente de la Naci\u00f3n elegido democr\u00e1ticamente luego de m\u00e1s de siete a\u00f1os de una cruenta dictadura c\u00edvico militar.<\/li>\n\n\n\n<li><strong>1930&nbsp;&#8211; MARCHA DE LA SAL<\/strong>. Encabezada por el abogado y l\u00edder independentista Mahatma Gandhi, comienza en la ciudad india de Ahmedabad la Marcha de la sal, manifestaci\u00f3n pac\u00edfica que recorri\u00f3 India con un recorrido de 300 kil\u00f3metros hasta el puerto de Dandi, sobre el oc\u00e9ano \u00cdndico, donde concluy\u00f3 con un acto el 6 de abril de 1930. Fue el hito del proceso que desemboc\u00f3 en la independencia de la India del imperio Brit\u00e1nico.<\/li>\n\n\n\n<li><strong>1946&nbsp;&#8211; LIZA MINNELLI<\/strong>. Nace en la ciudad de Los \u00c1ngeles (California, EEUU) la actriz y cantante estadounidense Liza May Minnelli, una de las pocas artistas que han ganado los cuatro principales premios de Estados Unidos a la labor en cine, televisi\u00f3n, m\u00fasica y teatro. Alcanz\u00f3 la fama en 1972 por su papel protag\u00f3nico en el filme musical Cabaret, con el que gan\u00f3 el \u00d3scar a la mejor actriz.<\/li>\n\n\n\n<li><strong>1956&nbsp;&#8211; STEVE HARRIS<\/strong>. Nace en el municipio de Wanthall Forest, a las afueras de Londres, el m\u00fasico y cantante brit\u00e1nico Steve Harris, bajista, fundador y l\u00edder de la banda de heavy metal Iron Maiden, con la que vendi\u00f3 m\u00e1s de 100 millones de discos.<\/li>\n\n\n\n<li><strong>2008&nbsp;&#8211; JORGE GUINZBURG<\/strong>. A la edad de 59 a\u00f1os muere en Buenos Aires el periodista y humorista Jorge Guinzburg, conductor de los exitosos programas de televisi\u00f3n Peor es nada y Ma\u00f1anas informales. Gan\u00f3 popularidad por su labor en el programa La noticia rebelde.<\/li>\n\n\n\n<li><strong>2013&nbsp;&#8211; C\u00d3NCLAVE.<\/strong>&nbsp;Comienza en el Vaticano el c\u00f3nclave de los miembros del Colegio Cardenalicio de la Iglesia que finalmente elegir\u00e1 al cardenal argentino Jorge Bergoglio como nuevo papa con el nombre de Francisco, en reemplazo de Benedicto XVI, quien hab\u00eda renunciado al pontificado.<\/li>\n\n\n\n<li><strong>2023 &#8211;&nbsp;D\u00cdA DEL GLAUCOMA.<\/strong>&nbsp;Se celebra el D\u00eda Mundial del Glaucoma, instituido por la Organizaci\u00f3n Mundial de la Salud para concientizar y sensibilizar sobre esa enfermedad ocular, la segunda causa m\u00e1s com\u00fan de ceguera.<\/li>\n<\/ul>\n","protected":false},"excerpt":{"rendered":"<p>Se celebra el D\u00eda Mundial del Glaucoma, instituido por la Organizaci\u00f3n Mundial de la Salud para concientizar y sensibilizar sobre esa enfermedad ocular, la segunda causa m\u00e1s com\u00fan de ceguera.<\/p>\n","protected":false},"author":2,"featured_media":55145,"comment_status":"closed","ping_status":"open","sticky":false,"template":"","format":"standard","meta":{"footnotes":""},"categories":[49],"tags":[4812],"class_list":["post-102716","post","type-post","status-publish","format-standard","has-post-thumbnail","hentry","category-c3nota3","tag-efemerides-infoecos-2"],"yoast_head":"<!-- This site is optimized with the Yoast SEO plugin v23.4 - https:\/\/yoast.com\/wordpress\/plugins\/seo\/ -->\n<title>El 12 de Marzo de 1927 nac\u00eda en Chascom\u00fas, Ra\u00fal Ricardo Alfons\u00edn - Infoecos<\/title>\n<meta name=\"robots\" content=\"index, follow, max-snippet:-1, max-image-preview:large, max-video-preview:-1\" \/>\n<link rel=\"canonical\" href=\"https:\/\/infoecos.com.ar\/index.php\/el-12-de-marzo-de-1927-nacia-en-chascomus-raul-ricardo-alfonsin\/\" \/>\n<meta property=\"og:locale\" content=\"es_ES\" \/>\n<meta property=\"og:type\" content=\"article\" \/>\n<meta property=\"og:title\" content=\"El 12 de Marzo de 1927 nac\u00eda en Chascom\u00fas, Ra\u00fal Ricardo Alfons\u00edn - Infoecos\" \/>\n<meta property=\"og:description\" content=\"Se celebra el D\u00eda Mundial del Glaucoma, instituido por la Organizaci\u00f3n Mundial de la Salud para concientizar y sensibilizar sobre esa enfermedad ocular, la segunda causa m\u00e1s com\u00fan de ceguera.\" \/>\n<meta property=\"og:url\" content=\"https:\/\/infoecos.com.ar\/index.php\/el-12-de-marzo-de-1927-nacia-en-chascomus-raul-ricardo-alfonsin\/\" \/>\n<meta property=\"og:site_name\" content=\"Infoecos\" \/>\n<meta property=\"article:publisher\" content=\"https:\/\/www.facebook.com\/profile.php?id=100063200290284\" \/>\n<meta property=\"article:published_time\" content=\"2023-03-12T13:28:25+00:00\" \/>\n<meta property=\"article:modified_time\" content=\"2023-03-12T13:28:26+00:00\" \/>\n<meta property=\"og:image\" content=\"https:\/\/infoecos.com.ar\/wp-content\/uploads\/56328677_10157480773195864_8890109611504304128_o.jpg\" \/>\n\t<meta property=\"og:image:width\" content=\"1200\" \/>\n\t<meta property=\"og:image:height\" content=\"900\" \/>\n\t<meta property=\"og:image:type\" content=\"image\/jpeg\" \/>\n<meta name=\"author\" content=\"Jorge Matheus\" \/>\n<meta name=\"twitter:card\" content=\"summary_large_image\" \/>\n<meta name=\"twitter:creator\" content=\"@infoecos\" \/>\n<meta name=\"twitter:site\" content=\"@infoecos\" \/>\n<meta name=\"twitter:label1\" content=\"Escrito por\" \/>\n\t<meta name=\"twitter:data1\" content=\"Jorge Matheus\" \/>\n\t<meta name=\"twitter:label2\" content=\"Tiempo de lectura\" \/>\n\t<meta name=\"twitter:data2\" content=\"3 minutos\" \/>\n<script type=\"application\/ld+json\" class=\"yoast-schema-graph\">{\"@context\":\"https:\/\/schema.org\",\"@graph\":[{\"@type\":\"Article\",\"@id\":\"https:\/\/infoecos.com.ar\/index.php\/el-12-de-marzo-de-1927-nacia-en-chascomus-raul-ricardo-alfonsin\/#article\",\"isPartOf\":{\"@id\":\"https:\/\/infoecos.com.ar\/index.php\/el-12-de-marzo-de-1927-nacia-en-chascomus-raul-ricardo-alfonsin\/\"},\"author\":{\"name\":\"Jorge Matheus\",\"@id\":\"https:\/\/infoecos.com.ar\/#\/schema\/person\/8f5ace5ce73b4b4aac4b7245aee6f191\"},\"headline\":\"El 12 de Marzo de 1927 nac\u00eda en Chascom\u00fas, Ra\u00fal Ricardo Alfons\u00edn\",\"datePublished\":\"2023-03-12T13:28:25+00:00\",\"dateModified\":\"2023-03-12T13:28:26+00:00\",\"mainEntityOfPage\":{\"@id\":\"https:\/\/infoecos.com.ar\/index.php\/el-12-de-marzo-de-1927-nacia-en-chascomus-raul-ricardo-alfonsin\/\"},\"wordCount\":469,\"publisher\":{\"@id\":\"https:\/\/infoecos.com.ar\/#organization\"},\"image\":{\"@id\":\"https:\/\/infoecos.com.ar\/index.php\/el-12-de-marzo-de-1927-nacia-en-chascomus-raul-ricardo-alfonsin\/#primaryimage\"},\"thumbnailUrl\":\"\",\"keywords\":[\"EFEM\u00c9RIDES INFOECOS\"],\"articleSection\":[\"C3 N3\"],\"inLanguage\":\"es\"},{\"@type\":\"WebPage\",\"@id\":\"https:\/\/infoecos.com.ar\/index.php\/el-12-de-marzo-de-1927-nacia-en-chascomus-raul-ricardo-alfonsin\/\",\"url\":\"https:\/\/infoecos.com.ar\/index.php\/el-12-de-marzo-de-1927-nacia-en-chascomus-raul-ricardo-alfonsin\/\",\"name\":\"El 12 de Marzo de 1927 nac\u00eda en Chascom\u00fas, Ra\u00fal Ricardo Alfons\u00edn - Infoecos\",\"isPartOf\":{\"@id\":\"https:\/\/infoecos.com.ar\/#website\"},\"primaryImageOfPage\":{\"@id\":\"https:\/\/infoecos.com.ar\/index.php\/el-12-de-marzo-de-1927-nacia-en-chascomus-raul-ricardo-alfonsin\/#primaryimage\"},\"image\":{\"@id\":\"https:\/\/infoecos.com.ar\/index.php\/el-12-de-marzo-de-1927-nacia-en-chascomus-raul-ricardo-alfonsin\/#primaryimage\"},\"thumbnailUrl\":\"\",\"datePublished\":\"2023-03-12T13:28:25+00:00\",\"dateModified\":\"2023-03-12T13:28:26+00:00\",\"breadcrumb\":{\"@id\":\"https:\/\/infoecos.com.ar\/index.php\/el-12-de-marzo-de-1927-nacia-en-chascomus-raul-ricardo-alfonsin\/#breadcrumb\"},\"inLanguage\":\"es\",\"potentialAction\":[{\"@type\":\"ReadAction\",\"target\":[\"https:\/\/infoecos.com.ar\/index.php\/el-12-de-marzo-de-1927-nacia-en-chascomus-raul-ricardo-alfonsin\/\"]}]},{\"@type\":\"ImageObject\",\"inLanguage\":\"es\",\"@id\":\"https:\/\/infoecos.com.ar\/index.php\/el-12-de-marzo-de-1927-nacia-en-chascomus-raul-ricardo-alfonsin\/#primaryimage\",\"url\":\"\",\"contentUrl\":\"\"},{\"@type\":\"BreadcrumbList\",\"@id\":\"https:\/\/infoecos.com.ar\/index.php\/el-12-de-marzo-de-1927-nacia-en-chascomus-raul-ricardo-alfonsin\/#breadcrumb\",\"itemListElement\":[{\"@type\":\"ListItem\",\"position\":1,\"name\":\"Portada\",\"item\":\"https:\/\/infoecos.com.ar\/\"},{\"@type\":\"ListItem\",\"position\":2,\"name\":\"El 12 de Marzo de 1927 nac\u00eda en Chascom\u00fas, Ra\u00fal Ricardo Alfons\u00edn\"}]},{\"@type\":\"WebSite\",\"@id\":\"https:\/\/infoecos.com.ar\/#website\",\"url\":\"https:\/\/infoecos.com.ar\/\",\"name\":\"Infoecos\",\"description\":\"Noticias de trenque lauquen y la zona\",\"publisher\":{\"@id\":\"https:\/\/infoecos.com.ar\/#organization\"},\"alternateName\":\"Noticias\",\"potentialAction\":[{\"@type\":\"SearchAction\",\"target\":{\"@type\":\"EntryPoint\",\"urlTemplate\":\"https:\/\/infoecos.com.ar\/?s={search_term_string}\"},\"query-input\":{\"@type\":\"PropertyValueSpecification\",\"valueRequired\":true,\"valueName\":\"search_term_string\"}}],\"inLanguage\":\"es\"},{\"@type\":\"Organization\",\"@id\":\"https:\/\/infoecos.com.ar\/#organization\",\"name\":\"Infoecos\",\"alternateName\":\"Noticias\",\"url\":\"https:\/\/infoecos.com.ar\/\",\"logo\":{\"@type\":\"ImageObject\",\"inLanguage\":\"es\",\"@id\":\"https:\/\/infoecos.com.ar\/#\/schema\/logo\/image\/\",\"url\":\"https:\/\/infoecos.com.ar\/wp-content\/uploads\/2024\/03\/cropped-logo.png\",\"contentUrl\":\"https:\/\/infoecos.com.ar\/wp-content\/uploads\/2024\/03\/cropped-logo.png\",\"width\":374,\"height\":90,\"caption\":\"Infoecos\"},\"image\":{\"@id\":\"https:\/\/infoecos.com.ar\/#\/schema\/logo\/image\/\"},\"sameAs\":[\"https:\/\/www.facebook.com\/profile.php?id=100063200290284\",\"https:\/\/x.com\/infoecos\"]},{\"@type\":\"Person\",\"@id\":\"https:\/\/infoecos.com.ar\/#\/schema\/person\/8f5ace5ce73b4b4aac4b7245aee6f191\",\"name\":\"Jorge Matheus\",\"url\":\"https:\/\/infoecos.com.ar\/index.php\/author\/jomatheus\/\"}]}<\/script>\n<!-- \/ Yoast SEO plugin. -->","yoast_head_json":{"title":"El 12 de Marzo de 1927 nac\u00eda en Chascom\u00fas, Ra\u00fal Ricardo Alfons\u00edn - Infoecos","robots":{"index":"index","follow":"follow","max-snippet":"max-snippet:-1","max-image-preview":"max-image-preview:large","max-video-preview":"max-video-preview:-1"},"canonical":"https:\/\/infoecos.com.ar\/index.php\/el-12-de-marzo-de-1927-nacia-en-chascomus-raul-ricardo-alfonsin\/","og_locale":"es_ES","og_type":"article","og_title":"El 12 de Marzo de 1927 nac\u00eda en Chascom\u00fas, Ra\u00fal Ricardo Alfons\u00edn - Infoecos","og_description":"Se celebra el D\u00eda Mundial del Glaucoma, instituido por la Organizaci\u00f3n Mundial de la Salud para concientizar y sensibilizar sobre esa enfermedad ocular, la segunda causa m\u00e1s com\u00fan de ceguera.","og_url":"https:\/\/infoecos.com.ar\/index.php\/el-12-de-marzo-de-1927-nacia-en-chascomus-raul-ricardo-alfonsin\/","og_site_name":"Infoecos","article_publisher":"https:\/\/www.facebook.com\/profile.php?id=100063200290284","article_published_time":"2023-03-12T13:28:25+00:00","article_modified_time":"2023-03-12T13:28:26+00:00","og_image":[{"width":1200,"height":900,"url":"https:\/\/infoecos.com.ar\/wp-content\/uploads\/56328677_10157480773195864_8890109611504304128_o.jpg","type":"image\/jpeg"}],"author":"Jorge Matheus","twitter_card":"summary_large_image","twitter_creator":"@infoecos","twitter_site":"@infoecos","twitter_misc":{"Escrito por":"Jorge Matheus","Tiempo de lectura":"3 minutos"},"schema":{"@context":"https:\/\/schema.org","@graph":[{"@type":"Article","@id":"https:\/\/infoecos.com.ar\/index.php\/el-12-de-marzo-de-1927-nacia-en-chascomus-raul-ricardo-alfonsin\/#article","isPartOf":{"@id":"https:\/\/infoecos.com.ar\/index.php\/el-12-de-marzo-de-1927-nacia-en-chascomus-raul-ricardo-alfonsin\/"},"author":{"name":"Jorge Matheus","@id":"https:\/\/infoecos.com.ar\/#\/schema\/person\/8f5ace5ce73b4b4aac4b7245aee6f191"},"headline":"El 12 de Marzo de 1927 nac\u00eda en Chascom\u00fas, Ra\u00fal Ricardo Alfons\u00edn","datePublished":"2023-03-12T13:28:25+00:00","dateModified":"2023-03-12T13:28:26+00:00","mainEntityOfPage":{"@id":"https:\/\/infoecos.com.ar\/index.php\/el-12-de-marzo-de-1927-nacia-en-chascomus-raul-ricardo-alfonsin\/"},"wordCount":469,"publisher":{"@id":"https:\/\/infoecos.com.ar\/#organization"},"image":{"@id":"https:\/\/infoecos.com.ar\/index.php\/el-12-de-marzo-de-1927-nacia-en-chascomus-raul-ricardo-alfonsin\/#primaryimage"},"thumbnailUrl":"","keywords":["EFEM\u00c9RIDES INFOECOS"],"articleSection":["C3 N3"],"inLanguage":"es"},{"@type":"WebPage","@id":"https:\/\/infoecos.com.ar\/index.php\/el-12-de-marzo-de-1927-nacia-en-chascomus-raul-ricardo-alfonsin\/","url":"https:\/\/infoecos.com.ar\/index.php\/el-12-de-marzo-de-1927-nacia-en-chascomus-raul-ricardo-alfonsin\/","name":"El 12 de Marzo de 1927 nac\u00eda en Chascom\u00fas, Ra\u00fal Ricardo Alfons\u00edn - Infoecos","isPartOf":{"@id":"https:\/\/infoecos.com.ar\/#website"},"primaryImageOfPage":{"@id":"https:\/\/infoecos.com.ar\/index.php\/el-12-de-marzo-de-1927-nacia-en-chascomus-raul-ricardo-alfonsin\/#primaryimage"},"image":{"@id":"https:\/\/infoecos.com.ar\/index.php\/el-12-de-marzo-de-1927-nacia-en-chascomus-raul-ricardo-alfonsin\/#primaryimage"},"thumbnailUrl":"","datePublished":"2023-03-12T13:28:25+00:00","dateModified":"2023-03-12T13:28:26+00:00","breadcrumb":{"@id":"https:\/\/infoecos.com.ar\/index.php\/el-12-de-marzo-de-1927-nacia-en-chascomus-raul-ricardo-alfonsin\/#breadcrumb"},"inLanguage":"es","potentialAction":[{"@type":"ReadAction","target":["https:\/\/infoecos.com.ar\/index.php\/el-12-de-marzo-de-1927-nacia-en-chascomus-raul-ricardo-alfonsin\/"]}]},{"@type":"ImageObject","inLanguage":"es","@id":"https:\/\/infoecos.com.ar\/index.php\/el-12-de-marzo-de-1927-nacia-en-chascomus-raul-ricardo-alfonsin\/#primaryimage","url":"","contentUrl":""},{"@type":"BreadcrumbList","@id":"https:\/\/infoecos.com.ar\/index.php\/el-12-de-marzo-de-1927-nacia-en-chascomus-raul-ricardo-alfonsin\/#breadcrumb","itemListElement":[{"@type":"ListItem","position":1,"name":"Portada","item":"https:\/\/infoecos.com.ar\/"},{"@type":"ListItem","position":2,"name":"El 12 de Marzo de 1927 nac\u00eda en Chascom\u00fas, Ra\u00fal Ricardo Alfons\u00edn"}]},{"@type":"WebSite","@id":"https:\/\/infoecos.com.ar\/#website","url":"https:\/\/infoecos.com.ar\/","name":"Infoecos","description":"Noticias de trenque lauquen y la zona","publisher":{"@id":"https:\/\/infoecos.com.ar\/#organization"},"alternateName":"Noticias","potentialAction":[{"@type":"SearchAction","target":{"@type":"EntryPoint","urlTemplate":"https:\/\/infoecos.com.ar\/?s={search_term_string}"},"query-input":{"@type":"PropertyValueSpecification","valueRequired":true,"valueName":"search_term_string"}}],"inLanguage":"es"},{"@type":"Organization","@id":"https:\/\/infoecos.com.ar\/#organization","name":"Infoecos","alternateName":"Noticias","url":"https:\/\/infoecos.com.ar\/","logo":{"@type":"ImageObject","inLanguage":"es","@id":"https:\/\/infoecos.com.ar\/#\/schema\/logo\/image\/","url":"https:\/\/infoecos.com.ar\/wp-content\/uploads\/2024\/03\/cropped-logo.png","contentUrl":"https:\/\/infoecos.com.ar\/wp-content\/uploads\/2024\/03\/cropped-logo.png","width":374,"height":90,"caption":"Infoecos"},"image":{"@id":"https:\/\/infoecos.com.ar\/#\/schema\/logo\/image\/"},"sameAs":["https:\/\/www.facebook.com\/profile.php?id=100063200290284","https:\/\/x.com\/infoecos"]},{"@type":"Person","@id":"https:\/\/infoecos.com.ar\/#\/schema\/person\/8f5ace5ce73b4b4aac4b7245aee6f191","name":"Jorge Matheus","url":"https:\/\/infoecos.com.ar\/index.php\/author\/jomatheus\/"}]}},"featured_image_urls":{"full":"","thumbnail":"","medium":"","medium_large":"","large":"","1536x1536":"","2048x2048":"","covernews-slider-full":"","covernews-slider-center":"","covernews-featured":"","covernews-medium":"","covernews-medium-square":""},"author_info":{"info":["Jorge Matheus"]},"category_info":"<a href=\"https:\/\/infoecos.com.ar\/index.php\/category\/c3nota3\/\" rel=\"category tag\">C3 N3<\/a>","tag_info":"C3 N3","comment_count":"0","_links":{"self":[{"href":"https:\/\/infoecos.com.ar\/index.php\/wp-json\/wp\/v2\/posts\/102716"}],"collection":[{"href":"https:\/\/infoecos.com.ar\/index.php\/wp-json\/wp\/v2\/posts"}],"about":[{"href":"https:\/\/infoecos.com.ar\/index.php\/wp-json\/wp\/v2\/types\/post"}],"author":[{"embeddable":true,"href":"https:\/\/infoecos.com.ar\/index.php\/wp-json\/wp\/v2\/users\/2"}],"replies":[{"embeddable":true,"href":"https:\/\/infoecos.com.ar\/index.php\/wp-json\/wp\/v2\/comments?post=102716"}],"version-history":[{"count":1,"href":"https:\/\/infoecos.com.ar\/index.php\/wp-json\/wp\/v2\/posts\/102716\/revisions"}],"predecessor-version":[{"id":102717,"href":"https:\/\/infoecos.com.ar\/index.php\/wp-json\/wp\/v2\/posts\/102716\/revisions\/102717"}],"wp:featuredmedia":[{"embeddable":true,"href":"https:\/\/infoecos.com.ar\/index.php\/wp-json\/"}],"wp:attachment":[{"href":"https:\/\/infoecos.com.ar\/index.php\/wp-json\/wp\/v2\/media?parent=102716"}],"wp:term":[{"taxonomy":"category","embeddable":true,"href":"https:\/\/infoecos.com.ar\/index.php\/wp-json\/wp\/v2\/categories?post=102716"},{"taxonomy":"post_tag","embeddable":true,"href":"https:\/\/infoecos.com.ar\/index.php\/wp-json\/wp\/v2\/tags?post=102716"}],"curies":[{"name":"wp","href":"https:\/\/api.w.org\/{rel}","templated":true}]}}