{"id":102728,"date":"2023-03-12T13:14:04","date_gmt":"2023-03-12T16:14:04","guid":{"rendered":"https:\/\/infoecos.com.ar\/?p=102728"},"modified":"2023-03-12T20:10:26","modified_gmt":"2023-03-12T23:10:26","slug":"macachin-la-pampa-mato-a-otro-para-defender-a-la-que-seria-su-novia","status":"publish","type":"post","link":"https:\/\/infoecos.com.ar\/index.php\/macachin-la-pampa-mato-a-otro-para-defender-a-la-que-seria-su-novia\/","title":{"rendered":"Macach\u00edn (La Pampa): mat\u00f3 a otro para defender a su novia"},"content":{"rendered":"\n<p>Un hombre de 29 a\u00f1os fue asesinado con un disparo de arma de fuego que le propin\u00f3 otro joven de 20 a\u00f1os. El episodio ocurri\u00f3 en la madrugada de este domingo en la ciudad de Macach\u00edn. El agresor fue detenido.\u00a0<\/p>\n\n\n\n<figure class=\"wp-block-image aligncenter size-full is-resized\"><img loading=\"lazy\" decoding=\"async\" src=\"https:\/\/infoecos.com.ar\/wp-content\/uploads\/2023\/03\/03-COMISARIA-MACACHIN-POLICIALES.jpg\" alt=\"\" class=\"wp-image-102729\" width=\"505\" height=\"378\" srcset=\"https:\/\/infoecos.com.ar\/wp-content\/uploads\/2023\/03\/03-COMISARIA-MACACHIN-POLICIALES.jpg 911w, https:\/\/infoecos.com.ar\/wp-content\/uploads\/2023\/03\/03-COMISARIA-MACACHIN-POLICIALES-800x600.jpg 800w, https:\/\/infoecos.com.ar\/wp-content\/uploads\/2023\/03\/03-COMISARIA-MACACHIN-POLICIALES-768x576.jpg 768w\" sizes=\"(max-width: 505px) 100vw, 505px\" \/><\/figure>\n\n\n\n<p>El hecho sucedi\u00f3\u00a0cuando la v\u00edctima\u00a0fue a buscar a sus hijos a la casa de su ex pareja, pero al llegar habr\u00eda comenzado una discusi\u00f3n con la mujer y la agredi\u00f3 f\u00edsicamente. El agresor lleg\u00f3 a meterse en el ambiente del comedor de la vivienda. Ante esta situaci\u00f3n, intervino un chico de 20 a\u00f1os, la actual pareja de la chica, y lograron sacar al hombre de 29 a\u00f1os hacia la vereda.<\/p>\n\n\n\n<p>No obstante, el padre de los ni\u00f1os intent\u00f3 ingresar nuevamente a la casa por una ventana y fue en ese momento que el otro joven que se encontraba all\u00ed lo hiri\u00f3 con un disparo de arma de fuego. La persona herida fue llevada por una vecina en su auto particular hacia el hospital local \u00abHeraclio Luna\u00bb. Los voceros consultados indicaron que pocos minutos despu\u00e9s, desde el nosocomio, informaron sobre el deceso del herido.<\/p>\n\n\n\n<p>La Agencia de Investigaci\u00f3n Cient\u00edfica est\u00e1 realizando las diligencias correspondientes en el lugar del hecho. El caso est\u00e1 siendo investigado por la Fiscal\u00eda Tem\u00e1tica de Delitos contra las Personas, a cargo de Marcos Sacco.&nbsp;&nbsp;<\/p>\n","protected":false},"excerpt":{"rendered":"<p>Fuentes policiales confirmaron al diario LA ARENA que una persona falleci\u00f3 a causa de un disparo de arma de fuego que le propin\u00f3 otro joven. El hecho sucedi\u00f3\u00a0cuando la v\u00edctima\u00a0fue a buscar a sus hijos a la casa de su ex pareja, pero al llegar habr\u00eda comenzado una discusi\u00f3n con la mujer y la agredi\u00f3 f\u00edsicamente<\/p>\n","protected":false},"author":2,"featured_media":102729,"comment_status":"closed","ping_status":"open","sticky":false,"template":"","format":"standard","meta":{"footnotes":""},"categories":[28],"tags":[5476],"class_list":["post-102728","post","type-post","status-publish","format-standard","has-post-thumbnail","hentry","category-c1nota1","tag-en-la-madrugada-del-domingo"],"yoast_head":"<!-- This site is optimized with the Yoast SEO plugin v23.4 - https:\/\/yoast.com\/wordpress\/plugins\/seo\/ -->\n<title>Macach\u00edn (La Pampa): mat\u00f3 a otro para defender a su novia - Infoecos<\/title>\n<meta name=\"robots\" content=\"index, follow, max-snippet:-1, max-image-preview:large, max-video-preview:-1\" \/>\n<link rel=\"canonical\" href=\"https:\/\/infoecos.com.ar\/index.php\/macachin-la-pampa-mato-a-otro-para-defender-a-la-que-seria-su-novia\/\" \/>\n<meta property=\"og:locale\" content=\"es_ES\" \/>\n<meta property=\"og:type\" content=\"article\" \/>\n<meta property=\"og:title\" content=\"Macach\u00edn (La Pampa): mat\u00f3 a otro para defender a su novia - Infoecos\" \/>\n<meta property=\"og:description\" content=\"Fuentes policiales confirmaron al diario LA ARENA que una persona falleci\u00f3 a causa de un disparo de arma de fuego que le propin\u00f3 otro joven. El hecho sucedi\u00f3\u00a0cuando la v\u00edctima\u00a0fue a buscar a sus hijos a la casa de su ex pareja, pero al llegar habr\u00eda comenzado una discusi\u00f3n con la mujer y la agredi\u00f3 f\u00edsicamente\" \/>\n<meta property=\"og:url\" content=\"https:\/\/infoecos.com.ar\/index.php\/macachin-la-pampa-mato-a-otro-para-defender-a-la-que-seria-su-novia\/\" \/>\n<meta property=\"og:site_name\" content=\"Infoecos\" \/>\n<meta property=\"article:publisher\" content=\"https:\/\/www.facebook.com\/profile.php?id=100063200290284\" \/>\n<meta property=\"article:published_time\" content=\"2023-03-12T16:14:04+00:00\" \/>\n<meta property=\"article:modified_time\" content=\"2023-03-12T23:10:26+00:00\" \/>\n<meta property=\"og:image\" content=\"https:\/\/infoecos.com.ar\/wp-content\/uploads\/2023\/03\/03-COMISARIA-MACACHIN-POLICIALES.jpg\" \/>\n\t<meta property=\"og:image:width\" content=\"911\" \/>\n\t<meta property=\"og:image:height\" content=\"683\" \/>\n\t<meta property=\"og:image:type\" content=\"image\/jpeg\" \/>\n<meta name=\"author\" content=\"Jorge Matheus\" \/>\n<meta name=\"twitter:card\" content=\"summary_large_image\" \/>\n<meta name=\"twitter:creator\" content=\"@infoecos\" \/>\n<meta name=\"twitter:site\" content=\"@infoecos\" \/>\n<meta name=\"twitter:label1\" content=\"Escrito por\" \/>\n\t<meta name=\"twitter:data1\" content=\"Jorge Matheus\" \/>\n\t<meta name=\"twitter:label2\" content=\"Tiempo de lectura\" \/>\n\t<meta name=\"twitter:data2\" content=\"2 minutos\" \/>\n<script type=\"application\/ld+json\" class=\"yoast-schema-graph\">{\"@context\":\"https:\/\/schema.org\",\"@graph\":[{\"@type\":\"Article\",\"@id\":\"https:\/\/infoecos.com.ar\/index.php\/macachin-la-pampa-mato-a-otro-para-defender-a-la-que-seria-su-novia\/#article\",\"isPartOf\":{\"@id\":\"https:\/\/infoecos.com.ar\/index.php\/macachin-la-pampa-mato-a-otro-para-defender-a-la-que-seria-su-novia\/\"},\"author\":{\"name\":\"Jorge Matheus\",\"@id\":\"https:\/\/infoecos.com.ar\/#\/schema\/person\/8f5ace5ce73b4b4aac4b7245aee6f191\"},\"headline\":\"Macach\u00edn (La Pampa): mat\u00f3 a otro para defender a su novia\",\"datePublished\":\"2023-03-12T16:14:04+00:00\",\"dateModified\":\"2023-03-12T23:10:26+00:00\",\"mainEntityOfPage\":{\"@id\":\"https:\/\/infoecos.com.ar\/index.php\/macachin-la-pampa-mato-a-otro-para-defender-a-la-que-seria-su-novia\/\"},\"wordCount\":245,\"publisher\":{\"@id\":\"https:\/\/infoecos.com.ar\/#organization\"},\"image\":{\"@id\":\"https:\/\/infoecos.com.ar\/index.php\/macachin-la-pampa-mato-a-otro-para-defender-a-la-que-seria-su-novia\/#primaryimage\"},\"thumbnailUrl\":\"https:\/\/infoecos.com.ar\/wp-content\/uploads\/2023\/03\/03-COMISARIA-MACACHIN-POLICIALES.jpg\",\"keywords\":[\"en la madrugada del domingo\"],\"articleSection\":[\"C1 N1\"],\"inLanguage\":\"es\"},{\"@type\":\"WebPage\",\"@id\":\"https:\/\/infoecos.com.ar\/index.php\/macachin-la-pampa-mato-a-otro-para-defender-a-la-que-seria-su-novia\/\",\"url\":\"https:\/\/infoecos.com.ar\/index.php\/macachin-la-pampa-mato-a-otro-para-defender-a-la-que-seria-su-novia\/\",\"name\":\"Macach\u00edn (La Pampa): mat\u00f3 a otro para defender a su novia - Infoecos\",\"isPartOf\":{\"@id\":\"https:\/\/infoecos.com.ar\/#website\"},\"primaryImageOfPage\":{\"@id\":\"https:\/\/infoecos.com.ar\/index.php\/macachin-la-pampa-mato-a-otro-para-defender-a-la-que-seria-su-novia\/#primaryimage\"},\"image\":{\"@id\":\"https:\/\/infoecos.com.ar\/index.php\/macachin-la-pampa-mato-a-otro-para-defender-a-la-que-seria-su-novia\/#primaryimage\"},\"thumbnailUrl\":\"https:\/\/infoecos.com.ar\/wp-content\/uploads\/2023\/03\/03-COMISARIA-MACACHIN-POLICIALES.jpg\",\"datePublished\":\"2023-03-12T16:14:04+00:00\",\"dateModified\":\"2023-03-12T23:10:26+00:00\",\"breadcrumb\":{\"@id\":\"https:\/\/infoecos.com.ar\/index.php\/macachin-la-pampa-mato-a-otro-para-defender-a-la-que-seria-su-novia\/#breadcrumb\"},\"inLanguage\":\"es\",\"potentialAction\":[{\"@type\":\"ReadAction\",\"target\":[\"https:\/\/infoecos.com.ar\/index.php\/macachin-la-pampa-mato-a-otro-para-defender-a-la-que-seria-su-novia\/\"]}]},{\"@type\":\"ImageObject\",\"inLanguage\":\"es\",\"@id\":\"https:\/\/infoecos.com.ar\/index.php\/macachin-la-pampa-mato-a-otro-para-defender-a-la-que-seria-su-novia\/#primaryimage\",\"url\":\"https:\/\/infoecos.com.ar\/wp-content\/uploads\/2023\/03\/03-COMISARIA-MACACHIN-POLICIALES.jpg\",\"contentUrl\":\"https:\/\/infoecos.com.ar\/wp-content\/uploads\/2023\/03\/03-COMISARIA-MACACHIN-POLICIALES.jpg\",\"width\":911,\"height\":683},{\"@type\":\"BreadcrumbList\",\"@id\":\"https:\/\/infoecos.com.ar\/index.php\/macachin-la-pampa-mato-a-otro-para-defender-a-la-que-seria-su-novia\/#breadcrumb\",\"itemListElement\":[{\"@type\":\"ListItem\",\"position\":1,\"name\":\"Portada\",\"item\":\"https:\/\/infoecos.com.ar\/\"},{\"@type\":\"ListItem\",\"position\":2,\"name\":\"Macach\u00edn (La Pampa): mat\u00f3 a otro para defender a su novia\"}]},{\"@type\":\"WebSite\",\"@id\":\"https:\/\/infoecos.com.ar\/#website\",\"url\":\"https:\/\/infoecos.com.ar\/\",\"name\":\"Infoecos\",\"description\":\"Noticias de trenque lauquen y la zona\",\"publisher\":{\"@id\":\"https:\/\/infoecos.com.ar\/#organization\"},\"alternateName\":\"Noticias\",\"potentialAction\":[{\"@type\":\"SearchAction\",\"target\":{\"@type\":\"EntryPoint\",\"urlTemplate\":\"https:\/\/infoecos.com.ar\/?s={search_term_string}\"},\"query-input\":{\"@type\":\"PropertyValueSpecification\",\"valueRequired\":true,\"valueName\":\"search_term_string\"}}],\"inLanguage\":\"es\"},{\"@type\":\"Organization\",\"@id\":\"https:\/\/infoecos.com.ar\/#organization\",\"name\":\"Infoecos\",\"alternateName\":\"Noticias\",\"url\":\"https:\/\/infoecos.com.ar\/\",\"logo\":{\"@type\":\"ImageObject\",\"inLanguage\":\"es\",\"@id\":\"https:\/\/infoecos.com.ar\/#\/schema\/logo\/image\/\",\"url\":\"https:\/\/infoecos.com.ar\/wp-content\/uploads\/2024\/03\/cropped-logo.png\",\"contentUrl\":\"https:\/\/infoecos.com.ar\/wp-content\/uploads\/2024\/03\/cropped-logo.png\",\"width\":374,\"height\":90,\"caption\":\"Infoecos\"},\"image\":{\"@id\":\"https:\/\/infoecos.com.ar\/#\/schema\/logo\/image\/\"},\"sameAs\":[\"https:\/\/www.facebook.com\/profile.php?id=100063200290284\",\"https:\/\/x.com\/infoecos\"]},{\"@type\":\"Person\",\"@id\":\"https:\/\/infoecos.com.ar\/#\/schema\/person\/8f5ace5ce73b4b4aac4b7245aee6f191\",\"name\":\"Jorge Matheus\",\"url\":\"https:\/\/infoecos.com.ar\/index.php\/author\/jomatheus\/\"}]}<\/script>\n<!-- \/ Yoast SEO plugin. -->","yoast_head_json":{"title":"Macach\u00edn (La Pampa): mat\u00f3 a otro para defender a su novia - Infoecos","robots":{"index":"index","follow":"follow","max-snippet":"max-snippet:-1","max-image-preview":"max-image-preview:large","max-video-preview":"max-video-preview:-1"},"canonical":"https:\/\/infoecos.com.ar\/index.php\/macachin-la-pampa-mato-a-otro-para-defender-a-la-que-seria-su-novia\/","og_locale":"es_ES","og_type":"article","og_title":"Macach\u00edn (La Pampa): mat\u00f3 a otro para defender a su novia - Infoecos","og_description":"Fuentes policiales confirmaron al diario LA ARENA que una persona falleci\u00f3 a causa de un disparo de arma de fuego que le propin\u00f3 otro joven. El hecho sucedi\u00f3\u00a0cuando la v\u00edctima\u00a0fue a buscar a sus hijos a la casa de su ex pareja, pero al llegar habr\u00eda comenzado una discusi\u00f3n con la mujer y la agredi\u00f3 f\u00edsicamente","og_url":"https:\/\/infoecos.com.ar\/index.php\/macachin-la-pampa-mato-a-otro-para-defender-a-la-que-seria-su-novia\/","og_site_name":"Infoecos","article_publisher":"https:\/\/www.facebook.com\/profile.php?id=100063200290284","article_published_time":"2023-03-12T16:14:04+00:00","article_modified_time":"2023-03-12T23:10:26+00:00","og_image":[{"width":911,"height":683,"url":"https:\/\/infoecos.com.ar\/wp-content\/uploads\/2023\/03\/03-COMISARIA-MACACHIN-POLICIALES.jpg","type":"image\/jpeg"}],"author":"Jorge Matheus","twitter_card":"summary_large_image","twitter_creator":"@infoecos","twitter_site":"@infoecos","twitter_misc":{"Escrito por":"Jorge Matheus","Tiempo de lectura":"2 minutos"},"schema":{"@context":"https:\/\/schema.org","@graph":[{"@type":"Article","@id":"https:\/\/infoecos.com.ar\/index.php\/macachin-la-pampa-mato-a-otro-para-defender-a-la-que-seria-su-novia\/#article","isPartOf":{"@id":"https:\/\/infoecos.com.ar\/index.php\/macachin-la-pampa-mato-a-otro-para-defender-a-la-que-seria-su-novia\/"},"author":{"name":"Jorge Matheus","@id":"https:\/\/infoecos.com.ar\/#\/schema\/person\/8f5ace5ce73b4b4aac4b7245aee6f191"},"headline":"Macach\u00edn (La Pampa): mat\u00f3 a otro para defender a su novia","datePublished":"2023-03-12T16:14:04+00:00","dateModified":"2023-03-12T23:10:26+00:00","mainEntityOfPage":{"@id":"https:\/\/infoecos.com.ar\/index.php\/macachin-la-pampa-mato-a-otro-para-defender-a-la-que-seria-su-novia\/"},"wordCount":245,"publisher":{"@id":"https:\/\/infoecos.com.ar\/#organization"},"image":{"@id":"https:\/\/infoecos.com.ar\/index.php\/macachin-la-pampa-mato-a-otro-para-defender-a-la-que-seria-su-novia\/#primaryimage"},"thumbnailUrl":"https:\/\/infoecos.com.ar\/wp-content\/uploads\/2023\/03\/03-COMISARIA-MACACHIN-POLICIALES.jpg","keywords":["en la madrugada del domingo"],"articleSection":["C1 N1"],"inLanguage":"es"},{"@type":"WebPage","@id":"https:\/\/infoecos.com.ar\/index.php\/macachin-la-pampa-mato-a-otro-para-defender-a-la-que-seria-su-novia\/","url":"https:\/\/infoecos.com.ar\/index.php\/macachin-la-pampa-mato-a-otro-para-defender-a-la-que-seria-su-novia\/","name":"Macach\u00edn (La Pampa): mat\u00f3 a otro para defender a su novia - Infoecos","isPartOf":{"@id":"https:\/\/infoecos.com.ar\/#website"},"primaryImageOfPage":{"@id":"https:\/\/infoecos.com.ar\/index.php\/macachin-la-pampa-mato-a-otro-para-defender-a-la-que-seria-su-novia\/#primaryimage"},"image":{"@id":"https:\/\/infoecos.com.ar\/index.php\/macachin-la-pampa-mato-a-otro-para-defender-a-la-que-seria-su-novia\/#primaryimage"},"thumbnailUrl":"https:\/\/infoecos.com.ar\/wp-content\/uploads\/2023\/03\/03-COMISARIA-MACACHIN-POLICIALES.jpg","datePublished":"2023-03-12T16:14:04+00:00","dateModified":"2023-03-12T23:10:26+00:00","breadcrumb":{"@id":"https:\/\/infoecos.com.ar\/index.php\/macachin-la-pampa-mato-a-otro-para-defender-a-la-que-seria-su-novia\/#breadcrumb"},"inLanguage":"es","potentialAction":[{"@type":"ReadAction","target":["https:\/\/infoecos.com.ar\/index.php\/macachin-la-pampa-mato-a-otro-para-defender-a-la-que-seria-su-novia\/"]}]},{"@type":"ImageObject","inLanguage":"es","@id":"https:\/\/infoecos.com.ar\/index.php\/macachin-la-pampa-mato-a-otro-para-defender-a-la-que-seria-su-novia\/#primaryimage","url":"https:\/\/infoecos.com.ar\/wp-content\/uploads\/2023\/03\/03-COMISARIA-MACACHIN-POLICIALES.jpg","contentUrl":"https:\/\/infoecos.com.ar\/wp-content\/uploads\/2023\/03\/03-COMISARIA-MACACHIN-POLICIALES.jpg","width":911,"height":683},{"@type":"BreadcrumbList","@id":"https:\/\/infoecos.com.ar\/index.php\/macachin-la-pampa-mato-a-otro-para-defender-a-la-que-seria-su-novia\/#breadcrumb","itemListElement":[{"@type":"ListItem","position":1,"name":"Portada","item":"https:\/\/infoecos.com.ar\/"},{"@type":"ListItem","position":2,"name":"Macach\u00edn (La Pampa): mat\u00f3 a otro para defender a su novia"}]},{"@type":"WebSite","@id":"https:\/\/infoecos.com.ar\/#website","url":"https:\/\/infoecos.com.ar\/","name":"Infoecos","description":"Noticias de trenque lauquen y la zona","publisher":{"@id":"https:\/\/infoecos.com.ar\/#organization"},"alternateName":"Noticias","potentialAction":[{"@type":"SearchAction","target":{"@type":"EntryPoint","urlTemplate":"https:\/\/infoecos.com.ar\/?s={search_term_string}"},"query-input":{"@type":"PropertyValueSpecification","valueRequired":true,"valueName":"search_term_string"}}],"inLanguage":"es"},{"@type":"Organization","@id":"https:\/\/infoecos.com.ar\/#organization","name":"Infoecos","alternateName":"Noticias","url":"https:\/\/infoecos.com.ar\/","logo":{"@type":"ImageObject","inLanguage":"es","@id":"https:\/\/infoecos.com.ar\/#\/schema\/logo\/image\/","url":"https:\/\/infoecos.com.ar\/wp-content\/uploads\/2024\/03\/cropped-logo.png","contentUrl":"https:\/\/infoecos.com.ar\/wp-content\/uploads\/2024\/03\/cropped-logo.png","width":374,"height":90,"caption":"Infoecos"},"image":{"@id":"https:\/\/infoecos.com.ar\/#\/schema\/logo\/image\/"},"sameAs":["https:\/\/www.facebook.com\/profile.php?id=100063200290284","https:\/\/x.com\/infoecos"]},{"@type":"Person","@id":"https:\/\/infoecos.com.ar\/#\/schema\/person\/8f5ace5ce73b4b4aac4b7245aee6f191","name":"Jorge Matheus","url":"https:\/\/infoecos.com.ar\/index.php\/author\/jomatheus\/"}]}},"featured_image_urls":{"full":["https:\/\/infoecos.com.ar\/wp-content\/uploads\/2023\/03\/03-COMISARIA-MACACHIN-POLICIALES.jpg",911,683,false],"thumbnail":["https:\/\/infoecos.com.ar\/wp-content\/uploads\/2023\/03\/03-COMISARIA-MACACHIN-POLICIALES-300x150.jpg",300,150,true],"medium":["https:\/\/infoecos.com.ar\/wp-content\/uploads\/2023\/03\/03-COMISARIA-MACACHIN-POLICIALES-800x600.jpg",800,600,true],"medium_large":["https:\/\/infoecos.com.ar\/wp-content\/uploads\/2023\/03\/03-COMISARIA-MACACHIN-POLICIALES-768x576.jpg",640,480,true],"large":["https:\/\/infoecos.com.ar\/wp-content\/uploads\/2023\/03\/03-COMISARIA-MACACHIN-POLICIALES.jpg",640,480,false],"1536x1536":["https:\/\/infoecos.com.ar\/wp-content\/uploads\/2023\/03\/03-COMISARIA-MACACHIN-POLICIALES.jpg",911,683,false],"2048x2048":["https:\/\/infoecos.com.ar\/wp-content\/uploads\/2023\/03\/03-COMISARIA-MACACHIN-POLICIALES.jpg",911,683,false],"covernews-slider-full":["https:\/\/infoecos.com.ar\/wp-content\/uploads\/2023\/03\/03-COMISARIA-MACACHIN-POLICIALES.jpg",911,683,false],"covernews-slider-center":["https:\/\/infoecos.com.ar\/wp-content\/uploads\/2023\/03\/03-COMISARIA-MACACHIN-POLICIALES.jpg",667,500,false],"covernews-featured":["https:\/\/infoecos.com.ar\/wp-content\/uploads\/2023\/03\/03-COMISARIA-MACACHIN-POLICIALES.jpg",911,683,false],"covernews-medium":["https:\/\/infoecos.com.ar\/wp-content\/uploads\/2023\/03\/03-COMISARIA-MACACHIN-POLICIALES-720x380.jpg",540,285,true],"covernews-medium-square":["https:\/\/infoecos.com.ar\/wp-content\/uploads\/2023\/03\/03-COMISARIA-MACACHIN-POLICIALES-675x450.jpg",375,250,true]},"author_info":{"info":["Jorge Matheus"]},"category_info":"<a href=\"https:\/\/infoecos.com.ar\/index.php\/category\/c1nota1\/\" rel=\"category tag\">C1 N1<\/a>","tag_info":"C1 N1","comment_count":"0","_links":{"self":[{"href":"https:\/\/infoecos.com.ar\/index.php\/wp-json\/wp\/v2\/posts\/102728"}],"collection":[{"href":"https:\/\/infoecos.com.ar\/index.php\/wp-json\/wp\/v2\/posts"}],"about":[{"href":"https:\/\/infoecos.com.ar\/index.php\/wp-json\/wp\/v2\/types\/post"}],"author":[{"embeddable":true,"href":"https:\/\/infoecos.com.ar\/index.php\/wp-json\/wp\/v2\/users\/2"}],"replies":[{"embeddable":true,"href":"https:\/\/infoecos.com.ar\/index.php\/wp-json\/wp\/v2\/comments?post=102728"}],"version-history":[{"count":3,"href":"https:\/\/infoecos.com.ar\/index.php\/wp-json\/wp\/v2\/posts\/102728\/revisions"}],"predecessor-version":[{"id":102748,"href":"https:\/\/infoecos.com.ar\/index.php\/wp-json\/wp\/v2\/posts\/102728\/revisions\/102748"}],"wp:featuredmedia":[{"embeddable":true,"href":"https:\/\/infoecos.com.ar\/index.php\/wp-json\/wp\/v2\/media\/102729"}],"wp:attachment":[{"href":"https:\/\/infoecos.com.ar\/index.php\/wp-json\/wp\/v2\/media?parent=102728"}],"wp:term":[{"taxonomy":"category","embeddable":true,"href":"https:\/\/infoecos.com.ar\/index.php\/wp-json\/wp\/v2\/categories?post=102728"},{"taxonomy":"post_tag","embeddable":true,"href":"https:\/\/infoecos.com.ar\/index.php\/wp-json\/wp\/v2\/tags?post=102728"}],"curies":[{"name":"wp","href":"https:\/\/api.w.org\/{rel}","templated":true}]}}