{"id":102767,"date":"2023-03-13T02:31:13","date_gmt":"2023-03-13T05:31:13","guid":{"rendered":"https:\/\/infoecos.com.ar\/?p=102767"},"modified":"2023-03-13T02:31:14","modified_gmt":"2023-03-13T05:31:14","slug":"el-conclave-del-colegio-cardenalicio-elige-como-papa-a-jorge-bergoglio","status":"publish","type":"post","link":"https:\/\/infoecos.com.ar\/index.php\/el-conclave-del-colegio-cardenalicio-elige-como-papa-a-jorge-bergoglio\/","title":{"rendered":"El c\u00f3nclave del Colegio Cardenalicio elige como papa a Jorge Bergoglio"},"content":{"rendered":"\n<figure class=\"wp-block-image aligncenter size-full is-resized\"><img loading=\"lazy\" decoding=\"async\" src=\"https:\/\/infoecos.com.ar\/wp-content\/uploads\/2023\/03\/image-40.png\" alt=\"\" class=\"wp-image-102768\" width=\"443\" height=\"248\" srcset=\"https:\/\/infoecos.com.ar\/wp-content\/uploads\/2023\/03\/image-40.png 992w, https:\/\/infoecos.com.ar\/wp-content\/uploads\/2023\/03\/image-40-800x450.png 800w, https:\/\/infoecos.com.ar\/wp-content\/uploads\/2023\/03\/image-40-768x432.png 768w\" sizes=\"(max-width: 443px) 100vw, 443px\" \/><\/figure>\n\n\n\n<ul class=\"wp-block-list\">\n<li><strong>1939 &#8211; NEIL SEDAKA.<\/strong>&nbsp;Nace en el distrito de Brooklin (Nueva York, EEUU), el pianista, cantante y compositor estadounidense Neil Sedaka, quien en 2006 fue reconocido por el Libro Guinness de los R\u00e9cords como autor del \u00e9xito m\u00e1s vendido del siglo XXI por su tema Amarillo.<\/li>\n\n\n\n<li><strong>1963 &#8211; FITO P\u00c1EZ.<\/strong>&nbsp;Nace en la ciudad santafesina de Rosario el m\u00fasico, cantante y compositor Rodolfo \u201cFito\u201d P\u00e1ez, uno de los m\u00e1ximos exponentes del rock argentino, quien lleva ganados ocho premios Grammy.<\/li>\n\n\n\n<li><strong>1969 &#8211; APOLO IX.<\/strong>&nbsp;La misi\u00f3n espacial Apolo IX, la tercera tripulada del programa Apolo de Estados Unidos, regresa a la Tierra despu\u00e9s de pasar diez d\u00edas en \u00f3rbita terrestre para probar aspectos cr\u00edticos para aterrizajes en la Luna, incluidos los motores y los sistemas de soporte de vida de mochila y los de navegaci\u00f3n.<\/li>\n\n\n\n<li><strong>2005 &#8211; GABRIEL BATISTUTA.<\/strong>&nbsp;A la edad de 36 a\u00f1os, cuando jugaba para el Al Arabi de Qatar, el delantero Gabriel Omar Batistuta anuncia su retiro del f\u00fatbol. Apodado \u201cBatigol\u201d, fue el m\u00e1ximo goleador hist\u00f3rico de la selecci\u00f3n argentina con 54 tantos hasta 2016, cuando fue superado por Lionel Messi. Inici\u00f3 su carrera en Newell &#8216;s Old Boys, y pas\u00f3 luego por River Plate, Boca Juniors y los italianos Fiorentina, Roma e Inter.<\/li>\n\n\n\n<li><strong>1904 &#8211; CRISTO REDENTOR.<\/strong>&nbsp;Se inaugura en el paso de Uspallata (Mendoza), en la l\u00ednea de la frontera argentina-chilena, a 3854 metros sobre el nivel del mar, el monumento al Cristo Redentor de Los Andes para conmemorar la superaci\u00f3n pac\u00edfica de un conflicto lim\u00edtrofe. El monumento es obra del escultor argentino Mateo Alonso.<\/li>\n\n\n\n<li><strong>2010 &#8211; ARGENTINA CHILE.<\/strong>&nbsp;M\u00e1s de 100.000 personas asisten en Buenos Aires al festival solidario \u201cArgentina abraza a Chile\u201d, en el que participaron artistas como Ricardo Dar\u00edn, Gustavo Santaolalla, Andr\u00e9s Calamaro y Los Fabulosos Cadillacs y se reunieron 60 toneladas de alimentos, ropa y medicinas para las v\u00edctimas del devastador terremoto que sacudi\u00f3 al pa\u00eds vecino el 27 de febrero de 2010.<\/li>\n\n\n\n<li><strong>1993 &#8211; RAM\u00d3N D\u00cdAZ.<\/strong>&nbsp;El delantero Ram\u00f3n \u00c1ngel D\u00edaz juega por \u00faltima vez con la camiseta de River Plate, en el partido en el que el \u201cmillonario\u201d empat\u00f3 1-1 en su visita a San Mart\u00edn de Tucum\u00e1n. El \u201cPelado\u201d D\u00edaz, que en ese partido fue expulsado, marc\u00f3 84 goles y fue cinco veces campe\u00f3n argentino con la camiseta riverplatense. Como t\u00e9cnico de River, gan\u00f3 la Copa Libertadores de Am\u00e9rica 1996, la Supercopa Sudamericana de 1997 y siete campeonatos nacionales.<\/li>\n\n\n\n<li><strong>1945 &#8211; ESTEBAN MELLINO.<\/strong>&nbsp;Nace en Buenos Aires el actor y humorista Esteban Mellino, quien gan\u00f3 popularidad con el personaje del licenciado Di\u00f3genes Rubens Lambetain. Trabaj\u00f3 en los exitosos programas de televisi\u00f3n Clave de sol, Ta te show y Fashion vip y en cinco pel\u00edculas.<\/li>\n\n\n\n<li><strong>2013 &#8211; JORGE BERGOGLIO.<\/strong>&nbsp;En la Ciudad del Vaticano, el c\u00f3nclave del Colegio Cardenalicio elige como papa al arzobispo de Buenos Aires, Jorge Mario Bergoglio, quien adopt\u00f3 el nombre de Francisco en honor al santo de As\u00eds. Francisco es el primer papa jesuita, el primero oriundo de Latinoam\u00e9rica y el primero no europeo desde el sirio Gregorio III, fallecido en 741. Sucedi\u00f3 a Benedicto XVI, quien hab\u00eda renunciado al pontificado.<\/li>\n<\/ul>\n","protected":false},"excerpt":{"rendered":"<p>A la edad de 36 a\u00f1os, cuando jugaba para el Al Arabi de Qatar, el delantero Gabriel Omar Batistuta anuncia su retiro del f\u00fatbol<\/p>\n","protected":false},"author":2,"featured_media":102768,"comment_status":"closed","ping_status":"open","sticky":false,"template":"","format":"standard","meta":{"footnotes":""},"categories":[49],"tags":[4812],"class_list":["post-102767","post","type-post","status-publish","format-standard","has-post-thumbnail","hentry","category-c3nota3","tag-efemerides-infoecos-2"],"yoast_head":"<!-- This site is optimized with the Yoast SEO plugin v23.4 - https:\/\/yoast.com\/wordpress\/plugins\/seo\/ -->\n<title>El c\u00f3nclave del Colegio Cardenalicio elige como papa a Jorge Bergoglio - Infoecos<\/title>\n<meta name=\"robots\" content=\"index, follow, max-snippet:-1, max-image-preview:large, max-video-preview:-1\" \/>\n<link rel=\"canonical\" href=\"https:\/\/infoecos.com.ar\/index.php\/el-conclave-del-colegio-cardenalicio-elige-como-papa-a-jorge-bergoglio\/\" \/>\n<meta property=\"og:locale\" content=\"es_ES\" \/>\n<meta property=\"og:type\" content=\"article\" \/>\n<meta property=\"og:title\" content=\"El c\u00f3nclave del Colegio Cardenalicio elige como papa a Jorge Bergoglio - Infoecos\" \/>\n<meta property=\"og:description\" content=\"A la edad de 36 a\u00f1os, cuando jugaba para el Al Arabi de Qatar, el delantero Gabriel Omar Batistuta anuncia su retiro del f\u00fatbol\" \/>\n<meta property=\"og:url\" content=\"https:\/\/infoecos.com.ar\/index.php\/el-conclave-del-colegio-cardenalicio-elige-como-papa-a-jorge-bergoglio\/\" \/>\n<meta property=\"og:site_name\" content=\"Infoecos\" \/>\n<meta property=\"article:publisher\" content=\"https:\/\/www.facebook.com\/profile.php?id=100063200290284\" \/>\n<meta property=\"article:published_time\" content=\"2023-03-13T05:31:13+00:00\" \/>\n<meta property=\"article:modified_time\" content=\"2023-03-13T05:31:14+00:00\" \/>\n<meta property=\"og:image\" content=\"https:\/\/infoecos.com.ar\/wp-content\/uploads\/2023\/03\/image-40.png\" \/>\n\t<meta property=\"og:image:width\" content=\"992\" \/>\n\t<meta property=\"og:image:height\" content=\"558\" \/>\n\t<meta property=\"og:image:type\" content=\"image\/png\" \/>\n<meta name=\"author\" content=\"Jorge Matheus\" \/>\n<meta name=\"twitter:card\" content=\"summary_large_image\" \/>\n<meta name=\"twitter:creator\" content=\"@infoecos\" \/>\n<meta name=\"twitter:site\" content=\"@infoecos\" \/>\n<meta name=\"twitter:label1\" content=\"Escrito por\" \/>\n\t<meta name=\"twitter:data1\" content=\"Jorge Matheus\" \/>\n\t<meta name=\"twitter:label2\" content=\"Tiempo de lectura\" \/>\n\t<meta name=\"twitter:data2\" content=\"3 minutos\" \/>\n<script type=\"application\/ld+json\" class=\"yoast-schema-graph\">{\"@context\":\"https:\/\/schema.org\",\"@graph\":[{\"@type\":\"Article\",\"@id\":\"https:\/\/infoecos.com.ar\/index.php\/el-conclave-del-colegio-cardenalicio-elige-como-papa-a-jorge-bergoglio\/#article\",\"isPartOf\":{\"@id\":\"https:\/\/infoecos.com.ar\/index.php\/el-conclave-del-colegio-cardenalicio-elige-como-papa-a-jorge-bergoglio\/\"},\"author\":{\"name\":\"Jorge Matheus\",\"@id\":\"https:\/\/infoecos.com.ar\/#\/schema\/person\/8f5ace5ce73b4b4aac4b7245aee6f191\"},\"headline\":\"El c\u00f3nclave del Colegio Cardenalicio elige como papa a Jorge Bergoglio\",\"datePublished\":\"2023-03-13T05:31:13+00:00\",\"dateModified\":\"2023-03-13T05:31:14+00:00\",\"mainEntityOfPage\":{\"@id\":\"https:\/\/infoecos.com.ar\/index.php\/el-conclave-del-colegio-cardenalicio-elige-como-papa-a-jorge-bergoglio\/\"},\"wordCount\":557,\"publisher\":{\"@id\":\"https:\/\/infoecos.com.ar\/#organization\"},\"image\":{\"@id\":\"https:\/\/infoecos.com.ar\/index.php\/el-conclave-del-colegio-cardenalicio-elige-como-papa-a-jorge-bergoglio\/#primaryimage\"},\"thumbnailUrl\":\"https:\/\/infoecos.com.ar\/wp-content\/uploads\/2023\/03\/image-40.png\",\"keywords\":[\"EFEM\u00c9RIDES INFOECOS\"],\"articleSection\":[\"C3 N3\"],\"inLanguage\":\"es\"},{\"@type\":\"WebPage\",\"@id\":\"https:\/\/infoecos.com.ar\/index.php\/el-conclave-del-colegio-cardenalicio-elige-como-papa-a-jorge-bergoglio\/\",\"url\":\"https:\/\/infoecos.com.ar\/index.php\/el-conclave-del-colegio-cardenalicio-elige-como-papa-a-jorge-bergoglio\/\",\"name\":\"El c\u00f3nclave del Colegio Cardenalicio elige como papa a Jorge Bergoglio - Infoecos\",\"isPartOf\":{\"@id\":\"https:\/\/infoecos.com.ar\/#website\"},\"primaryImageOfPage\":{\"@id\":\"https:\/\/infoecos.com.ar\/index.php\/el-conclave-del-colegio-cardenalicio-elige-como-papa-a-jorge-bergoglio\/#primaryimage\"},\"image\":{\"@id\":\"https:\/\/infoecos.com.ar\/index.php\/el-conclave-del-colegio-cardenalicio-elige-como-papa-a-jorge-bergoglio\/#primaryimage\"},\"thumbnailUrl\":\"https:\/\/infoecos.com.ar\/wp-content\/uploads\/2023\/03\/image-40.png\",\"datePublished\":\"2023-03-13T05:31:13+00:00\",\"dateModified\":\"2023-03-13T05:31:14+00:00\",\"breadcrumb\":{\"@id\":\"https:\/\/infoecos.com.ar\/index.php\/el-conclave-del-colegio-cardenalicio-elige-como-papa-a-jorge-bergoglio\/#breadcrumb\"},\"inLanguage\":\"es\",\"potentialAction\":[{\"@type\":\"ReadAction\",\"target\":[\"https:\/\/infoecos.com.ar\/index.php\/el-conclave-del-colegio-cardenalicio-elige-como-papa-a-jorge-bergoglio\/\"]}]},{\"@type\":\"ImageObject\",\"inLanguage\":\"es\",\"@id\":\"https:\/\/infoecos.com.ar\/index.php\/el-conclave-del-colegio-cardenalicio-elige-como-papa-a-jorge-bergoglio\/#primaryimage\",\"url\":\"https:\/\/infoecos.com.ar\/wp-content\/uploads\/2023\/03\/image-40.png\",\"contentUrl\":\"https:\/\/infoecos.com.ar\/wp-content\/uploads\/2023\/03\/image-40.png\",\"width\":992,\"height\":558},{\"@type\":\"BreadcrumbList\",\"@id\":\"https:\/\/infoecos.com.ar\/index.php\/el-conclave-del-colegio-cardenalicio-elige-como-papa-a-jorge-bergoglio\/#breadcrumb\",\"itemListElement\":[{\"@type\":\"ListItem\",\"position\":1,\"name\":\"Portada\",\"item\":\"https:\/\/infoecos.com.ar\/\"},{\"@type\":\"ListItem\",\"position\":2,\"name\":\"El c\u00f3nclave del Colegio Cardenalicio elige como papa a Jorge Bergoglio\"}]},{\"@type\":\"WebSite\",\"@id\":\"https:\/\/infoecos.com.ar\/#website\",\"url\":\"https:\/\/infoecos.com.ar\/\",\"name\":\"Infoecos\",\"description\":\"Noticias de trenque lauquen y la zona\",\"publisher\":{\"@id\":\"https:\/\/infoecos.com.ar\/#organization\"},\"alternateName\":\"Noticias\",\"potentialAction\":[{\"@type\":\"SearchAction\",\"target\":{\"@type\":\"EntryPoint\",\"urlTemplate\":\"https:\/\/infoecos.com.ar\/?s={search_term_string}\"},\"query-input\":{\"@type\":\"PropertyValueSpecification\",\"valueRequired\":true,\"valueName\":\"search_term_string\"}}],\"inLanguage\":\"es\"},{\"@type\":\"Organization\",\"@id\":\"https:\/\/infoecos.com.ar\/#organization\",\"name\":\"Infoecos\",\"alternateName\":\"Noticias\",\"url\":\"https:\/\/infoecos.com.ar\/\",\"logo\":{\"@type\":\"ImageObject\",\"inLanguage\":\"es\",\"@id\":\"https:\/\/infoecos.com.ar\/#\/schema\/logo\/image\/\",\"url\":\"https:\/\/infoecos.com.ar\/wp-content\/uploads\/2024\/03\/cropped-logo.png\",\"contentUrl\":\"https:\/\/infoecos.com.ar\/wp-content\/uploads\/2024\/03\/cropped-logo.png\",\"width\":374,\"height\":90,\"caption\":\"Infoecos\"},\"image\":{\"@id\":\"https:\/\/infoecos.com.ar\/#\/schema\/logo\/image\/\"},\"sameAs\":[\"https:\/\/www.facebook.com\/profile.php?id=100063200290284\",\"https:\/\/x.com\/infoecos\"]},{\"@type\":\"Person\",\"@id\":\"https:\/\/infoecos.com.ar\/#\/schema\/person\/8f5ace5ce73b4b4aac4b7245aee6f191\",\"name\":\"Jorge Matheus\",\"url\":\"https:\/\/infoecos.com.ar\/index.php\/author\/jomatheus\/\"}]}<\/script>\n<!-- \/ Yoast SEO plugin. -->","yoast_head_json":{"title":"El c\u00f3nclave del Colegio Cardenalicio elige como papa a Jorge Bergoglio - Infoecos","robots":{"index":"index","follow":"follow","max-snippet":"max-snippet:-1","max-image-preview":"max-image-preview:large","max-video-preview":"max-video-preview:-1"},"canonical":"https:\/\/infoecos.com.ar\/index.php\/el-conclave-del-colegio-cardenalicio-elige-como-papa-a-jorge-bergoglio\/","og_locale":"es_ES","og_type":"article","og_title":"El c\u00f3nclave del Colegio Cardenalicio elige como papa a Jorge Bergoglio - Infoecos","og_description":"A la edad de 36 a\u00f1os, cuando jugaba para el Al Arabi de Qatar, el delantero Gabriel Omar Batistuta anuncia su retiro del f\u00fatbol","og_url":"https:\/\/infoecos.com.ar\/index.php\/el-conclave-del-colegio-cardenalicio-elige-como-papa-a-jorge-bergoglio\/","og_site_name":"Infoecos","article_publisher":"https:\/\/www.facebook.com\/profile.php?id=100063200290284","article_published_time":"2023-03-13T05:31:13+00:00","article_modified_time":"2023-03-13T05:31:14+00:00","og_image":[{"width":992,"height":558,"url":"https:\/\/infoecos.com.ar\/wp-content\/uploads\/2023\/03\/image-40.png","type":"image\/png"}],"author":"Jorge Matheus","twitter_card":"summary_large_image","twitter_creator":"@infoecos","twitter_site":"@infoecos","twitter_misc":{"Escrito por":"Jorge Matheus","Tiempo de lectura":"3 minutos"},"schema":{"@context":"https:\/\/schema.org","@graph":[{"@type":"Article","@id":"https:\/\/infoecos.com.ar\/index.php\/el-conclave-del-colegio-cardenalicio-elige-como-papa-a-jorge-bergoglio\/#article","isPartOf":{"@id":"https:\/\/infoecos.com.ar\/index.php\/el-conclave-del-colegio-cardenalicio-elige-como-papa-a-jorge-bergoglio\/"},"author":{"name":"Jorge Matheus","@id":"https:\/\/infoecos.com.ar\/#\/schema\/person\/8f5ace5ce73b4b4aac4b7245aee6f191"},"headline":"El c\u00f3nclave del Colegio Cardenalicio elige como papa a Jorge Bergoglio","datePublished":"2023-03-13T05:31:13+00:00","dateModified":"2023-03-13T05:31:14+00:00","mainEntityOfPage":{"@id":"https:\/\/infoecos.com.ar\/index.php\/el-conclave-del-colegio-cardenalicio-elige-como-papa-a-jorge-bergoglio\/"},"wordCount":557,"publisher":{"@id":"https:\/\/infoecos.com.ar\/#organization"},"image":{"@id":"https:\/\/infoecos.com.ar\/index.php\/el-conclave-del-colegio-cardenalicio-elige-como-papa-a-jorge-bergoglio\/#primaryimage"},"thumbnailUrl":"https:\/\/infoecos.com.ar\/wp-content\/uploads\/2023\/03\/image-40.png","keywords":["EFEM\u00c9RIDES INFOECOS"],"articleSection":["C3 N3"],"inLanguage":"es"},{"@type":"WebPage","@id":"https:\/\/infoecos.com.ar\/index.php\/el-conclave-del-colegio-cardenalicio-elige-como-papa-a-jorge-bergoglio\/","url":"https:\/\/infoecos.com.ar\/index.php\/el-conclave-del-colegio-cardenalicio-elige-como-papa-a-jorge-bergoglio\/","name":"El c\u00f3nclave del Colegio Cardenalicio elige como papa a Jorge Bergoglio - Infoecos","isPartOf":{"@id":"https:\/\/infoecos.com.ar\/#website"},"primaryImageOfPage":{"@id":"https:\/\/infoecos.com.ar\/index.php\/el-conclave-del-colegio-cardenalicio-elige-como-papa-a-jorge-bergoglio\/#primaryimage"},"image":{"@id":"https:\/\/infoecos.com.ar\/index.php\/el-conclave-del-colegio-cardenalicio-elige-como-papa-a-jorge-bergoglio\/#primaryimage"},"thumbnailUrl":"https:\/\/infoecos.com.ar\/wp-content\/uploads\/2023\/03\/image-40.png","datePublished":"2023-03-13T05:31:13+00:00","dateModified":"2023-03-13T05:31:14+00:00","breadcrumb":{"@id":"https:\/\/infoecos.com.ar\/index.php\/el-conclave-del-colegio-cardenalicio-elige-como-papa-a-jorge-bergoglio\/#breadcrumb"},"inLanguage":"es","potentialAction":[{"@type":"ReadAction","target":["https:\/\/infoecos.com.ar\/index.php\/el-conclave-del-colegio-cardenalicio-elige-como-papa-a-jorge-bergoglio\/"]}]},{"@type":"ImageObject","inLanguage":"es","@id":"https:\/\/infoecos.com.ar\/index.php\/el-conclave-del-colegio-cardenalicio-elige-como-papa-a-jorge-bergoglio\/#primaryimage","url":"https:\/\/infoecos.com.ar\/wp-content\/uploads\/2023\/03\/image-40.png","contentUrl":"https:\/\/infoecos.com.ar\/wp-content\/uploads\/2023\/03\/image-40.png","width":992,"height":558},{"@type":"BreadcrumbList","@id":"https:\/\/infoecos.com.ar\/index.php\/el-conclave-del-colegio-cardenalicio-elige-como-papa-a-jorge-bergoglio\/#breadcrumb","itemListElement":[{"@type":"ListItem","position":1,"name":"Portada","item":"https:\/\/infoecos.com.ar\/"},{"@type":"ListItem","position":2,"name":"El c\u00f3nclave del Colegio Cardenalicio elige como papa a Jorge Bergoglio"}]},{"@type":"WebSite","@id":"https:\/\/infoecos.com.ar\/#website","url":"https:\/\/infoecos.com.ar\/","name":"Infoecos","description":"Noticias de trenque lauquen y la zona","publisher":{"@id":"https:\/\/infoecos.com.ar\/#organization"},"alternateName":"Noticias","potentialAction":[{"@type":"SearchAction","target":{"@type":"EntryPoint","urlTemplate":"https:\/\/infoecos.com.ar\/?s={search_term_string}"},"query-input":{"@type":"PropertyValueSpecification","valueRequired":true,"valueName":"search_term_string"}}],"inLanguage":"es"},{"@type":"Organization","@id":"https:\/\/infoecos.com.ar\/#organization","name":"Infoecos","alternateName":"Noticias","url":"https:\/\/infoecos.com.ar\/","logo":{"@type":"ImageObject","inLanguage":"es","@id":"https:\/\/infoecos.com.ar\/#\/schema\/logo\/image\/","url":"https:\/\/infoecos.com.ar\/wp-content\/uploads\/2024\/03\/cropped-logo.png","contentUrl":"https:\/\/infoecos.com.ar\/wp-content\/uploads\/2024\/03\/cropped-logo.png","width":374,"height":90,"caption":"Infoecos"},"image":{"@id":"https:\/\/infoecos.com.ar\/#\/schema\/logo\/image\/"},"sameAs":["https:\/\/www.facebook.com\/profile.php?id=100063200290284","https:\/\/x.com\/infoecos"]},{"@type":"Person","@id":"https:\/\/infoecos.com.ar\/#\/schema\/person\/8f5ace5ce73b4b4aac4b7245aee6f191","name":"Jorge Matheus","url":"https:\/\/infoecos.com.ar\/index.php\/author\/jomatheus\/"}]}},"featured_image_urls":{"full":["https:\/\/infoecos.com.ar\/wp-content\/uploads\/2023\/03\/image-40.png",992,558,false],"thumbnail":["https:\/\/infoecos.com.ar\/wp-content\/uploads\/2023\/03\/image-40-300x150.png",300,150,true],"medium":["https:\/\/infoecos.com.ar\/wp-content\/uploads\/2023\/03\/image-40-800x450.png",800,450,true],"medium_large":["https:\/\/infoecos.com.ar\/wp-content\/uploads\/2023\/03\/image-40-768x432.png",640,360,true],"large":["https:\/\/infoecos.com.ar\/wp-content\/uploads\/2023\/03\/image-40.png",640,360,false],"1536x1536":["https:\/\/infoecos.com.ar\/wp-content\/uploads\/2023\/03\/image-40.png",992,558,false],"2048x2048":["https:\/\/infoecos.com.ar\/wp-content\/uploads\/2023\/03\/image-40.png",992,558,false],"covernews-slider-full":["https:\/\/infoecos.com.ar\/wp-content\/uploads\/2023\/03\/image-40.png",992,558,false],"covernews-slider-center":["https:\/\/infoecos.com.ar\/wp-content\/uploads\/2023\/03\/image-40-936x558.png",800,477,true],"covernews-featured":["https:\/\/infoecos.com.ar\/wp-content\/uploads\/2023\/03\/image-40.png",992,558,false],"covernews-medium":["https:\/\/infoecos.com.ar\/wp-content\/uploads\/2023\/03\/image-40-720x380.png",540,285,true],"covernews-medium-square":["https:\/\/infoecos.com.ar\/wp-content\/uploads\/2023\/03\/image-40-675x450.png",375,250,true]},"author_info":{"info":["Jorge Matheus"]},"category_info":"<a href=\"https:\/\/infoecos.com.ar\/index.php\/category\/c3nota3\/\" rel=\"category tag\">C3 N3<\/a>","tag_info":"C3 N3","comment_count":"0","_links":{"self":[{"href":"https:\/\/infoecos.com.ar\/index.php\/wp-json\/wp\/v2\/posts\/102767"}],"collection":[{"href":"https:\/\/infoecos.com.ar\/index.php\/wp-json\/wp\/v2\/posts"}],"about":[{"href":"https:\/\/infoecos.com.ar\/index.php\/wp-json\/wp\/v2\/types\/post"}],"author":[{"embeddable":true,"href":"https:\/\/infoecos.com.ar\/index.php\/wp-json\/wp\/v2\/users\/2"}],"replies":[{"embeddable":true,"href":"https:\/\/infoecos.com.ar\/index.php\/wp-json\/wp\/v2\/comments?post=102767"}],"version-history":[{"count":1,"href":"https:\/\/infoecos.com.ar\/index.php\/wp-json\/wp\/v2\/posts\/102767\/revisions"}],"predecessor-version":[{"id":102769,"href":"https:\/\/infoecos.com.ar\/index.php\/wp-json\/wp\/v2\/posts\/102767\/revisions\/102769"}],"wp:featuredmedia":[{"embeddable":true,"href":"https:\/\/infoecos.com.ar\/index.php\/wp-json\/wp\/v2\/media\/102768"}],"wp:attachment":[{"href":"https:\/\/infoecos.com.ar\/index.php\/wp-json\/wp\/v2\/media?parent=102767"}],"wp:term":[{"taxonomy":"category","embeddable":true,"href":"https:\/\/infoecos.com.ar\/index.php\/wp-json\/wp\/v2\/categories?post=102767"},{"taxonomy":"post_tag","embeddable":true,"href":"https:\/\/infoecos.com.ar\/index.php\/wp-json\/wp\/v2\/tags?post=102767"}],"curies":[{"name":"wp","href":"https:\/\/api.w.org\/{rel}","templated":true}]}}