{"id":102799,"date":"2023-03-13T14:37:54","date_gmt":"2023-03-13T17:37:54","guid":{"rendered":"https:\/\/infoecos.com.ar\/?p=102799"},"modified":"2023-03-14T10:00:38","modified_gmt":"2023-03-14T13:00:38","slug":"un-matrimonio-de-general-villegas-protagonista-de-gravisimo-accidente-en-la-ruta-188","status":"publish","type":"post","link":"https:\/\/infoecos.com.ar\/index.php\/un-matrimonio-de-general-villegas-protagonista-de-gravisimo-accidente-en-la-ruta-188\/","title":{"rendered":"Un matrimonio de General Villegas protagonista de grav\u00edsimo accidente en la Ruta 188"},"content":{"rendered":"\n<p>Un terrible choque se produjo este martes en la ruta nacional 188 a unos 2 km al este del acceso a Realic\u00f3.<\/p>\n\n\n\n<figure class=\"wp-block-image aligncenter size-full is-resized\"><img loading=\"lazy\" decoding=\"async\" src=\"https:\/\/infoecos.com.ar\/wp-content\/uploads\/2023\/03\/choque-leandro-tapa-752x440-1.jpg\" alt=\"\" class=\"wp-image-102800\" width=\"628\" height=\"367\"\/><\/figure>\n\n\n\n<p>En el lugar se pudo observar dos rodados pr\u00e1cticamente destruidos, producto de la colisi\u00f3n que se produjo minutos antes de las 8 de la ma\u00f1ana.<\/p>\n\n\n\n<p><strong>Por causas que se investigan, ambos rodados colisionaron de manera frontal a la altura del km 476.<\/strong><\/p>\n\n\n\n<p>Fuentes policiales informaron a&nbsp;<strong>Zonal Noticias<\/strong> de Realic\u00f3&nbsp;que en la camioneta Fiat Toro circulaba un joven oriundo de.Huinca Renanc\u00f3 que circulaba procedente de Coronel Hilario Lagos (en direcci\u00f3n este a oeste).<\/p>\n\n\n\n<figure class=\"wp-block-image aligncenter size-full is-resized\"><img loading=\"lazy\" decoding=\"async\" src=\"https:\/\/infoecos.com.ar\/wp-content\/uploads\/2023\/03\/choque-leandro.jpg\" alt=\"\" class=\"wp-image-102801\" width=\"662\" height=\"297\" srcset=\"https:\/\/infoecos.com.ar\/wp-content\/uploads\/2023\/03\/choque-leandro.jpg 1280w, https:\/\/infoecos.com.ar\/wp-content\/uploads\/2023\/03\/choque-leandro-800x360.jpg 800w, https:\/\/infoecos.com.ar\/wp-content\/uploads\/2023\/03\/choque-leandro-768x346.jpg 768w, https:\/\/infoecos.com.ar\/wp-content\/uploads\/2023\/03\/choque-leandro-1024x461.jpg 1024w\" sizes=\"(max-width: 662px) 100vw, 662px\" \/><\/figure>\n\n\n\n<p>El conductor pudo salir del habit\u00e1culo por sus propios medios. El airbag habr\u00eda protegido al conductor de que las lesiones fueron mayores.<\/p>\n\n\n\n<p>En tanto en el Renault Cl\u00edo transitaba en sentido contrario (de oeste a este) una pareja de adultos mayores oriunda de la ciudad de Villegas, provincia de Buenos Aires, quienes sufrieron politraumatismos, y fueron derivados de urgencia al hospital realiquense.<\/p>\n\n\n\n<p>El conductor del auto tuvo que ser retirado por los bomberos voluntarios de Realic\u00f3 que utilizaron tijeras hidr\u00e1ulicas de corte. Tras estabilizarlo, el personal de salud tambi\u00e9n lo deriv\u00f3 de urgencia al hospital Virgilio Tedin Uriburu junto a la mujer que iba en el asiento del acompa\u00f1ante.<\/p>\n\n\n\n<p>Trabaj\u00f3 en el lugar personal policial de Realic\u00f3 bajo las directivas del comisario Leandro Ernst, juto a efectivos de Adolfo Van Praet, personal policial del hospital y bomberos realiquenses.<\/p>\n\n\n\n<figure class=\"wp-block-image aligncenter size-full is-resized\"><img loading=\"lazy\" decoding=\"async\" src=\"https:\/\/infoecos.com.ar\/wp-content\/uploads\/2023\/03\/accidente-leandro-1.jpg\" alt=\"\" class=\"wp-image-102802\" width=\"584\" height=\"262\" srcset=\"https:\/\/infoecos.com.ar\/wp-content\/uploads\/2023\/03\/accidente-leandro-1.jpg 1280w, https:\/\/infoecos.com.ar\/wp-content\/uploads\/2023\/03\/accidente-leandro-1-800x359.jpg 800w, https:\/\/infoecos.com.ar\/wp-content\/uploads\/2023\/03\/accidente-leandro-1-768x345.jpg 768w, https:\/\/infoecos.com.ar\/wp-content\/uploads\/2023\/03\/accidente-leandro-1-1024x460.jpg 1024w\" sizes=\"(max-width: 584px) 100vw, 584px\" \/><\/figure>\n\n\n\n<p>Tras asistir a los tres ocupantes, se iniciaron actuaciones judiciales a cargo del fiscal Juan Pellegrino.<\/p>\n\n\n\n<p>Por estas horas se espera el parte m\u00e9dico sobre la evoluci\u00f3n de los accidentados.<\/p>\n\n\n\n<p>Seg\u00fan el informe policial, el chofer de la Fiat Toro, en principio solo presentaba golpes menores.<\/p>\n\n\n\n<p>La mujer acompa\u00f1ante del Renault Cl\u00edo, una fractura en un brazo.<\/p>\n\n\n\n<p>En tanto el chofer del Clio es el m\u00e1s complicado con politraumatismo.<\/p>\n","protected":false},"excerpt":{"rendered":"<p>En el Renault Cl\u00edo transitaba en sentido contrario (de oeste a este) una pareja de adultos mayores oriunda de la ciudad de Villegas, provincia de Buenos Aires, quienes sufrieron politraumatismos, y fueron derivados de urgencia al hospital realiquense<\/p>\n","protected":false},"author":2,"featured_media":102800,"comment_status":"closed","ping_status":"open","sticky":false,"template":"","format":"standard","meta":{"footnotes":""},"categories":[40],"tags":[7502],"class_list":["post-102799","post","type-post","status-publish","format-standard","has-post-thumbnail","hentry","category-inferior1","tag-fuente-zonal-noticias-de-realico"],"yoast_head":"<!-- This site is optimized with the Yoast SEO plugin v23.4 - https:\/\/yoast.com\/wordpress\/plugins\/seo\/ -->\n<title>Un matrimonio de General Villegas protagonista de grav\u00edsimo accidente en la Ruta 188 - Infoecos<\/title>\n<meta name=\"robots\" content=\"index, follow, max-snippet:-1, max-image-preview:large, max-video-preview:-1\" \/>\n<link rel=\"canonical\" href=\"https:\/\/infoecos.com.ar\/index.php\/un-matrimonio-de-general-villegas-protagonista-de-gravisimo-accidente-en-la-ruta-188\/\" \/>\n<meta property=\"og:locale\" content=\"es_ES\" \/>\n<meta property=\"og:type\" content=\"article\" \/>\n<meta property=\"og:title\" content=\"Un matrimonio de General Villegas protagonista de grav\u00edsimo accidente en la Ruta 188 - Infoecos\" \/>\n<meta property=\"og:description\" content=\"En el Renault Cl\u00edo transitaba en sentido contrario (de oeste a este) una pareja de adultos mayores oriunda de la ciudad de Villegas, provincia de Buenos Aires, quienes sufrieron politraumatismos, y fueron derivados de urgencia al hospital realiquense\" \/>\n<meta property=\"og:url\" content=\"https:\/\/infoecos.com.ar\/index.php\/un-matrimonio-de-general-villegas-protagonista-de-gravisimo-accidente-en-la-ruta-188\/\" \/>\n<meta property=\"og:site_name\" content=\"Infoecos\" \/>\n<meta property=\"article:publisher\" content=\"https:\/\/www.facebook.com\/profile.php?id=100063200290284\" \/>\n<meta property=\"article:published_time\" content=\"2023-03-13T17:37:54+00:00\" \/>\n<meta property=\"article:modified_time\" content=\"2023-03-14T13:00:38+00:00\" \/>\n<meta property=\"og:image\" content=\"https:\/\/infoecos.com.ar\/wp-content\/uploads\/2023\/03\/choque-leandro-tapa-752x440-1.jpg\" \/>\n\t<meta property=\"og:image:width\" content=\"752\" \/>\n\t<meta property=\"og:image:height\" content=\"440\" \/>\n\t<meta property=\"og:image:type\" content=\"image\/jpeg\" \/>\n<meta name=\"author\" content=\"Jorge Matheus\" \/>\n<meta name=\"twitter:card\" content=\"summary_large_image\" \/>\n<meta name=\"twitter:creator\" content=\"@infoecos\" \/>\n<meta name=\"twitter:site\" content=\"@infoecos\" \/>\n<meta name=\"twitter:label1\" content=\"Escrito por\" \/>\n\t<meta name=\"twitter:data1\" content=\"Jorge Matheus\" \/>\n\t<meta name=\"twitter:label2\" content=\"Tiempo de lectura\" \/>\n\t<meta name=\"twitter:data2\" content=\"2 minutos\" \/>\n<script type=\"application\/ld+json\" class=\"yoast-schema-graph\">{\"@context\":\"https:\/\/schema.org\",\"@graph\":[{\"@type\":\"Article\",\"@id\":\"https:\/\/infoecos.com.ar\/index.php\/un-matrimonio-de-general-villegas-protagonista-de-gravisimo-accidente-en-la-ruta-188\/#article\",\"isPartOf\":{\"@id\":\"https:\/\/infoecos.com.ar\/index.php\/un-matrimonio-de-general-villegas-protagonista-de-gravisimo-accidente-en-la-ruta-188\/\"},\"author\":{\"name\":\"Jorge Matheus\",\"@id\":\"https:\/\/infoecos.com.ar\/#\/schema\/person\/8f5ace5ce73b4b4aac4b7245aee6f191\"},\"headline\":\"Un matrimonio de General Villegas protagonista de grav\u00edsimo accidente en la Ruta 188\",\"datePublished\":\"2023-03-13T17:37:54+00:00\",\"dateModified\":\"2023-03-14T13:00:38+00:00\",\"mainEntityOfPage\":{\"@id\":\"https:\/\/infoecos.com.ar\/index.php\/un-matrimonio-de-general-villegas-protagonista-de-gravisimo-accidente-en-la-ruta-188\/\"},\"wordCount\":331,\"publisher\":{\"@id\":\"https:\/\/infoecos.com.ar\/#organization\"},\"image\":{\"@id\":\"https:\/\/infoecos.com.ar\/index.php\/un-matrimonio-de-general-villegas-protagonista-de-gravisimo-accidente-en-la-ruta-188\/#primaryimage\"},\"thumbnailUrl\":\"https:\/\/infoecos.com.ar\/wp-content\/uploads\/2023\/03\/choque-leandro-tapa-752x440-1.jpg\",\"keywords\":[\"FUENTE: ZONAL NOTICIAS DE REALIC\u00d3\"],\"articleSection\":[\"Bloque inferior - 1\"],\"inLanguage\":\"es\"},{\"@type\":\"WebPage\",\"@id\":\"https:\/\/infoecos.com.ar\/index.php\/un-matrimonio-de-general-villegas-protagonista-de-gravisimo-accidente-en-la-ruta-188\/\",\"url\":\"https:\/\/infoecos.com.ar\/index.php\/un-matrimonio-de-general-villegas-protagonista-de-gravisimo-accidente-en-la-ruta-188\/\",\"name\":\"Un matrimonio de General Villegas protagonista de grav\u00edsimo accidente en la Ruta 188 - Infoecos\",\"isPartOf\":{\"@id\":\"https:\/\/infoecos.com.ar\/#website\"},\"primaryImageOfPage\":{\"@id\":\"https:\/\/infoecos.com.ar\/index.php\/un-matrimonio-de-general-villegas-protagonista-de-gravisimo-accidente-en-la-ruta-188\/#primaryimage\"},\"image\":{\"@id\":\"https:\/\/infoecos.com.ar\/index.php\/un-matrimonio-de-general-villegas-protagonista-de-gravisimo-accidente-en-la-ruta-188\/#primaryimage\"},\"thumbnailUrl\":\"https:\/\/infoecos.com.ar\/wp-content\/uploads\/2023\/03\/choque-leandro-tapa-752x440-1.jpg\",\"datePublished\":\"2023-03-13T17:37:54+00:00\",\"dateModified\":\"2023-03-14T13:00:38+00:00\",\"breadcrumb\":{\"@id\":\"https:\/\/infoecos.com.ar\/index.php\/un-matrimonio-de-general-villegas-protagonista-de-gravisimo-accidente-en-la-ruta-188\/#breadcrumb\"},\"inLanguage\":\"es\",\"potentialAction\":[{\"@type\":\"ReadAction\",\"target\":[\"https:\/\/infoecos.com.ar\/index.php\/un-matrimonio-de-general-villegas-protagonista-de-gravisimo-accidente-en-la-ruta-188\/\"]}]},{\"@type\":\"ImageObject\",\"inLanguage\":\"es\",\"@id\":\"https:\/\/infoecos.com.ar\/index.php\/un-matrimonio-de-general-villegas-protagonista-de-gravisimo-accidente-en-la-ruta-188\/#primaryimage\",\"url\":\"https:\/\/infoecos.com.ar\/wp-content\/uploads\/2023\/03\/choque-leandro-tapa-752x440-1.jpg\",\"contentUrl\":\"https:\/\/infoecos.com.ar\/wp-content\/uploads\/2023\/03\/choque-leandro-tapa-752x440-1.jpg\",\"width\":752,\"height\":440},{\"@type\":\"BreadcrumbList\",\"@id\":\"https:\/\/infoecos.com.ar\/index.php\/un-matrimonio-de-general-villegas-protagonista-de-gravisimo-accidente-en-la-ruta-188\/#breadcrumb\",\"itemListElement\":[{\"@type\":\"ListItem\",\"position\":1,\"name\":\"Portada\",\"item\":\"https:\/\/infoecos.com.ar\/\"},{\"@type\":\"ListItem\",\"position\":2,\"name\":\"Un matrimonio de General Villegas protagonista de grav\u00edsimo accidente en la Ruta 188\"}]},{\"@type\":\"WebSite\",\"@id\":\"https:\/\/infoecos.com.ar\/#website\",\"url\":\"https:\/\/infoecos.com.ar\/\",\"name\":\"Infoecos\",\"description\":\"Noticias de trenque lauquen y la zona\",\"publisher\":{\"@id\":\"https:\/\/infoecos.com.ar\/#organization\"},\"alternateName\":\"Noticias\",\"potentialAction\":[{\"@type\":\"SearchAction\",\"target\":{\"@type\":\"EntryPoint\",\"urlTemplate\":\"https:\/\/infoecos.com.ar\/?s={search_term_string}\"},\"query-input\":{\"@type\":\"PropertyValueSpecification\",\"valueRequired\":true,\"valueName\":\"search_term_string\"}}],\"inLanguage\":\"es\"},{\"@type\":\"Organization\",\"@id\":\"https:\/\/infoecos.com.ar\/#organization\",\"name\":\"Infoecos\",\"alternateName\":\"Noticias\",\"url\":\"https:\/\/infoecos.com.ar\/\",\"logo\":{\"@type\":\"ImageObject\",\"inLanguage\":\"es\",\"@id\":\"https:\/\/infoecos.com.ar\/#\/schema\/logo\/image\/\",\"url\":\"https:\/\/infoecos.com.ar\/wp-content\/uploads\/2024\/03\/cropped-logo.png\",\"contentUrl\":\"https:\/\/infoecos.com.ar\/wp-content\/uploads\/2024\/03\/cropped-logo.png\",\"width\":374,\"height\":90,\"caption\":\"Infoecos\"},\"image\":{\"@id\":\"https:\/\/infoecos.com.ar\/#\/schema\/logo\/image\/\"},\"sameAs\":[\"https:\/\/www.facebook.com\/profile.php?id=100063200290284\",\"https:\/\/x.com\/infoecos\"]},{\"@type\":\"Person\",\"@id\":\"https:\/\/infoecos.com.ar\/#\/schema\/person\/8f5ace5ce73b4b4aac4b7245aee6f191\",\"name\":\"Jorge Matheus\",\"url\":\"https:\/\/infoecos.com.ar\/index.php\/author\/jomatheus\/\"}]}<\/script>\n<!-- \/ Yoast SEO plugin. -->","yoast_head_json":{"title":"Un matrimonio de General Villegas protagonista de grav\u00edsimo accidente en la Ruta 188 - Infoecos","robots":{"index":"index","follow":"follow","max-snippet":"max-snippet:-1","max-image-preview":"max-image-preview:large","max-video-preview":"max-video-preview:-1"},"canonical":"https:\/\/infoecos.com.ar\/index.php\/un-matrimonio-de-general-villegas-protagonista-de-gravisimo-accidente-en-la-ruta-188\/","og_locale":"es_ES","og_type":"article","og_title":"Un matrimonio de General Villegas protagonista de grav\u00edsimo accidente en la Ruta 188 - Infoecos","og_description":"En el Renault Cl\u00edo transitaba en sentido contrario (de oeste a este) una pareja de adultos mayores oriunda de la ciudad de Villegas, provincia de Buenos Aires, quienes sufrieron politraumatismos, y fueron derivados de urgencia al hospital realiquense","og_url":"https:\/\/infoecos.com.ar\/index.php\/un-matrimonio-de-general-villegas-protagonista-de-gravisimo-accidente-en-la-ruta-188\/","og_site_name":"Infoecos","article_publisher":"https:\/\/www.facebook.com\/profile.php?id=100063200290284","article_published_time":"2023-03-13T17:37:54+00:00","article_modified_time":"2023-03-14T13:00:38+00:00","og_image":[{"width":752,"height":440,"url":"https:\/\/infoecos.com.ar\/wp-content\/uploads\/2023\/03\/choque-leandro-tapa-752x440-1.jpg","type":"image\/jpeg"}],"author":"Jorge Matheus","twitter_card":"summary_large_image","twitter_creator":"@infoecos","twitter_site":"@infoecos","twitter_misc":{"Escrito por":"Jorge Matheus","Tiempo de lectura":"2 minutos"},"schema":{"@context":"https:\/\/schema.org","@graph":[{"@type":"Article","@id":"https:\/\/infoecos.com.ar\/index.php\/un-matrimonio-de-general-villegas-protagonista-de-gravisimo-accidente-en-la-ruta-188\/#article","isPartOf":{"@id":"https:\/\/infoecos.com.ar\/index.php\/un-matrimonio-de-general-villegas-protagonista-de-gravisimo-accidente-en-la-ruta-188\/"},"author":{"name":"Jorge Matheus","@id":"https:\/\/infoecos.com.ar\/#\/schema\/person\/8f5ace5ce73b4b4aac4b7245aee6f191"},"headline":"Un matrimonio de General Villegas protagonista de grav\u00edsimo accidente en la Ruta 188","datePublished":"2023-03-13T17:37:54+00:00","dateModified":"2023-03-14T13:00:38+00:00","mainEntityOfPage":{"@id":"https:\/\/infoecos.com.ar\/index.php\/un-matrimonio-de-general-villegas-protagonista-de-gravisimo-accidente-en-la-ruta-188\/"},"wordCount":331,"publisher":{"@id":"https:\/\/infoecos.com.ar\/#organization"},"image":{"@id":"https:\/\/infoecos.com.ar\/index.php\/un-matrimonio-de-general-villegas-protagonista-de-gravisimo-accidente-en-la-ruta-188\/#primaryimage"},"thumbnailUrl":"https:\/\/infoecos.com.ar\/wp-content\/uploads\/2023\/03\/choque-leandro-tapa-752x440-1.jpg","keywords":["FUENTE: ZONAL NOTICIAS DE REALIC\u00d3"],"articleSection":["Bloque inferior - 1"],"inLanguage":"es"},{"@type":"WebPage","@id":"https:\/\/infoecos.com.ar\/index.php\/un-matrimonio-de-general-villegas-protagonista-de-gravisimo-accidente-en-la-ruta-188\/","url":"https:\/\/infoecos.com.ar\/index.php\/un-matrimonio-de-general-villegas-protagonista-de-gravisimo-accidente-en-la-ruta-188\/","name":"Un matrimonio de General Villegas protagonista de grav\u00edsimo accidente en la Ruta 188 - Infoecos","isPartOf":{"@id":"https:\/\/infoecos.com.ar\/#website"},"primaryImageOfPage":{"@id":"https:\/\/infoecos.com.ar\/index.php\/un-matrimonio-de-general-villegas-protagonista-de-gravisimo-accidente-en-la-ruta-188\/#primaryimage"},"image":{"@id":"https:\/\/infoecos.com.ar\/index.php\/un-matrimonio-de-general-villegas-protagonista-de-gravisimo-accidente-en-la-ruta-188\/#primaryimage"},"thumbnailUrl":"https:\/\/infoecos.com.ar\/wp-content\/uploads\/2023\/03\/choque-leandro-tapa-752x440-1.jpg","datePublished":"2023-03-13T17:37:54+00:00","dateModified":"2023-03-14T13:00:38+00:00","breadcrumb":{"@id":"https:\/\/infoecos.com.ar\/index.php\/un-matrimonio-de-general-villegas-protagonista-de-gravisimo-accidente-en-la-ruta-188\/#breadcrumb"},"inLanguage":"es","potentialAction":[{"@type":"ReadAction","target":["https:\/\/infoecos.com.ar\/index.php\/un-matrimonio-de-general-villegas-protagonista-de-gravisimo-accidente-en-la-ruta-188\/"]}]},{"@type":"ImageObject","inLanguage":"es","@id":"https:\/\/infoecos.com.ar\/index.php\/un-matrimonio-de-general-villegas-protagonista-de-gravisimo-accidente-en-la-ruta-188\/#primaryimage","url":"https:\/\/infoecos.com.ar\/wp-content\/uploads\/2023\/03\/choque-leandro-tapa-752x440-1.jpg","contentUrl":"https:\/\/infoecos.com.ar\/wp-content\/uploads\/2023\/03\/choque-leandro-tapa-752x440-1.jpg","width":752,"height":440},{"@type":"BreadcrumbList","@id":"https:\/\/infoecos.com.ar\/index.php\/un-matrimonio-de-general-villegas-protagonista-de-gravisimo-accidente-en-la-ruta-188\/#breadcrumb","itemListElement":[{"@type":"ListItem","position":1,"name":"Portada","item":"https:\/\/infoecos.com.ar\/"},{"@type":"ListItem","position":2,"name":"Un matrimonio de General Villegas protagonista de grav\u00edsimo accidente en la Ruta 188"}]},{"@type":"WebSite","@id":"https:\/\/infoecos.com.ar\/#website","url":"https:\/\/infoecos.com.ar\/","name":"Infoecos","description":"Noticias de trenque lauquen y la zona","publisher":{"@id":"https:\/\/infoecos.com.ar\/#organization"},"alternateName":"Noticias","potentialAction":[{"@type":"SearchAction","target":{"@type":"EntryPoint","urlTemplate":"https:\/\/infoecos.com.ar\/?s={search_term_string}"},"query-input":{"@type":"PropertyValueSpecification","valueRequired":true,"valueName":"search_term_string"}}],"inLanguage":"es"},{"@type":"Organization","@id":"https:\/\/infoecos.com.ar\/#organization","name":"Infoecos","alternateName":"Noticias","url":"https:\/\/infoecos.com.ar\/","logo":{"@type":"ImageObject","inLanguage":"es","@id":"https:\/\/infoecos.com.ar\/#\/schema\/logo\/image\/","url":"https:\/\/infoecos.com.ar\/wp-content\/uploads\/2024\/03\/cropped-logo.png","contentUrl":"https:\/\/infoecos.com.ar\/wp-content\/uploads\/2024\/03\/cropped-logo.png","width":374,"height":90,"caption":"Infoecos"},"image":{"@id":"https:\/\/infoecos.com.ar\/#\/schema\/logo\/image\/"},"sameAs":["https:\/\/www.facebook.com\/profile.php?id=100063200290284","https:\/\/x.com\/infoecos"]},{"@type":"Person","@id":"https:\/\/infoecos.com.ar\/#\/schema\/person\/8f5ace5ce73b4b4aac4b7245aee6f191","name":"Jorge Matheus","url":"https:\/\/infoecos.com.ar\/index.php\/author\/jomatheus\/"}]}},"featured_image_urls":{"full":["https:\/\/infoecos.com.ar\/wp-content\/uploads\/2023\/03\/choque-leandro-tapa-752x440-1.jpg",752,440,false],"thumbnail":["https:\/\/infoecos.com.ar\/wp-content\/uploads\/2023\/03\/choque-leandro-tapa-752x440-1-300x150.jpg",300,150,true],"medium":["https:\/\/infoecos.com.ar\/wp-content\/uploads\/2023\/03\/choque-leandro-tapa-752x440-1.jpg",752,440,false],"medium_large":["https:\/\/infoecos.com.ar\/wp-content\/uploads\/2023\/03\/choque-leandro-tapa-752x440-1.jpg",640,374,false],"large":["https:\/\/infoecos.com.ar\/wp-content\/uploads\/2023\/03\/choque-leandro-tapa-752x440-1.jpg",640,374,false],"1536x1536":["https:\/\/infoecos.com.ar\/wp-content\/uploads\/2023\/03\/choque-leandro-tapa-752x440-1.jpg",752,440,false],"2048x2048":["https:\/\/infoecos.com.ar\/wp-content\/uploads\/2023\/03\/choque-leandro-tapa-752x440-1.jpg",752,440,false],"covernews-slider-full":["https:\/\/infoecos.com.ar\/wp-content\/uploads\/2023\/03\/choque-leandro-tapa-752x440-1.jpg",752,440,false],"covernews-slider-center":["https:\/\/infoecos.com.ar\/wp-content\/uploads\/2023\/03\/choque-leandro-tapa-752x440-1.jpg",752,440,false],"covernews-featured":["https:\/\/infoecos.com.ar\/wp-content\/uploads\/2023\/03\/choque-leandro-tapa-752x440-1.jpg",752,440,false],"covernews-medium":["https:\/\/infoecos.com.ar\/wp-content\/uploads\/2023\/03\/choque-leandro-tapa-752x440-1-720x380.jpg",540,285,true],"covernews-medium-square":["https:\/\/infoecos.com.ar\/wp-content\/uploads\/2023\/03\/choque-leandro-tapa-752x440-1-675x440.jpg",384,250,true]},"author_info":{"info":["Jorge Matheus"]},"category_info":"<a href=\"https:\/\/infoecos.com.ar\/index.php\/category\/inferior1\/\" rel=\"category tag\">Bloque inferior - 1<\/a>","tag_info":"Bloque inferior - 1","comment_count":"0","_links":{"self":[{"href":"https:\/\/infoecos.com.ar\/index.php\/wp-json\/wp\/v2\/posts\/102799"}],"collection":[{"href":"https:\/\/infoecos.com.ar\/index.php\/wp-json\/wp\/v2\/posts"}],"about":[{"href":"https:\/\/infoecos.com.ar\/index.php\/wp-json\/wp\/v2\/types\/post"}],"author":[{"embeddable":true,"href":"https:\/\/infoecos.com.ar\/index.php\/wp-json\/wp\/v2\/users\/2"}],"replies":[{"embeddable":true,"href":"https:\/\/infoecos.com.ar\/index.php\/wp-json\/wp\/v2\/comments?post=102799"}],"version-history":[{"count":2,"href":"https:\/\/infoecos.com.ar\/index.php\/wp-json\/wp\/v2\/posts\/102799\/revisions"}],"predecessor-version":[{"id":102855,"href":"https:\/\/infoecos.com.ar\/index.php\/wp-json\/wp\/v2\/posts\/102799\/revisions\/102855"}],"wp:featuredmedia":[{"embeddable":true,"href":"https:\/\/infoecos.com.ar\/index.php\/wp-json\/wp\/v2\/media\/102800"}],"wp:attachment":[{"href":"https:\/\/infoecos.com.ar\/index.php\/wp-json\/wp\/v2\/media?parent=102799"}],"wp:term":[{"taxonomy":"category","embeddable":true,"href":"https:\/\/infoecos.com.ar\/index.php\/wp-json\/wp\/v2\/categories?post=102799"},{"taxonomy":"post_tag","embeddable":true,"href":"https:\/\/infoecos.com.ar\/index.php\/wp-json\/wp\/v2\/tags?post=102799"}],"curies":[{"name":"wp","href":"https:\/\/api.w.org\/{rel}","templated":true}]}}