{"id":102811,"date":"2023-03-13T16:19:04","date_gmt":"2023-03-13T19:19:04","guid":{"rendered":"https:\/\/infoecos.com.ar\/?p=102811"},"modified":"2023-03-13T16:19:05","modified_gmt":"2023-03-13T19:19:05","slug":"de-cara-al-proximo-anuncio-de-la-inflacion","status":"publish","type":"post","link":"https:\/\/infoecos.com.ar\/index.php\/de-cara-al-proximo-anuncio-de-la-inflacion\/","title":{"rendered":"De cara al pr\u00f3ximo anuncio de la inflaci\u00f3n"},"content":{"rendered":"\n<figure class=\"wp-block-image aligncenter size-full is-resized\"><img loading=\"lazy\" decoding=\"async\" src=\"https:\/\/infoecos.com.ar\/wp-content\/uploads\/2023\/03\/australuniversidad.png\" alt=\"\" class=\"wp-image-102812\" width=\"391\" height=\"323\"\/><\/figure>\n\n\n\n<figure class=\"wp-block-table\"><table><tbody><tr><td>El economista\u00a0<strong>Alfredo Romano, director de la carrera Econom\u00eda Empresarial de la Facultad de Ciencias Empresariales de la<\/strong>\u00a0<strong>Universidad Austral y presidente de Romano Group<\/strong>, de cara al pr\u00f3ximo anuncio de la inflaci\u00f3n.<br><br>Se compartes sus consideraciones, enviadas por el \u00e1rea de prensa de la Casa de Altos Estudios. <\/td><\/tr><\/tbody><\/table><\/figure>\n\n\n\n<figure class=\"wp-block-table\"><table><tbody><tr><td>&#8211; Sobre el desplome de la actividad econ\u00f3mica en el segundo semestre, vemos un ca\u00edda del 3% PIB con inflaci\u00f3n que, en este status quo y sin 25 mil millones de divisas que no ingresar\u00e1n por la sequ\u00eda, el programa econ\u00f3mico deber\u00eda cerrar con inflaci\u00f3n del orden del 130%. Es importante remarcar que nuestra estimaci\u00f3n de inflaci\u00f3n de comienzo de a\u00f1o alcanzaba 106.7% para 2023 y una ca\u00edda del PIB del orden del -0.5%\u00bb.<br><br>&#8211; El 2024 ser\u00e1 un a\u00f1o dur\u00edsimo. Si hacemos paralelismos de la devaluaci\u00f3n del 2016 podr\u00edamos llegar a inflaci\u00f3n cercana a 200% en alg\u00fan momento. Este an\u00e1lisis es tomando de referencia el\u00a0<em>pass through<\/em>\u00a0que se gener\u00f3 con la devaluaci\u00f3n del tipo de cambio oficial en el 2016 durante la gesti\u00f3n de Macri, que recibe una inflaci\u00f3n del orden del 30% y, a partir de la devaluaci\u00f3n del oficial en el orden del 40%, la inflaci\u00f3n cierra 42% en ese mismo a\u00f1o\u00bb.<br><br>&#8211; \u00abLa herencia es muy pesada. Con la econom\u00eda desmonetizada en t\u00e9rminos reales hubo una ca\u00edda del 30% durante la gesti\u00f3n de Alberto Fern\u00e1ndez. Si sumamos que la deuda flotante en pesos y d\u00f3lares se encuentra en niveles muy preocupantes, en el orden del 96% del PIB, sumado a precios de la energ\u00eda cara, pero el atraso de tarifas contin\u00faa. A nivel monetario, hubo un crecimiento muy fuerte de la deuda remunerada que emite el Banco Central a valores de contado con liquidaci\u00f3n. La econom\u00eda se encuentra m\u00e1s fr\u00e1gil en t\u00e9rminos monetarios que a comienzo de la gesti\u00f3n de Mauricio Macri, aumentando los riesgos de una nueva devaluaci\u00f3n pronunciada de la moneda dom\u00e9stica\u00bb.<br><br>&#8211; \u00abD\u00f3lares financieros: A pesar que en t\u00e9rminos hist\u00f3ricos es un valor similar a 2005 muy competitivo, vemos posible volatilidad causada por la falta de divisas que generar\u00e1 la sequ\u00eda y las elecciones de por medio. A esto se suma un escenario internacional muy complejo donde la FED tiene la dif\u00edcil tarea de corregir la inflaci\u00f3n y, por otro lado, evitar una recesi\u00f3n profunda. Este escenario limita a diferencia de la gesti\u00f3n de Macri, el acceso a liquidez en el corto plazo para la Argentina\u00bb.\u00bbLa sequ\u00eda nos va a costar el 3% PIB y 30% puntos de inflaci\u00f3n este a\u00f1o. El ajuste fiscal adicional es del 1% que se sentir\u00e1, sobre todo, en la segunda etapa de este a\u00f1o\u00bb.\u00bb\u00bfHabr\u00e1 devaluaci\u00f3n del oficial en los pr\u00f3ximos meses? <br><br>&#8211; La sequ\u00eda mete una presi\u00f3n extra a que pueda generarse entre mayo y el per\u00edodo post PASO. Asignamos cada vez m\u00e1s posibilidades a una devaluaci\u00f3n del tipo de cambio oficial durante este margen de tiempo\u00bb.<br><br>&#8211; \u00ab\u00bfHabr\u00e1 devaluaci\u00f3n del oficial en los pr\u00f3ximos meses? La sequ\u00eda mete una presi\u00f3n extra a que pueda generarse entre mayo y el per\u00edodo post PASO. Asignamos cada vez m\u00e1s posibilidades a una devaluaci\u00f3n del tipo de cambio oficial durante este margen de tiempo\u00bb.<\/td><\/tr><\/tbody><\/table><\/figure>\n","protected":false},"excerpt":{"rendered":"<p>La sequ\u00eda mete una presi\u00f3n extra a que pueda generarse entre mayo y el per\u00edodo post PASO. Asignamos cada vez m\u00e1s posibilidades a una devaluaci\u00f3n del tipo de cambio oficial durante este margen de tiempo. Opini\u00f3n: Alfredo Romano<\/p>\n","protected":false},"author":2,"featured_media":102812,"comment_status":"closed","ping_status":"open","sticky":false,"template":"","format":"standard","meta":{"footnotes":""},"categories":[1323],"tags":[7503],"class_list":["post-102811","post","type-post","status-publish","format-standard","has-post-thumbnail","hentry","category-c2nota5","tag-opinion-comentarios-historias"],"yoast_head":"<!-- This site is optimized with the Yoast SEO plugin v23.4 - https:\/\/yoast.com\/wordpress\/plugins\/seo\/ -->\n<title>De cara al pr\u00f3ximo anuncio de la inflaci\u00f3n - Infoecos<\/title>\n<meta name=\"robots\" content=\"index, follow, max-snippet:-1, max-image-preview:large, max-video-preview:-1\" \/>\n<link rel=\"canonical\" href=\"https:\/\/infoecos.com.ar\/index.php\/de-cara-al-proximo-anuncio-de-la-inflacion\/\" \/>\n<meta property=\"og:locale\" content=\"es_ES\" \/>\n<meta property=\"og:type\" content=\"article\" \/>\n<meta property=\"og:title\" content=\"De cara al pr\u00f3ximo anuncio de la inflaci\u00f3n - Infoecos\" \/>\n<meta property=\"og:description\" content=\"La sequ\u00eda mete una presi\u00f3n extra a que pueda generarse entre mayo y el per\u00edodo post PASO. Asignamos cada vez m\u00e1s posibilidades a una devaluaci\u00f3n del tipo de cambio oficial durante este margen de tiempo. Opini\u00f3n: Alfredo Romano\" \/>\n<meta property=\"og:url\" content=\"https:\/\/infoecos.com.ar\/index.php\/de-cara-al-proximo-anuncio-de-la-inflacion\/\" \/>\n<meta property=\"og:site_name\" content=\"Infoecos\" \/>\n<meta property=\"article:publisher\" content=\"https:\/\/www.facebook.com\/profile.php?id=100063200290284\" \/>\n<meta property=\"article:published_time\" content=\"2023-03-13T19:19:04+00:00\" \/>\n<meta property=\"article:modified_time\" content=\"2023-03-13T19:19:05+00:00\" \/>\n<meta property=\"og:image\" content=\"https:\/\/infoecos.com.ar\/wp-content\/uploads\/2023\/03\/australuniversidad.png\" \/>\n\t<meta property=\"og:image:width\" content=\"156\" \/>\n\t<meta property=\"og:image:height\" content=\"129\" \/>\n\t<meta property=\"og:image:type\" content=\"image\/png\" \/>\n<meta name=\"author\" content=\"Jorge Matheus\" \/>\n<meta name=\"twitter:card\" content=\"summary_large_image\" \/>\n<meta name=\"twitter:creator\" content=\"@infoecos\" \/>\n<meta name=\"twitter:site\" content=\"@infoecos\" \/>\n<meta name=\"twitter:label1\" content=\"Escrito por\" \/>\n\t<meta name=\"twitter:data1\" content=\"Jorge Matheus\" \/>\n\t<meta name=\"twitter:label2\" content=\"Tiempo de lectura\" \/>\n\t<meta name=\"twitter:data2\" content=\"3 minutos\" \/>\n<script type=\"application\/ld+json\" class=\"yoast-schema-graph\">{\"@context\":\"https:\/\/schema.org\",\"@graph\":[{\"@type\":\"Article\",\"@id\":\"https:\/\/infoecos.com.ar\/index.php\/de-cara-al-proximo-anuncio-de-la-inflacion\/#article\",\"isPartOf\":{\"@id\":\"https:\/\/infoecos.com.ar\/index.php\/de-cara-al-proximo-anuncio-de-la-inflacion\/\"},\"author\":{\"name\":\"Jorge Matheus\",\"@id\":\"https:\/\/infoecos.com.ar\/#\/schema\/person\/8f5ace5ce73b4b4aac4b7245aee6f191\"},\"headline\":\"De cara al pr\u00f3ximo anuncio de la inflaci\u00f3n\",\"datePublished\":\"2023-03-13T19:19:04+00:00\",\"dateModified\":\"2023-03-13T19:19:05+00:00\",\"mainEntityOfPage\":{\"@id\":\"https:\/\/infoecos.com.ar\/index.php\/de-cara-al-proximo-anuncio-de-la-inflacion\/\"},\"wordCount\":588,\"publisher\":{\"@id\":\"https:\/\/infoecos.com.ar\/#organization\"},\"image\":{\"@id\":\"https:\/\/infoecos.com.ar\/index.php\/de-cara-al-proximo-anuncio-de-la-inflacion\/#primaryimage\"},\"thumbnailUrl\":\"https:\/\/infoecos.com.ar\/wp-content\/uploads\/2023\/03\/australuniversidad.png\",\"keywords\":[\"OPINI\u00d3N - COMENTARIOS - HISTORIAS\"],\"articleSection\":[\"C2 N5\"],\"inLanguage\":\"es\"},{\"@type\":\"WebPage\",\"@id\":\"https:\/\/infoecos.com.ar\/index.php\/de-cara-al-proximo-anuncio-de-la-inflacion\/\",\"url\":\"https:\/\/infoecos.com.ar\/index.php\/de-cara-al-proximo-anuncio-de-la-inflacion\/\",\"name\":\"De cara al pr\u00f3ximo anuncio de la inflaci\u00f3n - Infoecos\",\"isPartOf\":{\"@id\":\"https:\/\/infoecos.com.ar\/#website\"},\"primaryImageOfPage\":{\"@id\":\"https:\/\/infoecos.com.ar\/index.php\/de-cara-al-proximo-anuncio-de-la-inflacion\/#primaryimage\"},\"image\":{\"@id\":\"https:\/\/infoecos.com.ar\/index.php\/de-cara-al-proximo-anuncio-de-la-inflacion\/#primaryimage\"},\"thumbnailUrl\":\"https:\/\/infoecos.com.ar\/wp-content\/uploads\/2023\/03\/australuniversidad.png\",\"datePublished\":\"2023-03-13T19:19:04+00:00\",\"dateModified\":\"2023-03-13T19:19:05+00:00\",\"breadcrumb\":{\"@id\":\"https:\/\/infoecos.com.ar\/index.php\/de-cara-al-proximo-anuncio-de-la-inflacion\/#breadcrumb\"},\"inLanguage\":\"es\",\"potentialAction\":[{\"@type\":\"ReadAction\",\"target\":[\"https:\/\/infoecos.com.ar\/index.php\/de-cara-al-proximo-anuncio-de-la-inflacion\/\"]}]},{\"@type\":\"ImageObject\",\"inLanguage\":\"es\",\"@id\":\"https:\/\/infoecos.com.ar\/index.php\/de-cara-al-proximo-anuncio-de-la-inflacion\/#primaryimage\",\"url\":\"https:\/\/infoecos.com.ar\/wp-content\/uploads\/2023\/03\/australuniversidad.png\",\"contentUrl\":\"https:\/\/infoecos.com.ar\/wp-content\/uploads\/2023\/03\/australuniversidad.png\",\"width\":156,\"height\":129},{\"@type\":\"BreadcrumbList\",\"@id\":\"https:\/\/infoecos.com.ar\/index.php\/de-cara-al-proximo-anuncio-de-la-inflacion\/#breadcrumb\",\"itemListElement\":[{\"@type\":\"ListItem\",\"position\":1,\"name\":\"Portada\",\"item\":\"https:\/\/infoecos.com.ar\/\"},{\"@type\":\"ListItem\",\"position\":2,\"name\":\"De cara al pr\u00f3ximo anuncio de la inflaci\u00f3n\"}]},{\"@type\":\"WebSite\",\"@id\":\"https:\/\/infoecos.com.ar\/#website\",\"url\":\"https:\/\/infoecos.com.ar\/\",\"name\":\"Infoecos\",\"description\":\"Noticias de trenque lauquen y la zona\",\"publisher\":{\"@id\":\"https:\/\/infoecos.com.ar\/#organization\"},\"alternateName\":\"Noticias\",\"potentialAction\":[{\"@type\":\"SearchAction\",\"target\":{\"@type\":\"EntryPoint\",\"urlTemplate\":\"https:\/\/infoecos.com.ar\/?s={search_term_string}\"},\"query-input\":{\"@type\":\"PropertyValueSpecification\",\"valueRequired\":true,\"valueName\":\"search_term_string\"}}],\"inLanguage\":\"es\"},{\"@type\":\"Organization\",\"@id\":\"https:\/\/infoecos.com.ar\/#organization\",\"name\":\"Infoecos\",\"alternateName\":\"Noticias\",\"url\":\"https:\/\/infoecos.com.ar\/\",\"logo\":{\"@type\":\"ImageObject\",\"inLanguage\":\"es\",\"@id\":\"https:\/\/infoecos.com.ar\/#\/schema\/logo\/image\/\",\"url\":\"https:\/\/infoecos.com.ar\/wp-content\/uploads\/2024\/03\/cropped-logo.png\",\"contentUrl\":\"https:\/\/infoecos.com.ar\/wp-content\/uploads\/2024\/03\/cropped-logo.png\",\"width\":374,\"height\":90,\"caption\":\"Infoecos\"},\"image\":{\"@id\":\"https:\/\/infoecos.com.ar\/#\/schema\/logo\/image\/\"},\"sameAs\":[\"https:\/\/www.facebook.com\/profile.php?id=100063200290284\",\"https:\/\/x.com\/infoecos\"]},{\"@type\":\"Person\",\"@id\":\"https:\/\/infoecos.com.ar\/#\/schema\/person\/8f5ace5ce73b4b4aac4b7245aee6f191\",\"name\":\"Jorge Matheus\",\"url\":\"https:\/\/infoecos.com.ar\/index.php\/author\/jomatheus\/\"}]}<\/script>\n<!-- \/ Yoast SEO plugin. -->","yoast_head_json":{"title":"De cara al pr\u00f3ximo anuncio de la inflaci\u00f3n - Infoecos","robots":{"index":"index","follow":"follow","max-snippet":"max-snippet:-1","max-image-preview":"max-image-preview:large","max-video-preview":"max-video-preview:-1"},"canonical":"https:\/\/infoecos.com.ar\/index.php\/de-cara-al-proximo-anuncio-de-la-inflacion\/","og_locale":"es_ES","og_type":"article","og_title":"De cara al pr\u00f3ximo anuncio de la inflaci\u00f3n - Infoecos","og_description":"La sequ\u00eda mete una presi\u00f3n extra a que pueda generarse entre mayo y el per\u00edodo post PASO. Asignamos cada vez m\u00e1s posibilidades a una devaluaci\u00f3n del tipo de cambio oficial durante este margen de tiempo. Opini\u00f3n: Alfredo Romano","og_url":"https:\/\/infoecos.com.ar\/index.php\/de-cara-al-proximo-anuncio-de-la-inflacion\/","og_site_name":"Infoecos","article_publisher":"https:\/\/www.facebook.com\/profile.php?id=100063200290284","article_published_time":"2023-03-13T19:19:04+00:00","article_modified_time":"2023-03-13T19:19:05+00:00","og_image":[{"width":156,"height":129,"url":"https:\/\/infoecos.com.ar\/wp-content\/uploads\/2023\/03\/australuniversidad.png","type":"image\/png"}],"author":"Jorge Matheus","twitter_card":"summary_large_image","twitter_creator":"@infoecos","twitter_site":"@infoecos","twitter_misc":{"Escrito por":"Jorge Matheus","Tiempo de lectura":"3 minutos"},"schema":{"@context":"https:\/\/schema.org","@graph":[{"@type":"Article","@id":"https:\/\/infoecos.com.ar\/index.php\/de-cara-al-proximo-anuncio-de-la-inflacion\/#article","isPartOf":{"@id":"https:\/\/infoecos.com.ar\/index.php\/de-cara-al-proximo-anuncio-de-la-inflacion\/"},"author":{"name":"Jorge Matheus","@id":"https:\/\/infoecos.com.ar\/#\/schema\/person\/8f5ace5ce73b4b4aac4b7245aee6f191"},"headline":"De cara al pr\u00f3ximo anuncio de la inflaci\u00f3n","datePublished":"2023-03-13T19:19:04+00:00","dateModified":"2023-03-13T19:19:05+00:00","mainEntityOfPage":{"@id":"https:\/\/infoecos.com.ar\/index.php\/de-cara-al-proximo-anuncio-de-la-inflacion\/"},"wordCount":588,"publisher":{"@id":"https:\/\/infoecos.com.ar\/#organization"},"image":{"@id":"https:\/\/infoecos.com.ar\/index.php\/de-cara-al-proximo-anuncio-de-la-inflacion\/#primaryimage"},"thumbnailUrl":"https:\/\/infoecos.com.ar\/wp-content\/uploads\/2023\/03\/australuniversidad.png","keywords":["OPINI\u00d3N - COMENTARIOS - HISTORIAS"],"articleSection":["C2 N5"],"inLanguage":"es"},{"@type":"WebPage","@id":"https:\/\/infoecos.com.ar\/index.php\/de-cara-al-proximo-anuncio-de-la-inflacion\/","url":"https:\/\/infoecos.com.ar\/index.php\/de-cara-al-proximo-anuncio-de-la-inflacion\/","name":"De cara al pr\u00f3ximo anuncio de la inflaci\u00f3n - Infoecos","isPartOf":{"@id":"https:\/\/infoecos.com.ar\/#website"},"primaryImageOfPage":{"@id":"https:\/\/infoecos.com.ar\/index.php\/de-cara-al-proximo-anuncio-de-la-inflacion\/#primaryimage"},"image":{"@id":"https:\/\/infoecos.com.ar\/index.php\/de-cara-al-proximo-anuncio-de-la-inflacion\/#primaryimage"},"thumbnailUrl":"https:\/\/infoecos.com.ar\/wp-content\/uploads\/2023\/03\/australuniversidad.png","datePublished":"2023-03-13T19:19:04+00:00","dateModified":"2023-03-13T19:19:05+00:00","breadcrumb":{"@id":"https:\/\/infoecos.com.ar\/index.php\/de-cara-al-proximo-anuncio-de-la-inflacion\/#breadcrumb"},"inLanguage":"es","potentialAction":[{"@type":"ReadAction","target":["https:\/\/infoecos.com.ar\/index.php\/de-cara-al-proximo-anuncio-de-la-inflacion\/"]}]},{"@type":"ImageObject","inLanguage":"es","@id":"https:\/\/infoecos.com.ar\/index.php\/de-cara-al-proximo-anuncio-de-la-inflacion\/#primaryimage","url":"https:\/\/infoecos.com.ar\/wp-content\/uploads\/2023\/03\/australuniversidad.png","contentUrl":"https:\/\/infoecos.com.ar\/wp-content\/uploads\/2023\/03\/australuniversidad.png","width":156,"height":129},{"@type":"BreadcrumbList","@id":"https:\/\/infoecos.com.ar\/index.php\/de-cara-al-proximo-anuncio-de-la-inflacion\/#breadcrumb","itemListElement":[{"@type":"ListItem","position":1,"name":"Portada","item":"https:\/\/infoecos.com.ar\/"},{"@type":"ListItem","position":2,"name":"De cara al pr\u00f3ximo anuncio de la inflaci\u00f3n"}]},{"@type":"WebSite","@id":"https:\/\/infoecos.com.ar\/#website","url":"https:\/\/infoecos.com.ar\/","name":"Infoecos","description":"Noticias de trenque lauquen y la zona","publisher":{"@id":"https:\/\/infoecos.com.ar\/#organization"},"alternateName":"Noticias","potentialAction":[{"@type":"SearchAction","target":{"@type":"EntryPoint","urlTemplate":"https:\/\/infoecos.com.ar\/?s={search_term_string}"},"query-input":{"@type":"PropertyValueSpecification","valueRequired":true,"valueName":"search_term_string"}}],"inLanguage":"es"},{"@type":"Organization","@id":"https:\/\/infoecos.com.ar\/#organization","name":"Infoecos","alternateName":"Noticias","url":"https:\/\/infoecos.com.ar\/","logo":{"@type":"ImageObject","inLanguage":"es","@id":"https:\/\/infoecos.com.ar\/#\/schema\/logo\/image\/","url":"https:\/\/infoecos.com.ar\/wp-content\/uploads\/2024\/03\/cropped-logo.png","contentUrl":"https:\/\/infoecos.com.ar\/wp-content\/uploads\/2024\/03\/cropped-logo.png","width":374,"height":90,"caption":"Infoecos"},"image":{"@id":"https:\/\/infoecos.com.ar\/#\/schema\/logo\/image\/"},"sameAs":["https:\/\/www.facebook.com\/profile.php?id=100063200290284","https:\/\/x.com\/infoecos"]},{"@type":"Person","@id":"https:\/\/infoecos.com.ar\/#\/schema\/person\/8f5ace5ce73b4b4aac4b7245aee6f191","name":"Jorge Matheus","url":"https:\/\/infoecos.com.ar\/index.php\/author\/jomatheus\/"}]}},"featured_image_urls":{"full":["https:\/\/infoecos.com.ar\/wp-content\/uploads\/2023\/03\/australuniversidad.png",156,129,false],"thumbnail":["https:\/\/infoecos.com.ar\/wp-content\/uploads\/2023\/03\/australuniversidad.png",156,129,false],"medium":["https:\/\/infoecos.com.ar\/wp-content\/uploads\/2023\/03\/australuniversidad.png",156,129,false],"medium_large":["https:\/\/infoecos.com.ar\/wp-content\/uploads\/2023\/03\/australuniversidad.png",156,129,false],"large":["https:\/\/infoecos.com.ar\/wp-content\/uploads\/2023\/03\/australuniversidad.png",156,129,false],"1536x1536":["https:\/\/infoecos.com.ar\/wp-content\/uploads\/2023\/03\/australuniversidad.png",156,129,false],"2048x2048":["https:\/\/infoecos.com.ar\/wp-content\/uploads\/2023\/03\/australuniversidad.png",156,129,false],"covernews-slider-full":["https:\/\/infoecos.com.ar\/wp-content\/uploads\/2023\/03\/australuniversidad.png",156,129,false],"covernews-slider-center":["https:\/\/infoecos.com.ar\/wp-content\/uploads\/2023\/03\/australuniversidad.png",156,129,false],"covernews-featured":["https:\/\/infoecos.com.ar\/wp-content\/uploads\/2023\/03\/australuniversidad.png",156,129,false],"covernews-medium":["https:\/\/infoecos.com.ar\/wp-content\/uploads\/2023\/03\/australuniversidad.png",156,129,false],"covernews-medium-square":["https:\/\/infoecos.com.ar\/wp-content\/uploads\/2023\/03\/australuniversidad.png",156,129,false]},"author_info":{"info":["Jorge Matheus"]},"category_info":"<a href=\"https:\/\/infoecos.com.ar\/index.php\/category\/c2nota5\/\" rel=\"category tag\">C2 N5<\/a>","tag_info":"C2 N5","comment_count":"0","_links":{"self":[{"href":"https:\/\/infoecos.com.ar\/index.php\/wp-json\/wp\/v2\/posts\/102811"}],"collection":[{"href":"https:\/\/infoecos.com.ar\/index.php\/wp-json\/wp\/v2\/posts"}],"about":[{"href":"https:\/\/infoecos.com.ar\/index.php\/wp-json\/wp\/v2\/types\/post"}],"author":[{"embeddable":true,"href":"https:\/\/infoecos.com.ar\/index.php\/wp-json\/wp\/v2\/users\/2"}],"replies":[{"embeddable":true,"href":"https:\/\/infoecos.com.ar\/index.php\/wp-json\/wp\/v2\/comments?post=102811"}],"version-history":[{"count":1,"href":"https:\/\/infoecos.com.ar\/index.php\/wp-json\/wp\/v2\/posts\/102811\/revisions"}],"predecessor-version":[{"id":102813,"href":"https:\/\/infoecos.com.ar\/index.php\/wp-json\/wp\/v2\/posts\/102811\/revisions\/102813"}],"wp:featuredmedia":[{"embeddable":true,"href":"https:\/\/infoecos.com.ar\/index.php\/wp-json\/wp\/v2\/media\/102812"}],"wp:attachment":[{"href":"https:\/\/infoecos.com.ar\/index.php\/wp-json\/wp\/v2\/media?parent=102811"}],"wp:term":[{"taxonomy":"category","embeddable":true,"href":"https:\/\/infoecos.com.ar\/index.php\/wp-json\/wp\/v2\/categories?post=102811"},{"taxonomy":"post_tag","embeddable":true,"href":"https:\/\/infoecos.com.ar\/index.php\/wp-json\/wp\/v2\/tags?post=102811"}],"curies":[{"name":"wp","href":"https:\/\/api.w.org\/{rel}","templated":true}]}}