{"id":102815,"date":"2023-03-13T18:02:35","date_gmt":"2023-03-13T21:02:35","guid":{"rendered":"https:\/\/infoecos.com.ar\/?p=102815"},"modified":"2023-03-14T01:00:58","modified_gmt":"2023-03-14T04:00:58","slug":"provincia-reglamento-la-ley-de-instrumentadores-quirurgicos","status":"publish","type":"post","link":"https:\/\/infoecos.com.ar\/index.php\/provincia-reglamento-la-ley-de-instrumentadores-quirurgicos\/","title":{"rendered":"Provincia reglament\u00f3 la Ley de instrumentadores quir\u00fargicos"},"content":{"rendered":"\n<p>El gobernador de la Provincia, Axel Kicillof, reglament\u00f3 la&nbsp;<strong>Ley Provincial n\u00ba 14.865<\/strong>&nbsp;sobre el ejercicio profesionales de los instrumentadores quir\u00fargicos en el territorio bonaerense. La norma jerarquiza las tareas que llevan adelante los profesionales, a quienes incorpora en la Ley 10.471 de \u00abcarrera hospitalaria\u00bb, lo que implica mejoras salariales y en el r\u00e9gimen de contrataci\u00f3n.<\/p>\n\n\n\n<figure class=\"wp-block-image aligncenter size-large is-resized\"><img loading=\"lazy\" decoding=\"async\" src=\"https:\/\/infoecos.com.ar\/wp-content\/uploads\/2023\/03\/image-42-1600x1066.png\" alt=\"\" class=\"wp-image-102816\" width=\"452\" height=\"300\" srcset=\"https:\/\/infoecos.com.ar\/wp-content\/uploads\/2023\/03\/image-42-1600x1066.png 1600w, https:\/\/infoecos.com.ar\/wp-content\/uploads\/2023\/03\/image-42-800x533.png 800w, https:\/\/infoecos.com.ar\/wp-content\/uploads\/2023\/03\/image-42-768x512.png 768w, https:\/\/infoecos.com.ar\/wp-content\/uploads\/2023\/03\/image-42-1536x1020.png 1536w, https:\/\/infoecos.com.ar\/wp-content\/uploads\/2023\/03\/image-42-1024x683.png 1024w, https:\/\/infoecos.com.ar\/wp-content\/uploads\/2023\/03\/image-42-675x450.png 675w, https:\/\/infoecos.com.ar\/wp-content\/uploads\/2023\/03\/image-42.png 2048w\" sizes=\"(max-width: 452px) 100vw, 452px\" \/><\/figure>\n\n\n\n<p>Consultada por&nbsp;<strong>C\u00f3digo Baires<\/strong>,&nbsp;<strong>Lilian Sierra<\/strong>, jefa de Quir\u00f3fano del Hospital de Alta Complejidad en El Cruce \u201cDr. N\u00e9stor Kirchner\u201d de Florencio Varela, celebr\u00f3 la nueva Ley a la que consider\u00f3 \u201cun hito hist\u00f3rico y trascendental\u201d.<\/p>\n\n\n\n<p>\u201cEs un reconocimiento para nosotros y un logro en el que trabajamos por mucho tiempo, pero al que hasta hoy no hab\u00edamos podido acceder\u201d, dijo.<\/p>\n\n\n\n<p>Adem\u00e1s, Sierra destac\u00f3 que tiene en cuenta la \u201ccapacitaci\u00f3n permanente\u201d de los instrumentadores como profesionales de la salud. \u201cPor ejemplo, nuestro Servicio tiene complejidades, por la alta tecnolog\u00eda con que cuenta y la dificultad de las intervenciones, que demandan una formaci\u00f3n y actualizaci\u00f3n constantes, que por su puesto nos brinda el hospital\u201d, continu\u00f3.<\/p>\n\n\n\n<p>Respecto de la notoria feminizaci\u00f3n de la profesi\u00f3n, en la que de casi 9.000 instrumentadores quir\u00fargicos, el 94% son mujeres, Sierra marc\u00f3 un cambio en la tendencia. \u201cEn los \u00faltimos a\u00f1os se han incorporado a la carrera y la planta profesional varones y personas de todos los g\u00e9neros\u201d, dijo.<\/p>\n","protected":false},"excerpt":{"rendered":"<p>Consultada por\u00a0C\u00f3digo Baires,\u00a0Lilian Sierra, jefa de Quir\u00f3fano del Hospital de Alta Complejidad en El Cruce \u201cDr. N\u00e9stor Kirchner\u201d de Florencio Varela, celebr\u00f3 la nueva Ley a la que consider\u00f3 \u201cun hito hist\u00f3rico y trascendental\u201d<\/p>\n","protected":false},"author":2,"featured_media":102816,"comment_status":"closed","ping_status":"open","sticky":false,"template":"","format":"standard","meta":{"footnotes":""},"categories":[1614],"tags":[7504],"class_list":["post-102815","post","type-post","status-publish","format-standard","has-post-thumbnail","hentry","category-c2nota7","tag-buenos-aires-salud"],"yoast_head":"<!-- This site is optimized with the Yoast SEO plugin v23.4 - https:\/\/yoast.com\/wordpress\/plugins\/seo\/ -->\n<title>Provincia reglament\u00f3 la Ley de instrumentadores quir\u00fargicos - Infoecos<\/title>\n<meta name=\"robots\" content=\"index, follow, max-snippet:-1, max-image-preview:large, max-video-preview:-1\" \/>\n<link rel=\"canonical\" href=\"https:\/\/infoecos.com.ar\/index.php\/provincia-reglamento-la-ley-de-instrumentadores-quirurgicos\/\" \/>\n<meta property=\"og:locale\" content=\"es_ES\" \/>\n<meta property=\"og:type\" content=\"article\" \/>\n<meta property=\"og:title\" content=\"Provincia reglament\u00f3 la Ley de instrumentadores quir\u00fargicos - Infoecos\" \/>\n<meta property=\"og:description\" content=\"Consultada por\u00a0C\u00f3digo Baires,\u00a0Lilian Sierra, jefa de Quir\u00f3fano del Hospital de Alta Complejidad en El Cruce \u201cDr. N\u00e9stor Kirchner\u201d de Florencio Varela, celebr\u00f3 la nueva Ley a la que consider\u00f3 \u201cun hito hist\u00f3rico y trascendental\u201d\" \/>\n<meta property=\"og:url\" content=\"https:\/\/infoecos.com.ar\/index.php\/provincia-reglamento-la-ley-de-instrumentadores-quirurgicos\/\" \/>\n<meta property=\"og:site_name\" content=\"Infoecos\" \/>\n<meta property=\"article:publisher\" content=\"https:\/\/www.facebook.com\/profile.php?id=100063200290284\" \/>\n<meta property=\"article:published_time\" content=\"2023-03-13T21:02:35+00:00\" \/>\n<meta property=\"article:modified_time\" content=\"2023-03-14T04:00:58+00:00\" \/>\n<meta property=\"og:image\" content=\"https:\/\/infoecos.com.ar\/wp-content\/uploads\/2023\/03\/image-42.png\" \/>\n\t<meta property=\"og:image:width\" content=\"2048\" \/>\n\t<meta property=\"og:image:height\" content=\"1365\" \/>\n\t<meta property=\"og:image:type\" content=\"image\/png\" \/>\n<meta name=\"author\" content=\"Jorge Matheus\" \/>\n<meta name=\"twitter:card\" content=\"summary_large_image\" \/>\n<meta name=\"twitter:creator\" content=\"@infoecos\" \/>\n<meta name=\"twitter:site\" content=\"@infoecos\" \/>\n<meta name=\"twitter:label1\" content=\"Escrito por\" \/>\n\t<meta name=\"twitter:data1\" content=\"Jorge Matheus\" \/>\n\t<meta name=\"twitter:label2\" content=\"Tiempo de lectura\" \/>\n\t<meta name=\"twitter:data2\" content=\"2 minutos\" \/>\n<script type=\"application\/ld+json\" class=\"yoast-schema-graph\">{\"@context\":\"https:\/\/schema.org\",\"@graph\":[{\"@type\":\"Article\",\"@id\":\"https:\/\/infoecos.com.ar\/index.php\/provincia-reglamento-la-ley-de-instrumentadores-quirurgicos\/#article\",\"isPartOf\":{\"@id\":\"https:\/\/infoecos.com.ar\/index.php\/provincia-reglamento-la-ley-de-instrumentadores-quirurgicos\/\"},\"author\":{\"name\":\"Jorge Matheus\",\"@id\":\"https:\/\/infoecos.com.ar\/#\/schema\/person\/8f5ace5ce73b4b4aac4b7245aee6f191\"},\"headline\":\"Provincia reglament\u00f3 la Ley de instrumentadores quir\u00fargicos\",\"datePublished\":\"2023-03-13T21:02:35+00:00\",\"dateModified\":\"2023-03-14T04:00:58+00:00\",\"mainEntityOfPage\":{\"@id\":\"https:\/\/infoecos.com.ar\/index.php\/provincia-reglamento-la-ley-de-instrumentadores-quirurgicos\/\"},\"wordCount\":245,\"publisher\":{\"@id\":\"https:\/\/infoecos.com.ar\/#organization\"},\"image\":{\"@id\":\"https:\/\/infoecos.com.ar\/index.php\/provincia-reglamento-la-ley-de-instrumentadores-quirurgicos\/#primaryimage\"},\"thumbnailUrl\":\"https:\/\/infoecos.com.ar\/wp-content\/uploads\/2023\/03\/image-42.png\",\"keywords\":[\"BUENOS AIRES - SALUD\"],\"articleSection\":[\"C2 N7\"],\"inLanguage\":\"es\"},{\"@type\":\"WebPage\",\"@id\":\"https:\/\/infoecos.com.ar\/index.php\/provincia-reglamento-la-ley-de-instrumentadores-quirurgicos\/\",\"url\":\"https:\/\/infoecos.com.ar\/index.php\/provincia-reglamento-la-ley-de-instrumentadores-quirurgicos\/\",\"name\":\"Provincia reglament\u00f3 la Ley de instrumentadores quir\u00fargicos - Infoecos\",\"isPartOf\":{\"@id\":\"https:\/\/infoecos.com.ar\/#website\"},\"primaryImageOfPage\":{\"@id\":\"https:\/\/infoecos.com.ar\/index.php\/provincia-reglamento-la-ley-de-instrumentadores-quirurgicos\/#primaryimage\"},\"image\":{\"@id\":\"https:\/\/infoecos.com.ar\/index.php\/provincia-reglamento-la-ley-de-instrumentadores-quirurgicos\/#primaryimage\"},\"thumbnailUrl\":\"https:\/\/infoecos.com.ar\/wp-content\/uploads\/2023\/03\/image-42.png\",\"datePublished\":\"2023-03-13T21:02:35+00:00\",\"dateModified\":\"2023-03-14T04:00:58+00:00\",\"breadcrumb\":{\"@id\":\"https:\/\/infoecos.com.ar\/index.php\/provincia-reglamento-la-ley-de-instrumentadores-quirurgicos\/#breadcrumb\"},\"inLanguage\":\"es\",\"potentialAction\":[{\"@type\":\"ReadAction\",\"target\":[\"https:\/\/infoecos.com.ar\/index.php\/provincia-reglamento-la-ley-de-instrumentadores-quirurgicos\/\"]}]},{\"@type\":\"ImageObject\",\"inLanguage\":\"es\",\"@id\":\"https:\/\/infoecos.com.ar\/index.php\/provincia-reglamento-la-ley-de-instrumentadores-quirurgicos\/#primaryimage\",\"url\":\"https:\/\/infoecos.com.ar\/wp-content\/uploads\/2023\/03\/image-42.png\",\"contentUrl\":\"https:\/\/infoecos.com.ar\/wp-content\/uploads\/2023\/03\/image-42.png\",\"width\":2048,\"height\":1365},{\"@type\":\"BreadcrumbList\",\"@id\":\"https:\/\/infoecos.com.ar\/index.php\/provincia-reglamento-la-ley-de-instrumentadores-quirurgicos\/#breadcrumb\",\"itemListElement\":[{\"@type\":\"ListItem\",\"position\":1,\"name\":\"Portada\",\"item\":\"https:\/\/infoecos.com.ar\/\"},{\"@type\":\"ListItem\",\"position\":2,\"name\":\"Provincia reglament\u00f3 la Ley de instrumentadores quir\u00fargicos\"}]},{\"@type\":\"WebSite\",\"@id\":\"https:\/\/infoecos.com.ar\/#website\",\"url\":\"https:\/\/infoecos.com.ar\/\",\"name\":\"Infoecos\",\"description\":\"Noticias de trenque lauquen y la zona\",\"publisher\":{\"@id\":\"https:\/\/infoecos.com.ar\/#organization\"},\"alternateName\":\"Noticias\",\"potentialAction\":[{\"@type\":\"SearchAction\",\"target\":{\"@type\":\"EntryPoint\",\"urlTemplate\":\"https:\/\/infoecos.com.ar\/?s={search_term_string}\"},\"query-input\":{\"@type\":\"PropertyValueSpecification\",\"valueRequired\":true,\"valueName\":\"search_term_string\"}}],\"inLanguage\":\"es\"},{\"@type\":\"Organization\",\"@id\":\"https:\/\/infoecos.com.ar\/#organization\",\"name\":\"Infoecos\",\"alternateName\":\"Noticias\",\"url\":\"https:\/\/infoecos.com.ar\/\",\"logo\":{\"@type\":\"ImageObject\",\"inLanguage\":\"es\",\"@id\":\"https:\/\/infoecos.com.ar\/#\/schema\/logo\/image\/\",\"url\":\"https:\/\/infoecos.com.ar\/wp-content\/uploads\/2024\/03\/cropped-logo.png\",\"contentUrl\":\"https:\/\/infoecos.com.ar\/wp-content\/uploads\/2024\/03\/cropped-logo.png\",\"width\":374,\"height\":90,\"caption\":\"Infoecos\"},\"image\":{\"@id\":\"https:\/\/infoecos.com.ar\/#\/schema\/logo\/image\/\"},\"sameAs\":[\"https:\/\/www.facebook.com\/profile.php?id=100063200290284\",\"https:\/\/x.com\/infoecos\"]},{\"@type\":\"Person\",\"@id\":\"https:\/\/infoecos.com.ar\/#\/schema\/person\/8f5ace5ce73b4b4aac4b7245aee6f191\",\"name\":\"Jorge Matheus\",\"url\":\"https:\/\/infoecos.com.ar\/index.php\/author\/jomatheus\/\"}]}<\/script>\n<!-- \/ Yoast SEO plugin. -->","yoast_head_json":{"title":"Provincia reglament\u00f3 la Ley de instrumentadores quir\u00fargicos - Infoecos","robots":{"index":"index","follow":"follow","max-snippet":"max-snippet:-1","max-image-preview":"max-image-preview:large","max-video-preview":"max-video-preview:-1"},"canonical":"https:\/\/infoecos.com.ar\/index.php\/provincia-reglamento-la-ley-de-instrumentadores-quirurgicos\/","og_locale":"es_ES","og_type":"article","og_title":"Provincia reglament\u00f3 la Ley de instrumentadores quir\u00fargicos - Infoecos","og_description":"Consultada por\u00a0C\u00f3digo Baires,\u00a0Lilian Sierra, jefa de Quir\u00f3fano del Hospital de Alta Complejidad en El Cruce \u201cDr. N\u00e9stor Kirchner\u201d de Florencio Varela, celebr\u00f3 la nueva Ley a la que consider\u00f3 \u201cun hito hist\u00f3rico y trascendental\u201d","og_url":"https:\/\/infoecos.com.ar\/index.php\/provincia-reglamento-la-ley-de-instrumentadores-quirurgicos\/","og_site_name":"Infoecos","article_publisher":"https:\/\/www.facebook.com\/profile.php?id=100063200290284","article_published_time":"2023-03-13T21:02:35+00:00","article_modified_time":"2023-03-14T04:00:58+00:00","og_image":[{"width":2048,"height":1365,"url":"https:\/\/infoecos.com.ar\/wp-content\/uploads\/2023\/03\/image-42.png","type":"image\/png"}],"author":"Jorge Matheus","twitter_card":"summary_large_image","twitter_creator":"@infoecos","twitter_site":"@infoecos","twitter_misc":{"Escrito por":"Jorge Matheus","Tiempo de lectura":"2 minutos"},"schema":{"@context":"https:\/\/schema.org","@graph":[{"@type":"Article","@id":"https:\/\/infoecos.com.ar\/index.php\/provincia-reglamento-la-ley-de-instrumentadores-quirurgicos\/#article","isPartOf":{"@id":"https:\/\/infoecos.com.ar\/index.php\/provincia-reglamento-la-ley-de-instrumentadores-quirurgicos\/"},"author":{"name":"Jorge Matheus","@id":"https:\/\/infoecos.com.ar\/#\/schema\/person\/8f5ace5ce73b4b4aac4b7245aee6f191"},"headline":"Provincia reglament\u00f3 la Ley de instrumentadores quir\u00fargicos","datePublished":"2023-03-13T21:02:35+00:00","dateModified":"2023-03-14T04:00:58+00:00","mainEntityOfPage":{"@id":"https:\/\/infoecos.com.ar\/index.php\/provincia-reglamento-la-ley-de-instrumentadores-quirurgicos\/"},"wordCount":245,"publisher":{"@id":"https:\/\/infoecos.com.ar\/#organization"},"image":{"@id":"https:\/\/infoecos.com.ar\/index.php\/provincia-reglamento-la-ley-de-instrumentadores-quirurgicos\/#primaryimage"},"thumbnailUrl":"https:\/\/infoecos.com.ar\/wp-content\/uploads\/2023\/03\/image-42.png","keywords":["BUENOS AIRES - SALUD"],"articleSection":["C2 N7"],"inLanguage":"es"},{"@type":"WebPage","@id":"https:\/\/infoecos.com.ar\/index.php\/provincia-reglamento-la-ley-de-instrumentadores-quirurgicos\/","url":"https:\/\/infoecos.com.ar\/index.php\/provincia-reglamento-la-ley-de-instrumentadores-quirurgicos\/","name":"Provincia reglament\u00f3 la Ley de instrumentadores quir\u00fargicos - Infoecos","isPartOf":{"@id":"https:\/\/infoecos.com.ar\/#website"},"primaryImageOfPage":{"@id":"https:\/\/infoecos.com.ar\/index.php\/provincia-reglamento-la-ley-de-instrumentadores-quirurgicos\/#primaryimage"},"image":{"@id":"https:\/\/infoecos.com.ar\/index.php\/provincia-reglamento-la-ley-de-instrumentadores-quirurgicos\/#primaryimage"},"thumbnailUrl":"https:\/\/infoecos.com.ar\/wp-content\/uploads\/2023\/03\/image-42.png","datePublished":"2023-03-13T21:02:35+00:00","dateModified":"2023-03-14T04:00:58+00:00","breadcrumb":{"@id":"https:\/\/infoecos.com.ar\/index.php\/provincia-reglamento-la-ley-de-instrumentadores-quirurgicos\/#breadcrumb"},"inLanguage":"es","potentialAction":[{"@type":"ReadAction","target":["https:\/\/infoecos.com.ar\/index.php\/provincia-reglamento-la-ley-de-instrumentadores-quirurgicos\/"]}]},{"@type":"ImageObject","inLanguage":"es","@id":"https:\/\/infoecos.com.ar\/index.php\/provincia-reglamento-la-ley-de-instrumentadores-quirurgicos\/#primaryimage","url":"https:\/\/infoecos.com.ar\/wp-content\/uploads\/2023\/03\/image-42.png","contentUrl":"https:\/\/infoecos.com.ar\/wp-content\/uploads\/2023\/03\/image-42.png","width":2048,"height":1365},{"@type":"BreadcrumbList","@id":"https:\/\/infoecos.com.ar\/index.php\/provincia-reglamento-la-ley-de-instrumentadores-quirurgicos\/#breadcrumb","itemListElement":[{"@type":"ListItem","position":1,"name":"Portada","item":"https:\/\/infoecos.com.ar\/"},{"@type":"ListItem","position":2,"name":"Provincia reglament\u00f3 la Ley de instrumentadores quir\u00fargicos"}]},{"@type":"WebSite","@id":"https:\/\/infoecos.com.ar\/#website","url":"https:\/\/infoecos.com.ar\/","name":"Infoecos","description":"Noticias de trenque lauquen y la zona","publisher":{"@id":"https:\/\/infoecos.com.ar\/#organization"},"alternateName":"Noticias","potentialAction":[{"@type":"SearchAction","target":{"@type":"EntryPoint","urlTemplate":"https:\/\/infoecos.com.ar\/?s={search_term_string}"},"query-input":{"@type":"PropertyValueSpecification","valueRequired":true,"valueName":"search_term_string"}}],"inLanguage":"es"},{"@type":"Organization","@id":"https:\/\/infoecos.com.ar\/#organization","name":"Infoecos","alternateName":"Noticias","url":"https:\/\/infoecos.com.ar\/","logo":{"@type":"ImageObject","inLanguage":"es","@id":"https:\/\/infoecos.com.ar\/#\/schema\/logo\/image\/","url":"https:\/\/infoecos.com.ar\/wp-content\/uploads\/2024\/03\/cropped-logo.png","contentUrl":"https:\/\/infoecos.com.ar\/wp-content\/uploads\/2024\/03\/cropped-logo.png","width":374,"height":90,"caption":"Infoecos"},"image":{"@id":"https:\/\/infoecos.com.ar\/#\/schema\/logo\/image\/"},"sameAs":["https:\/\/www.facebook.com\/profile.php?id=100063200290284","https:\/\/x.com\/infoecos"]},{"@type":"Person","@id":"https:\/\/infoecos.com.ar\/#\/schema\/person\/8f5ace5ce73b4b4aac4b7245aee6f191","name":"Jorge Matheus","url":"https:\/\/infoecos.com.ar\/index.php\/author\/jomatheus\/"}]}},"featured_image_urls":{"full":["https:\/\/infoecos.com.ar\/wp-content\/uploads\/2023\/03\/image-42.png",2048,1365,false],"thumbnail":["https:\/\/infoecos.com.ar\/wp-content\/uploads\/2023\/03\/image-42-300x150.png",300,150,true],"medium":["https:\/\/infoecos.com.ar\/wp-content\/uploads\/2023\/03\/image-42-800x533.png",800,533,true],"medium_large":["https:\/\/infoecos.com.ar\/wp-content\/uploads\/2023\/03\/image-42-768x512.png",640,427,true],"large":["https:\/\/infoecos.com.ar\/wp-content\/uploads\/2023\/03\/image-42-1600x1066.png",640,426,true],"1536x1536":["https:\/\/infoecos.com.ar\/wp-content\/uploads\/2023\/03\/image-42-1536x1024.png",1536,1024,true],"2048x2048":["https:\/\/infoecos.com.ar\/wp-content\/uploads\/2023\/03\/image-42.png",2048,1365,false],"covernews-slider-full":["https:\/\/infoecos.com.ar\/wp-content\/uploads\/2023\/03\/image-42-1536x1020.png",1077,715,true],"covernews-slider-center":["https:\/\/infoecos.com.ar\/wp-content\/uploads\/2023\/03\/image-42-936x897.png",522,500,true],"covernews-featured":["https:\/\/infoecos.com.ar\/wp-content\/uploads\/2023\/03\/image-42-1024x683.png",1024,683,true],"covernews-medium":["https:\/\/infoecos.com.ar\/wp-content\/uploads\/2023\/03\/image-42-720x380.png",540,285,true],"covernews-medium-square":["https:\/\/infoecos.com.ar\/wp-content\/uploads\/2023\/03\/image-42-675x450.png",375,250,true]},"author_info":{"info":["Jorge Matheus"]},"category_info":"<a href=\"https:\/\/infoecos.com.ar\/index.php\/category\/c2nota7\/\" rel=\"category tag\">C2 N7<\/a>","tag_info":"C2 N7","comment_count":"0","_links":{"self":[{"href":"https:\/\/infoecos.com.ar\/index.php\/wp-json\/wp\/v2\/posts\/102815"}],"collection":[{"href":"https:\/\/infoecos.com.ar\/index.php\/wp-json\/wp\/v2\/posts"}],"about":[{"href":"https:\/\/infoecos.com.ar\/index.php\/wp-json\/wp\/v2\/types\/post"}],"author":[{"embeddable":true,"href":"https:\/\/infoecos.com.ar\/index.php\/wp-json\/wp\/v2\/users\/2"}],"replies":[{"embeddable":true,"href":"https:\/\/infoecos.com.ar\/index.php\/wp-json\/wp\/v2\/comments?post=102815"}],"version-history":[{"count":2,"href":"https:\/\/infoecos.com.ar\/index.php\/wp-json\/wp\/v2\/posts\/102815\/revisions"}],"predecessor-version":[{"id":102837,"href":"https:\/\/infoecos.com.ar\/index.php\/wp-json\/wp\/v2\/posts\/102815\/revisions\/102837"}],"wp:featuredmedia":[{"embeddable":true,"href":"https:\/\/infoecos.com.ar\/index.php\/wp-json\/wp\/v2\/media\/102816"}],"wp:attachment":[{"href":"https:\/\/infoecos.com.ar\/index.php\/wp-json\/wp\/v2\/media?parent=102815"}],"wp:term":[{"taxonomy":"category","embeddable":true,"href":"https:\/\/infoecos.com.ar\/index.php\/wp-json\/wp\/v2\/categories?post=102815"},{"taxonomy":"post_tag","embeddable":true,"href":"https:\/\/infoecos.com.ar\/index.php\/wp-json\/wp\/v2\/tags?post=102815"}],"curies":[{"name":"wp","href":"https:\/\/api.w.org\/{rel}","templated":true}]}}