{"id":102818,"date":"2023-03-13T18:54:31","date_gmt":"2023-03-13T21:54:31","guid":{"rendered":"https:\/\/infoecos.com.ar\/?p=102818"},"modified":"2023-03-16T11:49:26","modified_gmt":"2023-03-16T14:49:26","slug":"el-intendente-de-pellegrini-anuncio-que-no-se-presentara-como-candidato-es-el-final-de-un-ciclo","status":"publish","type":"post","link":"https:\/\/infoecos.com.ar\/index.php\/el-intendente-de-pellegrini-anuncio-que-no-se-presentara-como-candidato-es-el-final-de-un-ciclo\/","title":{"rendered":"El intendente de Pellegrini anunci\u00f3 que no se presentar\u00e1 como candidato: \u00abes el final de un ciclo\u00bb"},"content":{"rendered":"\n<p>Este domingo, a trav\u00e9s de un video que se extendi\u00f3 por espacio de poco m\u00e1s de un minuto, Guillermo Pacheco anunci\u00f3 que no aspirar\u00e1 a continuar como intendente del municipio de Pellegrini y que se compromete a trabajar en un programa de gobierno que se extienda hasta el 2030.<\/p>\n\n\n\n<figure class=\"wp-block-image aligncenter size-full\"><img loading=\"lazy\" decoding=\"async\" width=\"620\" height=\"615\" src=\"https:\/\/infoecos.com.ar\/wp-content\/uploads\/2023\/03\/336017959_233221019125660_7840431824785831107_n.jpg\" alt=\"\" class=\"wp-image-102819\"\/><figcaption class=\"wp-element-caption\">Pacheco, Guillermo <\/figcaption><\/figure>\n\n\n\n<p>En la red Facebook, en espacio donde se evidenciaba el sol a pleno, el mandatario comunal que est\u00e1 culminando su segundo mandato se\u00f1alaba que \u00abes el final de un ciclo que se inici\u00f3 en un mes de marzo hace varios a\u00f1os, cuando expres\u00e9 el deseo de involucrarme en la vida pol\u00edtica comunitaria\u00bb.<\/p>\n\n\n\n<p>Pacheco, sin entrar en demasiados detalles, indic\u00f3 que se continuar\u00e1 con las realizaciones emprendidas y las que habr\u00e1n de emprenderse, pero que \u00abha llegado el momento tambi\u00e9n de crear un nuevo liderazgo en la Uni\u00f3n C\u00edvica Radical del distrito\u00bb.<\/p>\n\n\n\n<p>El mensaje del Jefe Comunal coincidi\u00f3 y \u00e9l lo destac\u00f3 con el D\u00eda del Militante partidario, en concomitancia con la fecha de nacimiento del doctor Ra\u00fal Alfons\u00edn. <\/p>\n","protected":false},"excerpt":{"rendered":"<p>En la red Facebook, en espacio donde se evidenciaba el sol a pleno, el mandatario comunal que est\u00e1 culminando su segundo mandato se\u00f1alaba que \u00abes el final de un ciclo que se inici\u00f3 en un mes de marzo hace varios a\u00f1os, cuando expres\u00e9 el deseo de involucrarme en la vida pol\u00edtica comunitaria\u00bb<\/p>\n","protected":false},"author":2,"featured_media":102819,"comment_status":"closed","ping_status":"open","sticky":false,"template":"","format":"standard","meta":{"footnotes":""},"categories":[40],"tags":[1568],"class_list":["post-102818","post","type-post","status-publish","format-standard","has-post-thumbnail","hentry","category-inferior1","tag-politica-regional"],"yoast_head":"<!-- This site is optimized with the Yoast SEO plugin v23.4 - https:\/\/yoast.com\/wordpress\/plugins\/seo\/ -->\n<title>El intendente de Pellegrini anunci\u00f3 que no se presentar\u00e1 como candidato: &quot;es el final de un ciclo&quot; - Infoecos<\/title>\n<meta name=\"robots\" content=\"index, follow, max-snippet:-1, max-image-preview:large, max-video-preview:-1\" \/>\n<link rel=\"canonical\" href=\"https:\/\/infoecos.com.ar\/index.php\/el-intendente-de-pellegrini-anuncio-que-no-se-presentara-como-candidato-es-el-final-de-un-ciclo\/\" \/>\n<meta property=\"og:locale\" content=\"es_ES\" \/>\n<meta property=\"og:type\" content=\"article\" \/>\n<meta property=\"og:title\" content=\"El intendente de Pellegrini anunci\u00f3 que no se presentar\u00e1 como candidato: &quot;es el final de un ciclo&quot; - Infoecos\" \/>\n<meta property=\"og:description\" content=\"En la red Facebook, en espacio donde se evidenciaba el sol a pleno, el mandatario comunal que est\u00e1 culminando su segundo mandato se\u00f1alaba que &quot;es el final de un ciclo que se inici\u00f3 en un mes de marzo hace varios a\u00f1os, cuando expres\u00e9 el deseo de involucrarme en la vida pol\u00edtica comunitaria&quot;\" \/>\n<meta property=\"og:url\" content=\"https:\/\/infoecos.com.ar\/index.php\/el-intendente-de-pellegrini-anuncio-que-no-se-presentara-como-candidato-es-el-final-de-un-ciclo\/\" \/>\n<meta property=\"og:site_name\" content=\"Infoecos\" \/>\n<meta property=\"article:publisher\" content=\"https:\/\/www.facebook.com\/profile.php?id=100063200290284\" \/>\n<meta property=\"article:published_time\" content=\"2023-03-13T21:54:31+00:00\" \/>\n<meta property=\"article:modified_time\" content=\"2023-03-16T14:49:26+00:00\" \/>\n<meta property=\"og:image\" content=\"https:\/\/infoecos.com.ar\/wp-content\/uploads\/2023\/03\/336017959_233221019125660_7840431824785831107_n.jpg\" \/>\n\t<meta property=\"og:image:width\" content=\"620\" \/>\n\t<meta property=\"og:image:height\" content=\"615\" \/>\n\t<meta property=\"og:image:type\" content=\"image\/jpeg\" \/>\n<meta name=\"author\" content=\"Jorge Matheus\" \/>\n<meta name=\"twitter:card\" content=\"summary_large_image\" \/>\n<meta name=\"twitter:creator\" content=\"@infoecos\" \/>\n<meta name=\"twitter:site\" content=\"@infoecos\" \/>\n<meta name=\"twitter:label1\" content=\"Escrito por\" \/>\n\t<meta name=\"twitter:data1\" content=\"Jorge Matheus\" \/>\n\t<meta name=\"twitter:label2\" content=\"Tiempo de lectura\" \/>\n\t<meta name=\"twitter:data2\" content=\"1 minuto\" \/>\n<script type=\"application\/ld+json\" class=\"yoast-schema-graph\">{\"@context\":\"https:\/\/schema.org\",\"@graph\":[{\"@type\":\"Article\",\"@id\":\"https:\/\/infoecos.com.ar\/index.php\/el-intendente-de-pellegrini-anuncio-que-no-se-presentara-como-candidato-es-el-final-de-un-ciclo\/#article\",\"isPartOf\":{\"@id\":\"https:\/\/infoecos.com.ar\/index.php\/el-intendente-de-pellegrini-anuncio-que-no-se-presentara-como-candidato-es-el-final-de-un-ciclo\/\"},\"author\":{\"name\":\"Jorge Matheus\",\"@id\":\"https:\/\/infoecos.com.ar\/#\/schema\/person\/8f5ace5ce73b4b4aac4b7245aee6f191\"},\"headline\":\"El intendente de Pellegrini anunci\u00f3 que no se presentar\u00e1 como candidato: \u00abes el final de un ciclo\u00bb\",\"datePublished\":\"2023-03-13T21:54:31+00:00\",\"dateModified\":\"2023-03-16T14:49:26+00:00\",\"mainEntityOfPage\":{\"@id\":\"https:\/\/infoecos.com.ar\/index.php\/el-intendente-de-pellegrini-anuncio-que-no-se-presentara-como-candidato-es-el-final-de-un-ciclo\/\"},\"wordCount\":197,\"publisher\":{\"@id\":\"https:\/\/infoecos.com.ar\/#organization\"},\"image\":{\"@id\":\"https:\/\/infoecos.com.ar\/index.php\/el-intendente-de-pellegrini-anuncio-que-no-se-presentara-como-candidato-es-el-final-de-un-ciclo\/#primaryimage\"},\"thumbnailUrl\":\"https:\/\/infoecos.com.ar\/wp-content\/uploads\/2023\/03\/336017959_233221019125660_7840431824785831107_n.jpg\",\"keywords\":[\"POL\u00cdTICA REGIONAL\"],\"articleSection\":[\"Bloque inferior - 1\"],\"inLanguage\":\"es\"},{\"@type\":\"WebPage\",\"@id\":\"https:\/\/infoecos.com.ar\/index.php\/el-intendente-de-pellegrini-anuncio-que-no-se-presentara-como-candidato-es-el-final-de-un-ciclo\/\",\"url\":\"https:\/\/infoecos.com.ar\/index.php\/el-intendente-de-pellegrini-anuncio-que-no-se-presentara-como-candidato-es-el-final-de-un-ciclo\/\",\"name\":\"El intendente de Pellegrini anunci\u00f3 que no se presentar\u00e1 como candidato: \\\"es el final de un ciclo\\\" - Infoecos\",\"isPartOf\":{\"@id\":\"https:\/\/infoecos.com.ar\/#website\"},\"primaryImageOfPage\":{\"@id\":\"https:\/\/infoecos.com.ar\/index.php\/el-intendente-de-pellegrini-anuncio-que-no-se-presentara-como-candidato-es-el-final-de-un-ciclo\/#primaryimage\"},\"image\":{\"@id\":\"https:\/\/infoecos.com.ar\/index.php\/el-intendente-de-pellegrini-anuncio-que-no-se-presentara-como-candidato-es-el-final-de-un-ciclo\/#primaryimage\"},\"thumbnailUrl\":\"https:\/\/infoecos.com.ar\/wp-content\/uploads\/2023\/03\/336017959_233221019125660_7840431824785831107_n.jpg\",\"datePublished\":\"2023-03-13T21:54:31+00:00\",\"dateModified\":\"2023-03-16T14:49:26+00:00\",\"breadcrumb\":{\"@id\":\"https:\/\/infoecos.com.ar\/index.php\/el-intendente-de-pellegrini-anuncio-que-no-se-presentara-como-candidato-es-el-final-de-un-ciclo\/#breadcrumb\"},\"inLanguage\":\"es\",\"potentialAction\":[{\"@type\":\"ReadAction\",\"target\":[\"https:\/\/infoecos.com.ar\/index.php\/el-intendente-de-pellegrini-anuncio-que-no-se-presentara-como-candidato-es-el-final-de-un-ciclo\/\"]}]},{\"@type\":\"ImageObject\",\"inLanguage\":\"es\",\"@id\":\"https:\/\/infoecos.com.ar\/index.php\/el-intendente-de-pellegrini-anuncio-que-no-se-presentara-como-candidato-es-el-final-de-un-ciclo\/#primaryimage\",\"url\":\"https:\/\/infoecos.com.ar\/wp-content\/uploads\/2023\/03\/336017959_233221019125660_7840431824785831107_n.jpg\",\"contentUrl\":\"https:\/\/infoecos.com.ar\/wp-content\/uploads\/2023\/03\/336017959_233221019125660_7840431824785831107_n.jpg\",\"width\":620,\"height\":615},{\"@type\":\"BreadcrumbList\",\"@id\":\"https:\/\/infoecos.com.ar\/index.php\/el-intendente-de-pellegrini-anuncio-que-no-se-presentara-como-candidato-es-el-final-de-un-ciclo\/#breadcrumb\",\"itemListElement\":[{\"@type\":\"ListItem\",\"position\":1,\"name\":\"Portada\",\"item\":\"https:\/\/infoecos.com.ar\/\"},{\"@type\":\"ListItem\",\"position\":2,\"name\":\"El intendente de Pellegrini anunci\u00f3 que no se presentar\u00e1 como candidato: \u00abes el final de un ciclo\u00bb\"}]},{\"@type\":\"WebSite\",\"@id\":\"https:\/\/infoecos.com.ar\/#website\",\"url\":\"https:\/\/infoecos.com.ar\/\",\"name\":\"Infoecos\",\"description\":\"Noticias de trenque lauquen y la zona\",\"publisher\":{\"@id\":\"https:\/\/infoecos.com.ar\/#organization\"},\"alternateName\":\"Noticias\",\"potentialAction\":[{\"@type\":\"SearchAction\",\"target\":{\"@type\":\"EntryPoint\",\"urlTemplate\":\"https:\/\/infoecos.com.ar\/?s={search_term_string}\"},\"query-input\":{\"@type\":\"PropertyValueSpecification\",\"valueRequired\":true,\"valueName\":\"search_term_string\"}}],\"inLanguage\":\"es\"},{\"@type\":\"Organization\",\"@id\":\"https:\/\/infoecos.com.ar\/#organization\",\"name\":\"Infoecos\",\"alternateName\":\"Noticias\",\"url\":\"https:\/\/infoecos.com.ar\/\",\"logo\":{\"@type\":\"ImageObject\",\"inLanguage\":\"es\",\"@id\":\"https:\/\/infoecos.com.ar\/#\/schema\/logo\/image\/\",\"url\":\"https:\/\/infoecos.com.ar\/wp-content\/uploads\/2024\/03\/cropped-logo.png\",\"contentUrl\":\"https:\/\/infoecos.com.ar\/wp-content\/uploads\/2024\/03\/cropped-logo.png\",\"width\":374,\"height\":90,\"caption\":\"Infoecos\"},\"image\":{\"@id\":\"https:\/\/infoecos.com.ar\/#\/schema\/logo\/image\/\"},\"sameAs\":[\"https:\/\/www.facebook.com\/profile.php?id=100063200290284\",\"https:\/\/x.com\/infoecos\"]},{\"@type\":\"Person\",\"@id\":\"https:\/\/infoecos.com.ar\/#\/schema\/person\/8f5ace5ce73b4b4aac4b7245aee6f191\",\"name\":\"Jorge Matheus\",\"url\":\"https:\/\/infoecos.com.ar\/index.php\/author\/jomatheus\/\"}]}<\/script>\n<!-- \/ Yoast SEO plugin. -->","yoast_head_json":{"title":"El intendente de Pellegrini anunci\u00f3 que no se presentar\u00e1 como candidato: \"es el final de un ciclo\" - Infoecos","robots":{"index":"index","follow":"follow","max-snippet":"max-snippet:-1","max-image-preview":"max-image-preview:large","max-video-preview":"max-video-preview:-1"},"canonical":"https:\/\/infoecos.com.ar\/index.php\/el-intendente-de-pellegrini-anuncio-que-no-se-presentara-como-candidato-es-el-final-de-un-ciclo\/","og_locale":"es_ES","og_type":"article","og_title":"El intendente de Pellegrini anunci\u00f3 que no se presentar\u00e1 como candidato: \"es el final de un ciclo\" - Infoecos","og_description":"En la red Facebook, en espacio donde se evidenciaba el sol a pleno, el mandatario comunal que est\u00e1 culminando su segundo mandato se\u00f1alaba que \"es el final de un ciclo que se inici\u00f3 en un mes de marzo hace varios a\u00f1os, cuando expres\u00e9 el deseo de involucrarme en la vida pol\u00edtica comunitaria\"","og_url":"https:\/\/infoecos.com.ar\/index.php\/el-intendente-de-pellegrini-anuncio-que-no-se-presentara-como-candidato-es-el-final-de-un-ciclo\/","og_site_name":"Infoecos","article_publisher":"https:\/\/www.facebook.com\/profile.php?id=100063200290284","article_published_time":"2023-03-13T21:54:31+00:00","article_modified_time":"2023-03-16T14:49:26+00:00","og_image":[{"width":620,"height":615,"url":"https:\/\/infoecos.com.ar\/wp-content\/uploads\/2023\/03\/336017959_233221019125660_7840431824785831107_n.jpg","type":"image\/jpeg"}],"author":"Jorge Matheus","twitter_card":"summary_large_image","twitter_creator":"@infoecos","twitter_site":"@infoecos","twitter_misc":{"Escrito por":"Jorge Matheus","Tiempo de lectura":"1 minuto"},"schema":{"@context":"https:\/\/schema.org","@graph":[{"@type":"Article","@id":"https:\/\/infoecos.com.ar\/index.php\/el-intendente-de-pellegrini-anuncio-que-no-se-presentara-como-candidato-es-el-final-de-un-ciclo\/#article","isPartOf":{"@id":"https:\/\/infoecos.com.ar\/index.php\/el-intendente-de-pellegrini-anuncio-que-no-se-presentara-como-candidato-es-el-final-de-un-ciclo\/"},"author":{"name":"Jorge Matheus","@id":"https:\/\/infoecos.com.ar\/#\/schema\/person\/8f5ace5ce73b4b4aac4b7245aee6f191"},"headline":"El intendente de Pellegrini anunci\u00f3 que no se presentar\u00e1 como candidato: \u00abes el final de un ciclo\u00bb","datePublished":"2023-03-13T21:54:31+00:00","dateModified":"2023-03-16T14:49:26+00:00","mainEntityOfPage":{"@id":"https:\/\/infoecos.com.ar\/index.php\/el-intendente-de-pellegrini-anuncio-que-no-se-presentara-como-candidato-es-el-final-de-un-ciclo\/"},"wordCount":197,"publisher":{"@id":"https:\/\/infoecos.com.ar\/#organization"},"image":{"@id":"https:\/\/infoecos.com.ar\/index.php\/el-intendente-de-pellegrini-anuncio-que-no-se-presentara-como-candidato-es-el-final-de-un-ciclo\/#primaryimage"},"thumbnailUrl":"https:\/\/infoecos.com.ar\/wp-content\/uploads\/2023\/03\/336017959_233221019125660_7840431824785831107_n.jpg","keywords":["POL\u00cdTICA REGIONAL"],"articleSection":["Bloque inferior - 1"],"inLanguage":"es"},{"@type":"WebPage","@id":"https:\/\/infoecos.com.ar\/index.php\/el-intendente-de-pellegrini-anuncio-que-no-se-presentara-como-candidato-es-el-final-de-un-ciclo\/","url":"https:\/\/infoecos.com.ar\/index.php\/el-intendente-de-pellegrini-anuncio-que-no-se-presentara-como-candidato-es-el-final-de-un-ciclo\/","name":"El intendente de Pellegrini anunci\u00f3 que no se presentar\u00e1 como candidato: \"es el final de un ciclo\" - Infoecos","isPartOf":{"@id":"https:\/\/infoecos.com.ar\/#website"},"primaryImageOfPage":{"@id":"https:\/\/infoecos.com.ar\/index.php\/el-intendente-de-pellegrini-anuncio-que-no-se-presentara-como-candidato-es-el-final-de-un-ciclo\/#primaryimage"},"image":{"@id":"https:\/\/infoecos.com.ar\/index.php\/el-intendente-de-pellegrini-anuncio-que-no-se-presentara-como-candidato-es-el-final-de-un-ciclo\/#primaryimage"},"thumbnailUrl":"https:\/\/infoecos.com.ar\/wp-content\/uploads\/2023\/03\/336017959_233221019125660_7840431824785831107_n.jpg","datePublished":"2023-03-13T21:54:31+00:00","dateModified":"2023-03-16T14:49:26+00:00","breadcrumb":{"@id":"https:\/\/infoecos.com.ar\/index.php\/el-intendente-de-pellegrini-anuncio-que-no-se-presentara-como-candidato-es-el-final-de-un-ciclo\/#breadcrumb"},"inLanguage":"es","potentialAction":[{"@type":"ReadAction","target":["https:\/\/infoecos.com.ar\/index.php\/el-intendente-de-pellegrini-anuncio-que-no-se-presentara-como-candidato-es-el-final-de-un-ciclo\/"]}]},{"@type":"ImageObject","inLanguage":"es","@id":"https:\/\/infoecos.com.ar\/index.php\/el-intendente-de-pellegrini-anuncio-que-no-se-presentara-como-candidato-es-el-final-de-un-ciclo\/#primaryimage","url":"https:\/\/infoecos.com.ar\/wp-content\/uploads\/2023\/03\/336017959_233221019125660_7840431824785831107_n.jpg","contentUrl":"https:\/\/infoecos.com.ar\/wp-content\/uploads\/2023\/03\/336017959_233221019125660_7840431824785831107_n.jpg","width":620,"height":615},{"@type":"BreadcrumbList","@id":"https:\/\/infoecos.com.ar\/index.php\/el-intendente-de-pellegrini-anuncio-que-no-se-presentara-como-candidato-es-el-final-de-un-ciclo\/#breadcrumb","itemListElement":[{"@type":"ListItem","position":1,"name":"Portada","item":"https:\/\/infoecos.com.ar\/"},{"@type":"ListItem","position":2,"name":"El intendente de Pellegrini anunci\u00f3 que no se presentar\u00e1 como candidato: \u00abes el final de un ciclo\u00bb"}]},{"@type":"WebSite","@id":"https:\/\/infoecos.com.ar\/#website","url":"https:\/\/infoecos.com.ar\/","name":"Infoecos","description":"Noticias de trenque lauquen y la zona","publisher":{"@id":"https:\/\/infoecos.com.ar\/#organization"},"alternateName":"Noticias","potentialAction":[{"@type":"SearchAction","target":{"@type":"EntryPoint","urlTemplate":"https:\/\/infoecos.com.ar\/?s={search_term_string}"},"query-input":{"@type":"PropertyValueSpecification","valueRequired":true,"valueName":"search_term_string"}}],"inLanguage":"es"},{"@type":"Organization","@id":"https:\/\/infoecos.com.ar\/#organization","name":"Infoecos","alternateName":"Noticias","url":"https:\/\/infoecos.com.ar\/","logo":{"@type":"ImageObject","inLanguage":"es","@id":"https:\/\/infoecos.com.ar\/#\/schema\/logo\/image\/","url":"https:\/\/infoecos.com.ar\/wp-content\/uploads\/2024\/03\/cropped-logo.png","contentUrl":"https:\/\/infoecos.com.ar\/wp-content\/uploads\/2024\/03\/cropped-logo.png","width":374,"height":90,"caption":"Infoecos"},"image":{"@id":"https:\/\/infoecos.com.ar\/#\/schema\/logo\/image\/"},"sameAs":["https:\/\/www.facebook.com\/profile.php?id=100063200290284","https:\/\/x.com\/infoecos"]},{"@type":"Person","@id":"https:\/\/infoecos.com.ar\/#\/schema\/person\/8f5ace5ce73b4b4aac4b7245aee6f191","name":"Jorge Matheus","url":"https:\/\/infoecos.com.ar\/index.php\/author\/jomatheus\/"}]}},"featured_image_urls":{"full":["https:\/\/infoecos.com.ar\/wp-content\/uploads\/2023\/03\/336017959_233221019125660_7840431824785831107_n.jpg",620,615,false],"thumbnail":["https:\/\/infoecos.com.ar\/wp-content\/uploads\/2023\/03\/336017959_233221019125660_7840431824785831107_n-300x150.jpg",300,150,true],"medium":["https:\/\/infoecos.com.ar\/wp-content\/uploads\/2023\/03\/336017959_233221019125660_7840431824785831107_n.jpg",620,615,false],"medium_large":["https:\/\/infoecos.com.ar\/wp-content\/uploads\/2023\/03\/336017959_233221019125660_7840431824785831107_n.jpg",620,615,false],"large":["https:\/\/infoecos.com.ar\/wp-content\/uploads\/2023\/03\/336017959_233221019125660_7840431824785831107_n.jpg",620,615,false],"1536x1536":["https:\/\/infoecos.com.ar\/wp-content\/uploads\/2023\/03\/336017959_233221019125660_7840431824785831107_n.jpg",620,615,false],"2048x2048":["https:\/\/infoecos.com.ar\/wp-content\/uploads\/2023\/03\/336017959_233221019125660_7840431824785831107_n.jpg",620,615,false],"covernews-slider-full":["https:\/\/infoecos.com.ar\/wp-content\/uploads\/2023\/03\/336017959_233221019125660_7840431824785831107_n.jpg",620,615,false],"covernews-slider-center":["https:\/\/infoecos.com.ar\/wp-content\/uploads\/2023\/03\/336017959_233221019125660_7840431824785831107_n.jpg",504,500,false],"covernews-featured":["https:\/\/infoecos.com.ar\/wp-content\/uploads\/2023\/03\/336017959_233221019125660_7840431824785831107_n.jpg",620,615,false],"covernews-medium":["https:\/\/infoecos.com.ar\/wp-content\/uploads\/2023\/03\/336017959_233221019125660_7840431824785831107_n-620x380.jpg",540,331,true],"covernews-medium-square":["https:\/\/infoecos.com.ar\/wp-content\/uploads\/2023\/03\/336017959_233221019125660_7840431824785831107_n-620x450.jpg",344,250,true]},"author_info":{"info":["Jorge Matheus"]},"category_info":"<a href=\"https:\/\/infoecos.com.ar\/index.php\/category\/inferior1\/\" rel=\"category tag\">Bloque inferior - 1<\/a>","tag_info":"Bloque inferior - 1","comment_count":"0","_links":{"self":[{"href":"https:\/\/infoecos.com.ar\/index.php\/wp-json\/wp\/v2\/posts\/102818"}],"collection":[{"href":"https:\/\/infoecos.com.ar\/index.php\/wp-json\/wp\/v2\/posts"}],"about":[{"href":"https:\/\/infoecos.com.ar\/index.php\/wp-json\/wp\/v2\/types\/post"}],"author":[{"embeddable":true,"href":"https:\/\/infoecos.com.ar\/index.php\/wp-json\/wp\/v2\/users\/2"}],"replies":[{"embeddable":true,"href":"https:\/\/infoecos.com.ar\/index.php\/wp-json\/wp\/v2\/comments?post=102818"}],"version-history":[{"count":1,"href":"https:\/\/infoecos.com.ar\/index.php\/wp-json\/wp\/v2\/posts\/102818\/revisions"}],"predecessor-version":[{"id":102820,"href":"https:\/\/infoecos.com.ar\/index.php\/wp-json\/wp\/v2\/posts\/102818\/revisions\/102820"}],"wp:featuredmedia":[{"embeddable":true,"href":"https:\/\/infoecos.com.ar\/index.php\/wp-json\/wp\/v2\/media\/102819"}],"wp:attachment":[{"href":"https:\/\/infoecos.com.ar\/index.php\/wp-json\/wp\/v2\/media?parent=102818"}],"wp:term":[{"taxonomy":"category","embeddable":true,"href":"https:\/\/infoecos.com.ar\/index.php\/wp-json\/wp\/v2\/categories?post=102818"},{"taxonomy":"post_tag","embeddable":true,"href":"https:\/\/infoecos.com.ar\/index.php\/wp-json\/wp\/v2\/tags?post=102818"}],"curies":[{"name":"wp","href":"https:\/\/api.w.org\/{rel}","templated":true}]}}