{"id":102828,"date":"2023-03-14T00:36:46","date_gmt":"2023-03-14T03:36:46","guid":{"rendered":"https:\/\/infoecos.com.ar\/?p=102828"},"modified":"2023-03-14T18:53:55","modified_gmt":"2023-03-14T21:53:55","slug":"nace-en-la-ciudad-de-ulm-alemania-el-fisico-aleman-albert-einstein","status":"publish","type":"post","link":"https:\/\/infoecos.com.ar\/index.php\/nace-en-la-ciudad-de-ulm-alemania-el-fisico-aleman-albert-einstein\/","title":{"rendered":"Nace en la ciudad de Ulm (Alemania) el f\u00edsico alem\u00e1n Albert Einstein"},"content":{"rendered":"\n<figure class=\"wp-block-image aligncenter size-full is-resized\"><img loading=\"lazy\" decoding=\"async\" src=\"https:\/\/infoecos.com.ar\/wp-content\/uploads\/2023\/03\/image-44.png\" alt=\"\" class=\"wp-image-102829\" width=\"503\" height=\"377\"\/><\/figure>\n\n\n\n<ul class=\"wp-block-list\">\n<li><strong>1877<\/strong>&nbsp;&#8211;&nbsp;<strong>JUAN M. DE ROSAS<\/strong>. A la edad de 83 a\u00f1os muere en el exilio en la ciudad inglesa de Southampton el militar y pol\u00edtico Juan Manuel de Rosas, dos veces gobernador de la provincia de Buenos Aires y caudillo de la Confederaci\u00f3n Argentina.<\/li>\n\n\n\n<li><\/li>\n\n\n\n<li><strong>1879<\/strong>&nbsp;&#8211;&nbsp;<strong>ALBERT EINSTEIN<\/strong>. Nace en la ciudad de Ulm (Alemania) el f\u00edsico alem\u00e1n Albert Einstein, considerado el cient\u00edfico m\u00e1s importante, conocido y popular del siglo XX. Desarroll\u00f3 la Teor\u00eda de la relatividad y la ecuaci\u00f3n f\u00edsica E = mc2 de equivalencia entre la masa y la energ\u00eda.<\/li>\n\n\n\n<li><\/li>\n\n\n\n<li><strong>1883<\/strong>&nbsp;&#8211;&nbsp;<strong>KARL MARX.<\/strong>&nbsp;Muere en Londres, a la edad de 64 a\u00f1os, el fil\u00f3sofo, economista y periodista alem\u00e1n Karl Heinrich Marx, padre del socialismo cient\u00edfico, el comunismo moderno y el materialismo hist\u00f3rico junto a su colega y amigo Fiedrich Engels. Las obras de Marx m\u00e1s conocidas son el Manifiesto del Partido Comunista, en coautor\u00eda con Engels, y El capital.<\/li>\n\n\n\n<li><\/li>\n\n\n\n<li><strong>1922<\/strong>&nbsp;&#8211;&nbsp;<strong>CHINA ZORRILLA.<\/strong>&nbsp;Nace en Montevideo la actriz, comediante y directora uruguaya China Zorrilla (Concepci\u00f3n Matilde Zorrilla de San Mart\u00edn Mu\u00f1oz), una de las artistas m\u00e1s populares en Argentina y Uruguay. El gobierno de Francia la condecor\u00f3 con la Legi\u00f3n de Honor en el grado de caballero. Adem\u00e1s recibi\u00f3 la Orden al M\u00e9rito Docente y Cultural Gabriela Mistral de Chile y el Gobierno uruguayo la homenaje\u00f3 con un sello de correo.<\/li>\n\n\n\n<li><\/li>\n\n\n\n<li><strong>2015<\/strong>&nbsp;&#8211;&nbsp;<strong>ANA M. GIUNTA<\/strong>. Fallece en Buenos Aires, a la edad de 72 a\u00f1os, la actriz y dramaturga Ana Mar\u00eda Giunta, ganadora de un premio C\u00f3ndor de Plata por su labor en el filme La pel\u00edcula del rey y Personalidad Destacada de la Cultura. Fue una gran defensora de los derechos de la mujer y del matrimonio igualitario.<\/li>\n\n\n\n<li><\/li>\n\n\n\n<li><strong>2018<\/strong>&nbsp;&#8211;&nbsp;<strong>STEPHEN HAWKING<\/strong>. A la edad de 76 a\u00f1os muere en la ciudad inglesa de Cambridge el f\u00edsico, astrof\u00edsico y divulgador cient\u00edfico brit\u00e1nico Stephen Hawking, una de las figuras m\u00e1s influyentes en el mundo de la ciencia. Es el autor del libro Breve historia del tiempo: del Big Bang a los agujeros negros (1988), que estuvo en la lista de bestsellers del The Sunday Times brit\u00e1nico durante 237 semanas.<\/li>\n\n\n\n<li><\/li>\n\n\n\n<li><strong>2018<\/strong>&nbsp;&#8211;&nbsp;<strong>EMILIO DISI<\/strong>. A la edad de 85 a\u00f1os muere en Buenos Aires el actor, humorista y director teatral Emilio Disi (Emilio Roberto Parada), de gran trayectoria en cine, teatro y televisi\u00f3n durante las d\u00e9cadas de 1980 y 1990.<\/li>\n\n\n\n<li><\/li>\n\n\n\n<li><strong>2023<\/strong>&nbsp;&#8211;<strong>&nbsp;D\u00cdA DEL N\u00daMERO PI.<\/strong>&nbsp;Desde 2009 se celebra el D\u00eda del N\u00famero Pi por iniciativa del f\u00edsico estadounidense Larry Shaw, que lo estableci\u00f3 por la similitud de la fecha 3\/14 con el valor de la constante matem\u00e1tica 3,1416.<\/li>\n\n\n\n<li><\/li>\n\n\n\n<li><strong>2023<\/strong>&nbsp;&#8211;&nbsp;<strong>ESCUELAS DE FRONTERA<\/strong>. Se celebra el D\u00eda Nacional de las Escuelas de Frontera en conmemoraci\u00f3n de la fecha de 1972 en la que se promulg\u00f3 la ley 19.524 para proteger, organizar y brindar los materiales y condiciones \u00f3ptimas para el desarrollo de la educaci\u00f3n en zonas fronterizas.<\/li>\n\n\n\n<li><\/li>\n\n\n\n<li><strong>2023<\/strong>&nbsp;&#8211;&nbsp;<strong>D\u00cdA DE LA ENDOMETRIOSIS.<\/strong>&nbsp;Se celebra el D\u00eda Mundial de la Endometriosis para concientizar sobre esa enfermedad que afecta al \u00fatero femenino y puede causar infertilidad. La Organizaci\u00f3n Mundial de la Salud calcula que unos 170 millones de mujeres sufren esa enfermedad.<\/li>\n<\/ul>\n","protected":false},"excerpt":{"rendered":"<p> A la edad de 83 a\u00f1os muere en el exilio en la ciudad inglesa de Southampton el militar y pol\u00edtico Juan Manuel de Rosas, dos veces gobernador de la provincia de Buenos Aires y caudillo de la Confederaci\u00f3n Argentina<\/p>\n","protected":false},"author":2,"featured_media":102829,"comment_status":"closed","ping_status":"open","sticky":false,"template":"","format":"standard","meta":{"footnotes":""},"categories":[41],"tags":[4812],"class_list":["post-102828","post","type-post","status-publish","format-standard","has-post-thumbnail","hentry","category-inferior2","tag-efemerides-infoecos-2"],"yoast_head":"<!-- This site is optimized with the Yoast SEO plugin v23.4 - https:\/\/yoast.com\/wordpress\/plugins\/seo\/ -->\n<title>Nace en la ciudad de Ulm (Alemania) el f\u00edsico alem\u00e1n Albert Einstein - Infoecos<\/title>\n<meta name=\"robots\" content=\"index, follow, max-snippet:-1, max-image-preview:large, max-video-preview:-1\" \/>\n<link rel=\"canonical\" href=\"https:\/\/infoecos.com.ar\/index.php\/nace-en-la-ciudad-de-ulm-alemania-el-fisico-aleman-albert-einstein\/\" \/>\n<meta property=\"og:locale\" content=\"es_ES\" \/>\n<meta property=\"og:type\" content=\"article\" \/>\n<meta property=\"og:title\" content=\"Nace en la ciudad de Ulm (Alemania) el f\u00edsico alem\u00e1n Albert Einstein - Infoecos\" \/>\n<meta property=\"og:description\" content=\"A la edad de 83 a\u00f1os muere en el exilio en la ciudad inglesa de Southampton el militar y pol\u00edtico Juan Manuel de Rosas, dos veces gobernador de la provincia de Buenos Aires y caudillo de la Confederaci\u00f3n Argentina\" \/>\n<meta property=\"og:url\" content=\"https:\/\/infoecos.com.ar\/index.php\/nace-en-la-ciudad-de-ulm-alemania-el-fisico-aleman-albert-einstein\/\" \/>\n<meta property=\"og:site_name\" content=\"Infoecos\" \/>\n<meta property=\"article:publisher\" content=\"https:\/\/www.facebook.com\/profile.php?id=100063200290284\" \/>\n<meta property=\"article:published_time\" content=\"2023-03-14T03:36:46+00:00\" \/>\n<meta property=\"article:modified_time\" content=\"2023-03-14T21:53:55+00:00\" \/>\n<meta property=\"og:image\" content=\"https:\/\/infoecos.com.ar\/wp-content\/uploads\/2023\/03\/image-44.png\" \/>\n\t<meta property=\"og:image:width\" content=\"259\" \/>\n\t<meta property=\"og:image:height\" content=\"194\" \/>\n\t<meta property=\"og:image:type\" content=\"image\/png\" \/>\n<meta name=\"author\" content=\"Jorge Matheus\" \/>\n<meta name=\"twitter:card\" content=\"summary_large_image\" \/>\n<meta name=\"twitter:creator\" content=\"@infoecos\" \/>\n<meta name=\"twitter:site\" content=\"@infoecos\" \/>\n<meta name=\"twitter:label1\" content=\"Escrito por\" \/>\n\t<meta name=\"twitter:data1\" content=\"Jorge Matheus\" \/>\n\t<meta name=\"twitter:label2\" content=\"Tiempo de lectura\" \/>\n\t<meta name=\"twitter:data2\" content=\"3 minutos\" \/>\n<script type=\"application\/ld+json\" class=\"yoast-schema-graph\">{\"@context\":\"https:\/\/schema.org\",\"@graph\":[{\"@type\":\"Article\",\"@id\":\"https:\/\/infoecos.com.ar\/index.php\/nace-en-la-ciudad-de-ulm-alemania-el-fisico-aleman-albert-einstein\/#article\",\"isPartOf\":{\"@id\":\"https:\/\/infoecos.com.ar\/index.php\/nace-en-la-ciudad-de-ulm-alemania-el-fisico-aleman-albert-einstein\/\"},\"author\":{\"name\":\"Jorge Matheus\",\"@id\":\"https:\/\/infoecos.com.ar\/#\/schema\/person\/8f5ace5ce73b4b4aac4b7245aee6f191\"},\"headline\":\"Nace en la ciudad de Ulm (Alemania) el f\u00edsico alem\u00e1n Albert Einstein\",\"datePublished\":\"2023-03-14T03:36:46+00:00\",\"dateModified\":\"2023-03-14T21:53:55+00:00\",\"mainEntityOfPage\":{\"@id\":\"https:\/\/infoecos.com.ar\/index.php\/nace-en-la-ciudad-de-ulm-alemania-el-fisico-aleman-albert-einstein\/\"},\"wordCount\":590,\"publisher\":{\"@id\":\"https:\/\/infoecos.com.ar\/#organization\"},\"image\":{\"@id\":\"https:\/\/infoecos.com.ar\/index.php\/nace-en-la-ciudad-de-ulm-alemania-el-fisico-aleman-albert-einstein\/#primaryimage\"},\"thumbnailUrl\":\"https:\/\/infoecos.com.ar\/wp-content\/uploads\/2023\/03\/image-44.png\",\"keywords\":[\"EFEM\u00c9RIDES INFOECOS\"],\"articleSection\":[\"Bloque inferior - 2\"],\"inLanguage\":\"es\"},{\"@type\":\"WebPage\",\"@id\":\"https:\/\/infoecos.com.ar\/index.php\/nace-en-la-ciudad-de-ulm-alemania-el-fisico-aleman-albert-einstein\/\",\"url\":\"https:\/\/infoecos.com.ar\/index.php\/nace-en-la-ciudad-de-ulm-alemania-el-fisico-aleman-albert-einstein\/\",\"name\":\"Nace en la ciudad de Ulm (Alemania) el f\u00edsico alem\u00e1n Albert Einstein - Infoecos\",\"isPartOf\":{\"@id\":\"https:\/\/infoecos.com.ar\/#website\"},\"primaryImageOfPage\":{\"@id\":\"https:\/\/infoecos.com.ar\/index.php\/nace-en-la-ciudad-de-ulm-alemania-el-fisico-aleman-albert-einstein\/#primaryimage\"},\"image\":{\"@id\":\"https:\/\/infoecos.com.ar\/index.php\/nace-en-la-ciudad-de-ulm-alemania-el-fisico-aleman-albert-einstein\/#primaryimage\"},\"thumbnailUrl\":\"https:\/\/infoecos.com.ar\/wp-content\/uploads\/2023\/03\/image-44.png\",\"datePublished\":\"2023-03-14T03:36:46+00:00\",\"dateModified\":\"2023-03-14T21:53:55+00:00\",\"breadcrumb\":{\"@id\":\"https:\/\/infoecos.com.ar\/index.php\/nace-en-la-ciudad-de-ulm-alemania-el-fisico-aleman-albert-einstein\/#breadcrumb\"},\"inLanguage\":\"es\",\"potentialAction\":[{\"@type\":\"ReadAction\",\"target\":[\"https:\/\/infoecos.com.ar\/index.php\/nace-en-la-ciudad-de-ulm-alemania-el-fisico-aleman-albert-einstein\/\"]}]},{\"@type\":\"ImageObject\",\"inLanguage\":\"es\",\"@id\":\"https:\/\/infoecos.com.ar\/index.php\/nace-en-la-ciudad-de-ulm-alemania-el-fisico-aleman-albert-einstein\/#primaryimage\",\"url\":\"https:\/\/infoecos.com.ar\/wp-content\/uploads\/2023\/03\/image-44.png\",\"contentUrl\":\"https:\/\/infoecos.com.ar\/wp-content\/uploads\/2023\/03\/image-44.png\",\"width\":259,\"height\":194},{\"@type\":\"BreadcrumbList\",\"@id\":\"https:\/\/infoecos.com.ar\/index.php\/nace-en-la-ciudad-de-ulm-alemania-el-fisico-aleman-albert-einstein\/#breadcrumb\",\"itemListElement\":[{\"@type\":\"ListItem\",\"position\":1,\"name\":\"Portada\",\"item\":\"https:\/\/infoecos.com.ar\/\"},{\"@type\":\"ListItem\",\"position\":2,\"name\":\"Nace en la ciudad de Ulm (Alemania) el f\u00edsico alem\u00e1n Albert Einstein\"}]},{\"@type\":\"WebSite\",\"@id\":\"https:\/\/infoecos.com.ar\/#website\",\"url\":\"https:\/\/infoecos.com.ar\/\",\"name\":\"Infoecos\",\"description\":\"Noticias de trenque lauquen y la zona\",\"publisher\":{\"@id\":\"https:\/\/infoecos.com.ar\/#organization\"},\"alternateName\":\"Noticias\",\"potentialAction\":[{\"@type\":\"SearchAction\",\"target\":{\"@type\":\"EntryPoint\",\"urlTemplate\":\"https:\/\/infoecos.com.ar\/?s={search_term_string}\"},\"query-input\":{\"@type\":\"PropertyValueSpecification\",\"valueRequired\":true,\"valueName\":\"search_term_string\"}}],\"inLanguage\":\"es\"},{\"@type\":\"Organization\",\"@id\":\"https:\/\/infoecos.com.ar\/#organization\",\"name\":\"Infoecos\",\"alternateName\":\"Noticias\",\"url\":\"https:\/\/infoecos.com.ar\/\",\"logo\":{\"@type\":\"ImageObject\",\"inLanguage\":\"es\",\"@id\":\"https:\/\/infoecos.com.ar\/#\/schema\/logo\/image\/\",\"url\":\"https:\/\/infoecos.com.ar\/wp-content\/uploads\/2024\/03\/cropped-logo.png\",\"contentUrl\":\"https:\/\/infoecos.com.ar\/wp-content\/uploads\/2024\/03\/cropped-logo.png\",\"width\":374,\"height\":90,\"caption\":\"Infoecos\"},\"image\":{\"@id\":\"https:\/\/infoecos.com.ar\/#\/schema\/logo\/image\/\"},\"sameAs\":[\"https:\/\/www.facebook.com\/profile.php?id=100063200290284\",\"https:\/\/x.com\/infoecos\"]},{\"@type\":\"Person\",\"@id\":\"https:\/\/infoecos.com.ar\/#\/schema\/person\/8f5ace5ce73b4b4aac4b7245aee6f191\",\"name\":\"Jorge Matheus\",\"url\":\"https:\/\/infoecos.com.ar\/index.php\/author\/jomatheus\/\"}]}<\/script>\n<!-- \/ Yoast SEO plugin. -->","yoast_head_json":{"title":"Nace en la ciudad de Ulm (Alemania) el f\u00edsico alem\u00e1n Albert Einstein - Infoecos","robots":{"index":"index","follow":"follow","max-snippet":"max-snippet:-1","max-image-preview":"max-image-preview:large","max-video-preview":"max-video-preview:-1"},"canonical":"https:\/\/infoecos.com.ar\/index.php\/nace-en-la-ciudad-de-ulm-alemania-el-fisico-aleman-albert-einstein\/","og_locale":"es_ES","og_type":"article","og_title":"Nace en la ciudad de Ulm (Alemania) el f\u00edsico alem\u00e1n Albert Einstein - Infoecos","og_description":"A la edad de 83 a\u00f1os muere en el exilio en la ciudad inglesa de Southampton el militar y pol\u00edtico Juan Manuel de Rosas, dos veces gobernador de la provincia de Buenos Aires y caudillo de la Confederaci\u00f3n Argentina","og_url":"https:\/\/infoecos.com.ar\/index.php\/nace-en-la-ciudad-de-ulm-alemania-el-fisico-aleman-albert-einstein\/","og_site_name":"Infoecos","article_publisher":"https:\/\/www.facebook.com\/profile.php?id=100063200290284","article_published_time":"2023-03-14T03:36:46+00:00","article_modified_time":"2023-03-14T21:53:55+00:00","og_image":[{"width":259,"height":194,"url":"https:\/\/infoecos.com.ar\/wp-content\/uploads\/2023\/03\/image-44.png","type":"image\/png"}],"author":"Jorge Matheus","twitter_card":"summary_large_image","twitter_creator":"@infoecos","twitter_site":"@infoecos","twitter_misc":{"Escrito por":"Jorge Matheus","Tiempo de lectura":"3 minutos"},"schema":{"@context":"https:\/\/schema.org","@graph":[{"@type":"Article","@id":"https:\/\/infoecos.com.ar\/index.php\/nace-en-la-ciudad-de-ulm-alemania-el-fisico-aleman-albert-einstein\/#article","isPartOf":{"@id":"https:\/\/infoecos.com.ar\/index.php\/nace-en-la-ciudad-de-ulm-alemania-el-fisico-aleman-albert-einstein\/"},"author":{"name":"Jorge Matheus","@id":"https:\/\/infoecos.com.ar\/#\/schema\/person\/8f5ace5ce73b4b4aac4b7245aee6f191"},"headline":"Nace en la ciudad de Ulm (Alemania) el f\u00edsico alem\u00e1n Albert Einstein","datePublished":"2023-03-14T03:36:46+00:00","dateModified":"2023-03-14T21:53:55+00:00","mainEntityOfPage":{"@id":"https:\/\/infoecos.com.ar\/index.php\/nace-en-la-ciudad-de-ulm-alemania-el-fisico-aleman-albert-einstein\/"},"wordCount":590,"publisher":{"@id":"https:\/\/infoecos.com.ar\/#organization"},"image":{"@id":"https:\/\/infoecos.com.ar\/index.php\/nace-en-la-ciudad-de-ulm-alemania-el-fisico-aleman-albert-einstein\/#primaryimage"},"thumbnailUrl":"https:\/\/infoecos.com.ar\/wp-content\/uploads\/2023\/03\/image-44.png","keywords":["EFEM\u00c9RIDES INFOECOS"],"articleSection":["Bloque inferior - 2"],"inLanguage":"es"},{"@type":"WebPage","@id":"https:\/\/infoecos.com.ar\/index.php\/nace-en-la-ciudad-de-ulm-alemania-el-fisico-aleman-albert-einstein\/","url":"https:\/\/infoecos.com.ar\/index.php\/nace-en-la-ciudad-de-ulm-alemania-el-fisico-aleman-albert-einstein\/","name":"Nace en la ciudad de Ulm (Alemania) el f\u00edsico alem\u00e1n Albert Einstein - Infoecos","isPartOf":{"@id":"https:\/\/infoecos.com.ar\/#website"},"primaryImageOfPage":{"@id":"https:\/\/infoecos.com.ar\/index.php\/nace-en-la-ciudad-de-ulm-alemania-el-fisico-aleman-albert-einstein\/#primaryimage"},"image":{"@id":"https:\/\/infoecos.com.ar\/index.php\/nace-en-la-ciudad-de-ulm-alemania-el-fisico-aleman-albert-einstein\/#primaryimage"},"thumbnailUrl":"https:\/\/infoecos.com.ar\/wp-content\/uploads\/2023\/03\/image-44.png","datePublished":"2023-03-14T03:36:46+00:00","dateModified":"2023-03-14T21:53:55+00:00","breadcrumb":{"@id":"https:\/\/infoecos.com.ar\/index.php\/nace-en-la-ciudad-de-ulm-alemania-el-fisico-aleman-albert-einstein\/#breadcrumb"},"inLanguage":"es","potentialAction":[{"@type":"ReadAction","target":["https:\/\/infoecos.com.ar\/index.php\/nace-en-la-ciudad-de-ulm-alemania-el-fisico-aleman-albert-einstein\/"]}]},{"@type":"ImageObject","inLanguage":"es","@id":"https:\/\/infoecos.com.ar\/index.php\/nace-en-la-ciudad-de-ulm-alemania-el-fisico-aleman-albert-einstein\/#primaryimage","url":"https:\/\/infoecos.com.ar\/wp-content\/uploads\/2023\/03\/image-44.png","contentUrl":"https:\/\/infoecos.com.ar\/wp-content\/uploads\/2023\/03\/image-44.png","width":259,"height":194},{"@type":"BreadcrumbList","@id":"https:\/\/infoecos.com.ar\/index.php\/nace-en-la-ciudad-de-ulm-alemania-el-fisico-aleman-albert-einstein\/#breadcrumb","itemListElement":[{"@type":"ListItem","position":1,"name":"Portada","item":"https:\/\/infoecos.com.ar\/"},{"@type":"ListItem","position":2,"name":"Nace en la ciudad de Ulm (Alemania) el f\u00edsico alem\u00e1n Albert Einstein"}]},{"@type":"WebSite","@id":"https:\/\/infoecos.com.ar\/#website","url":"https:\/\/infoecos.com.ar\/","name":"Infoecos","description":"Noticias de trenque lauquen y la zona","publisher":{"@id":"https:\/\/infoecos.com.ar\/#organization"},"alternateName":"Noticias","potentialAction":[{"@type":"SearchAction","target":{"@type":"EntryPoint","urlTemplate":"https:\/\/infoecos.com.ar\/?s={search_term_string}"},"query-input":{"@type":"PropertyValueSpecification","valueRequired":true,"valueName":"search_term_string"}}],"inLanguage":"es"},{"@type":"Organization","@id":"https:\/\/infoecos.com.ar\/#organization","name":"Infoecos","alternateName":"Noticias","url":"https:\/\/infoecos.com.ar\/","logo":{"@type":"ImageObject","inLanguage":"es","@id":"https:\/\/infoecos.com.ar\/#\/schema\/logo\/image\/","url":"https:\/\/infoecos.com.ar\/wp-content\/uploads\/2024\/03\/cropped-logo.png","contentUrl":"https:\/\/infoecos.com.ar\/wp-content\/uploads\/2024\/03\/cropped-logo.png","width":374,"height":90,"caption":"Infoecos"},"image":{"@id":"https:\/\/infoecos.com.ar\/#\/schema\/logo\/image\/"},"sameAs":["https:\/\/www.facebook.com\/profile.php?id=100063200290284","https:\/\/x.com\/infoecos"]},{"@type":"Person","@id":"https:\/\/infoecos.com.ar\/#\/schema\/person\/8f5ace5ce73b4b4aac4b7245aee6f191","name":"Jorge Matheus","url":"https:\/\/infoecos.com.ar\/index.php\/author\/jomatheus\/"}]}},"featured_image_urls":{"full":["https:\/\/infoecos.com.ar\/wp-content\/uploads\/2023\/03\/image-44.png",259,194,false],"thumbnail":["https:\/\/infoecos.com.ar\/wp-content\/uploads\/2023\/03\/image-44-259x150.png",259,150,true],"medium":["https:\/\/infoecos.com.ar\/wp-content\/uploads\/2023\/03\/image-44.png",259,194,false],"medium_large":["https:\/\/infoecos.com.ar\/wp-content\/uploads\/2023\/03\/image-44.png",259,194,false],"large":["https:\/\/infoecos.com.ar\/wp-content\/uploads\/2023\/03\/image-44.png",259,194,false],"1536x1536":["https:\/\/infoecos.com.ar\/wp-content\/uploads\/2023\/03\/image-44.png",259,194,false],"2048x2048":["https:\/\/infoecos.com.ar\/wp-content\/uploads\/2023\/03\/image-44.png",259,194,false],"covernews-slider-full":["https:\/\/infoecos.com.ar\/wp-content\/uploads\/2023\/03\/image-44.png",259,194,false],"covernews-slider-center":["https:\/\/infoecos.com.ar\/wp-content\/uploads\/2023\/03\/image-44.png",259,194,false],"covernews-featured":["https:\/\/infoecos.com.ar\/wp-content\/uploads\/2023\/03\/image-44.png",259,194,false],"covernews-medium":["https:\/\/infoecos.com.ar\/wp-content\/uploads\/2023\/03\/image-44.png",259,194,false],"covernews-medium-square":["https:\/\/infoecos.com.ar\/wp-content\/uploads\/2023\/03\/image-44.png",259,194,false]},"author_info":{"info":["Jorge Matheus"]},"category_info":"<a href=\"https:\/\/infoecos.com.ar\/index.php\/category\/inferior2\/\" rel=\"category tag\">Bloque inferior - 2<\/a>","tag_info":"Bloque inferior - 2","comment_count":"0","_links":{"self":[{"href":"https:\/\/infoecos.com.ar\/index.php\/wp-json\/wp\/v2\/posts\/102828"}],"collection":[{"href":"https:\/\/infoecos.com.ar\/index.php\/wp-json\/wp\/v2\/posts"}],"about":[{"href":"https:\/\/infoecos.com.ar\/index.php\/wp-json\/wp\/v2\/types\/post"}],"author":[{"embeddable":true,"href":"https:\/\/infoecos.com.ar\/index.php\/wp-json\/wp\/v2\/users\/2"}],"replies":[{"embeddable":true,"href":"https:\/\/infoecos.com.ar\/index.php\/wp-json\/wp\/v2\/comments?post=102828"}],"version-history":[{"count":2,"href":"https:\/\/infoecos.com.ar\/index.php\/wp-json\/wp\/v2\/posts\/102828\/revisions"}],"predecessor-version":[{"id":102869,"href":"https:\/\/infoecos.com.ar\/index.php\/wp-json\/wp\/v2\/posts\/102828\/revisions\/102869"}],"wp:featuredmedia":[{"embeddable":true,"href":"https:\/\/infoecos.com.ar\/index.php\/wp-json\/wp\/v2\/media\/102829"}],"wp:attachment":[{"href":"https:\/\/infoecos.com.ar\/index.php\/wp-json\/wp\/v2\/media?parent=102828"}],"wp:term":[{"taxonomy":"category","embeddable":true,"href":"https:\/\/infoecos.com.ar\/index.php\/wp-json\/wp\/v2\/categories?post=102828"},{"taxonomy":"post_tag","embeddable":true,"href":"https:\/\/infoecos.com.ar\/index.php\/wp-json\/wp\/v2\/tags?post=102828"}],"curies":[{"name":"wp","href":"https:\/\/api.w.org\/{rel}","templated":true}]}}