{"id":102842,"date":"2023-03-14T01:43:25","date_gmt":"2023-03-14T04:43:25","guid":{"rendered":"https:\/\/infoecos.com.ar\/?p=102842"},"modified":"2023-03-14T02:19:50","modified_gmt":"2023-03-14T05:19:50","slug":"acciones-de-la-policia-de-trenque-lauquen-tres-personas-en-estado-de-ebriedad-y-dos-autos-secuestrados","status":"publish","type":"post","link":"https:\/\/infoecos.com.ar\/index.php\/acciones-de-la-policia-de-trenque-lauquen-tres-personas-en-estado-de-ebriedad-y-dos-autos-secuestrados\/","title":{"rendered":"Acciones de la Polic\u00eda de Trenque Lauquen: tres personas detenidas en estado de ebriedad y dos autos secuestrados"},"content":{"rendered":"\n<p><strong>Mujer en estado de ebriedad<\/strong><\/p>\n\n\n\n<p>Personal policial de Trenque Lauquen detuvo, el pasado 11 del corriente, a una mujer de 35 a\u00f1os que ocasionaba disturbios en la v\u00eda p\u00fablica, en estado de ebriedad.<\/p>\n\n\n\n<p>Se indic\u00f3 desde la comisar\u00eda primera que se  iniciaron actuaciones caratuladas Infraccion Articulos 72 y 74 Decreto Ley 8031\/73. <\/p>\n\n\n\n<p>Interviene el Juzgado Correccional N\u00ba2 Departamental.<\/p>\n\n\n\n<p><strong>Hombre en estado de ebriedad<\/strong><\/p>\n\n\n\n<p>El mismo d\u00eda se detuvo, por id\u00e9ntica raz\u00f3n, a un hombre de 27 a\u00f1os.  <\/p>\n\n\n\n<p><strong>Secuestran dos autom\u00f3viles por infracci\u00f3n a la Ley de Tr\u00e1nsito<\/strong><\/p>\n\n\n\n<p>El pasado 12 del corriente se procedi\u00f3 al secuestro de dos autom\u00f3viles. Uno marca Volkswagen y el otro marca Toyota, por Infracci\u00f3n Articulos 48 Inc. A y Art. 40 Inc. C, Ley Nacional de transito 24449 .<\/p>\n\n\n\n<p>En este caso tom\u00f3 intervenci\u00f3n el Juzgado de Faltas Municipal de Trenque Lauquen. <\/p>\n\n\n\n<p><strong>Otra persona en estado de ebriedad<\/strong><\/p>\n\n\n\n<p>El mismo d\u00eda se detuvo a un hombre de 42 a\u00f1os de edad quien se hallaba en estado de ebriedad ocasionando disturbios. <\/p>\n\n\n\n<p><strong>Encuentran abandonada una motocicleta marca Brava<\/strong><\/p>\n\n\n\n<p>El lunes personal policial constat\u00f3 que una motocicleta marca Brava, modelo Nevada 110C.C., se encontraba abandonada procedi\u00e9ndose a la incautacion preventiva a fines de establecer su procedencia. <\/p>\n","protected":false},"excerpt":{"rendered":"<p>El lunes personal policial constat\u00f3 que una motocicleta marca Brava, modelo Nevada 110C.C., se encontraba abandonada procedi\u00e9ndose a la incautacion preventiva a fines de establecer su procedencia<\/p>\n","protected":false},"author":2,"featured_media":20630,"comment_status":"closed","ping_status":"open","sticky":false,"template":"","format":"standard","meta":{"footnotes":""},"categories":[46],"tags":[7507],"class_list":["post-102842","post","type-post","status-publish","format-standard","has-post-thumbnail","hentry","category-c2nota2","tag-t-lauquen-policial"],"yoast_head":"<!-- This site is optimized with the Yoast SEO plugin v23.4 - https:\/\/yoast.com\/wordpress\/plugins\/seo\/ -->\n<title>Acciones de la Polic\u00eda de Trenque Lauquen: tres personas detenidas en estado de ebriedad y dos autos secuestrados - Infoecos<\/title>\n<meta name=\"robots\" content=\"index, follow, max-snippet:-1, max-image-preview:large, max-video-preview:-1\" \/>\n<link rel=\"canonical\" href=\"https:\/\/infoecos.com.ar\/index.php\/acciones-de-la-policia-de-trenque-lauquen-tres-personas-en-estado-de-ebriedad-y-dos-autos-secuestrados\/\" \/>\n<meta property=\"og:locale\" content=\"es_ES\" \/>\n<meta property=\"og:type\" content=\"article\" \/>\n<meta property=\"og:title\" content=\"Acciones de la Polic\u00eda de Trenque Lauquen: tres personas detenidas en estado de ebriedad y dos autos secuestrados - Infoecos\" \/>\n<meta property=\"og:description\" content=\"El lunes personal policial constat\u00f3 que una motocicleta marca Brava, modelo Nevada 110C.C., se encontraba abandonada procedi\u00e9ndose a la incautacion preventiva a fines de establecer su procedencia\" \/>\n<meta property=\"og:url\" content=\"https:\/\/infoecos.com.ar\/index.php\/acciones-de-la-policia-de-trenque-lauquen-tres-personas-en-estado-de-ebriedad-y-dos-autos-secuestrados\/\" \/>\n<meta property=\"og:site_name\" content=\"Infoecos\" \/>\n<meta property=\"article:publisher\" content=\"https:\/\/www.facebook.com\/profile.php?id=100063200290284\" \/>\n<meta property=\"article:published_time\" content=\"2023-03-14T04:43:25+00:00\" \/>\n<meta property=\"article:modified_time\" content=\"2023-03-14T05:19:50+00:00\" \/>\n<meta property=\"og:image\" content=\"https:\/\/infoecos.com.ar\/wp-content\/uploads\/comisaria1-e1502936609992.jpg\" \/>\n\t<meta property=\"og:image:width\" content=\"400\" \/>\n\t<meta property=\"og:image:height\" content=\"300\" \/>\n\t<meta property=\"og:image:type\" content=\"image\/jpeg\" \/>\n<meta name=\"author\" content=\"Jorge Matheus\" \/>\n<meta name=\"twitter:card\" content=\"summary_large_image\" \/>\n<meta name=\"twitter:creator\" content=\"@infoecos\" \/>\n<meta name=\"twitter:site\" content=\"@infoecos\" \/>\n<meta name=\"twitter:label1\" content=\"Escrito por\" \/>\n\t<meta name=\"twitter:data1\" content=\"Jorge Matheus\" \/>\n\t<meta name=\"twitter:label2\" content=\"Tiempo de lectura\" \/>\n\t<meta name=\"twitter:data2\" content=\"1 minuto\" \/>\n<script type=\"application\/ld+json\" class=\"yoast-schema-graph\">{\"@context\":\"https:\/\/schema.org\",\"@graph\":[{\"@type\":\"Article\",\"@id\":\"https:\/\/infoecos.com.ar\/index.php\/acciones-de-la-policia-de-trenque-lauquen-tres-personas-en-estado-de-ebriedad-y-dos-autos-secuestrados\/#article\",\"isPartOf\":{\"@id\":\"https:\/\/infoecos.com.ar\/index.php\/acciones-de-la-policia-de-trenque-lauquen-tres-personas-en-estado-de-ebriedad-y-dos-autos-secuestrados\/\"},\"author\":{\"name\":\"Jorge Matheus\",\"@id\":\"https:\/\/infoecos.com.ar\/#\/schema\/person\/8f5ace5ce73b4b4aac4b7245aee6f191\"},\"headline\":\"Acciones de la Polic\u00eda de Trenque Lauquen: tres personas detenidas en estado de ebriedad y dos autos secuestrados\",\"datePublished\":\"2023-03-14T04:43:25+00:00\",\"dateModified\":\"2023-03-14T05:19:50+00:00\",\"mainEntityOfPage\":{\"@id\":\"https:\/\/infoecos.com.ar\/index.php\/acciones-de-la-policia-de-trenque-lauquen-tres-personas-en-estado-de-ebriedad-y-dos-autos-secuestrados\/\"},\"wordCount\":223,\"publisher\":{\"@id\":\"https:\/\/infoecos.com.ar\/#organization\"},\"image\":{\"@id\":\"https:\/\/infoecos.com.ar\/index.php\/acciones-de-la-policia-de-trenque-lauquen-tres-personas-en-estado-de-ebriedad-y-dos-autos-secuestrados\/#primaryimage\"},\"thumbnailUrl\":\"\",\"keywords\":[\"t.lauquen - policial\"],\"articleSection\":[\"C2 N2\"],\"inLanguage\":\"es\"},{\"@type\":\"WebPage\",\"@id\":\"https:\/\/infoecos.com.ar\/index.php\/acciones-de-la-policia-de-trenque-lauquen-tres-personas-en-estado-de-ebriedad-y-dos-autos-secuestrados\/\",\"url\":\"https:\/\/infoecos.com.ar\/index.php\/acciones-de-la-policia-de-trenque-lauquen-tres-personas-en-estado-de-ebriedad-y-dos-autos-secuestrados\/\",\"name\":\"Acciones de la Polic\u00eda de Trenque Lauquen: tres personas detenidas en estado de ebriedad y dos autos secuestrados - Infoecos\",\"isPartOf\":{\"@id\":\"https:\/\/infoecos.com.ar\/#website\"},\"primaryImageOfPage\":{\"@id\":\"https:\/\/infoecos.com.ar\/index.php\/acciones-de-la-policia-de-trenque-lauquen-tres-personas-en-estado-de-ebriedad-y-dos-autos-secuestrados\/#primaryimage\"},\"image\":{\"@id\":\"https:\/\/infoecos.com.ar\/index.php\/acciones-de-la-policia-de-trenque-lauquen-tres-personas-en-estado-de-ebriedad-y-dos-autos-secuestrados\/#primaryimage\"},\"thumbnailUrl\":\"\",\"datePublished\":\"2023-03-14T04:43:25+00:00\",\"dateModified\":\"2023-03-14T05:19:50+00:00\",\"breadcrumb\":{\"@id\":\"https:\/\/infoecos.com.ar\/index.php\/acciones-de-la-policia-de-trenque-lauquen-tres-personas-en-estado-de-ebriedad-y-dos-autos-secuestrados\/#breadcrumb\"},\"inLanguage\":\"es\",\"potentialAction\":[{\"@type\":\"ReadAction\",\"target\":[\"https:\/\/infoecos.com.ar\/index.php\/acciones-de-la-policia-de-trenque-lauquen-tres-personas-en-estado-de-ebriedad-y-dos-autos-secuestrados\/\"]}]},{\"@type\":\"ImageObject\",\"inLanguage\":\"es\",\"@id\":\"https:\/\/infoecos.com.ar\/index.php\/acciones-de-la-policia-de-trenque-lauquen-tres-personas-en-estado-de-ebriedad-y-dos-autos-secuestrados\/#primaryimage\",\"url\":\"\",\"contentUrl\":\"\"},{\"@type\":\"BreadcrumbList\",\"@id\":\"https:\/\/infoecos.com.ar\/index.php\/acciones-de-la-policia-de-trenque-lauquen-tres-personas-en-estado-de-ebriedad-y-dos-autos-secuestrados\/#breadcrumb\",\"itemListElement\":[{\"@type\":\"ListItem\",\"position\":1,\"name\":\"Portada\",\"item\":\"https:\/\/infoecos.com.ar\/\"},{\"@type\":\"ListItem\",\"position\":2,\"name\":\"Acciones de la Polic\u00eda de Trenque Lauquen: tres personas detenidas en estado de ebriedad y dos autos secuestrados\"}]},{\"@type\":\"WebSite\",\"@id\":\"https:\/\/infoecos.com.ar\/#website\",\"url\":\"https:\/\/infoecos.com.ar\/\",\"name\":\"Infoecos\",\"description\":\"Noticias de trenque lauquen y la zona\",\"publisher\":{\"@id\":\"https:\/\/infoecos.com.ar\/#organization\"},\"alternateName\":\"Noticias\",\"potentialAction\":[{\"@type\":\"SearchAction\",\"target\":{\"@type\":\"EntryPoint\",\"urlTemplate\":\"https:\/\/infoecos.com.ar\/?s={search_term_string}\"},\"query-input\":{\"@type\":\"PropertyValueSpecification\",\"valueRequired\":true,\"valueName\":\"search_term_string\"}}],\"inLanguage\":\"es\"},{\"@type\":\"Organization\",\"@id\":\"https:\/\/infoecos.com.ar\/#organization\",\"name\":\"Infoecos\",\"alternateName\":\"Noticias\",\"url\":\"https:\/\/infoecos.com.ar\/\",\"logo\":{\"@type\":\"ImageObject\",\"inLanguage\":\"es\",\"@id\":\"https:\/\/infoecos.com.ar\/#\/schema\/logo\/image\/\",\"url\":\"https:\/\/infoecos.com.ar\/wp-content\/uploads\/2024\/03\/cropped-logo.png\",\"contentUrl\":\"https:\/\/infoecos.com.ar\/wp-content\/uploads\/2024\/03\/cropped-logo.png\",\"width\":374,\"height\":90,\"caption\":\"Infoecos\"},\"image\":{\"@id\":\"https:\/\/infoecos.com.ar\/#\/schema\/logo\/image\/\"},\"sameAs\":[\"https:\/\/www.facebook.com\/profile.php?id=100063200290284\",\"https:\/\/x.com\/infoecos\"]},{\"@type\":\"Person\",\"@id\":\"https:\/\/infoecos.com.ar\/#\/schema\/person\/8f5ace5ce73b4b4aac4b7245aee6f191\",\"name\":\"Jorge Matheus\",\"url\":\"https:\/\/infoecos.com.ar\/index.php\/author\/jomatheus\/\"}]}<\/script>\n<!-- \/ Yoast SEO plugin. -->","yoast_head_json":{"title":"Acciones de la Polic\u00eda de Trenque Lauquen: tres personas detenidas en estado de ebriedad y dos autos secuestrados - Infoecos","robots":{"index":"index","follow":"follow","max-snippet":"max-snippet:-1","max-image-preview":"max-image-preview:large","max-video-preview":"max-video-preview:-1"},"canonical":"https:\/\/infoecos.com.ar\/index.php\/acciones-de-la-policia-de-trenque-lauquen-tres-personas-en-estado-de-ebriedad-y-dos-autos-secuestrados\/","og_locale":"es_ES","og_type":"article","og_title":"Acciones de la Polic\u00eda de Trenque Lauquen: tres personas detenidas en estado de ebriedad y dos autos secuestrados - Infoecos","og_description":"El lunes personal policial constat\u00f3 que una motocicleta marca Brava, modelo Nevada 110C.C., se encontraba abandonada procedi\u00e9ndose a la incautacion preventiva a fines de establecer su procedencia","og_url":"https:\/\/infoecos.com.ar\/index.php\/acciones-de-la-policia-de-trenque-lauquen-tres-personas-en-estado-de-ebriedad-y-dos-autos-secuestrados\/","og_site_name":"Infoecos","article_publisher":"https:\/\/www.facebook.com\/profile.php?id=100063200290284","article_published_time":"2023-03-14T04:43:25+00:00","article_modified_time":"2023-03-14T05:19:50+00:00","og_image":[{"width":400,"height":300,"url":"https:\/\/infoecos.com.ar\/wp-content\/uploads\/comisaria1-e1502936609992.jpg","type":"image\/jpeg"}],"author":"Jorge Matheus","twitter_card":"summary_large_image","twitter_creator":"@infoecos","twitter_site":"@infoecos","twitter_misc":{"Escrito por":"Jorge Matheus","Tiempo de lectura":"1 minuto"},"schema":{"@context":"https:\/\/schema.org","@graph":[{"@type":"Article","@id":"https:\/\/infoecos.com.ar\/index.php\/acciones-de-la-policia-de-trenque-lauquen-tres-personas-en-estado-de-ebriedad-y-dos-autos-secuestrados\/#article","isPartOf":{"@id":"https:\/\/infoecos.com.ar\/index.php\/acciones-de-la-policia-de-trenque-lauquen-tres-personas-en-estado-de-ebriedad-y-dos-autos-secuestrados\/"},"author":{"name":"Jorge Matheus","@id":"https:\/\/infoecos.com.ar\/#\/schema\/person\/8f5ace5ce73b4b4aac4b7245aee6f191"},"headline":"Acciones de la Polic\u00eda de Trenque Lauquen: tres personas detenidas en estado de ebriedad y dos autos secuestrados","datePublished":"2023-03-14T04:43:25+00:00","dateModified":"2023-03-14T05:19:50+00:00","mainEntityOfPage":{"@id":"https:\/\/infoecos.com.ar\/index.php\/acciones-de-la-policia-de-trenque-lauquen-tres-personas-en-estado-de-ebriedad-y-dos-autos-secuestrados\/"},"wordCount":223,"publisher":{"@id":"https:\/\/infoecos.com.ar\/#organization"},"image":{"@id":"https:\/\/infoecos.com.ar\/index.php\/acciones-de-la-policia-de-trenque-lauquen-tres-personas-en-estado-de-ebriedad-y-dos-autos-secuestrados\/#primaryimage"},"thumbnailUrl":"","keywords":["t.lauquen - policial"],"articleSection":["C2 N2"],"inLanguage":"es"},{"@type":"WebPage","@id":"https:\/\/infoecos.com.ar\/index.php\/acciones-de-la-policia-de-trenque-lauquen-tres-personas-en-estado-de-ebriedad-y-dos-autos-secuestrados\/","url":"https:\/\/infoecos.com.ar\/index.php\/acciones-de-la-policia-de-trenque-lauquen-tres-personas-en-estado-de-ebriedad-y-dos-autos-secuestrados\/","name":"Acciones de la Polic\u00eda de Trenque Lauquen: tres personas detenidas en estado de ebriedad y dos autos secuestrados - Infoecos","isPartOf":{"@id":"https:\/\/infoecos.com.ar\/#website"},"primaryImageOfPage":{"@id":"https:\/\/infoecos.com.ar\/index.php\/acciones-de-la-policia-de-trenque-lauquen-tres-personas-en-estado-de-ebriedad-y-dos-autos-secuestrados\/#primaryimage"},"image":{"@id":"https:\/\/infoecos.com.ar\/index.php\/acciones-de-la-policia-de-trenque-lauquen-tres-personas-en-estado-de-ebriedad-y-dos-autos-secuestrados\/#primaryimage"},"thumbnailUrl":"","datePublished":"2023-03-14T04:43:25+00:00","dateModified":"2023-03-14T05:19:50+00:00","breadcrumb":{"@id":"https:\/\/infoecos.com.ar\/index.php\/acciones-de-la-policia-de-trenque-lauquen-tres-personas-en-estado-de-ebriedad-y-dos-autos-secuestrados\/#breadcrumb"},"inLanguage":"es","potentialAction":[{"@type":"ReadAction","target":["https:\/\/infoecos.com.ar\/index.php\/acciones-de-la-policia-de-trenque-lauquen-tres-personas-en-estado-de-ebriedad-y-dos-autos-secuestrados\/"]}]},{"@type":"ImageObject","inLanguage":"es","@id":"https:\/\/infoecos.com.ar\/index.php\/acciones-de-la-policia-de-trenque-lauquen-tres-personas-en-estado-de-ebriedad-y-dos-autos-secuestrados\/#primaryimage","url":"","contentUrl":""},{"@type":"BreadcrumbList","@id":"https:\/\/infoecos.com.ar\/index.php\/acciones-de-la-policia-de-trenque-lauquen-tres-personas-en-estado-de-ebriedad-y-dos-autos-secuestrados\/#breadcrumb","itemListElement":[{"@type":"ListItem","position":1,"name":"Portada","item":"https:\/\/infoecos.com.ar\/"},{"@type":"ListItem","position":2,"name":"Acciones de la Polic\u00eda de Trenque Lauquen: tres personas detenidas en estado de ebriedad y dos autos secuestrados"}]},{"@type":"WebSite","@id":"https:\/\/infoecos.com.ar\/#website","url":"https:\/\/infoecos.com.ar\/","name":"Infoecos","description":"Noticias de trenque lauquen y la zona","publisher":{"@id":"https:\/\/infoecos.com.ar\/#organization"},"alternateName":"Noticias","potentialAction":[{"@type":"SearchAction","target":{"@type":"EntryPoint","urlTemplate":"https:\/\/infoecos.com.ar\/?s={search_term_string}"},"query-input":{"@type":"PropertyValueSpecification","valueRequired":true,"valueName":"search_term_string"}}],"inLanguage":"es"},{"@type":"Organization","@id":"https:\/\/infoecos.com.ar\/#organization","name":"Infoecos","alternateName":"Noticias","url":"https:\/\/infoecos.com.ar\/","logo":{"@type":"ImageObject","inLanguage":"es","@id":"https:\/\/infoecos.com.ar\/#\/schema\/logo\/image\/","url":"https:\/\/infoecos.com.ar\/wp-content\/uploads\/2024\/03\/cropped-logo.png","contentUrl":"https:\/\/infoecos.com.ar\/wp-content\/uploads\/2024\/03\/cropped-logo.png","width":374,"height":90,"caption":"Infoecos"},"image":{"@id":"https:\/\/infoecos.com.ar\/#\/schema\/logo\/image\/"},"sameAs":["https:\/\/www.facebook.com\/profile.php?id=100063200290284","https:\/\/x.com\/infoecos"]},{"@type":"Person","@id":"https:\/\/infoecos.com.ar\/#\/schema\/person\/8f5ace5ce73b4b4aac4b7245aee6f191","name":"Jorge Matheus","url":"https:\/\/infoecos.com.ar\/index.php\/author\/jomatheus\/"}]}},"featured_image_urls":{"full":"","thumbnail":"","medium":"","medium_large":"","large":"","1536x1536":"","2048x2048":"","covernews-slider-full":"","covernews-slider-center":"","covernews-featured":"","covernews-medium":"","covernews-medium-square":""},"author_info":{"info":["Jorge Matheus"]},"category_info":"<a href=\"https:\/\/infoecos.com.ar\/index.php\/category\/c2nota2\/\" rel=\"category tag\">C2 N2<\/a>","tag_info":"C2 N2","comment_count":"0","_links":{"self":[{"href":"https:\/\/infoecos.com.ar\/index.php\/wp-json\/wp\/v2\/posts\/102842"}],"collection":[{"href":"https:\/\/infoecos.com.ar\/index.php\/wp-json\/wp\/v2\/posts"}],"about":[{"href":"https:\/\/infoecos.com.ar\/index.php\/wp-json\/wp\/v2\/types\/post"}],"author":[{"embeddable":true,"href":"https:\/\/infoecos.com.ar\/index.php\/wp-json\/wp\/v2\/users\/2"}],"replies":[{"embeddable":true,"href":"https:\/\/infoecos.com.ar\/index.php\/wp-json\/wp\/v2\/comments?post=102842"}],"version-history":[{"count":2,"href":"https:\/\/infoecos.com.ar\/index.php\/wp-json\/wp\/v2\/posts\/102842\/revisions"}],"predecessor-version":[{"id":102851,"href":"https:\/\/infoecos.com.ar\/index.php\/wp-json\/wp\/v2\/posts\/102842\/revisions\/102851"}],"wp:featuredmedia":[{"embeddable":true,"href":"https:\/\/infoecos.com.ar\/index.php\/wp-json\/"}],"wp:attachment":[{"href":"https:\/\/infoecos.com.ar\/index.php\/wp-json\/wp\/v2\/media?parent=102842"}],"wp:term":[{"taxonomy":"category","embeddable":true,"href":"https:\/\/infoecos.com.ar\/index.php\/wp-json\/wp\/v2\/categories?post=102842"},{"taxonomy":"post_tag","embeddable":true,"href":"https:\/\/infoecos.com.ar\/index.php\/wp-json\/wp\/v2\/tags?post=102842"}],"curies":[{"name":"wp","href":"https:\/\/api.w.org\/{rel}","templated":true}]}}