{"id":102872,"date":"2023-03-14T19:55:55","date_gmt":"2023-03-14T22:55:55","guid":{"rendered":"https:\/\/infoecos.com.ar\/?p=102872"},"modified":"2023-03-16T11:52:15","modified_gmt":"2023-03-16T14:52:15","slug":"fallecio-el-sacerdote-luis-diehl-a-los-87-anos-y-las-exequias-seran-este-miercoles-a-las-11-horas","status":"publish","type":"post","link":"https:\/\/infoecos.com.ar\/index.php\/fallecio-el-sacerdote-luis-diehl-a-los-87-anos-y-las-exequias-seran-este-miercoles-a-las-11-horas\/","title":{"rendered":"Falleci\u00f3 el sacerdote Luis Diehl a los 87 a\u00f1os y las exequias fueron este mi\u00e9rcoles a las 11 horas"},"content":{"rendered":"\n<p>Falleci\u00f3 en Trenque Lauquen el Padre Luis Diehl, quien se desempe\u00f1\u00f3 durante muchos a\u00f1os como cura p\u00e1rroco de Tres Lomas.<\/p>\n\n\n\n<figure class=\"wp-block-image aligncenter size-full\"><img loading=\"lazy\" decoding=\"async\" width=\"531\" height=\"346\" src=\"https:\/\/infoecos.com.ar\/wp-content\/uploads\/2023\/03\/luisdjhiel.jpg\" alt=\"\" class=\"wp-image-102873\"\/><\/figure>\n\n\n\n<p>El padre Luis ten\u00eda 87 a\u00f1os. Desarroll\u00f3 una intensa actividad pastoral.<\/p>\n\n\n\n<p>En Tres Lomas, se\u00f1al\u00f3 nuestro colega Mario Barrio, dej\u00f3 una marca imborrable durante sus 20 a\u00f1os a cargo de la parroquia.<\/p>\n\n\n\n<p>La misa de exequias fue a las 11.00 con la presencia del obispo dioc\u00e9sano.<\/p>\n\n\n\n<p>Desde la Parroquia de Trenque Lauquen, el cura p\u00e1rroco Juan Pellegrino comparti\u00f3 el siguiente mensaje: \u201cAcaba de escribir su \u00faltima obra. Ya queda en silencio contemplando al que el predic\u00f3 y esper\u00f3. El Se\u00f1or te d\u00e9 la Paz y te llene de su luz pastor bueno\u201d.<\/p>\n","protected":false},"excerpt":{"rendered":"<p>Desde la Parroquia de Trenque Lauquen, el cura p\u00e1rroco Juan Pellegrino comparti\u00f3 el siguiente mensaje: \u201cAcaba de escribir su \u00faltima obra. Ya queda en silencio contemplando al que el predic\u00f3 y esper\u00f3. El Se\u00f1or te d\u00e9 la Paz y te llene de su luz pastor bueno\u201d<\/p>\n","protected":false},"author":2,"featured_media":102873,"comment_status":"closed","ping_status":"open","sticky":false,"template":"","format":"standard","meta":{"footnotes":""},"categories":[42],"tags":[3062],"class_list":["post-102872","post","type-post","status-publish","format-standard","has-post-thumbnail","hentry","category-inferior3","tag-en-trenque-lauquen"],"yoast_head":"<!-- This site is optimized with the Yoast SEO plugin v23.4 - https:\/\/yoast.com\/wordpress\/plugins\/seo\/ -->\n<title>Falleci\u00f3 el sacerdote Luis Diehl a los 87 a\u00f1os y las exequias fueron este mi\u00e9rcoles a las 11 horas - Infoecos<\/title>\n<meta name=\"robots\" content=\"index, follow, max-snippet:-1, max-image-preview:large, max-video-preview:-1\" \/>\n<link rel=\"canonical\" href=\"https:\/\/infoecos.com.ar\/index.php\/fallecio-el-sacerdote-luis-diehl-a-los-87-anos-y-las-exequias-seran-este-miercoles-a-las-11-horas\/\" \/>\n<meta property=\"og:locale\" content=\"es_ES\" \/>\n<meta property=\"og:type\" content=\"article\" \/>\n<meta property=\"og:title\" content=\"Falleci\u00f3 el sacerdote Luis Diehl a los 87 a\u00f1os y las exequias fueron este mi\u00e9rcoles a las 11 horas - Infoecos\" \/>\n<meta property=\"og:description\" content=\"Desde la Parroquia de Trenque Lauquen, el cura p\u00e1rroco Juan Pellegrino comparti\u00f3 el siguiente mensaje: \u201cAcaba de escribir su \u00faltima obra. Ya queda en silencio contemplando al que el predic\u00f3 y esper\u00f3. El Se\u00f1or te d\u00e9 la Paz y te llene de su luz pastor bueno\u201d\" \/>\n<meta property=\"og:url\" content=\"https:\/\/infoecos.com.ar\/index.php\/fallecio-el-sacerdote-luis-diehl-a-los-87-anos-y-las-exequias-seran-este-miercoles-a-las-11-horas\/\" \/>\n<meta property=\"og:site_name\" content=\"Infoecos\" \/>\n<meta property=\"article:publisher\" content=\"https:\/\/www.facebook.com\/profile.php?id=100063200290284\" \/>\n<meta property=\"article:published_time\" content=\"2023-03-14T22:55:55+00:00\" \/>\n<meta property=\"article:modified_time\" content=\"2023-03-16T14:52:15+00:00\" \/>\n<meta property=\"og:image\" content=\"https:\/\/infoecos.com.ar\/wp-content\/uploads\/2023\/03\/luisdjhiel.jpg\" \/>\n\t<meta property=\"og:image:width\" content=\"531\" \/>\n\t<meta property=\"og:image:height\" content=\"346\" \/>\n\t<meta property=\"og:image:type\" content=\"image\/jpeg\" \/>\n<meta name=\"author\" content=\"Jorge Matheus\" \/>\n<meta name=\"twitter:card\" content=\"summary_large_image\" \/>\n<meta name=\"twitter:creator\" content=\"@infoecos\" \/>\n<meta name=\"twitter:site\" content=\"@infoecos\" \/>\n<meta name=\"twitter:label1\" content=\"Escrito por\" \/>\n\t<meta name=\"twitter:data1\" content=\"Jorge Matheus\" \/>\n\t<meta name=\"twitter:label2\" content=\"Tiempo de lectura\" \/>\n\t<meta name=\"twitter:data2\" content=\"1 minuto\" \/>\n<script type=\"application\/ld+json\" class=\"yoast-schema-graph\">{\"@context\":\"https:\/\/schema.org\",\"@graph\":[{\"@type\":\"Article\",\"@id\":\"https:\/\/infoecos.com.ar\/index.php\/fallecio-el-sacerdote-luis-diehl-a-los-87-anos-y-las-exequias-seran-este-miercoles-a-las-11-horas\/#article\",\"isPartOf\":{\"@id\":\"https:\/\/infoecos.com.ar\/index.php\/fallecio-el-sacerdote-luis-diehl-a-los-87-anos-y-las-exequias-seran-este-miercoles-a-las-11-horas\/\"},\"author\":{\"name\":\"Jorge Matheus\",\"@id\":\"https:\/\/infoecos.com.ar\/#\/schema\/person\/8f5ace5ce73b4b4aac4b7245aee6f191\"},\"headline\":\"Falleci\u00f3 el sacerdote Luis Diehl a los 87 a\u00f1os y las exequias fueron este mi\u00e9rcoles a las 11 horas\",\"datePublished\":\"2023-03-14T22:55:55+00:00\",\"dateModified\":\"2023-03-16T14:52:15+00:00\",\"mainEntityOfPage\":{\"@id\":\"https:\/\/infoecos.com.ar\/index.php\/fallecio-el-sacerdote-luis-diehl-a-los-87-anos-y-las-exequias-seran-este-miercoles-a-las-11-horas\/\"},\"wordCount\":137,\"publisher\":{\"@id\":\"https:\/\/infoecos.com.ar\/#organization\"},\"image\":{\"@id\":\"https:\/\/infoecos.com.ar\/index.php\/fallecio-el-sacerdote-luis-diehl-a-los-87-anos-y-las-exequias-seran-este-miercoles-a-las-11-horas\/#primaryimage\"},\"thumbnailUrl\":\"https:\/\/infoecos.com.ar\/wp-content\/uploads\/2023\/03\/luisdjhiel.jpg\",\"keywords\":[\"EN TRENQUE LAUQUEN\"],\"articleSection\":[\"Bloque inferior - 3\"],\"inLanguage\":\"es\"},{\"@type\":\"WebPage\",\"@id\":\"https:\/\/infoecos.com.ar\/index.php\/fallecio-el-sacerdote-luis-diehl-a-los-87-anos-y-las-exequias-seran-este-miercoles-a-las-11-horas\/\",\"url\":\"https:\/\/infoecos.com.ar\/index.php\/fallecio-el-sacerdote-luis-diehl-a-los-87-anos-y-las-exequias-seran-este-miercoles-a-las-11-horas\/\",\"name\":\"Falleci\u00f3 el sacerdote Luis Diehl a los 87 a\u00f1os y las exequias fueron este mi\u00e9rcoles a las 11 horas - Infoecos\",\"isPartOf\":{\"@id\":\"https:\/\/infoecos.com.ar\/#website\"},\"primaryImageOfPage\":{\"@id\":\"https:\/\/infoecos.com.ar\/index.php\/fallecio-el-sacerdote-luis-diehl-a-los-87-anos-y-las-exequias-seran-este-miercoles-a-las-11-horas\/#primaryimage\"},\"image\":{\"@id\":\"https:\/\/infoecos.com.ar\/index.php\/fallecio-el-sacerdote-luis-diehl-a-los-87-anos-y-las-exequias-seran-este-miercoles-a-las-11-horas\/#primaryimage\"},\"thumbnailUrl\":\"https:\/\/infoecos.com.ar\/wp-content\/uploads\/2023\/03\/luisdjhiel.jpg\",\"datePublished\":\"2023-03-14T22:55:55+00:00\",\"dateModified\":\"2023-03-16T14:52:15+00:00\",\"breadcrumb\":{\"@id\":\"https:\/\/infoecos.com.ar\/index.php\/fallecio-el-sacerdote-luis-diehl-a-los-87-anos-y-las-exequias-seran-este-miercoles-a-las-11-horas\/#breadcrumb\"},\"inLanguage\":\"es\",\"potentialAction\":[{\"@type\":\"ReadAction\",\"target\":[\"https:\/\/infoecos.com.ar\/index.php\/fallecio-el-sacerdote-luis-diehl-a-los-87-anos-y-las-exequias-seran-este-miercoles-a-las-11-horas\/\"]}]},{\"@type\":\"ImageObject\",\"inLanguage\":\"es\",\"@id\":\"https:\/\/infoecos.com.ar\/index.php\/fallecio-el-sacerdote-luis-diehl-a-los-87-anos-y-las-exequias-seran-este-miercoles-a-las-11-horas\/#primaryimage\",\"url\":\"https:\/\/infoecos.com.ar\/wp-content\/uploads\/2023\/03\/luisdjhiel.jpg\",\"contentUrl\":\"https:\/\/infoecos.com.ar\/wp-content\/uploads\/2023\/03\/luisdjhiel.jpg\",\"width\":531,\"height\":346},{\"@type\":\"BreadcrumbList\",\"@id\":\"https:\/\/infoecos.com.ar\/index.php\/fallecio-el-sacerdote-luis-diehl-a-los-87-anos-y-las-exequias-seran-este-miercoles-a-las-11-horas\/#breadcrumb\",\"itemListElement\":[{\"@type\":\"ListItem\",\"position\":1,\"name\":\"Portada\",\"item\":\"https:\/\/infoecos.com.ar\/\"},{\"@type\":\"ListItem\",\"position\":2,\"name\":\"Falleci\u00f3 el sacerdote Luis Diehl a los 87 a\u00f1os y las exequias fueron este mi\u00e9rcoles a las 11 horas\"}]},{\"@type\":\"WebSite\",\"@id\":\"https:\/\/infoecos.com.ar\/#website\",\"url\":\"https:\/\/infoecos.com.ar\/\",\"name\":\"Infoecos\",\"description\":\"Noticias de trenque lauquen y la zona\",\"publisher\":{\"@id\":\"https:\/\/infoecos.com.ar\/#organization\"},\"alternateName\":\"Noticias\",\"potentialAction\":[{\"@type\":\"SearchAction\",\"target\":{\"@type\":\"EntryPoint\",\"urlTemplate\":\"https:\/\/infoecos.com.ar\/?s={search_term_string}\"},\"query-input\":{\"@type\":\"PropertyValueSpecification\",\"valueRequired\":true,\"valueName\":\"search_term_string\"}}],\"inLanguage\":\"es\"},{\"@type\":\"Organization\",\"@id\":\"https:\/\/infoecos.com.ar\/#organization\",\"name\":\"Infoecos\",\"alternateName\":\"Noticias\",\"url\":\"https:\/\/infoecos.com.ar\/\",\"logo\":{\"@type\":\"ImageObject\",\"inLanguage\":\"es\",\"@id\":\"https:\/\/infoecos.com.ar\/#\/schema\/logo\/image\/\",\"url\":\"https:\/\/infoecos.com.ar\/wp-content\/uploads\/2024\/03\/cropped-logo.png\",\"contentUrl\":\"https:\/\/infoecos.com.ar\/wp-content\/uploads\/2024\/03\/cropped-logo.png\",\"width\":374,\"height\":90,\"caption\":\"Infoecos\"},\"image\":{\"@id\":\"https:\/\/infoecos.com.ar\/#\/schema\/logo\/image\/\"},\"sameAs\":[\"https:\/\/www.facebook.com\/profile.php?id=100063200290284\",\"https:\/\/x.com\/infoecos\"]},{\"@type\":\"Person\",\"@id\":\"https:\/\/infoecos.com.ar\/#\/schema\/person\/8f5ace5ce73b4b4aac4b7245aee6f191\",\"name\":\"Jorge Matheus\",\"url\":\"https:\/\/infoecos.com.ar\/index.php\/author\/jomatheus\/\"}]}<\/script>\n<!-- \/ Yoast SEO plugin. -->","yoast_head_json":{"title":"Falleci\u00f3 el sacerdote Luis Diehl a los 87 a\u00f1os y las exequias fueron este mi\u00e9rcoles a las 11 horas - Infoecos","robots":{"index":"index","follow":"follow","max-snippet":"max-snippet:-1","max-image-preview":"max-image-preview:large","max-video-preview":"max-video-preview:-1"},"canonical":"https:\/\/infoecos.com.ar\/index.php\/fallecio-el-sacerdote-luis-diehl-a-los-87-anos-y-las-exequias-seran-este-miercoles-a-las-11-horas\/","og_locale":"es_ES","og_type":"article","og_title":"Falleci\u00f3 el sacerdote Luis Diehl a los 87 a\u00f1os y las exequias fueron este mi\u00e9rcoles a las 11 horas - Infoecos","og_description":"Desde la Parroquia de Trenque Lauquen, el cura p\u00e1rroco Juan Pellegrino comparti\u00f3 el siguiente mensaje: \u201cAcaba de escribir su \u00faltima obra. Ya queda en silencio contemplando al que el predic\u00f3 y esper\u00f3. El Se\u00f1or te d\u00e9 la Paz y te llene de su luz pastor bueno\u201d","og_url":"https:\/\/infoecos.com.ar\/index.php\/fallecio-el-sacerdote-luis-diehl-a-los-87-anos-y-las-exequias-seran-este-miercoles-a-las-11-horas\/","og_site_name":"Infoecos","article_publisher":"https:\/\/www.facebook.com\/profile.php?id=100063200290284","article_published_time":"2023-03-14T22:55:55+00:00","article_modified_time":"2023-03-16T14:52:15+00:00","og_image":[{"width":531,"height":346,"url":"https:\/\/infoecos.com.ar\/wp-content\/uploads\/2023\/03\/luisdjhiel.jpg","type":"image\/jpeg"}],"author":"Jorge Matheus","twitter_card":"summary_large_image","twitter_creator":"@infoecos","twitter_site":"@infoecos","twitter_misc":{"Escrito por":"Jorge Matheus","Tiempo de lectura":"1 minuto"},"schema":{"@context":"https:\/\/schema.org","@graph":[{"@type":"Article","@id":"https:\/\/infoecos.com.ar\/index.php\/fallecio-el-sacerdote-luis-diehl-a-los-87-anos-y-las-exequias-seran-este-miercoles-a-las-11-horas\/#article","isPartOf":{"@id":"https:\/\/infoecos.com.ar\/index.php\/fallecio-el-sacerdote-luis-diehl-a-los-87-anos-y-las-exequias-seran-este-miercoles-a-las-11-horas\/"},"author":{"name":"Jorge Matheus","@id":"https:\/\/infoecos.com.ar\/#\/schema\/person\/8f5ace5ce73b4b4aac4b7245aee6f191"},"headline":"Falleci\u00f3 el sacerdote Luis Diehl a los 87 a\u00f1os y las exequias fueron este mi\u00e9rcoles a las 11 horas","datePublished":"2023-03-14T22:55:55+00:00","dateModified":"2023-03-16T14:52:15+00:00","mainEntityOfPage":{"@id":"https:\/\/infoecos.com.ar\/index.php\/fallecio-el-sacerdote-luis-diehl-a-los-87-anos-y-las-exequias-seran-este-miercoles-a-las-11-horas\/"},"wordCount":137,"publisher":{"@id":"https:\/\/infoecos.com.ar\/#organization"},"image":{"@id":"https:\/\/infoecos.com.ar\/index.php\/fallecio-el-sacerdote-luis-diehl-a-los-87-anos-y-las-exequias-seran-este-miercoles-a-las-11-horas\/#primaryimage"},"thumbnailUrl":"https:\/\/infoecos.com.ar\/wp-content\/uploads\/2023\/03\/luisdjhiel.jpg","keywords":["EN TRENQUE LAUQUEN"],"articleSection":["Bloque inferior - 3"],"inLanguage":"es"},{"@type":"WebPage","@id":"https:\/\/infoecos.com.ar\/index.php\/fallecio-el-sacerdote-luis-diehl-a-los-87-anos-y-las-exequias-seran-este-miercoles-a-las-11-horas\/","url":"https:\/\/infoecos.com.ar\/index.php\/fallecio-el-sacerdote-luis-diehl-a-los-87-anos-y-las-exequias-seran-este-miercoles-a-las-11-horas\/","name":"Falleci\u00f3 el sacerdote Luis Diehl a los 87 a\u00f1os y las exequias fueron este mi\u00e9rcoles a las 11 horas - Infoecos","isPartOf":{"@id":"https:\/\/infoecos.com.ar\/#website"},"primaryImageOfPage":{"@id":"https:\/\/infoecos.com.ar\/index.php\/fallecio-el-sacerdote-luis-diehl-a-los-87-anos-y-las-exequias-seran-este-miercoles-a-las-11-horas\/#primaryimage"},"image":{"@id":"https:\/\/infoecos.com.ar\/index.php\/fallecio-el-sacerdote-luis-diehl-a-los-87-anos-y-las-exequias-seran-este-miercoles-a-las-11-horas\/#primaryimage"},"thumbnailUrl":"https:\/\/infoecos.com.ar\/wp-content\/uploads\/2023\/03\/luisdjhiel.jpg","datePublished":"2023-03-14T22:55:55+00:00","dateModified":"2023-03-16T14:52:15+00:00","breadcrumb":{"@id":"https:\/\/infoecos.com.ar\/index.php\/fallecio-el-sacerdote-luis-diehl-a-los-87-anos-y-las-exequias-seran-este-miercoles-a-las-11-horas\/#breadcrumb"},"inLanguage":"es","potentialAction":[{"@type":"ReadAction","target":["https:\/\/infoecos.com.ar\/index.php\/fallecio-el-sacerdote-luis-diehl-a-los-87-anos-y-las-exequias-seran-este-miercoles-a-las-11-horas\/"]}]},{"@type":"ImageObject","inLanguage":"es","@id":"https:\/\/infoecos.com.ar\/index.php\/fallecio-el-sacerdote-luis-diehl-a-los-87-anos-y-las-exequias-seran-este-miercoles-a-las-11-horas\/#primaryimage","url":"https:\/\/infoecos.com.ar\/wp-content\/uploads\/2023\/03\/luisdjhiel.jpg","contentUrl":"https:\/\/infoecos.com.ar\/wp-content\/uploads\/2023\/03\/luisdjhiel.jpg","width":531,"height":346},{"@type":"BreadcrumbList","@id":"https:\/\/infoecos.com.ar\/index.php\/fallecio-el-sacerdote-luis-diehl-a-los-87-anos-y-las-exequias-seran-este-miercoles-a-las-11-horas\/#breadcrumb","itemListElement":[{"@type":"ListItem","position":1,"name":"Portada","item":"https:\/\/infoecos.com.ar\/"},{"@type":"ListItem","position":2,"name":"Falleci\u00f3 el sacerdote Luis Diehl a los 87 a\u00f1os y las exequias fueron este mi\u00e9rcoles a las 11 horas"}]},{"@type":"WebSite","@id":"https:\/\/infoecos.com.ar\/#website","url":"https:\/\/infoecos.com.ar\/","name":"Infoecos","description":"Noticias de trenque lauquen y la zona","publisher":{"@id":"https:\/\/infoecos.com.ar\/#organization"},"alternateName":"Noticias","potentialAction":[{"@type":"SearchAction","target":{"@type":"EntryPoint","urlTemplate":"https:\/\/infoecos.com.ar\/?s={search_term_string}"},"query-input":{"@type":"PropertyValueSpecification","valueRequired":true,"valueName":"search_term_string"}}],"inLanguage":"es"},{"@type":"Organization","@id":"https:\/\/infoecos.com.ar\/#organization","name":"Infoecos","alternateName":"Noticias","url":"https:\/\/infoecos.com.ar\/","logo":{"@type":"ImageObject","inLanguage":"es","@id":"https:\/\/infoecos.com.ar\/#\/schema\/logo\/image\/","url":"https:\/\/infoecos.com.ar\/wp-content\/uploads\/2024\/03\/cropped-logo.png","contentUrl":"https:\/\/infoecos.com.ar\/wp-content\/uploads\/2024\/03\/cropped-logo.png","width":374,"height":90,"caption":"Infoecos"},"image":{"@id":"https:\/\/infoecos.com.ar\/#\/schema\/logo\/image\/"},"sameAs":["https:\/\/www.facebook.com\/profile.php?id=100063200290284","https:\/\/x.com\/infoecos"]},{"@type":"Person","@id":"https:\/\/infoecos.com.ar\/#\/schema\/person\/8f5ace5ce73b4b4aac4b7245aee6f191","name":"Jorge Matheus","url":"https:\/\/infoecos.com.ar\/index.php\/author\/jomatheus\/"}]}},"featured_image_urls":{"full":["https:\/\/infoecos.com.ar\/wp-content\/uploads\/2023\/03\/luisdjhiel.jpg",531,346,false],"thumbnail":["https:\/\/infoecos.com.ar\/wp-content\/uploads\/2023\/03\/luisdjhiel-300x150.jpg",300,150,true],"medium":["https:\/\/infoecos.com.ar\/wp-content\/uploads\/2023\/03\/luisdjhiel.jpg",531,346,false],"medium_large":["https:\/\/infoecos.com.ar\/wp-content\/uploads\/2023\/03\/luisdjhiel.jpg",531,346,false],"large":["https:\/\/infoecos.com.ar\/wp-content\/uploads\/2023\/03\/luisdjhiel.jpg",531,346,false],"1536x1536":["https:\/\/infoecos.com.ar\/wp-content\/uploads\/2023\/03\/luisdjhiel.jpg",531,346,false],"2048x2048":["https:\/\/infoecos.com.ar\/wp-content\/uploads\/2023\/03\/luisdjhiel.jpg",531,346,false],"covernews-slider-full":["https:\/\/infoecos.com.ar\/wp-content\/uploads\/2023\/03\/luisdjhiel.jpg",531,346,false],"covernews-slider-center":["https:\/\/infoecos.com.ar\/wp-content\/uploads\/2023\/03\/luisdjhiel.jpg",531,346,false],"covernews-featured":["https:\/\/infoecos.com.ar\/wp-content\/uploads\/2023\/03\/luisdjhiel.jpg",531,346,false],"covernews-medium":["https:\/\/infoecos.com.ar\/wp-content\/uploads\/2023\/03\/luisdjhiel.jpg",522,340,false],"covernews-medium-square":["https:\/\/infoecos.com.ar\/wp-content\/uploads\/2023\/03\/luisdjhiel.jpg",384,250,false]},"author_info":{"info":["Jorge Matheus"]},"category_info":"<a href=\"https:\/\/infoecos.com.ar\/index.php\/category\/inferior3\/\" rel=\"category tag\">Bloque inferior - 3<\/a>","tag_info":"Bloque inferior - 3","comment_count":"0","_links":{"self":[{"href":"https:\/\/infoecos.com.ar\/index.php\/wp-json\/wp\/v2\/posts\/102872"}],"collection":[{"href":"https:\/\/infoecos.com.ar\/index.php\/wp-json\/wp\/v2\/posts"}],"about":[{"href":"https:\/\/infoecos.com.ar\/index.php\/wp-json\/wp\/v2\/types\/post"}],"author":[{"embeddable":true,"href":"https:\/\/infoecos.com.ar\/index.php\/wp-json\/wp\/v2\/users\/2"}],"replies":[{"embeddable":true,"href":"https:\/\/infoecos.com.ar\/index.php\/wp-json\/wp\/v2\/comments?post=102872"}],"version-history":[{"count":2,"href":"https:\/\/infoecos.com.ar\/index.php\/wp-json\/wp\/v2\/posts\/102872\/revisions"}],"predecessor-version":[{"id":102901,"href":"https:\/\/infoecos.com.ar\/index.php\/wp-json\/wp\/v2\/posts\/102872\/revisions\/102901"}],"wp:featuredmedia":[{"embeddable":true,"href":"https:\/\/infoecos.com.ar\/index.php\/wp-json\/wp\/v2\/media\/102873"}],"wp:attachment":[{"href":"https:\/\/infoecos.com.ar\/index.php\/wp-json\/wp\/v2\/media?parent=102872"}],"wp:term":[{"taxonomy":"category","embeddable":true,"href":"https:\/\/infoecos.com.ar\/index.php\/wp-json\/wp\/v2\/categories?post=102872"},{"taxonomy":"post_tag","embeddable":true,"href":"https:\/\/infoecos.com.ar\/index.php\/wp-json\/wp\/v2\/tags?post=102872"}],"curies":[{"name":"wp","href":"https:\/\/api.w.org\/{rel}","templated":true}]}}