{"id":102889,"date":"2023-03-16T00:39:11","date_gmt":"2023-03-16T03:39:11","guid":{"rendered":"https:\/\/infoecos.com.ar\/?p=102889"},"modified":"2023-03-16T00:39:13","modified_gmt":"2023-03-16T03:39:13","slug":"despisto-en-el-cruce-de-la-ruta-nacional-33-y-provincial-70-sacandola-barata","status":"publish","type":"post","link":"https:\/\/infoecos.com.ar\/index.php\/despisto-en-el-cruce-de-la-ruta-nacional-33-y-provincial-70-sacandola-barata\/","title":{"rendered":"Despist\u00f3 en el cruce de la ruta nacional 33 y provincial 70, sac\u00e1ndola \u00abbarata\u00bb"},"content":{"rendered":"\n<p>Una pick up que llevaba de tiro un carret\u00f3n se despist\u00f3 y choc\u00f3 contra dos columnas en el cruce de las rutas Nacional 33 y provincial 70. Iba en direcci\u00f3n Villegas-Am\u00e9rica.<\/p>\n\n\n\n<figure class=\"wp-block-image aligncenter size-full is-resized\"><img loading=\"lazy\" decoding=\"async\" src=\"https:\/\/infoecos.com.ar\/wp-content\/uploads\/2023\/03\/WhatsApp-Image-2023-03-15-at-9.06.52-AM.jpeg\" alt=\"\" class=\"wp-image-102890\" width=\"255\" height=\"209\" srcset=\"https:\/\/infoecos.com.ar\/wp-content\/uploads\/2023\/03\/WhatsApp-Image-2023-03-15-at-9.06.52-AM.jpeg 1090w, https:\/\/infoecos.com.ar\/wp-content\/uploads\/2023\/03\/WhatsApp-Image-2023-03-15-at-9.06.52-AM-800x660.jpeg 800w, https:\/\/infoecos.com.ar\/wp-content\/uploads\/2023\/03\/WhatsApp-Image-2023-03-15-at-9.06.52-AM-768x633.jpeg 768w, https:\/\/infoecos.com.ar\/wp-content\/uploads\/2023\/03\/WhatsApp-Image-2023-03-15-at-9.06.52-AM-1024x845.jpeg 1024w\" sizes=\"(max-width: 255px) 100vw, 255px\" \/><figcaption class=\"wp-element-caption\">Am\u00e9rica &#8211; accidente cruce rutas 33 y 70<\/figcaption><\/figure>\n\n\n\n<p>El conductor del veh\u00edculo debi\u00f3 ser trasladado en ambulancia al hospital de la capital del distrito. Qui\u00e9n lo acompa\u00f1aba result\u00f3 ileso. <\/p>\n\n\n\n<figure class=\"wp-block-image aligncenter size-full is-resized\"><img loading=\"lazy\" decoding=\"async\" src=\"https:\/\/infoecos.com.ar\/wp-content\/uploads\/2023\/03\/WhatsApp-Image-2023-03-15-at-9.26.27-AM.jpeg\" alt=\"\" class=\"wp-image-102891\" width=\"272\" height=\"153\" srcset=\"https:\/\/infoecos.com.ar\/wp-content\/uploads\/2023\/03\/WhatsApp-Image-2023-03-15-at-9.26.27-AM.jpeg 1599w, https:\/\/infoecos.com.ar\/wp-content\/uploads\/2023\/03\/WhatsApp-Image-2023-03-15-at-9.26.27-AM-800x450.jpeg 800w, https:\/\/infoecos.com.ar\/wp-content\/uploads\/2023\/03\/WhatsApp-Image-2023-03-15-at-9.26.27-AM-768x432.jpeg 768w, https:\/\/infoecos.com.ar\/wp-content\/uploads\/2023\/03\/WhatsApp-Image-2023-03-15-at-9.26.27-AM-1536x864.jpeg 1536w, https:\/\/infoecos.com.ar\/wp-content\/uploads\/2023\/03\/WhatsApp-Image-2023-03-15-at-9.26.27-AM-1024x576.jpeg 1024w\" sizes=\"(max-width: 272px) 100vw, 272px\" \/><figcaption class=\"wp-element-caption\">Am\u00e9rica &#8211; accidente cruce rutas 33 y 70<\/figcaption><\/figure>\n\n\n\n<p><strong>Fuente: rivadaviaonline.com.ar <\/strong><\/p>\n","protected":false},"excerpt":{"rendered":"<p>El conductor del veh\u00edculo debi\u00f3 ser trasladado en ambulancia al hospital de la capital del distrito. Qui\u00e9n lo acompa\u00f1aba result\u00f3 ileso<\/p>\n","protected":false},"author":2,"featured_media":102891,"comment_status":"closed","ping_status":"open","sticky":false,"template":"","format":"standard","meta":{"footnotes":""},"categories":[48],"tags":[7519],"class_list":["post-102889","post","type-post","status-publish","format-standard","has-post-thumbnail","hentry","category-c2nota3","tag-distrito-de-rivadavia"],"yoast_head":"<!-- This site is optimized with the Yoast SEO plugin v23.4 - https:\/\/yoast.com\/wordpress\/plugins\/seo\/ -->\n<title>Despist\u00f3 en el cruce de la ruta nacional 33 y provincial 70, sac\u00e1ndola &quot;barata&quot; - Infoecos<\/title>\n<meta name=\"robots\" content=\"index, follow, max-snippet:-1, max-image-preview:large, max-video-preview:-1\" \/>\n<link rel=\"canonical\" href=\"https:\/\/infoecos.com.ar\/index.php\/despisto-en-el-cruce-de-la-ruta-nacional-33-y-provincial-70-sacandola-barata\/\" \/>\n<meta property=\"og:locale\" content=\"es_ES\" \/>\n<meta property=\"og:type\" content=\"article\" \/>\n<meta property=\"og:title\" content=\"Despist\u00f3 en el cruce de la ruta nacional 33 y provincial 70, sac\u00e1ndola &quot;barata&quot; - Infoecos\" \/>\n<meta property=\"og:description\" content=\"El conductor del veh\u00edculo debi\u00f3 ser trasladado en ambulancia al hospital de la capital del distrito. Qui\u00e9n lo acompa\u00f1aba result\u00f3 ileso\" \/>\n<meta property=\"og:url\" content=\"https:\/\/infoecos.com.ar\/index.php\/despisto-en-el-cruce-de-la-ruta-nacional-33-y-provincial-70-sacandola-barata\/\" \/>\n<meta property=\"og:site_name\" content=\"Infoecos\" \/>\n<meta property=\"article:publisher\" content=\"https:\/\/www.facebook.com\/profile.php?id=100063200290284\" \/>\n<meta property=\"article:published_time\" content=\"2023-03-16T03:39:11+00:00\" \/>\n<meta property=\"article:modified_time\" content=\"2023-03-16T03:39:13+00:00\" \/>\n<meta property=\"og:image\" content=\"https:\/\/infoecos.com.ar\/wp-content\/uploads\/2023\/03\/WhatsApp-Image-2023-03-15-at-9.26.27-AM.jpeg\" \/>\n\t<meta property=\"og:image:width\" content=\"1599\" \/>\n\t<meta property=\"og:image:height\" content=\"899\" \/>\n\t<meta property=\"og:image:type\" content=\"image\/jpeg\" \/>\n<meta name=\"author\" content=\"Jorge Matheus\" \/>\n<meta name=\"twitter:card\" content=\"summary_large_image\" \/>\n<meta name=\"twitter:creator\" content=\"@infoecos\" \/>\n<meta name=\"twitter:site\" content=\"@infoecos\" \/>\n<meta name=\"twitter:label1\" content=\"Escrito por\" \/>\n\t<meta name=\"twitter:data1\" content=\"Jorge Matheus\" \/>\n\t<meta name=\"twitter:label2\" content=\"Tiempo de lectura\" \/>\n\t<meta name=\"twitter:data2\" content=\"1 minuto\" \/>\n<script type=\"application\/ld+json\" class=\"yoast-schema-graph\">{\"@context\":\"https:\/\/schema.org\",\"@graph\":[{\"@type\":\"Article\",\"@id\":\"https:\/\/infoecos.com.ar\/index.php\/despisto-en-el-cruce-de-la-ruta-nacional-33-y-provincial-70-sacandola-barata\/#article\",\"isPartOf\":{\"@id\":\"https:\/\/infoecos.com.ar\/index.php\/despisto-en-el-cruce-de-la-ruta-nacional-33-y-provincial-70-sacandola-barata\/\"},\"author\":{\"name\":\"Jorge Matheus\",\"@id\":\"https:\/\/infoecos.com.ar\/#\/schema\/person\/8f5ace5ce73b4b4aac4b7245aee6f191\"},\"headline\":\"Despist\u00f3 en el cruce de la ruta nacional 33 y provincial 70, sac\u00e1ndola \u00abbarata\u00bb\",\"datePublished\":\"2023-03-16T03:39:11+00:00\",\"dateModified\":\"2023-03-16T03:39:13+00:00\",\"mainEntityOfPage\":{\"@id\":\"https:\/\/infoecos.com.ar\/index.php\/despisto-en-el-cruce-de-la-ruta-nacional-33-y-provincial-70-sacandola-barata\/\"},\"wordCount\":87,\"publisher\":{\"@id\":\"https:\/\/infoecos.com.ar\/#organization\"},\"image\":{\"@id\":\"https:\/\/infoecos.com.ar\/index.php\/despisto-en-el-cruce-de-la-ruta-nacional-33-y-provincial-70-sacandola-barata\/#primaryimage\"},\"thumbnailUrl\":\"https:\/\/infoecos.com.ar\/wp-content\/uploads\/2023\/03\/WhatsApp-Image-2023-03-15-at-9.26.27-AM.jpeg\",\"keywords\":[\"distrito de rivadavia\"],\"articleSection\":[\"C2 N3\"],\"inLanguage\":\"es\"},{\"@type\":\"WebPage\",\"@id\":\"https:\/\/infoecos.com.ar\/index.php\/despisto-en-el-cruce-de-la-ruta-nacional-33-y-provincial-70-sacandola-barata\/\",\"url\":\"https:\/\/infoecos.com.ar\/index.php\/despisto-en-el-cruce-de-la-ruta-nacional-33-y-provincial-70-sacandola-barata\/\",\"name\":\"Despist\u00f3 en el cruce de la ruta nacional 33 y provincial 70, sac\u00e1ndola \\\"barata\\\" - Infoecos\",\"isPartOf\":{\"@id\":\"https:\/\/infoecos.com.ar\/#website\"},\"primaryImageOfPage\":{\"@id\":\"https:\/\/infoecos.com.ar\/index.php\/despisto-en-el-cruce-de-la-ruta-nacional-33-y-provincial-70-sacandola-barata\/#primaryimage\"},\"image\":{\"@id\":\"https:\/\/infoecos.com.ar\/index.php\/despisto-en-el-cruce-de-la-ruta-nacional-33-y-provincial-70-sacandola-barata\/#primaryimage\"},\"thumbnailUrl\":\"https:\/\/infoecos.com.ar\/wp-content\/uploads\/2023\/03\/WhatsApp-Image-2023-03-15-at-9.26.27-AM.jpeg\",\"datePublished\":\"2023-03-16T03:39:11+00:00\",\"dateModified\":\"2023-03-16T03:39:13+00:00\",\"breadcrumb\":{\"@id\":\"https:\/\/infoecos.com.ar\/index.php\/despisto-en-el-cruce-de-la-ruta-nacional-33-y-provincial-70-sacandola-barata\/#breadcrumb\"},\"inLanguage\":\"es\",\"potentialAction\":[{\"@type\":\"ReadAction\",\"target\":[\"https:\/\/infoecos.com.ar\/index.php\/despisto-en-el-cruce-de-la-ruta-nacional-33-y-provincial-70-sacandola-barata\/\"]}]},{\"@type\":\"ImageObject\",\"inLanguage\":\"es\",\"@id\":\"https:\/\/infoecos.com.ar\/index.php\/despisto-en-el-cruce-de-la-ruta-nacional-33-y-provincial-70-sacandola-barata\/#primaryimage\",\"url\":\"https:\/\/infoecos.com.ar\/wp-content\/uploads\/2023\/03\/WhatsApp-Image-2023-03-15-at-9.26.27-AM.jpeg\",\"contentUrl\":\"https:\/\/infoecos.com.ar\/wp-content\/uploads\/2023\/03\/WhatsApp-Image-2023-03-15-at-9.26.27-AM.jpeg\",\"width\":1599,\"height\":899},{\"@type\":\"BreadcrumbList\",\"@id\":\"https:\/\/infoecos.com.ar\/index.php\/despisto-en-el-cruce-de-la-ruta-nacional-33-y-provincial-70-sacandola-barata\/#breadcrumb\",\"itemListElement\":[{\"@type\":\"ListItem\",\"position\":1,\"name\":\"Portada\",\"item\":\"https:\/\/infoecos.com.ar\/\"},{\"@type\":\"ListItem\",\"position\":2,\"name\":\"Despist\u00f3 en el cruce de la ruta nacional 33 y provincial 70, sac\u00e1ndola \u00abbarata\u00bb\"}]},{\"@type\":\"WebSite\",\"@id\":\"https:\/\/infoecos.com.ar\/#website\",\"url\":\"https:\/\/infoecos.com.ar\/\",\"name\":\"Infoecos\",\"description\":\"Noticias de trenque lauquen y la zona\",\"publisher\":{\"@id\":\"https:\/\/infoecos.com.ar\/#organization\"},\"alternateName\":\"Noticias\",\"potentialAction\":[{\"@type\":\"SearchAction\",\"target\":{\"@type\":\"EntryPoint\",\"urlTemplate\":\"https:\/\/infoecos.com.ar\/?s={search_term_string}\"},\"query-input\":{\"@type\":\"PropertyValueSpecification\",\"valueRequired\":true,\"valueName\":\"search_term_string\"}}],\"inLanguage\":\"es\"},{\"@type\":\"Organization\",\"@id\":\"https:\/\/infoecos.com.ar\/#organization\",\"name\":\"Infoecos\",\"alternateName\":\"Noticias\",\"url\":\"https:\/\/infoecos.com.ar\/\",\"logo\":{\"@type\":\"ImageObject\",\"inLanguage\":\"es\",\"@id\":\"https:\/\/infoecos.com.ar\/#\/schema\/logo\/image\/\",\"url\":\"https:\/\/infoecos.com.ar\/wp-content\/uploads\/2024\/03\/cropped-logo.png\",\"contentUrl\":\"https:\/\/infoecos.com.ar\/wp-content\/uploads\/2024\/03\/cropped-logo.png\",\"width\":374,\"height\":90,\"caption\":\"Infoecos\"},\"image\":{\"@id\":\"https:\/\/infoecos.com.ar\/#\/schema\/logo\/image\/\"},\"sameAs\":[\"https:\/\/www.facebook.com\/profile.php?id=100063200290284\",\"https:\/\/x.com\/infoecos\"]},{\"@type\":\"Person\",\"@id\":\"https:\/\/infoecos.com.ar\/#\/schema\/person\/8f5ace5ce73b4b4aac4b7245aee6f191\",\"name\":\"Jorge Matheus\",\"url\":\"https:\/\/infoecos.com.ar\/index.php\/author\/jomatheus\/\"}]}<\/script>\n<!-- \/ Yoast SEO plugin. -->","yoast_head_json":{"title":"Despist\u00f3 en el cruce de la ruta nacional 33 y provincial 70, sac\u00e1ndola \"barata\" - Infoecos","robots":{"index":"index","follow":"follow","max-snippet":"max-snippet:-1","max-image-preview":"max-image-preview:large","max-video-preview":"max-video-preview:-1"},"canonical":"https:\/\/infoecos.com.ar\/index.php\/despisto-en-el-cruce-de-la-ruta-nacional-33-y-provincial-70-sacandola-barata\/","og_locale":"es_ES","og_type":"article","og_title":"Despist\u00f3 en el cruce de la ruta nacional 33 y provincial 70, sac\u00e1ndola \"barata\" - Infoecos","og_description":"El conductor del veh\u00edculo debi\u00f3 ser trasladado en ambulancia al hospital de la capital del distrito. Qui\u00e9n lo acompa\u00f1aba result\u00f3 ileso","og_url":"https:\/\/infoecos.com.ar\/index.php\/despisto-en-el-cruce-de-la-ruta-nacional-33-y-provincial-70-sacandola-barata\/","og_site_name":"Infoecos","article_publisher":"https:\/\/www.facebook.com\/profile.php?id=100063200290284","article_published_time":"2023-03-16T03:39:11+00:00","article_modified_time":"2023-03-16T03:39:13+00:00","og_image":[{"width":1599,"height":899,"url":"https:\/\/infoecos.com.ar\/wp-content\/uploads\/2023\/03\/WhatsApp-Image-2023-03-15-at-9.26.27-AM.jpeg","type":"image\/jpeg"}],"author":"Jorge Matheus","twitter_card":"summary_large_image","twitter_creator":"@infoecos","twitter_site":"@infoecos","twitter_misc":{"Escrito por":"Jorge Matheus","Tiempo de lectura":"1 minuto"},"schema":{"@context":"https:\/\/schema.org","@graph":[{"@type":"Article","@id":"https:\/\/infoecos.com.ar\/index.php\/despisto-en-el-cruce-de-la-ruta-nacional-33-y-provincial-70-sacandola-barata\/#article","isPartOf":{"@id":"https:\/\/infoecos.com.ar\/index.php\/despisto-en-el-cruce-de-la-ruta-nacional-33-y-provincial-70-sacandola-barata\/"},"author":{"name":"Jorge Matheus","@id":"https:\/\/infoecos.com.ar\/#\/schema\/person\/8f5ace5ce73b4b4aac4b7245aee6f191"},"headline":"Despist\u00f3 en el cruce de la ruta nacional 33 y provincial 70, sac\u00e1ndola \u00abbarata\u00bb","datePublished":"2023-03-16T03:39:11+00:00","dateModified":"2023-03-16T03:39:13+00:00","mainEntityOfPage":{"@id":"https:\/\/infoecos.com.ar\/index.php\/despisto-en-el-cruce-de-la-ruta-nacional-33-y-provincial-70-sacandola-barata\/"},"wordCount":87,"publisher":{"@id":"https:\/\/infoecos.com.ar\/#organization"},"image":{"@id":"https:\/\/infoecos.com.ar\/index.php\/despisto-en-el-cruce-de-la-ruta-nacional-33-y-provincial-70-sacandola-barata\/#primaryimage"},"thumbnailUrl":"https:\/\/infoecos.com.ar\/wp-content\/uploads\/2023\/03\/WhatsApp-Image-2023-03-15-at-9.26.27-AM.jpeg","keywords":["distrito de rivadavia"],"articleSection":["C2 N3"],"inLanguage":"es"},{"@type":"WebPage","@id":"https:\/\/infoecos.com.ar\/index.php\/despisto-en-el-cruce-de-la-ruta-nacional-33-y-provincial-70-sacandola-barata\/","url":"https:\/\/infoecos.com.ar\/index.php\/despisto-en-el-cruce-de-la-ruta-nacional-33-y-provincial-70-sacandola-barata\/","name":"Despist\u00f3 en el cruce de la ruta nacional 33 y provincial 70, sac\u00e1ndola \"barata\" - Infoecos","isPartOf":{"@id":"https:\/\/infoecos.com.ar\/#website"},"primaryImageOfPage":{"@id":"https:\/\/infoecos.com.ar\/index.php\/despisto-en-el-cruce-de-la-ruta-nacional-33-y-provincial-70-sacandola-barata\/#primaryimage"},"image":{"@id":"https:\/\/infoecos.com.ar\/index.php\/despisto-en-el-cruce-de-la-ruta-nacional-33-y-provincial-70-sacandola-barata\/#primaryimage"},"thumbnailUrl":"https:\/\/infoecos.com.ar\/wp-content\/uploads\/2023\/03\/WhatsApp-Image-2023-03-15-at-9.26.27-AM.jpeg","datePublished":"2023-03-16T03:39:11+00:00","dateModified":"2023-03-16T03:39:13+00:00","breadcrumb":{"@id":"https:\/\/infoecos.com.ar\/index.php\/despisto-en-el-cruce-de-la-ruta-nacional-33-y-provincial-70-sacandola-barata\/#breadcrumb"},"inLanguage":"es","potentialAction":[{"@type":"ReadAction","target":["https:\/\/infoecos.com.ar\/index.php\/despisto-en-el-cruce-de-la-ruta-nacional-33-y-provincial-70-sacandola-barata\/"]}]},{"@type":"ImageObject","inLanguage":"es","@id":"https:\/\/infoecos.com.ar\/index.php\/despisto-en-el-cruce-de-la-ruta-nacional-33-y-provincial-70-sacandola-barata\/#primaryimage","url":"https:\/\/infoecos.com.ar\/wp-content\/uploads\/2023\/03\/WhatsApp-Image-2023-03-15-at-9.26.27-AM.jpeg","contentUrl":"https:\/\/infoecos.com.ar\/wp-content\/uploads\/2023\/03\/WhatsApp-Image-2023-03-15-at-9.26.27-AM.jpeg","width":1599,"height":899},{"@type":"BreadcrumbList","@id":"https:\/\/infoecos.com.ar\/index.php\/despisto-en-el-cruce-de-la-ruta-nacional-33-y-provincial-70-sacandola-barata\/#breadcrumb","itemListElement":[{"@type":"ListItem","position":1,"name":"Portada","item":"https:\/\/infoecos.com.ar\/"},{"@type":"ListItem","position":2,"name":"Despist\u00f3 en el cruce de la ruta nacional 33 y provincial 70, sac\u00e1ndola \u00abbarata\u00bb"}]},{"@type":"WebSite","@id":"https:\/\/infoecos.com.ar\/#website","url":"https:\/\/infoecos.com.ar\/","name":"Infoecos","description":"Noticias de trenque lauquen y la zona","publisher":{"@id":"https:\/\/infoecos.com.ar\/#organization"},"alternateName":"Noticias","potentialAction":[{"@type":"SearchAction","target":{"@type":"EntryPoint","urlTemplate":"https:\/\/infoecos.com.ar\/?s={search_term_string}"},"query-input":{"@type":"PropertyValueSpecification","valueRequired":true,"valueName":"search_term_string"}}],"inLanguage":"es"},{"@type":"Organization","@id":"https:\/\/infoecos.com.ar\/#organization","name":"Infoecos","alternateName":"Noticias","url":"https:\/\/infoecos.com.ar\/","logo":{"@type":"ImageObject","inLanguage":"es","@id":"https:\/\/infoecos.com.ar\/#\/schema\/logo\/image\/","url":"https:\/\/infoecos.com.ar\/wp-content\/uploads\/2024\/03\/cropped-logo.png","contentUrl":"https:\/\/infoecos.com.ar\/wp-content\/uploads\/2024\/03\/cropped-logo.png","width":374,"height":90,"caption":"Infoecos"},"image":{"@id":"https:\/\/infoecos.com.ar\/#\/schema\/logo\/image\/"},"sameAs":["https:\/\/www.facebook.com\/profile.php?id=100063200290284","https:\/\/x.com\/infoecos"]},{"@type":"Person","@id":"https:\/\/infoecos.com.ar\/#\/schema\/person\/8f5ace5ce73b4b4aac4b7245aee6f191","name":"Jorge Matheus","url":"https:\/\/infoecos.com.ar\/index.php\/author\/jomatheus\/"}]}},"featured_image_urls":{"full":["https:\/\/infoecos.com.ar\/wp-content\/uploads\/2023\/03\/WhatsApp-Image-2023-03-15-at-9.26.27-AM.jpeg",1599,899,false],"thumbnail":["https:\/\/infoecos.com.ar\/wp-content\/uploads\/2023\/03\/WhatsApp-Image-2023-03-15-at-9.26.27-AM-300x150.jpeg",300,150,true],"medium":["https:\/\/infoecos.com.ar\/wp-content\/uploads\/2023\/03\/WhatsApp-Image-2023-03-15-at-9.26.27-AM-800x450.jpeg",800,450,true],"medium_large":["https:\/\/infoecos.com.ar\/wp-content\/uploads\/2023\/03\/WhatsApp-Image-2023-03-15-at-9.26.27-AM-768x432.jpeg",640,360,true],"large":["https:\/\/infoecos.com.ar\/wp-content\/uploads\/2023\/03\/WhatsApp-Image-2023-03-15-at-9.26.27-AM.jpeg",640,360,false],"1536x1536":["https:\/\/infoecos.com.ar\/wp-content\/uploads\/2023\/03\/WhatsApp-Image-2023-03-15-at-9.26.27-AM-1536x864.jpeg",1536,864,true],"2048x2048":["https:\/\/infoecos.com.ar\/wp-content\/uploads\/2023\/03\/WhatsApp-Image-2023-03-15-at-9.26.27-AM.jpeg",1599,899,false],"covernews-slider-full":["https:\/\/infoecos.com.ar\/wp-content\/uploads\/2023\/03\/WhatsApp-Image-2023-03-15-at-9.26.27-AM-1536x899.jpeg",1115,653,true],"covernews-slider-center":["https:\/\/infoecos.com.ar\/wp-content\/uploads\/2023\/03\/WhatsApp-Image-2023-03-15-at-9.26.27-AM-936x897.jpeg",522,500,true],"covernews-featured":["https:\/\/infoecos.com.ar\/wp-content\/uploads\/2023\/03\/WhatsApp-Image-2023-03-15-at-9.26.27-AM-1024x576.jpeg",1024,576,true],"covernews-medium":["https:\/\/infoecos.com.ar\/wp-content\/uploads\/2023\/03\/WhatsApp-Image-2023-03-15-at-9.26.27-AM-720x380.jpeg",540,285,true],"covernews-medium-square":["https:\/\/infoecos.com.ar\/wp-content\/uploads\/2023\/03\/WhatsApp-Image-2023-03-15-at-9.26.27-AM-675x450.jpeg",375,250,true]},"author_info":{"info":["Jorge Matheus"]},"category_info":"<a href=\"https:\/\/infoecos.com.ar\/index.php\/category\/c2nota3\/\" rel=\"category tag\">C2 N3<\/a>","tag_info":"C2 N3","comment_count":"0","_links":{"self":[{"href":"https:\/\/infoecos.com.ar\/index.php\/wp-json\/wp\/v2\/posts\/102889"}],"collection":[{"href":"https:\/\/infoecos.com.ar\/index.php\/wp-json\/wp\/v2\/posts"}],"about":[{"href":"https:\/\/infoecos.com.ar\/index.php\/wp-json\/wp\/v2\/types\/post"}],"author":[{"embeddable":true,"href":"https:\/\/infoecos.com.ar\/index.php\/wp-json\/wp\/v2\/users\/2"}],"replies":[{"embeddable":true,"href":"https:\/\/infoecos.com.ar\/index.php\/wp-json\/wp\/v2\/comments?post=102889"}],"version-history":[{"count":1,"href":"https:\/\/infoecos.com.ar\/index.php\/wp-json\/wp\/v2\/posts\/102889\/revisions"}],"predecessor-version":[{"id":102892,"href":"https:\/\/infoecos.com.ar\/index.php\/wp-json\/wp\/v2\/posts\/102889\/revisions\/102892"}],"wp:featuredmedia":[{"embeddable":true,"href":"https:\/\/infoecos.com.ar\/index.php\/wp-json\/wp\/v2\/media\/102891"}],"wp:attachment":[{"href":"https:\/\/infoecos.com.ar\/index.php\/wp-json\/wp\/v2\/media?parent=102889"}],"wp:term":[{"taxonomy":"category","embeddable":true,"href":"https:\/\/infoecos.com.ar\/index.php\/wp-json\/wp\/v2\/categories?post=102889"},{"taxonomy":"post_tag","embeddable":true,"href":"https:\/\/infoecos.com.ar\/index.php\/wp-json\/wp\/v2\/tags?post=102889"}],"curies":[{"name":"wp","href":"https:\/\/api.w.org\/{rel}","templated":true}]}}