{"id":102897,"date":"2023-03-16T11:45:21","date_gmt":"2023-03-16T14:45:21","guid":{"rendered":"https:\/\/infoecos.com.ar\/?p=102897"},"modified":"2023-03-17T11:09:22","modified_gmt":"2023-03-17T14:09:22","slug":"por-falta-de-agua-sin-clases-en-los-colegios-secundarios-de-trenque-lauquen-una-verguenza","status":"publish","type":"post","link":"https:\/\/infoecos.com.ar\/index.php\/por-falta-de-agua-sin-clases-en-los-colegios-secundarios-de-trenque-lauquen-una-verguenza\/","title":{"rendered":"Por falta de agua, sin clases en los colegios secundarios de Trenque Lauquen: una verguenza"},"content":{"rendered":"\n<p><img loading=\"lazy\" decoding=\"async\" height=\"16\" width=\"16\" src=\"https:\/\/static.xx.fbcdn.net\/images\/emoji.php\/v9\/t7d\/1\/16\/1f44e.png\" alt=\"&#x1f44e;\"> Empezar el d\u00eda con la noticia m\u00e1s importante relacionada con la falta de agua en los colegios secundarios de Trenque Lauquen, es una verg\u00fcenza.<\/p>\n\n\n\n<figure class=\"wp-block-image aligncenter size-full is-resized\"><img loading=\"lazy\" decoding=\"async\" src=\"https:\/\/infoecos.com.ar\/wp-content\/uploads\/2023\/03\/Colegios-Secundarios.jpg\" alt=\"\" class=\"wp-image-102898\" width=\"533\" height=\"355\" srcset=\"https:\/\/infoecos.com.ar\/wp-content\/uploads\/2023\/03\/Colegios-Secundarios.jpg 852w, https:\/\/infoecos.com.ar\/wp-content\/uploads\/2023\/03\/Colegios-Secundarios-800x533.jpg 800w, https:\/\/infoecos.com.ar\/wp-content\/uploads\/2023\/03\/Colegios-Secundarios-768x512.jpg 768w, https:\/\/infoecos.com.ar\/wp-content\/uploads\/2023\/03\/Colegios-Secundarios-675x450.jpg 675w\" sizes=\"(max-width: 533px) 100vw, 533px\" \/><\/figure>\n\n\n\n<p>Una comunidad que se jacta de su desarrollo, cabe se pregunte: y esto ?.<\/p>\n\n\n\n<p>Y quienes tienen responsabilidad desde todas las \u00e1reas que no se hagan los distra\u00eddos. Enti\u00e9ndase: provincia, municipio, dirigencia pol\u00edtica y docentes.<\/p>\n\n\n\n<p>Ya deber\u00edan estar cuatro \u00f3 cinco camiones cisternas, como tambi\u00e9n bombas de llenado para los tanques del sistema sanitario.<\/p>\n\n\n\n<p><a><\/a>Suspender la asistencia a clases, es lo m\u00e1s f\u00e1cil ?. No.<\/p>\n\n\n\n<p>Parafraseando a Ortega y Gasset: \u00abtrenquelauquenses responsables en esto&#8230;a las cosas\u00bb.<\/p>\n\n\n\n<p>Los Colegios Secundarios de Trenque Lauquen tienen una historia de contratiempos. <\/p>\n\n\n\n<p>Se demor\u00f3 a\u00f1os en terminar el inmueble. Pudo concretarse durante la gesti\u00f3n de Jorge Barracchia, gracias a un aporte de un mill\u00f3n de pesos concedidos por el gobierno nacional, durante unos d\u00edas al frente del Ejecutivo de Eduardo Duhalde como presidente. Carlos Menem se encontraba de viaje por el exterior. El despu\u00e9s gobernador de la provincia lo reemplazaba en su condici\u00f3n de vicepresidente. La gesti\u00f3n para contar con esos recursos que representaban un mill\u00f3n de d\u00f3lares, la realiz\u00f3 el entonces concejal H\u00e9ctor Garc\u00eda M\u00e9rida. <\/p>\n\n\n\n<p>El dinero lleg\u00f3 en un cheque con esa cifra. Jorge Barracchia se comprometi\u00f3 a encarar la realizaci\u00f3n a trav\u00e9s del municipio. Y as\u00ed fue. La obra fue terminada y Duhalde, ya gobernador bonaerense, vino a Trenque Lauquen a participar de la inauguraci\u00f3n oficial. <\/p>\n\n\n\n<p>Que ocurra una situaci\u00f3n a tono con el t\u00edtulo de este comentario, es inadmisible. La historia, a la corta \u00f3 a la larga, no perdona a quienes se han floreado escondiendo su incapacidad.<\/p>\n\n\n\n<p><\/p>\n\n\n\n<p><\/p>\n\n\n\n<p><\/p>\n","protected":false},"excerpt":{"rendered":"<p>Que ocurra una situaci\u00f3n a tono con el t\u00edtulo de este comentario, es inadmisible. La historia, a la corta \u00f3 a la larga, no perdona a quienes se han floreado escondiendo su incapacidad<\/p>\n","protected":false},"author":2,"featured_media":102898,"comment_status":"closed","ping_status":"open","sticky":false,"template":"","format":"standard","meta":{"footnotes":""},"categories":[1323],"tags":[7521],"class_list":["post-102897","post","type-post","status-publish","format-standard","has-post-thumbnail","hentry","category-c2nota5","tag-educacion-y-obras"],"yoast_head":"<!-- This site is optimized with the Yoast SEO plugin v23.4 - https:\/\/yoast.com\/wordpress\/plugins\/seo\/ -->\n<title>Por falta de agua, sin clases en los colegios secundarios de Trenque Lauquen: una verguenza - Infoecos<\/title>\n<meta name=\"robots\" content=\"index, follow, max-snippet:-1, max-image-preview:large, max-video-preview:-1\" \/>\n<link rel=\"canonical\" href=\"https:\/\/infoecos.com.ar\/index.php\/por-falta-de-agua-sin-clases-en-los-colegios-secundarios-de-trenque-lauquen-una-verguenza\/\" \/>\n<meta property=\"og:locale\" content=\"es_ES\" \/>\n<meta property=\"og:type\" content=\"article\" \/>\n<meta property=\"og:title\" content=\"Por falta de agua, sin clases en los colegios secundarios de Trenque Lauquen: una verguenza - Infoecos\" \/>\n<meta property=\"og:description\" content=\"Que ocurra una situaci\u00f3n a tono con el t\u00edtulo de este comentario, es inadmisible. La historia, a la corta \u00f3 a la larga, no perdona a quienes se han floreado escondiendo su incapacidad\" \/>\n<meta property=\"og:url\" content=\"https:\/\/infoecos.com.ar\/index.php\/por-falta-de-agua-sin-clases-en-los-colegios-secundarios-de-trenque-lauquen-una-verguenza\/\" \/>\n<meta property=\"og:site_name\" content=\"Infoecos\" \/>\n<meta property=\"article:publisher\" content=\"https:\/\/www.facebook.com\/profile.php?id=100063200290284\" \/>\n<meta property=\"article:published_time\" content=\"2023-03-16T14:45:21+00:00\" \/>\n<meta property=\"article:modified_time\" content=\"2023-03-17T14:09:22+00:00\" \/>\n<meta property=\"og:image\" content=\"https:\/\/infoecos.com.ar\/wp-content\/uploads\/2023\/03\/Colegios-Secundarios.jpg\" \/>\n\t<meta property=\"og:image:width\" content=\"852\" \/>\n\t<meta property=\"og:image:height\" content=\"568\" \/>\n\t<meta property=\"og:image:type\" content=\"image\/jpeg\" \/>\n<meta name=\"author\" content=\"Jorge Matheus\" \/>\n<meta name=\"twitter:card\" content=\"summary_large_image\" \/>\n<meta name=\"twitter:creator\" content=\"@infoecos\" \/>\n<meta name=\"twitter:site\" content=\"@infoecos\" \/>\n<meta name=\"twitter:label1\" content=\"Escrito por\" \/>\n\t<meta name=\"twitter:data1\" content=\"Jorge Matheus\" \/>\n\t<meta name=\"twitter:label2\" content=\"Tiempo de lectura\" \/>\n\t<meta name=\"twitter:data2\" content=\"2 minutos\" \/>\n<script type=\"application\/ld+json\" class=\"yoast-schema-graph\">{\"@context\":\"https:\/\/schema.org\",\"@graph\":[{\"@type\":\"Article\",\"@id\":\"https:\/\/infoecos.com.ar\/index.php\/por-falta-de-agua-sin-clases-en-los-colegios-secundarios-de-trenque-lauquen-una-verguenza\/#article\",\"isPartOf\":{\"@id\":\"https:\/\/infoecos.com.ar\/index.php\/por-falta-de-agua-sin-clases-en-los-colegios-secundarios-de-trenque-lauquen-una-verguenza\/\"},\"author\":{\"name\":\"Jorge Matheus\",\"@id\":\"https:\/\/infoecos.com.ar\/#\/schema\/person\/8f5ace5ce73b4b4aac4b7245aee6f191\"},\"headline\":\"Por falta de agua, sin clases en los colegios secundarios de Trenque Lauquen: una verguenza\",\"datePublished\":\"2023-03-16T14:45:21+00:00\",\"dateModified\":\"2023-03-17T14:09:22+00:00\",\"mainEntityOfPage\":{\"@id\":\"https:\/\/infoecos.com.ar\/index.php\/por-falta-de-agua-sin-clases-en-los-colegios-secundarios-de-trenque-lauquen-una-verguenza\/\"},\"wordCount\":310,\"publisher\":{\"@id\":\"https:\/\/infoecos.com.ar\/#organization\"},\"image\":{\"@id\":\"https:\/\/infoecos.com.ar\/index.php\/por-falta-de-agua-sin-clases-en-los-colegios-secundarios-de-trenque-lauquen-una-verguenza\/#primaryimage\"},\"thumbnailUrl\":\"https:\/\/infoecos.com.ar\/wp-content\/uploads\/2023\/03\/Colegios-Secundarios.jpg\",\"keywords\":[\"EDUCACI\u00d3N Y OBRAS\"],\"articleSection\":[\"C2 N5\"],\"inLanguage\":\"es\"},{\"@type\":\"WebPage\",\"@id\":\"https:\/\/infoecos.com.ar\/index.php\/por-falta-de-agua-sin-clases-en-los-colegios-secundarios-de-trenque-lauquen-una-verguenza\/\",\"url\":\"https:\/\/infoecos.com.ar\/index.php\/por-falta-de-agua-sin-clases-en-los-colegios-secundarios-de-trenque-lauquen-una-verguenza\/\",\"name\":\"Por falta de agua, sin clases en los colegios secundarios de Trenque Lauquen: una verguenza - Infoecos\",\"isPartOf\":{\"@id\":\"https:\/\/infoecos.com.ar\/#website\"},\"primaryImageOfPage\":{\"@id\":\"https:\/\/infoecos.com.ar\/index.php\/por-falta-de-agua-sin-clases-en-los-colegios-secundarios-de-trenque-lauquen-una-verguenza\/#primaryimage\"},\"image\":{\"@id\":\"https:\/\/infoecos.com.ar\/index.php\/por-falta-de-agua-sin-clases-en-los-colegios-secundarios-de-trenque-lauquen-una-verguenza\/#primaryimage\"},\"thumbnailUrl\":\"https:\/\/infoecos.com.ar\/wp-content\/uploads\/2023\/03\/Colegios-Secundarios.jpg\",\"datePublished\":\"2023-03-16T14:45:21+00:00\",\"dateModified\":\"2023-03-17T14:09:22+00:00\",\"breadcrumb\":{\"@id\":\"https:\/\/infoecos.com.ar\/index.php\/por-falta-de-agua-sin-clases-en-los-colegios-secundarios-de-trenque-lauquen-una-verguenza\/#breadcrumb\"},\"inLanguage\":\"es\",\"potentialAction\":[{\"@type\":\"ReadAction\",\"target\":[\"https:\/\/infoecos.com.ar\/index.php\/por-falta-de-agua-sin-clases-en-los-colegios-secundarios-de-trenque-lauquen-una-verguenza\/\"]}]},{\"@type\":\"ImageObject\",\"inLanguage\":\"es\",\"@id\":\"https:\/\/infoecos.com.ar\/index.php\/por-falta-de-agua-sin-clases-en-los-colegios-secundarios-de-trenque-lauquen-una-verguenza\/#primaryimage\",\"url\":\"https:\/\/infoecos.com.ar\/wp-content\/uploads\/2023\/03\/Colegios-Secundarios.jpg\",\"contentUrl\":\"https:\/\/infoecos.com.ar\/wp-content\/uploads\/2023\/03\/Colegios-Secundarios.jpg\",\"width\":852,\"height\":568},{\"@type\":\"BreadcrumbList\",\"@id\":\"https:\/\/infoecos.com.ar\/index.php\/por-falta-de-agua-sin-clases-en-los-colegios-secundarios-de-trenque-lauquen-una-verguenza\/#breadcrumb\",\"itemListElement\":[{\"@type\":\"ListItem\",\"position\":1,\"name\":\"Portada\",\"item\":\"https:\/\/infoecos.com.ar\/\"},{\"@type\":\"ListItem\",\"position\":2,\"name\":\"Por falta de agua, sin clases en los colegios secundarios de Trenque Lauquen: una verguenza\"}]},{\"@type\":\"WebSite\",\"@id\":\"https:\/\/infoecos.com.ar\/#website\",\"url\":\"https:\/\/infoecos.com.ar\/\",\"name\":\"Infoecos\",\"description\":\"Noticias de trenque lauquen y la zona\",\"publisher\":{\"@id\":\"https:\/\/infoecos.com.ar\/#organization\"},\"alternateName\":\"Noticias\",\"potentialAction\":[{\"@type\":\"SearchAction\",\"target\":{\"@type\":\"EntryPoint\",\"urlTemplate\":\"https:\/\/infoecos.com.ar\/?s={search_term_string}\"},\"query-input\":{\"@type\":\"PropertyValueSpecification\",\"valueRequired\":true,\"valueName\":\"search_term_string\"}}],\"inLanguage\":\"es\"},{\"@type\":\"Organization\",\"@id\":\"https:\/\/infoecos.com.ar\/#organization\",\"name\":\"Infoecos\",\"alternateName\":\"Noticias\",\"url\":\"https:\/\/infoecos.com.ar\/\",\"logo\":{\"@type\":\"ImageObject\",\"inLanguage\":\"es\",\"@id\":\"https:\/\/infoecos.com.ar\/#\/schema\/logo\/image\/\",\"url\":\"https:\/\/infoecos.com.ar\/wp-content\/uploads\/2024\/03\/cropped-logo.png\",\"contentUrl\":\"https:\/\/infoecos.com.ar\/wp-content\/uploads\/2024\/03\/cropped-logo.png\",\"width\":374,\"height\":90,\"caption\":\"Infoecos\"},\"image\":{\"@id\":\"https:\/\/infoecos.com.ar\/#\/schema\/logo\/image\/\"},\"sameAs\":[\"https:\/\/www.facebook.com\/profile.php?id=100063200290284\",\"https:\/\/x.com\/infoecos\"]},{\"@type\":\"Person\",\"@id\":\"https:\/\/infoecos.com.ar\/#\/schema\/person\/8f5ace5ce73b4b4aac4b7245aee6f191\",\"name\":\"Jorge Matheus\",\"url\":\"https:\/\/infoecos.com.ar\/index.php\/author\/jomatheus\/\"}]}<\/script>\n<!-- \/ Yoast SEO plugin. -->","yoast_head_json":{"title":"Por falta de agua, sin clases en los colegios secundarios de Trenque Lauquen: una verguenza - Infoecos","robots":{"index":"index","follow":"follow","max-snippet":"max-snippet:-1","max-image-preview":"max-image-preview:large","max-video-preview":"max-video-preview:-1"},"canonical":"https:\/\/infoecos.com.ar\/index.php\/por-falta-de-agua-sin-clases-en-los-colegios-secundarios-de-trenque-lauquen-una-verguenza\/","og_locale":"es_ES","og_type":"article","og_title":"Por falta de agua, sin clases en los colegios secundarios de Trenque Lauquen: una verguenza - Infoecos","og_description":"Que ocurra una situaci\u00f3n a tono con el t\u00edtulo de este comentario, es inadmisible. La historia, a la corta \u00f3 a la larga, no perdona a quienes se han floreado escondiendo su incapacidad","og_url":"https:\/\/infoecos.com.ar\/index.php\/por-falta-de-agua-sin-clases-en-los-colegios-secundarios-de-trenque-lauquen-una-verguenza\/","og_site_name":"Infoecos","article_publisher":"https:\/\/www.facebook.com\/profile.php?id=100063200290284","article_published_time":"2023-03-16T14:45:21+00:00","article_modified_time":"2023-03-17T14:09:22+00:00","og_image":[{"width":852,"height":568,"url":"https:\/\/infoecos.com.ar\/wp-content\/uploads\/2023\/03\/Colegios-Secundarios.jpg","type":"image\/jpeg"}],"author":"Jorge Matheus","twitter_card":"summary_large_image","twitter_creator":"@infoecos","twitter_site":"@infoecos","twitter_misc":{"Escrito por":"Jorge Matheus","Tiempo de lectura":"2 minutos"},"schema":{"@context":"https:\/\/schema.org","@graph":[{"@type":"Article","@id":"https:\/\/infoecos.com.ar\/index.php\/por-falta-de-agua-sin-clases-en-los-colegios-secundarios-de-trenque-lauquen-una-verguenza\/#article","isPartOf":{"@id":"https:\/\/infoecos.com.ar\/index.php\/por-falta-de-agua-sin-clases-en-los-colegios-secundarios-de-trenque-lauquen-una-verguenza\/"},"author":{"name":"Jorge Matheus","@id":"https:\/\/infoecos.com.ar\/#\/schema\/person\/8f5ace5ce73b4b4aac4b7245aee6f191"},"headline":"Por falta de agua, sin clases en los colegios secundarios de Trenque Lauquen: una verguenza","datePublished":"2023-03-16T14:45:21+00:00","dateModified":"2023-03-17T14:09:22+00:00","mainEntityOfPage":{"@id":"https:\/\/infoecos.com.ar\/index.php\/por-falta-de-agua-sin-clases-en-los-colegios-secundarios-de-trenque-lauquen-una-verguenza\/"},"wordCount":310,"publisher":{"@id":"https:\/\/infoecos.com.ar\/#organization"},"image":{"@id":"https:\/\/infoecos.com.ar\/index.php\/por-falta-de-agua-sin-clases-en-los-colegios-secundarios-de-trenque-lauquen-una-verguenza\/#primaryimage"},"thumbnailUrl":"https:\/\/infoecos.com.ar\/wp-content\/uploads\/2023\/03\/Colegios-Secundarios.jpg","keywords":["EDUCACI\u00d3N Y OBRAS"],"articleSection":["C2 N5"],"inLanguage":"es"},{"@type":"WebPage","@id":"https:\/\/infoecos.com.ar\/index.php\/por-falta-de-agua-sin-clases-en-los-colegios-secundarios-de-trenque-lauquen-una-verguenza\/","url":"https:\/\/infoecos.com.ar\/index.php\/por-falta-de-agua-sin-clases-en-los-colegios-secundarios-de-trenque-lauquen-una-verguenza\/","name":"Por falta de agua, sin clases en los colegios secundarios de Trenque Lauquen: una verguenza - Infoecos","isPartOf":{"@id":"https:\/\/infoecos.com.ar\/#website"},"primaryImageOfPage":{"@id":"https:\/\/infoecos.com.ar\/index.php\/por-falta-de-agua-sin-clases-en-los-colegios-secundarios-de-trenque-lauquen-una-verguenza\/#primaryimage"},"image":{"@id":"https:\/\/infoecos.com.ar\/index.php\/por-falta-de-agua-sin-clases-en-los-colegios-secundarios-de-trenque-lauquen-una-verguenza\/#primaryimage"},"thumbnailUrl":"https:\/\/infoecos.com.ar\/wp-content\/uploads\/2023\/03\/Colegios-Secundarios.jpg","datePublished":"2023-03-16T14:45:21+00:00","dateModified":"2023-03-17T14:09:22+00:00","breadcrumb":{"@id":"https:\/\/infoecos.com.ar\/index.php\/por-falta-de-agua-sin-clases-en-los-colegios-secundarios-de-trenque-lauquen-una-verguenza\/#breadcrumb"},"inLanguage":"es","potentialAction":[{"@type":"ReadAction","target":["https:\/\/infoecos.com.ar\/index.php\/por-falta-de-agua-sin-clases-en-los-colegios-secundarios-de-trenque-lauquen-una-verguenza\/"]}]},{"@type":"ImageObject","inLanguage":"es","@id":"https:\/\/infoecos.com.ar\/index.php\/por-falta-de-agua-sin-clases-en-los-colegios-secundarios-de-trenque-lauquen-una-verguenza\/#primaryimage","url":"https:\/\/infoecos.com.ar\/wp-content\/uploads\/2023\/03\/Colegios-Secundarios.jpg","contentUrl":"https:\/\/infoecos.com.ar\/wp-content\/uploads\/2023\/03\/Colegios-Secundarios.jpg","width":852,"height":568},{"@type":"BreadcrumbList","@id":"https:\/\/infoecos.com.ar\/index.php\/por-falta-de-agua-sin-clases-en-los-colegios-secundarios-de-trenque-lauquen-una-verguenza\/#breadcrumb","itemListElement":[{"@type":"ListItem","position":1,"name":"Portada","item":"https:\/\/infoecos.com.ar\/"},{"@type":"ListItem","position":2,"name":"Por falta de agua, sin clases en los colegios secundarios de Trenque Lauquen: una verguenza"}]},{"@type":"WebSite","@id":"https:\/\/infoecos.com.ar\/#website","url":"https:\/\/infoecos.com.ar\/","name":"Infoecos","description":"Noticias de trenque lauquen y la zona","publisher":{"@id":"https:\/\/infoecos.com.ar\/#organization"},"alternateName":"Noticias","potentialAction":[{"@type":"SearchAction","target":{"@type":"EntryPoint","urlTemplate":"https:\/\/infoecos.com.ar\/?s={search_term_string}"},"query-input":{"@type":"PropertyValueSpecification","valueRequired":true,"valueName":"search_term_string"}}],"inLanguage":"es"},{"@type":"Organization","@id":"https:\/\/infoecos.com.ar\/#organization","name":"Infoecos","alternateName":"Noticias","url":"https:\/\/infoecos.com.ar\/","logo":{"@type":"ImageObject","inLanguage":"es","@id":"https:\/\/infoecos.com.ar\/#\/schema\/logo\/image\/","url":"https:\/\/infoecos.com.ar\/wp-content\/uploads\/2024\/03\/cropped-logo.png","contentUrl":"https:\/\/infoecos.com.ar\/wp-content\/uploads\/2024\/03\/cropped-logo.png","width":374,"height":90,"caption":"Infoecos"},"image":{"@id":"https:\/\/infoecos.com.ar\/#\/schema\/logo\/image\/"},"sameAs":["https:\/\/www.facebook.com\/profile.php?id=100063200290284","https:\/\/x.com\/infoecos"]},{"@type":"Person","@id":"https:\/\/infoecos.com.ar\/#\/schema\/person\/8f5ace5ce73b4b4aac4b7245aee6f191","name":"Jorge Matheus","url":"https:\/\/infoecos.com.ar\/index.php\/author\/jomatheus\/"}]}},"featured_image_urls":{"full":["https:\/\/infoecos.com.ar\/wp-content\/uploads\/2023\/03\/Colegios-Secundarios.jpg",852,568,false],"thumbnail":["https:\/\/infoecos.com.ar\/wp-content\/uploads\/2023\/03\/Colegios-Secundarios-300x150.jpg",300,150,true],"medium":["https:\/\/infoecos.com.ar\/wp-content\/uploads\/2023\/03\/Colegios-Secundarios-800x533.jpg",800,533,true],"medium_large":["https:\/\/infoecos.com.ar\/wp-content\/uploads\/2023\/03\/Colegios-Secundarios-768x512.jpg",640,427,true],"large":["https:\/\/infoecos.com.ar\/wp-content\/uploads\/2023\/03\/Colegios-Secundarios.jpg",640,427,false],"1536x1536":["https:\/\/infoecos.com.ar\/wp-content\/uploads\/2023\/03\/Colegios-Secundarios.jpg",852,568,false],"2048x2048":["https:\/\/infoecos.com.ar\/wp-content\/uploads\/2023\/03\/Colegios-Secundarios.jpg",852,568,false],"covernews-slider-full":["https:\/\/infoecos.com.ar\/wp-content\/uploads\/2023\/03\/Colegios-Secundarios.jpg",852,568,false],"covernews-slider-center":["https:\/\/infoecos.com.ar\/wp-content\/uploads\/2023\/03\/Colegios-Secundarios.jpg",750,500,false],"covernews-featured":["https:\/\/infoecos.com.ar\/wp-content\/uploads\/2023\/03\/Colegios-Secundarios.jpg",852,568,false],"covernews-medium":["https:\/\/infoecos.com.ar\/wp-content\/uploads\/2023\/03\/Colegios-Secundarios-720x380.jpg",540,285,true],"covernews-medium-square":["https:\/\/infoecos.com.ar\/wp-content\/uploads\/2023\/03\/Colegios-Secundarios-675x450.jpg",375,250,true]},"author_info":{"info":["Jorge Matheus"]},"category_info":"<a href=\"https:\/\/infoecos.com.ar\/index.php\/category\/c2nota5\/\" rel=\"category tag\">C2 N5<\/a>","tag_info":"C2 N5","comment_count":"0","_links":{"self":[{"href":"https:\/\/infoecos.com.ar\/index.php\/wp-json\/wp\/v2\/posts\/102897"}],"collection":[{"href":"https:\/\/infoecos.com.ar\/index.php\/wp-json\/wp\/v2\/posts"}],"about":[{"href":"https:\/\/infoecos.com.ar\/index.php\/wp-json\/wp\/v2\/types\/post"}],"author":[{"embeddable":true,"href":"https:\/\/infoecos.com.ar\/index.php\/wp-json\/wp\/v2\/users\/2"}],"replies":[{"embeddable":true,"href":"https:\/\/infoecos.com.ar\/index.php\/wp-json\/wp\/v2\/comments?post=102897"}],"version-history":[{"count":1,"href":"https:\/\/infoecos.com.ar\/index.php\/wp-json\/wp\/v2\/posts\/102897\/revisions"}],"predecessor-version":[{"id":102899,"href":"https:\/\/infoecos.com.ar\/index.php\/wp-json\/wp\/v2\/posts\/102897\/revisions\/102899"}],"wp:featuredmedia":[{"embeddable":true,"href":"https:\/\/infoecos.com.ar\/index.php\/wp-json\/wp\/v2\/media\/102898"}],"wp:attachment":[{"href":"https:\/\/infoecos.com.ar\/index.php\/wp-json\/wp\/v2\/media?parent=102897"}],"wp:term":[{"taxonomy":"category","embeddable":true,"href":"https:\/\/infoecos.com.ar\/index.php\/wp-json\/wp\/v2\/categories?post=102897"},{"taxonomy":"post_tag","embeddable":true,"href":"https:\/\/infoecos.com.ar\/index.php\/wp-json\/wp\/v2\/tags?post=102897"}],"curies":[{"name":"wp","href":"https:\/\/api.w.org\/{rel}","templated":true}]}}