{"id":102913,"date":"2023-03-16T13:28:30","date_gmt":"2023-03-16T16:28:30","guid":{"rendered":"https:\/\/infoecos.com.ar\/?p=102913"},"modified":"2023-03-17T12:28:54","modified_gmt":"2023-03-17T15:28:54","slug":"lauro-brindo-detalles-de-su-trabajo-en-el-armado-de-politicas-publicas-para-el-deporte-bonaerense","status":"publish","type":"post","link":"https:\/\/infoecos.com.ar\/index.php\/lauro-brindo-detalles-de-su-trabajo-en-el-armado-de-politicas-publicas-para-el-deporte-bonaerense\/","title":{"rendered":"Lauro brind\u00f3 detalles de su trabajo en el armado de pol\u00edticas p\u00fablicas para el deporte bonaerense"},"content":{"rendered":"\n<p>Germ\u00e1n Lauro form\u00f3 parte de la presentaci\u00f3n de las propuestas de pol\u00edticas p\u00fablicas y gobierno de la Fundaci\u00f3n Poder que tiene su origen en la Uni\u00f3n C\u00edvica Radical. El reconocido atleta ol\u00edmpico fue el coordinador del \u00e1rea de deportes.<\/p>\n\n\n\n<p>Lauro viene elaborando las iniciativas de la Fundaci\u00f3n Poder junto a los directores de Deportes del territorio bonaerense, con quienes se ha reunido durante estos \u00faltimos meses. Adem\u00e1s mantuvo contactos con deportistas de \u00e9lite y amateur de la provincia a fin de elaborar un Programa de Gobierno. <\/p>\n\n\n\n<p>El \u00e1rea de Deportes que coordina Germ\u00e1n Lauro es una de las 15 de la Fundaci\u00f3n Poder que preside Alejandra Lorden. <\/p>\n\n\n\n<figure class=\"wp-block-image aligncenter size-full is-resized\"><img loading=\"lazy\" decoding=\"async\" src=\"https:\/\/infoecos.com.ar\/wp-content\/uploads\/2023\/03\/IMG-20230315-WA0082.jpg\" alt=\"\" class=\"wp-image-102914\" width=\"359\" height=\"421\"\/><figcaption class=\"wp-element-caption\">Lauro &#8211; Lord\u00e9n &#8211; Miranda <\/figcaption><\/figure>\n\n\n\n<p>\u201cVenimos trabajando desde hace tiempo con deportistas de todas las edades y todos los niveles y con directores de Deportes de distintas regiones de la provincia, cuyas opiniones y realidades se suman al aporte que tambi\u00e9n realiza el diputado Valent\u00edn Miranda con quien he concretado muchos de estos viajes, pero adem\u00e1s ya estamos planificando futuras actividades\u201d, coment\u00f3 Germ\u00e1n Lauro, quien recalc\u00f3: \u201cNo nos quedamos en el diagn\u00f3stico o la queja, avanzamos en soluciones para muchos frentes que pueden ser atendidos con herramientas y pol\u00edticas activas particulares o generales, dependiendo de la problem\u00e1tica\u201d.<\/p>\n\n\n\n<p>La Fundaci\u00f3n Poder fue presentada a principios de este a\u00f1o como la usina de ideas de la UCR de la Provincia de Buenos Aires y producto de la labor desarrollada en equipos de trabajo se dise\u00f1\u00f3 un programa de \u201cPol\u00edticas P\u00fablicas\u201d.<\/p>\n\n\n\n<figure class=\"wp-block-image aligncenter size-full is-resized\"><img loading=\"lazy\" decoding=\"async\" src=\"https:\/\/infoecos.com.ar\/wp-content\/uploads\/2023\/03\/IMG-20230315-WA0081-1.jpg\" alt=\"\" class=\"wp-image-102916\" width=\"363\" height=\"483\" srcset=\"https:\/\/infoecos.com.ar\/wp-content\/uploads\/2023\/03\/IMG-20230315-WA0081-1.jpg 700w, https:\/\/infoecos.com.ar\/wp-content\/uploads\/2023\/03\/IMG-20230315-WA0081-1-600x800.jpg 600w\" sizes=\"(max-width: 363px) 100vw, 363px\" \/><figcaption class=\"wp-element-caption\">Lauro Germ\u00e1n <\/figcaption><\/figure>\n\n\n\n<p>\u201cNotamos que hay mucho cansancio en la gente que se ha dado cuenta en base a sus propias experiencias que no van m\u00e1s los estados ineficientes y desordenados, y si bien trabaj\u00e9 en el \u00e1rea de Deportes, hay propuestas en segmentos como producci\u00f3n, agroindustria, ordenamiento territorial, conocimiento y tecnolog\u00eda, cultura, econom\u00eda, educaci\u00f3n, discapacidad, salud, pol\u00edticas sociales, ambiente, seguridad, modernizaci\u00f3n del Estado, Justicia, entre otros, que realmente est\u00e1n pensando en una Provincia que pueda desarrollarse de manera equilibrada y vigorosa\u201d, enumer\u00f3 Lauro.<\/p>\n","protected":false},"excerpt":{"rendered":"<p>La Fundaci\u00f3n Poder fue presentada a principios de este a\u00f1o como la usina de ideas de la UCR de la Provincia de Buenos Aires y producto de la labor desarrollada en equipos de trabajo se dise\u00f1\u00f3 un programa de \u201cPol\u00edticas P\u00fablicas\u201d<\/p>\n","protected":false},"author":2,"featured_media":82203,"comment_status":"closed","ping_status":"open","sticky":false,"template":"","format":"standard","meta":{"footnotes":""},"categories":[46],"tags":[6220],"class_list":["post-102913","post","type-post","status-publish","format-standard","has-post-thumbnail","hentry","category-c2nota2","tag-fundacion-poder"],"yoast_head":"<!-- This site is optimized with the Yoast SEO plugin v23.4 - https:\/\/yoast.com\/wordpress\/plugins\/seo\/ -->\n<title>Lauro brind\u00f3 detalles de su trabajo en el armado de pol\u00edticas p\u00fablicas para el deporte bonaerense - Infoecos<\/title>\n<meta name=\"robots\" content=\"index, follow, max-snippet:-1, max-image-preview:large, max-video-preview:-1\" \/>\n<link rel=\"canonical\" href=\"https:\/\/infoecos.com.ar\/index.php\/lauro-brindo-detalles-de-su-trabajo-en-el-armado-de-politicas-publicas-para-el-deporte-bonaerense\/\" \/>\n<meta property=\"og:locale\" content=\"es_ES\" \/>\n<meta property=\"og:type\" content=\"article\" \/>\n<meta property=\"og:title\" content=\"Lauro brind\u00f3 detalles de su trabajo en el armado de pol\u00edticas p\u00fablicas para el deporte bonaerense - Infoecos\" \/>\n<meta property=\"og:description\" content=\"La Fundaci\u00f3n Poder fue presentada a principios de este a\u00f1o como la usina de ideas de la UCR de la Provincia de Buenos Aires y producto de la labor desarrollada en equipos de trabajo se dise\u00f1\u00f3 un programa de \u201cPol\u00edticas P\u00fablicas\u201d\" \/>\n<meta property=\"og:url\" content=\"https:\/\/infoecos.com.ar\/index.php\/lauro-brindo-detalles-de-su-trabajo-en-el-armado-de-politicas-publicas-para-el-deporte-bonaerense\/\" \/>\n<meta property=\"og:site_name\" content=\"Infoecos\" \/>\n<meta property=\"article:publisher\" content=\"https:\/\/www.facebook.com\/profile.php?id=100063200290284\" \/>\n<meta property=\"article:published_time\" content=\"2023-03-16T16:28:30+00:00\" \/>\n<meta property=\"article:modified_time\" content=\"2023-03-17T15:28:54+00:00\" \/>\n<meta property=\"og:image\" content=\"https:\/\/infoecos.com.ar\/wp-content\/uploads\/2021\/07\/laurogerman.jpg\" \/>\n\t<meta property=\"og:image:width\" content=\"1004\" \/>\n\t<meta property=\"og:image:height\" content=\"565\" \/>\n\t<meta property=\"og:image:type\" content=\"image\/jpeg\" \/>\n<meta name=\"author\" content=\"Jorge Matheus\" \/>\n<meta name=\"twitter:card\" content=\"summary_large_image\" \/>\n<meta name=\"twitter:creator\" content=\"@infoecos\" \/>\n<meta name=\"twitter:site\" content=\"@infoecos\" \/>\n<meta name=\"twitter:label1\" content=\"Escrito por\" \/>\n\t<meta name=\"twitter:data1\" content=\"Jorge Matheus\" \/>\n\t<meta name=\"twitter:label2\" content=\"Tiempo de lectura\" \/>\n\t<meta name=\"twitter:data2\" content=\"2 minutos\" \/>\n<script type=\"application\/ld+json\" class=\"yoast-schema-graph\">{\"@context\":\"https:\/\/schema.org\",\"@graph\":[{\"@type\":\"Article\",\"@id\":\"https:\/\/infoecos.com.ar\/index.php\/lauro-brindo-detalles-de-su-trabajo-en-el-armado-de-politicas-publicas-para-el-deporte-bonaerense\/#article\",\"isPartOf\":{\"@id\":\"https:\/\/infoecos.com.ar\/index.php\/lauro-brindo-detalles-de-su-trabajo-en-el-armado-de-politicas-publicas-para-el-deporte-bonaerense\/\"},\"author\":{\"name\":\"Jorge Matheus\",\"@id\":\"https:\/\/infoecos.com.ar\/#\/schema\/person\/8f5ace5ce73b4b4aac4b7245aee6f191\"},\"headline\":\"Lauro brind\u00f3 detalles de su trabajo en el armado de pol\u00edticas p\u00fablicas para el deporte bonaerense\",\"datePublished\":\"2023-03-16T16:28:30+00:00\",\"dateModified\":\"2023-03-17T15:28:54+00:00\",\"mainEntityOfPage\":{\"@id\":\"https:\/\/infoecos.com.ar\/index.php\/lauro-brindo-detalles-de-su-trabajo-en-el-armado-de-politicas-publicas-para-el-deporte-bonaerense\/\"},\"wordCount\":378,\"publisher\":{\"@id\":\"https:\/\/infoecos.com.ar\/#organization\"},\"image\":{\"@id\":\"https:\/\/infoecos.com.ar\/index.php\/lauro-brindo-detalles-de-su-trabajo-en-el-armado-de-politicas-publicas-para-el-deporte-bonaerense\/#primaryimage\"},\"thumbnailUrl\":\"https:\/\/infoecos.com.ar\/wp-content\/uploads\/2021\/07\/laurogerman.jpg\",\"keywords\":[\"FUNDACI\u00d3N PODER\"],\"articleSection\":[\"C2 N2\"],\"inLanguage\":\"es\"},{\"@type\":\"WebPage\",\"@id\":\"https:\/\/infoecos.com.ar\/index.php\/lauro-brindo-detalles-de-su-trabajo-en-el-armado-de-politicas-publicas-para-el-deporte-bonaerense\/\",\"url\":\"https:\/\/infoecos.com.ar\/index.php\/lauro-brindo-detalles-de-su-trabajo-en-el-armado-de-politicas-publicas-para-el-deporte-bonaerense\/\",\"name\":\"Lauro brind\u00f3 detalles de su trabajo en el armado de pol\u00edticas p\u00fablicas para el deporte bonaerense - Infoecos\",\"isPartOf\":{\"@id\":\"https:\/\/infoecos.com.ar\/#website\"},\"primaryImageOfPage\":{\"@id\":\"https:\/\/infoecos.com.ar\/index.php\/lauro-brindo-detalles-de-su-trabajo-en-el-armado-de-politicas-publicas-para-el-deporte-bonaerense\/#primaryimage\"},\"image\":{\"@id\":\"https:\/\/infoecos.com.ar\/index.php\/lauro-brindo-detalles-de-su-trabajo-en-el-armado-de-politicas-publicas-para-el-deporte-bonaerense\/#primaryimage\"},\"thumbnailUrl\":\"https:\/\/infoecos.com.ar\/wp-content\/uploads\/2021\/07\/laurogerman.jpg\",\"datePublished\":\"2023-03-16T16:28:30+00:00\",\"dateModified\":\"2023-03-17T15:28:54+00:00\",\"breadcrumb\":{\"@id\":\"https:\/\/infoecos.com.ar\/index.php\/lauro-brindo-detalles-de-su-trabajo-en-el-armado-de-politicas-publicas-para-el-deporte-bonaerense\/#breadcrumb\"},\"inLanguage\":\"es\",\"potentialAction\":[{\"@type\":\"ReadAction\",\"target\":[\"https:\/\/infoecos.com.ar\/index.php\/lauro-brindo-detalles-de-su-trabajo-en-el-armado-de-politicas-publicas-para-el-deporte-bonaerense\/\"]}]},{\"@type\":\"ImageObject\",\"inLanguage\":\"es\",\"@id\":\"https:\/\/infoecos.com.ar\/index.php\/lauro-brindo-detalles-de-su-trabajo-en-el-armado-de-politicas-publicas-para-el-deporte-bonaerense\/#primaryimage\",\"url\":\"https:\/\/infoecos.com.ar\/wp-content\/uploads\/2021\/07\/laurogerman.jpg\",\"contentUrl\":\"https:\/\/infoecos.com.ar\/wp-content\/uploads\/2021\/07\/laurogerman.jpg\",\"width\":1004,\"height\":565},{\"@type\":\"BreadcrumbList\",\"@id\":\"https:\/\/infoecos.com.ar\/index.php\/lauro-brindo-detalles-de-su-trabajo-en-el-armado-de-politicas-publicas-para-el-deporte-bonaerense\/#breadcrumb\",\"itemListElement\":[{\"@type\":\"ListItem\",\"position\":1,\"name\":\"Portada\",\"item\":\"https:\/\/infoecos.com.ar\/\"},{\"@type\":\"ListItem\",\"position\":2,\"name\":\"Lauro brind\u00f3 detalles de su trabajo en el armado de pol\u00edticas p\u00fablicas para el deporte bonaerense\"}]},{\"@type\":\"WebSite\",\"@id\":\"https:\/\/infoecos.com.ar\/#website\",\"url\":\"https:\/\/infoecos.com.ar\/\",\"name\":\"Infoecos\",\"description\":\"Noticias de trenque lauquen y la zona\",\"publisher\":{\"@id\":\"https:\/\/infoecos.com.ar\/#organization\"},\"alternateName\":\"Noticias\",\"potentialAction\":[{\"@type\":\"SearchAction\",\"target\":{\"@type\":\"EntryPoint\",\"urlTemplate\":\"https:\/\/infoecos.com.ar\/?s={search_term_string}\"},\"query-input\":{\"@type\":\"PropertyValueSpecification\",\"valueRequired\":true,\"valueName\":\"search_term_string\"}}],\"inLanguage\":\"es\"},{\"@type\":\"Organization\",\"@id\":\"https:\/\/infoecos.com.ar\/#organization\",\"name\":\"Infoecos\",\"alternateName\":\"Noticias\",\"url\":\"https:\/\/infoecos.com.ar\/\",\"logo\":{\"@type\":\"ImageObject\",\"inLanguage\":\"es\",\"@id\":\"https:\/\/infoecos.com.ar\/#\/schema\/logo\/image\/\",\"url\":\"https:\/\/infoecos.com.ar\/wp-content\/uploads\/2024\/03\/cropped-logo.png\",\"contentUrl\":\"https:\/\/infoecos.com.ar\/wp-content\/uploads\/2024\/03\/cropped-logo.png\",\"width\":374,\"height\":90,\"caption\":\"Infoecos\"},\"image\":{\"@id\":\"https:\/\/infoecos.com.ar\/#\/schema\/logo\/image\/\"},\"sameAs\":[\"https:\/\/www.facebook.com\/profile.php?id=100063200290284\",\"https:\/\/x.com\/infoecos\"]},{\"@type\":\"Person\",\"@id\":\"https:\/\/infoecos.com.ar\/#\/schema\/person\/8f5ace5ce73b4b4aac4b7245aee6f191\",\"name\":\"Jorge Matheus\",\"url\":\"https:\/\/infoecos.com.ar\/index.php\/author\/jomatheus\/\"}]}<\/script>\n<!-- \/ Yoast SEO plugin. -->","yoast_head_json":{"title":"Lauro brind\u00f3 detalles de su trabajo en el armado de pol\u00edticas p\u00fablicas para el deporte bonaerense - Infoecos","robots":{"index":"index","follow":"follow","max-snippet":"max-snippet:-1","max-image-preview":"max-image-preview:large","max-video-preview":"max-video-preview:-1"},"canonical":"https:\/\/infoecos.com.ar\/index.php\/lauro-brindo-detalles-de-su-trabajo-en-el-armado-de-politicas-publicas-para-el-deporte-bonaerense\/","og_locale":"es_ES","og_type":"article","og_title":"Lauro brind\u00f3 detalles de su trabajo en el armado de pol\u00edticas p\u00fablicas para el deporte bonaerense - Infoecos","og_description":"La Fundaci\u00f3n Poder fue presentada a principios de este a\u00f1o como la usina de ideas de la UCR de la Provincia de Buenos Aires y producto de la labor desarrollada en equipos de trabajo se dise\u00f1\u00f3 un programa de \u201cPol\u00edticas P\u00fablicas\u201d","og_url":"https:\/\/infoecos.com.ar\/index.php\/lauro-brindo-detalles-de-su-trabajo-en-el-armado-de-politicas-publicas-para-el-deporte-bonaerense\/","og_site_name":"Infoecos","article_publisher":"https:\/\/www.facebook.com\/profile.php?id=100063200290284","article_published_time":"2023-03-16T16:28:30+00:00","article_modified_time":"2023-03-17T15:28:54+00:00","og_image":[{"width":1004,"height":565,"url":"https:\/\/infoecos.com.ar\/wp-content\/uploads\/2021\/07\/laurogerman.jpg","type":"image\/jpeg"}],"author":"Jorge Matheus","twitter_card":"summary_large_image","twitter_creator":"@infoecos","twitter_site":"@infoecos","twitter_misc":{"Escrito por":"Jorge Matheus","Tiempo de lectura":"2 minutos"},"schema":{"@context":"https:\/\/schema.org","@graph":[{"@type":"Article","@id":"https:\/\/infoecos.com.ar\/index.php\/lauro-brindo-detalles-de-su-trabajo-en-el-armado-de-politicas-publicas-para-el-deporte-bonaerense\/#article","isPartOf":{"@id":"https:\/\/infoecos.com.ar\/index.php\/lauro-brindo-detalles-de-su-trabajo-en-el-armado-de-politicas-publicas-para-el-deporte-bonaerense\/"},"author":{"name":"Jorge Matheus","@id":"https:\/\/infoecos.com.ar\/#\/schema\/person\/8f5ace5ce73b4b4aac4b7245aee6f191"},"headline":"Lauro brind\u00f3 detalles de su trabajo en el armado de pol\u00edticas p\u00fablicas para el deporte bonaerense","datePublished":"2023-03-16T16:28:30+00:00","dateModified":"2023-03-17T15:28:54+00:00","mainEntityOfPage":{"@id":"https:\/\/infoecos.com.ar\/index.php\/lauro-brindo-detalles-de-su-trabajo-en-el-armado-de-politicas-publicas-para-el-deporte-bonaerense\/"},"wordCount":378,"publisher":{"@id":"https:\/\/infoecos.com.ar\/#organization"},"image":{"@id":"https:\/\/infoecos.com.ar\/index.php\/lauro-brindo-detalles-de-su-trabajo-en-el-armado-de-politicas-publicas-para-el-deporte-bonaerense\/#primaryimage"},"thumbnailUrl":"https:\/\/infoecos.com.ar\/wp-content\/uploads\/2021\/07\/laurogerman.jpg","keywords":["FUNDACI\u00d3N PODER"],"articleSection":["C2 N2"],"inLanguage":"es"},{"@type":"WebPage","@id":"https:\/\/infoecos.com.ar\/index.php\/lauro-brindo-detalles-de-su-trabajo-en-el-armado-de-politicas-publicas-para-el-deporte-bonaerense\/","url":"https:\/\/infoecos.com.ar\/index.php\/lauro-brindo-detalles-de-su-trabajo-en-el-armado-de-politicas-publicas-para-el-deporte-bonaerense\/","name":"Lauro brind\u00f3 detalles de su trabajo en el armado de pol\u00edticas p\u00fablicas para el deporte bonaerense - Infoecos","isPartOf":{"@id":"https:\/\/infoecos.com.ar\/#website"},"primaryImageOfPage":{"@id":"https:\/\/infoecos.com.ar\/index.php\/lauro-brindo-detalles-de-su-trabajo-en-el-armado-de-politicas-publicas-para-el-deporte-bonaerense\/#primaryimage"},"image":{"@id":"https:\/\/infoecos.com.ar\/index.php\/lauro-brindo-detalles-de-su-trabajo-en-el-armado-de-politicas-publicas-para-el-deporte-bonaerense\/#primaryimage"},"thumbnailUrl":"https:\/\/infoecos.com.ar\/wp-content\/uploads\/2021\/07\/laurogerman.jpg","datePublished":"2023-03-16T16:28:30+00:00","dateModified":"2023-03-17T15:28:54+00:00","breadcrumb":{"@id":"https:\/\/infoecos.com.ar\/index.php\/lauro-brindo-detalles-de-su-trabajo-en-el-armado-de-politicas-publicas-para-el-deporte-bonaerense\/#breadcrumb"},"inLanguage":"es","potentialAction":[{"@type":"ReadAction","target":["https:\/\/infoecos.com.ar\/index.php\/lauro-brindo-detalles-de-su-trabajo-en-el-armado-de-politicas-publicas-para-el-deporte-bonaerense\/"]}]},{"@type":"ImageObject","inLanguage":"es","@id":"https:\/\/infoecos.com.ar\/index.php\/lauro-brindo-detalles-de-su-trabajo-en-el-armado-de-politicas-publicas-para-el-deporte-bonaerense\/#primaryimage","url":"https:\/\/infoecos.com.ar\/wp-content\/uploads\/2021\/07\/laurogerman.jpg","contentUrl":"https:\/\/infoecos.com.ar\/wp-content\/uploads\/2021\/07\/laurogerman.jpg","width":1004,"height":565},{"@type":"BreadcrumbList","@id":"https:\/\/infoecos.com.ar\/index.php\/lauro-brindo-detalles-de-su-trabajo-en-el-armado-de-politicas-publicas-para-el-deporte-bonaerense\/#breadcrumb","itemListElement":[{"@type":"ListItem","position":1,"name":"Portada","item":"https:\/\/infoecos.com.ar\/"},{"@type":"ListItem","position":2,"name":"Lauro brind\u00f3 detalles de su trabajo en el armado de pol\u00edticas p\u00fablicas para el deporte bonaerense"}]},{"@type":"WebSite","@id":"https:\/\/infoecos.com.ar\/#website","url":"https:\/\/infoecos.com.ar\/","name":"Infoecos","description":"Noticias de trenque lauquen y la zona","publisher":{"@id":"https:\/\/infoecos.com.ar\/#organization"},"alternateName":"Noticias","potentialAction":[{"@type":"SearchAction","target":{"@type":"EntryPoint","urlTemplate":"https:\/\/infoecos.com.ar\/?s={search_term_string}"},"query-input":{"@type":"PropertyValueSpecification","valueRequired":true,"valueName":"search_term_string"}}],"inLanguage":"es"},{"@type":"Organization","@id":"https:\/\/infoecos.com.ar\/#organization","name":"Infoecos","alternateName":"Noticias","url":"https:\/\/infoecos.com.ar\/","logo":{"@type":"ImageObject","inLanguage":"es","@id":"https:\/\/infoecos.com.ar\/#\/schema\/logo\/image\/","url":"https:\/\/infoecos.com.ar\/wp-content\/uploads\/2024\/03\/cropped-logo.png","contentUrl":"https:\/\/infoecos.com.ar\/wp-content\/uploads\/2024\/03\/cropped-logo.png","width":374,"height":90,"caption":"Infoecos"},"image":{"@id":"https:\/\/infoecos.com.ar\/#\/schema\/logo\/image\/"},"sameAs":["https:\/\/www.facebook.com\/profile.php?id=100063200290284","https:\/\/x.com\/infoecos"]},{"@type":"Person","@id":"https:\/\/infoecos.com.ar\/#\/schema\/person\/8f5ace5ce73b4b4aac4b7245aee6f191","name":"Jorge Matheus","url":"https:\/\/infoecos.com.ar\/index.php\/author\/jomatheus\/"}]}},"featured_image_urls":{"full":["https:\/\/infoecos.com.ar\/wp-content\/uploads\/2021\/07\/laurogerman.jpg",1004,565,false],"thumbnail":["https:\/\/infoecos.com.ar\/wp-content\/uploads\/2021\/07\/laurogerman-150x150.jpg",150,150,true],"medium":["https:\/\/infoecos.com.ar\/wp-content\/uploads\/2021\/07\/laurogerman-460x259.jpg",460,259,true],"medium_large":["https:\/\/infoecos.com.ar\/wp-content\/uploads\/2021\/07\/laurogerman-768x432.jpg",640,360,true],"large":["https:\/\/infoecos.com.ar\/wp-content\/uploads\/2021\/07\/laurogerman-920x518.jpg",640,360,true],"1536x1536":["https:\/\/infoecos.com.ar\/wp-content\/uploads\/2021\/07\/laurogerman.jpg",1004,565,false],"2048x2048":["https:\/\/infoecos.com.ar\/wp-content\/uploads\/2021\/07\/laurogerman.jpg",1004,565,false],"covernews-slider-full":["https:\/\/infoecos.com.ar\/wp-content\/uploads\/2021\/07\/laurogerman.jpg",1004,565,false],"covernews-slider-center":["https:\/\/infoecos.com.ar\/wp-content\/uploads\/2021\/07\/laurogerman-936x565.jpg",800,483,true],"covernews-featured":["https:\/\/infoecos.com.ar\/wp-content\/uploads\/2021\/07\/laurogerman.jpg",1004,565,false],"covernews-medium":["https:\/\/infoecos.com.ar\/wp-content\/uploads\/2021\/07\/laurogerman-720x380.jpg",540,285,true],"covernews-medium-square":["https:\/\/infoecos.com.ar\/wp-content\/uploads\/2021\/07\/laurogerman-675x450.jpg",375,250,true]},"author_info":{"info":["Jorge Matheus"]},"category_info":"<a href=\"https:\/\/infoecos.com.ar\/index.php\/category\/c2nota2\/\" rel=\"category tag\">C2 N2<\/a>","tag_info":"C2 N2","comment_count":"0","_links":{"self":[{"href":"https:\/\/infoecos.com.ar\/index.php\/wp-json\/wp\/v2\/posts\/102913"}],"collection":[{"href":"https:\/\/infoecos.com.ar\/index.php\/wp-json\/wp\/v2\/posts"}],"about":[{"href":"https:\/\/infoecos.com.ar\/index.php\/wp-json\/wp\/v2\/types\/post"}],"author":[{"embeddable":true,"href":"https:\/\/infoecos.com.ar\/index.php\/wp-json\/wp\/v2\/users\/2"}],"replies":[{"embeddable":true,"href":"https:\/\/infoecos.com.ar\/index.php\/wp-json\/wp\/v2\/comments?post=102913"}],"version-history":[{"count":1,"href":"https:\/\/infoecos.com.ar\/index.php\/wp-json\/wp\/v2\/posts\/102913\/revisions"}],"predecessor-version":[{"id":102917,"href":"https:\/\/infoecos.com.ar\/index.php\/wp-json\/wp\/v2\/posts\/102913\/revisions\/102917"}],"wp:featuredmedia":[{"embeddable":true,"href":"https:\/\/infoecos.com.ar\/index.php\/wp-json\/wp\/v2\/media\/82203"}],"wp:attachment":[{"href":"https:\/\/infoecos.com.ar\/index.php\/wp-json\/wp\/v2\/media?parent=102913"}],"wp:term":[{"taxonomy":"category","embeddable":true,"href":"https:\/\/infoecos.com.ar\/index.php\/wp-json\/wp\/v2\/categories?post=102913"},{"taxonomy":"post_tag","embeddable":true,"href":"https:\/\/infoecos.com.ar\/index.php\/wp-json\/wp\/v2\/tags?post=102913"}],"curies":[{"name":"wp","href":"https:\/\/api.w.org\/{rel}","templated":true}]}}