{"id":102926,"date":"2023-03-17T01:20:50","date_gmt":"2023-03-17T04:20:50","guid":{"rendered":"https:\/\/infoecos.com.ar\/?p=102926"},"modified":"2023-03-17T17:48:23","modified_gmt":"2023-03-17T20:48:23","slug":"se-lanza-hoy-en-la-provincia-la-campana-nacional-de-vacunacion-antigripal-2023","status":"publish","type":"post","link":"https:\/\/infoecos.com.ar\/index.php\/se-lanza-hoy-en-la-provincia-la-campana-nacional-de-vacunacion-antigripal-2023\/","title":{"rendered":"Se lanz\u00f3 en la provincia la Campa\u00f1a Nacional de Vacunaci\u00f3n Antigripal 2023"},"content":{"rendered":"\n<p>El ministerio de Salud de la Provincia lanz\u00f3 hoy la Campa\u00f1a Nacional de Vacunaci\u00f3n Antigripal 2023, destinada al personal de salud, ni\u00f1as y ni\u00f1os de 6 a 24 meses, personas gestantes y pu\u00e9rperas, personas de 2 a 64 a\u00f1os con factores de riesgo, mayores de 65 a\u00f1os, y personal estrat\u00e9gico. Estar\u00e1 disponible en forma gratuita en todos los vacunatorios bonaerenses y no requiere orden m\u00e9dica.<\/p>\n\n\n\n<figure class=\"wp-block-image aligncenter size-full is-resized\"><img loading=\"lazy\" decoding=\"async\" src=\"https:\/\/infoecos.com.ar\/wp-content\/uploads\/2023\/03\/Campana-2.jpeg\" alt=\"\" class=\"wp-image-102927\" width=\"543\" height=\"362\" srcset=\"https:\/\/infoecos.com.ar\/wp-content\/uploads\/2023\/03\/Campana-2.jpeg 1600w, https:\/\/infoecos.com.ar\/wp-content\/uploads\/2023\/03\/Campana-2-800x534.jpeg 800w, https:\/\/infoecos.com.ar\/wp-content\/uploads\/2023\/03\/Campana-2-768x512.jpeg 768w, https:\/\/infoecos.com.ar\/wp-content\/uploads\/2023\/03\/Campana-2-1536x1020.jpeg 1536w, https:\/\/infoecos.com.ar\/wp-content\/uploads\/2023\/03\/Campana-2-1024x683.jpeg 1024w, https:\/\/infoecos.com.ar\/wp-content\/uploads\/2023\/03\/Campana-2-675x450.jpeg 675w\" sizes=\"(max-width: 543px) 100vw, 543px\" \/><figcaption class=\"wp-element-caption\">Vacunaci\u00f3n<\/figcaption><\/figure>\n\n\n\n<p>La vacuna antigripal tiene por objetivo reducir las complicaciones, hospitalizaciones, secuelas y muertes ocasionadas por la infecci\u00f3n por el virus influenza en la poblaci\u00f3n de riesgo. Por esto, la estrategia de vacunaci\u00f3n en territorio bonaerense se llevar\u00e1 a cabo de manera escalonada, de acuerdo a la poblaci\u00f3n m\u00e1s expuesta. La primera etapa, que comienza ma\u00f1ana 17 de marzo, est\u00e1 dirigida al personal de salud.<\/p>\n\n\n\n<p>En tanto, desde la cartera sanitaria recordaron que es importante que todas las personas a partir de los 6 meses cuenten con su esquema primario de vacunaci\u00f3n COVID-19 completo, y las dosis de refuerzo correspondiente, asimismo aclararon para qui\u00e9nes no est\u00e9n al d\u00eda, que ambas vacunas pueden administrarse en forma simult\u00e1nea y junto con otras vacunas del Calendario Nacional.<\/p>\n\n\n\n<p>Para esto, recomendaron que toda persona que concurra al vacunatorio lleve su carnet y libreta de vacunaci\u00f3n, junto con la de sus hijos e hijas para su chequeo por parte del equipo de salud.<\/p>\n\n\n\n<p>Recordemos que la gripe o influenza es una enfermedad viral respiratoria muy transmisible ya que se contagia de una persona a otra, por el contacto de gotitas provenientes de la v\u00eda respiratoria de personas infectadas que se propagan al toser, estornudar o tambi\u00e9n a trav\u00e9s de superficies u objetos contaminados con estas secreciones.<\/p>\n\n\n\n<p>Si bien, por lo general, la mayor\u00eda de los afectados se recupera en una o dos semanas, en los grupos poblaciones de riesgo puede ocasionar graves complicaciones.<\/p>\n\n\n\n<p><strong>\u00bfQui\u00e9nes deben vacunarse contra la gripe?<\/strong><\/p>\n\n\n\n<p>-Personal de salud.<\/p>\n\n\n\n<p>-Ni\u00f1as y ni\u00f1os de 6 a 24 meses.<\/p>\n\n\n\n<p>-Personas gestantes en cualquier trimestre de gestaci\u00f3n.<\/p>\n\n\n\n<p>-Pu\u00e9rperas (preferentemente antes del egreso de la maternidad).<\/p>\n\n\n\n<p>-Personas de 2 a 64 a\u00f1os con factores de riesgo.<\/p>\n\n\n\n<p>-Personas mayores de 65 a\u00f1os.<\/p>\n\n\n\n<p>-Personal estrat\u00e9gico.<\/p>\n","protected":false},"excerpt":{"rendered":"<p>Se empezar\u00e1 a aplicar de forma escalonada en todos los vacunatorios de cada municipio bonaerense. En primer lugar, est\u00e1 dirigida al personal de salud<\/p>\n","protected":false},"author":2,"featured_media":102927,"comment_status":"closed","ping_status":"open","sticky":false,"template":"","format":"standard","meta":{"footnotes":""},"categories":[25],"tags":[156],"class_list":["post-102926","post","type-post","status-publish","format-standard","has-post-thumbnail","hentry","category-c3nota1","tag-salud"],"yoast_head":"<!-- This site is optimized with the Yoast SEO plugin v23.4 - https:\/\/yoast.com\/wordpress\/plugins\/seo\/ -->\n<title>Se lanz\u00f3 en la provincia la Campa\u00f1a Nacional de Vacunaci\u00f3n Antigripal 2023 - Infoecos<\/title>\n<meta name=\"robots\" content=\"index, follow, max-snippet:-1, max-image-preview:large, max-video-preview:-1\" \/>\n<link rel=\"canonical\" href=\"https:\/\/infoecos.com.ar\/index.php\/se-lanza-hoy-en-la-provincia-la-campana-nacional-de-vacunacion-antigripal-2023\/\" \/>\n<meta property=\"og:locale\" content=\"es_ES\" \/>\n<meta property=\"og:type\" content=\"article\" \/>\n<meta property=\"og:title\" content=\"Se lanz\u00f3 en la provincia la Campa\u00f1a Nacional de Vacunaci\u00f3n Antigripal 2023 - Infoecos\" \/>\n<meta property=\"og:description\" content=\"Se empezar\u00e1 a aplicar de forma escalonada en todos los vacunatorios de cada municipio bonaerense. En primer lugar, est\u00e1 dirigida al personal de salud\" \/>\n<meta property=\"og:url\" content=\"https:\/\/infoecos.com.ar\/index.php\/se-lanza-hoy-en-la-provincia-la-campana-nacional-de-vacunacion-antigripal-2023\/\" \/>\n<meta property=\"og:site_name\" content=\"Infoecos\" \/>\n<meta property=\"article:publisher\" content=\"https:\/\/www.facebook.com\/profile.php?id=100063200290284\" \/>\n<meta property=\"article:published_time\" content=\"2023-03-17T04:20:50+00:00\" \/>\n<meta property=\"article:modified_time\" content=\"2023-03-17T20:48:23+00:00\" \/>\n<meta property=\"og:image\" content=\"https:\/\/infoecos.com.ar\/wp-content\/uploads\/2023\/03\/Campana-2.jpeg\" \/>\n\t<meta property=\"og:image:width\" content=\"1600\" \/>\n\t<meta property=\"og:image:height\" content=\"1067\" \/>\n\t<meta property=\"og:image:type\" content=\"image\/jpeg\" \/>\n<meta name=\"author\" content=\"Jorge Matheus\" \/>\n<meta name=\"twitter:card\" content=\"summary_large_image\" \/>\n<meta name=\"twitter:creator\" content=\"@infoecos\" \/>\n<meta name=\"twitter:site\" content=\"@infoecos\" \/>\n<meta name=\"twitter:label1\" content=\"Escrito por\" \/>\n\t<meta name=\"twitter:data1\" content=\"Jorge Matheus\" \/>\n\t<meta name=\"twitter:label2\" content=\"Tiempo de lectura\" \/>\n\t<meta name=\"twitter:data2\" content=\"2 minutos\" \/>\n<script type=\"application\/ld+json\" class=\"yoast-schema-graph\">{\"@context\":\"https:\/\/schema.org\",\"@graph\":[{\"@type\":\"Article\",\"@id\":\"https:\/\/infoecos.com.ar\/index.php\/se-lanza-hoy-en-la-provincia-la-campana-nacional-de-vacunacion-antigripal-2023\/#article\",\"isPartOf\":{\"@id\":\"https:\/\/infoecos.com.ar\/index.php\/se-lanza-hoy-en-la-provincia-la-campana-nacional-de-vacunacion-antigripal-2023\/\"},\"author\":{\"name\":\"Jorge Matheus\",\"@id\":\"https:\/\/infoecos.com.ar\/#\/schema\/person\/8f5ace5ce73b4b4aac4b7245aee6f191\"},\"headline\":\"Se lanz\u00f3 en la provincia la Campa\u00f1a Nacional de Vacunaci\u00f3n Antigripal 2023\",\"datePublished\":\"2023-03-17T04:20:50+00:00\",\"dateModified\":\"2023-03-17T20:48:23+00:00\",\"mainEntityOfPage\":{\"@id\":\"https:\/\/infoecos.com.ar\/index.php\/se-lanza-hoy-en-la-provincia-la-campana-nacional-de-vacunacion-antigripal-2023\/\"},\"wordCount\":386,\"publisher\":{\"@id\":\"https:\/\/infoecos.com.ar\/#organization\"},\"image\":{\"@id\":\"https:\/\/infoecos.com.ar\/index.php\/se-lanza-hoy-en-la-provincia-la-campana-nacional-de-vacunacion-antigripal-2023\/#primaryimage\"},\"thumbnailUrl\":\"https:\/\/infoecos.com.ar\/wp-content\/uploads\/2023\/03\/Campana-2.jpeg\",\"keywords\":[\"SALUD\"],\"articleSection\":[\"C3 N1\"],\"inLanguage\":\"es\"},{\"@type\":\"WebPage\",\"@id\":\"https:\/\/infoecos.com.ar\/index.php\/se-lanza-hoy-en-la-provincia-la-campana-nacional-de-vacunacion-antigripal-2023\/\",\"url\":\"https:\/\/infoecos.com.ar\/index.php\/se-lanza-hoy-en-la-provincia-la-campana-nacional-de-vacunacion-antigripal-2023\/\",\"name\":\"Se lanz\u00f3 en la provincia la Campa\u00f1a Nacional de Vacunaci\u00f3n Antigripal 2023 - Infoecos\",\"isPartOf\":{\"@id\":\"https:\/\/infoecos.com.ar\/#website\"},\"primaryImageOfPage\":{\"@id\":\"https:\/\/infoecos.com.ar\/index.php\/se-lanza-hoy-en-la-provincia-la-campana-nacional-de-vacunacion-antigripal-2023\/#primaryimage\"},\"image\":{\"@id\":\"https:\/\/infoecos.com.ar\/index.php\/se-lanza-hoy-en-la-provincia-la-campana-nacional-de-vacunacion-antigripal-2023\/#primaryimage\"},\"thumbnailUrl\":\"https:\/\/infoecos.com.ar\/wp-content\/uploads\/2023\/03\/Campana-2.jpeg\",\"datePublished\":\"2023-03-17T04:20:50+00:00\",\"dateModified\":\"2023-03-17T20:48:23+00:00\",\"breadcrumb\":{\"@id\":\"https:\/\/infoecos.com.ar\/index.php\/se-lanza-hoy-en-la-provincia-la-campana-nacional-de-vacunacion-antigripal-2023\/#breadcrumb\"},\"inLanguage\":\"es\",\"potentialAction\":[{\"@type\":\"ReadAction\",\"target\":[\"https:\/\/infoecos.com.ar\/index.php\/se-lanza-hoy-en-la-provincia-la-campana-nacional-de-vacunacion-antigripal-2023\/\"]}]},{\"@type\":\"ImageObject\",\"inLanguage\":\"es\",\"@id\":\"https:\/\/infoecos.com.ar\/index.php\/se-lanza-hoy-en-la-provincia-la-campana-nacional-de-vacunacion-antigripal-2023\/#primaryimage\",\"url\":\"https:\/\/infoecos.com.ar\/wp-content\/uploads\/2023\/03\/Campana-2.jpeg\",\"contentUrl\":\"https:\/\/infoecos.com.ar\/wp-content\/uploads\/2023\/03\/Campana-2.jpeg\",\"width\":1600,\"height\":1067},{\"@type\":\"BreadcrumbList\",\"@id\":\"https:\/\/infoecos.com.ar\/index.php\/se-lanza-hoy-en-la-provincia-la-campana-nacional-de-vacunacion-antigripal-2023\/#breadcrumb\",\"itemListElement\":[{\"@type\":\"ListItem\",\"position\":1,\"name\":\"Portada\",\"item\":\"https:\/\/infoecos.com.ar\/\"},{\"@type\":\"ListItem\",\"position\":2,\"name\":\"Se lanz\u00f3 en la provincia la Campa\u00f1a Nacional de Vacunaci\u00f3n Antigripal 2023\"}]},{\"@type\":\"WebSite\",\"@id\":\"https:\/\/infoecos.com.ar\/#website\",\"url\":\"https:\/\/infoecos.com.ar\/\",\"name\":\"Infoecos\",\"description\":\"Noticias de trenque lauquen y la zona\",\"publisher\":{\"@id\":\"https:\/\/infoecos.com.ar\/#organization\"},\"alternateName\":\"Noticias\",\"potentialAction\":[{\"@type\":\"SearchAction\",\"target\":{\"@type\":\"EntryPoint\",\"urlTemplate\":\"https:\/\/infoecos.com.ar\/?s={search_term_string}\"},\"query-input\":{\"@type\":\"PropertyValueSpecification\",\"valueRequired\":true,\"valueName\":\"search_term_string\"}}],\"inLanguage\":\"es\"},{\"@type\":\"Organization\",\"@id\":\"https:\/\/infoecos.com.ar\/#organization\",\"name\":\"Infoecos\",\"alternateName\":\"Noticias\",\"url\":\"https:\/\/infoecos.com.ar\/\",\"logo\":{\"@type\":\"ImageObject\",\"inLanguage\":\"es\",\"@id\":\"https:\/\/infoecos.com.ar\/#\/schema\/logo\/image\/\",\"url\":\"https:\/\/infoecos.com.ar\/wp-content\/uploads\/2024\/03\/cropped-logo.png\",\"contentUrl\":\"https:\/\/infoecos.com.ar\/wp-content\/uploads\/2024\/03\/cropped-logo.png\",\"width\":374,\"height\":90,\"caption\":\"Infoecos\"},\"image\":{\"@id\":\"https:\/\/infoecos.com.ar\/#\/schema\/logo\/image\/\"},\"sameAs\":[\"https:\/\/www.facebook.com\/profile.php?id=100063200290284\",\"https:\/\/x.com\/infoecos\"]},{\"@type\":\"Person\",\"@id\":\"https:\/\/infoecos.com.ar\/#\/schema\/person\/8f5ace5ce73b4b4aac4b7245aee6f191\",\"name\":\"Jorge Matheus\",\"url\":\"https:\/\/infoecos.com.ar\/index.php\/author\/jomatheus\/\"}]}<\/script>\n<!-- \/ Yoast SEO plugin. -->","yoast_head_json":{"title":"Se lanz\u00f3 en la provincia la Campa\u00f1a Nacional de Vacunaci\u00f3n Antigripal 2023 - Infoecos","robots":{"index":"index","follow":"follow","max-snippet":"max-snippet:-1","max-image-preview":"max-image-preview:large","max-video-preview":"max-video-preview:-1"},"canonical":"https:\/\/infoecos.com.ar\/index.php\/se-lanza-hoy-en-la-provincia-la-campana-nacional-de-vacunacion-antigripal-2023\/","og_locale":"es_ES","og_type":"article","og_title":"Se lanz\u00f3 en la provincia la Campa\u00f1a Nacional de Vacunaci\u00f3n Antigripal 2023 - Infoecos","og_description":"Se empezar\u00e1 a aplicar de forma escalonada en todos los vacunatorios de cada municipio bonaerense. En primer lugar, est\u00e1 dirigida al personal de salud","og_url":"https:\/\/infoecos.com.ar\/index.php\/se-lanza-hoy-en-la-provincia-la-campana-nacional-de-vacunacion-antigripal-2023\/","og_site_name":"Infoecos","article_publisher":"https:\/\/www.facebook.com\/profile.php?id=100063200290284","article_published_time":"2023-03-17T04:20:50+00:00","article_modified_time":"2023-03-17T20:48:23+00:00","og_image":[{"width":1600,"height":1067,"url":"https:\/\/infoecos.com.ar\/wp-content\/uploads\/2023\/03\/Campana-2.jpeg","type":"image\/jpeg"}],"author":"Jorge Matheus","twitter_card":"summary_large_image","twitter_creator":"@infoecos","twitter_site":"@infoecos","twitter_misc":{"Escrito por":"Jorge Matheus","Tiempo de lectura":"2 minutos"},"schema":{"@context":"https:\/\/schema.org","@graph":[{"@type":"Article","@id":"https:\/\/infoecos.com.ar\/index.php\/se-lanza-hoy-en-la-provincia-la-campana-nacional-de-vacunacion-antigripal-2023\/#article","isPartOf":{"@id":"https:\/\/infoecos.com.ar\/index.php\/se-lanza-hoy-en-la-provincia-la-campana-nacional-de-vacunacion-antigripal-2023\/"},"author":{"name":"Jorge Matheus","@id":"https:\/\/infoecos.com.ar\/#\/schema\/person\/8f5ace5ce73b4b4aac4b7245aee6f191"},"headline":"Se lanz\u00f3 en la provincia la Campa\u00f1a Nacional de Vacunaci\u00f3n Antigripal 2023","datePublished":"2023-03-17T04:20:50+00:00","dateModified":"2023-03-17T20:48:23+00:00","mainEntityOfPage":{"@id":"https:\/\/infoecos.com.ar\/index.php\/se-lanza-hoy-en-la-provincia-la-campana-nacional-de-vacunacion-antigripal-2023\/"},"wordCount":386,"publisher":{"@id":"https:\/\/infoecos.com.ar\/#organization"},"image":{"@id":"https:\/\/infoecos.com.ar\/index.php\/se-lanza-hoy-en-la-provincia-la-campana-nacional-de-vacunacion-antigripal-2023\/#primaryimage"},"thumbnailUrl":"https:\/\/infoecos.com.ar\/wp-content\/uploads\/2023\/03\/Campana-2.jpeg","keywords":["SALUD"],"articleSection":["C3 N1"],"inLanguage":"es"},{"@type":"WebPage","@id":"https:\/\/infoecos.com.ar\/index.php\/se-lanza-hoy-en-la-provincia-la-campana-nacional-de-vacunacion-antigripal-2023\/","url":"https:\/\/infoecos.com.ar\/index.php\/se-lanza-hoy-en-la-provincia-la-campana-nacional-de-vacunacion-antigripal-2023\/","name":"Se lanz\u00f3 en la provincia la Campa\u00f1a Nacional de Vacunaci\u00f3n Antigripal 2023 - Infoecos","isPartOf":{"@id":"https:\/\/infoecos.com.ar\/#website"},"primaryImageOfPage":{"@id":"https:\/\/infoecos.com.ar\/index.php\/se-lanza-hoy-en-la-provincia-la-campana-nacional-de-vacunacion-antigripal-2023\/#primaryimage"},"image":{"@id":"https:\/\/infoecos.com.ar\/index.php\/se-lanza-hoy-en-la-provincia-la-campana-nacional-de-vacunacion-antigripal-2023\/#primaryimage"},"thumbnailUrl":"https:\/\/infoecos.com.ar\/wp-content\/uploads\/2023\/03\/Campana-2.jpeg","datePublished":"2023-03-17T04:20:50+00:00","dateModified":"2023-03-17T20:48:23+00:00","breadcrumb":{"@id":"https:\/\/infoecos.com.ar\/index.php\/se-lanza-hoy-en-la-provincia-la-campana-nacional-de-vacunacion-antigripal-2023\/#breadcrumb"},"inLanguage":"es","potentialAction":[{"@type":"ReadAction","target":["https:\/\/infoecos.com.ar\/index.php\/se-lanza-hoy-en-la-provincia-la-campana-nacional-de-vacunacion-antigripal-2023\/"]}]},{"@type":"ImageObject","inLanguage":"es","@id":"https:\/\/infoecos.com.ar\/index.php\/se-lanza-hoy-en-la-provincia-la-campana-nacional-de-vacunacion-antigripal-2023\/#primaryimage","url":"https:\/\/infoecos.com.ar\/wp-content\/uploads\/2023\/03\/Campana-2.jpeg","contentUrl":"https:\/\/infoecos.com.ar\/wp-content\/uploads\/2023\/03\/Campana-2.jpeg","width":1600,"height":1067},{"@type":"BreadcrumbList","@id":"https:\/\/infoecos.com.ar\/index.php\/se-lanza-hoy-en-la-provincia-la-campana-nacional-de-vacunacion-antigripal-2023\/#breadcrumb","itemListElement":[{"@type":"ListItem","position":1,"name":"Portada","item":"https:\/\/infoecos.com.ar\/"},{"@type":"ListItem","position":2,"name":"Se lanz\u00f3 en la provincia la Campa\u00f1a Nacional de Vacunaci\u00f3n Antigripal 2023"}]},{"@type":"WebSite","@id":"https:\/\/infoecos.com.ar\/#website","url":"https:\/\/infoecos.com.ar\/","name":"Infoecos","description":"Noticias de trenque lauquen y la zona","publisher":{"@id":"https:\/\/infoecos.com.ar\/#organization"},"alternateName":"Noticias","potentialAction":[{"@type":"SearchAction","target":{"@type":"EntryPoint","urlTemplate":"https:\/\/infoecos.com.ar\/?s={search_term_string}"},"query-input":{"@type":"PropertyValueSpecification","valueRequired":true,"valueName":"search_term_string"}}],"inLanguage":"es"},{"@type":"Organization","@id":"https:\/\/infoecos.com.ar\/#organization","name":"Infoecos","alternateName":"Noticias","url":"https:\/\/infoecos.com.ar\/","logo":{"@type":"ImageObject","inLanguage":"es","@id":"https:\/\/infoecos.com.ar\/#\/schema\/logo\/image\/","url":"https:\/\/infoecos.com.ar\/wp-content\/uploads\/2024\/03\/cropped-logo.png","contentUrl":"https:\/\/infoecos.com.ar\/wp-content\/uploads\/2024\/03\/cropped-logo.png","width":374,"height":90,"caption":"Infoecos"},"image":{"@id":"https:\/\/infoecos.com.ar\/#\/schema\/logo\/image\/"},"sameAs":["https:\/\/www.facebook.com\/profile.php?id=100063200290284","https:\/\/x.com\/infoecos"]},{"@type":"Person","@id":"https:\/\/infoecos.com.ar\/#\/schema\/person\/8f5ace5ce73b4b4aac4b7245aee6f191","name":"Jorge Matheus","url":"https:\/\/infoecos.com.ar\/index.php\/author\/jomatheus\/"}]}},"featured_image_urls":{"full":["https:\/\/infoecos.com.ar\/wp-content\/uploads\/2023\/03\/Campana-2.jpeg",1600,1067,false],"thumbnail":["https:\/\/infoecos.com.ar\/wp-content\/uploads\/2023\/03\/Campana-2-300x150.jpeg",300,150,true],"medium":["https:\/\/infoecos.com.ar\/wp-content\/uploads\/2023\/03\/Campana-2-800x534.jpeg",800,534,true],"medium_large":["https:\/\/infoecos.com.ar\/wp-content\/uploads\/2023\/03\/Campana-2-768x512.jpeg",640,427,true],"large":["https:\/\/infoecos.com.ar\/wp-content\/uploads\/2023\/03\/Campana-2.jpeg",640,427,false],"1536x1536":["https:\/\/infoecos.com.ar\/wp-content\/uploads\/2023\/03\/Campana-2-1536x1024.jpeg",1536,1024,true],"2048x2048":["https:\/\/infoecos.com.ar\/wp-content\/uploads\/2023\/03\/Campana-2.jpeg",1600,1067,false],"covernews-slider-full":["https:\/\/infoecos.com.ar\/wp-content\/uploads\/2023\/03\/Campana-2-1536x1020.jpeg",1077,715,true],"covernews-slider-center":["https:\/\/infoecos.com.ar\/wp-content\/uploads\/2023\/03\/Campana-2-936x897.jpeg",522,500,true],"covernews-featured":["https:\/\/infoecos.com.ar\/wp-content\/uploads\/2023\/03\/Campana-2-1024x683.jpeg",1024,683,true],"covernews-medium":["https:\/\/infoecos.com.ar\/wp-content\/uploads\/2023\/03\/Campana-2-720x380.jpeg",540,285,true],"covernews-medium-square":["https:\/\/infoecos.com.ar\/wp-content\/uploads\/2023\/03\/Campana-2-675x450.jpeg",375,250,true]},"author_info":{"info":["Jorge Matheus"]},"category_info":"<a href=\"https:\/\/infoecos.com.ar\/index.php\/category\/c3nota1\/\" rel=\"category tag\">C3 N1<\/a>","tag_info":"C3 N1","comment_count":"0","_links":{"self":[{"href":"https:\/\/infoecos.com.ar\/index.php\/wp-json\/wp\/v2\/posts\/102926"}],"collection":[{"href":"https:\/\/infoecos.com.ar\/index.php\/wp-json\/wp\/v2\/posts"}],"about":[{"href":"https:\/\/infoecos.com.ar\/index.php\/wp-json\/wp\/v2\/types\/post"}],"author":[{"embeddable":true,"href":"https:\/\/infoecos.com.ar\/index.php\/wp-json\/wp\/v2\/users\/2"}],"replies":[{"embeddable":true,"href":"https:\/\/infoecos.com.ar\/index.php\/wp-json\/wp\/v2\/comments?post=102926"}],"version-history":[{"count":2,"href":"https:\/\/infoecos.com.ar\/index.php\/wp-json\/wp\/v2\/posts\/102926\/revisions"}],"predecessor-version":[{"id":102962,"href":"https:\/\/infoecos.com.ar\/index.php\/wp-json\/wp\/v2\/posts\/102926\/revisions\/102962"}],"wp:featuredmedia":[{"embeddable":true,"href":"https:\/\/infoecos.com.ar\/index.php\/wp-json\/wp\/v2\/media\/102927"}],"wp:attachment":[{"href":"https:\/\/infoecos.com.ar\/index.php\/wp-json\/wp\/v2\/media?parent=102926"}],"wp:term":[{"taxonomy":"category","embeddable":true,"href":"https:\/\/infoecos.com.ar\/index.php\/wp-json\/wp\/v2\/categories?post=102926"},{"taxonomy":"post_tag","embeddable":true,"href":"https:\/\/infoecos.com.ar\/index.php\/wp-json\/wp\/v2\/tags?post=102926"}],"curies":[{"name":"wp","href":"https:\/\/api.w.org\/{rel}","templated":true}]}}