{"id":102933,"date":"2023-03-17T01:44:13","date_gmt":"2023-03-17T04:44:13","guid":{"rendered":"https:\/\/infoecos.com.ar\/?p=102933"},"modified":"2023-03-20T00:38:19","modified_gmt":"2023-03-20T03:38:19","slug":"registro-de-acceso-a-los-subsidios-a-la-energia-se-extendio-el-plazo-para-inscribirse-hasta-abril","status":"publish","type":"post","link":"https:\/\/infoecos.com.ar\/index.php\/registro-de-acceso-a-los-subsidios-a-la-energia-se-extendio-el-plazo-para-inscribirse-hasta-abril\/","title":{"rendered":"Registro de Acceso a los Subsidios a la Energ\u00eda: se extendi\u00f3 el plazo para inscribirse hasta Abril"},"content":{"rendered":"\n<p>La Secretar\u00eda de Energ\u00eda de Naci\u00f3n determin\u00f3 la extensi\u00f3n del plazo para poder inscribirse al Registro de Acceso a los Subsidios a la Energ\u00eda (RASE) hasta mediados de abril. Esta es una condici\u00f3n indispensable para quienes, cumpliendo las condiciones, puedan acceder a una tarifa subsidiada, record\u00f3 la entidad solidiaria.<\/p>\n\n\n\n<figure class=\"wp-block-image aligncenter size-full is-resized\"><img loading=\"lazy\" decoding=\"async\" src=\"https:\/\/infoecos.com.ar\/wp-content\/uploads\/xELECTRICIDAD-745x400.jpg.pagespeed.ic_.S8YJ8SxOFf.jpg\" alt=\"\" class=\"wp-image-26976\" width=\"478\" height=\"257\"\/><figcaption class=\"wp-element-caption\">Energ\u00eda<\/figcaption><\/figure>\n\n\n\n<p>La segmentaci\u00f3n tarifaria puesta en marcha durante 2022, exige de la inscripci\u00f3n de los potenciales beneficiarios\/as. La CPE, para facilitar la inscripci\u00f3n al registro de acceso a los subsidios de energ\u00eda el\u00e9ctrica, habilit\u00f3 el a\u00f1o pasado en su sitio digital una alternativa para que sus usuarios\/as residenciales comprueben si est\u00e1n inscriptos en el RASE y en qu\u00e9 \u00abNivel\u00bb figuran. Las y los interesados deben ingresar a la p\u00e1gina web escribiendo www.cpe.com.ar\/RASE.<\/p>\n\n\n\n<p>De acuerdo al Decreto 332\/2022 del Poder Ejecutivo Nacional la Segmentaci\u00f3n de Tarifas prev\u00e9 tres niveles: Nivel 1 (mayores ingresos), Nivel 2 (menores ingresos) y Nivel 3 (ingresos medios). Desde su implementaci\u00f3n, los subsidios para N1 y N3 han ido reduci\u00e9ndose, incrementado en consecuencia el valor final de la factura mientras que se mantiene el subsidio para los usuarios de nivel N2.<\/p>\n\n\n\n<p>Si los o las usuarias desean inscribirse o consideran que est\u00e1n incluidos en un nivel incorrecto, pueden ingresar a www.argentina.gob.ar\/subsidios y completar o modificar su formulario. Una vez que estos datos queden validados por la Secretar\u00eda de Naci\u00f3n, se actualizar\u00e1 el registro.<\/p>\n","protected":false},"excerpt":{"rendered":"<p>De acuerdo al Decreto 332\/2022 del Poder Ejecutivo Nacional la Segmentaci\u00f3n de Tarifas prev\u00e9 tres niveles: Nivel 1 (mayores ingresos), Nivel 2 (menores ingresos) y Nivel 3 (ingresos medios)<\/p>\n","protected":false},"author":2,"featured_media":26976,"comment_status":"closed","ping_status":"open","sticky":false,"template":"","format":"standard","meta":{"footnotes":""},"categories":[197],"tags":[97],"class_list":["post-102933","post","type-post","status-publish","format-standard","has-post-thumbnail","hentry","category-c3nota4","tag-economia"],"yoast_head":"<!-- This site is optimized with the Yoast SEO plugin v23.4 - https:\/\/yoast.com\/wordpress\/plugins\/seo\/ -->\n<title>Registro de Acceso a los Subsidios a la Energ\u00eda: se extendi\u00f3 el plazo para inscribirse hasta Abril - Infoecos<\/title>\n<meta name=\"robots\" content=\"index, follow, max-snippet:-1, max-image-preview:large, max-video-preview:-1\" \/>\n<link rel=\"canonical\" href=\"https:\/\/infoecos.com.ar\/index.php\/registro-de-acceso-a-los-subsidios-a-la-energia-se-extendio-el-plazo-para-inscribirse-hasta-abril\/\" \/>\n<meta property=\"og:locale\" content=\"es_ES\" \/>\n<meta property=\"og:type\" content=\"article\" \/>\n<meta property=\"og:title\" content=\"Registro de Acceso a los Subsidios a la Energ\u00eda: se extendi\u00f3 el plazo para inscribirse hasta Abril - Infoecos\" \/>\n<meta property=\"og:description\" content=\"De acuerdo al Decreto 332\/2022 del Poder Ejecutivo Nacional la Segmentaci\u00f3n de Tarifas prev\u00e9 tres niveles: Nivel 1 (mayores ingresos), Nivel 2 (menores ingresos) y Nivel 3 (ingresos medios)\" \/>\n<meta property=\"og:url\" content=\"https:\/\/infoecos.com.ar\/index.php\/registro-de-acceso-a-los-subsidios-a-la-energia-se-extendio-el-plazo-para-inscribirse-hasta-abril\/\" \/>\n<meta property=\"og:site_name\" content=\"Infoecos\" \/>\n<meta property=\"article:publisher\" content=\"https:\/\/www.facebook.com\/profile.php?id=100063200290284\" \/>\n<meta property=\"article:published_time\" content=\"2023-03-17T04:44:13+00:00\" \/>\n<meta property=\"article:modified_time\" content=\"2023-03-20T03:38:19+00:00\" \/>\n<meta property=\"og:image\" content=\"https:\/\/infoecos.com.ar\/wp-content\/uploads\/xELECTRICIDAD-745x400.jpg.pagespeed.ic_.S8YJ8SxOFf.jpg\" \/>\n\t<meta property=\"og:image:width\" content=\"745\" \/>\n\t<meta property=\"og:image:height\" content=\"400\" \/>\n\t<meta property=\"og:image:type\" content=\"image\/jpeg\" \/>\n<meta name=\"author\" content=\"Jorge Matheus\" \/>\n<meta name=\"twitter:card\" content=\"summary_large_image\" \/>\n<meta name=\"twitter:creator\" content=\"@infoecos\" \/>\n<meta name=\"twitter:site\" content=\"@infoecos\" \/>\n<meta name=\"twitter:label1\" content=\"Escrito por\" \/>\n\t<meta name=\"twitter:data1\" content=\"Jorge Matheus\" \/>\n\t<meta name=\"twitter:label2\" content=\"Tiempo de lectura\" \/>\n\t<meta name=\"twitter:data2\" content=\"2 minutos\" \/>\n<script type=\"application\/ld+json\" class=\"yoast-schema-graph\">{\"@context\":\"https:\/\/schema.org\",\"@graph\":[{\"@type\":\"Article\",\"@id\":\"https:\/\/infoecos.com.ar\/index.php\/registro-de-acceso-a-los-subsidios-a-la-energia-se-extendio-el-plazo-para-inscribirse-hasta-abril\/#article\",\"isPartOf\":{\"@id\":\"https:\/\/infoecos.com.ar\/index.php\/registro-de-acceso-a-los-subsidios-a-la-energia-se-extendio-el-plazo-para-inscribirse-hasta-abril\/\"},\"author\":{\"name\":\"Jorge Matheus\",\"@id\":\"https:\/\/infoecos.com.ar\/#\/schema\/person\/8f5ace5ce73b4b4aac4b7245aee6f191\"},\"headline\":\"Registro de Acceso a los Subsidios a la Energ\u00eda: se extendi\u00f3 el plazo para inscribirse hasta Abril\",\"datePublished\":\"2023-03-17T04:44:13+00:00\",\"dateModified\":\"2023-03-20T03:38:19+00:00\",\"mainEntityOfPage\":{\"@id\":\"https:\/\/infoecos.com.ar\/index.php\/registro-de-acceso-a-los-subsidios-a-la-energia-se-extendio-el-plazo-para-inscribirse-hasta-abril\/\"},\"wordCount\":269,\"publisher\":{\"@id\":\"https:\/\/infoecos.com.ar\/#organization\"},\"image\":{\"@id\":\"https:\/\/infoecos.com.ar\/index.php\/registro-de-acceso-a-los-subsidios-a-la-energia-se-extendio-el-plazo-para-inscribirse-hasta-abril\/#primaryimage\"},\"thumbnailUrl\":\"\",\"keywords\":[\"ECONOM\u00cdA\"],\"articleSection\":[\"C3 N4\"],\"inLanguage\":\"es\"},{\"@type\":\"WebPage\",\"@id\":\"https:\/\/infoecos.com.ar\/index.php\/registro-de-acceso-a-los-subsidios-a-la-energia-se-extendio-el-plazo-para-inscribirse-hasta-abril\/\",\"url\":\"https:\/\/infoecos.com.ar\/index.php\/registro-de-acceso-a-los-subsidios-a-la-energia-se-extendio-el-plazo-para-inscribirse-hasta-abril\/\",\"name\":\"Registro de Acceso a los Subsidios a la Energ\u00eda: se extendi\u00f3 el plazo para inscribirse hasta Abril - Infoecos\",\"isPartOf\":{\"@id\":\"https:\/\/infoecos.com.ar\/#website\"},\"primaryImageOfPage\":{\"@id\":\"https:\/\/infoecos.com.ar\/index.php\/registro-de-acceso-a-los-subsidios-a-la-energia-se-extendio-el-plazo-para-inscribirse-hasta-abril\/#primaryimage\"},\"image\":{\"@id\":\"https:\/\/infoecos.com.ar\/index.php\/registro-de-acceso-a-los-subsidios-a-la-energia-se-extendio-el-plazo-para-inscribirse-hasta-abril\/#primaryimage\"},\"thumbnailUrl\":\"\",\"datePublished\":\"2023-03-17T04:44:13+00:00\",\"dateModified\":\"2023-03-20T03:38:19+00:00\",\"breadcrumb\":{\"@id\":\"https:\/\/infoecos.com.ar\/index.php\/registro-de-acceso-a-los-subsidios-a-la-energia-se-extendio-el-plazo-para-inscribirse-hasta-abril\/#breadcrumb\"},\"inLanguage\":\"es\",\"potentialAction\":[{\"@type\":\"ReadAction\",\"target\":[\"https:\/\/infoecos.com.ar\/index.php\/registro-de-acceso-a-los-subsidios-a-la-energia-se-extendio-el-plazo-para-inscribirse-hasta-abril\/\"]}]},{\"@type\":\"ImageObject\",\"inLanguage\":\"es\",\"@id\":\"https:\/\/infoecos.com.ar\/index.php\/registro-de-acceso-a-los-subsidios-a-la-energia-se-extendio-el-plazo-para-inscribirse-hasta-abril\/#primaryimage\",\"url\":\"\",\"contentUrl\":\"\"},{\"@type\":\"BreadcrumbList\",\"@id\":\"https:\/\/infoecos.com.ar\/index.php\/registro-de-acceso-a-los-subsidios-a-la-energia-se-extendio-el-plazo-para-inscribirse-hasta-abril\/#breadcrumb\",\"itemListElement\":[{\"@type\":\"ListItem\",\"position\":1,\"name\":\"Portada\",\"item\":\"https:\/\/infoecos.com.ar\/\"},{\"@type\":\"ListItem\",\"position\":2,\"name\":\"Registro de Acceso a los Subsidios a la Energ\u00eda: se extendi\u00f3 el plazo para inscribirse hasta Abril\"}]},{\"@type\":\"WebSite\",\"@id\":\"https:\/\/infoecos.com.ar\/#website\",\"url\":\"https:\/\/infoecos.com.ar\/\",\"name\":\"Infoecos\",\"description\":\"Noticias de trenque lauquen y la zona\",\"publisher\":{\"@id\":\"https:\/\/infoecos.com.ar\/#organization\"},\"alternateName\":\"Noticias\",\"potentialAction\":[{\"@type\":\"SearchAction\",\"target\":{\"@type\":\"EntryPoint\",\"urlTemplate\":\"https:\/\/infoecos.com.ar\/?s={search_term_string}\"},\"query-input\":{\"@type\":\"PropertyValueSpecification\",\"valueRequired\":true,\"valueName\":\"search_term_string\"}}],\"inLanguage\":\"es\"},{\"@type\":\"Organization\",\"@id\":\"https:\/\/infoecos.com.ar\/#organization\",\"name\":\"Infoecos\",\"alternateName\":\"Noticias\",\"url\":\"https:\/\/infoecos.com.ar\/\",\"logo\":{\"@type\":\"ImageObject\",\"inLanguage\":\"es\",\"@id\":\"https:\/\/infoecos.com.ar\/#\/schema\/logo\/image\/\",\"url\":\"https:\/\/infoecos.com.ar\/wp-content\/uploads\/2024\/03\/cropped-logo.png\",\"contentUrl\":\"https:\/\/infoecos.com.ar\/wp-content\/uploads\/2024\/03\/cropped-logo.png\",\"width\":374,\"height\":90,\"caption\":\"Infoecos\"},\"image\":{\"@id\":\"https:\/\/infoecos.com.ar\/#\/schema\/logo\/image\/\"},\"sameAs\":[\"https:\/\/www.facebook.com\/profile.php?id=100063200290284\",\"https:\/\/x.com\/infoecos\"]},{\"@type\":\"Person\",\"@id\":\"https:\/\/infoecos.com.ar\/#\/schema\/person\/8f5ace5ce73b4b4aac4b7245aee6f191\",\"name\":\"Jorge Matheus\",\"url\":\"https:\/\/infoecos.com.ar\/index.php\/author\/jomatheus\/\"}]}<\/script>\n<!-- \/ Yoast SEO plugin. -->","yoast_head_json":{"title":"Registro de Acceso a los Subsidios a la Energ\u00eda: se extendi\u00f3 el plazo para inscribirse hasta Abril - Infoecos","robots":{"index":"index","follow":"follow","max-snippet":"max-snippet:-1","max-image-preview":"max-image-preview:large","max-video-preview":"max-video-preview:-1"},"canonical":"https:\/\/infoecos.com.ar\/index.php\/registro-de-acceso-a-los-subsidios-a-la-energia-se-extendio-el-plazo-para-inscribirse-hasta-abril\/","og_locale":"es_ES","og_type":"article","og_title":"Registro de Acceso a los Subsidios a la Energ\u00eda: se extendi\u00f3 el plazo para inscribirse hasta Abril - Infoecos","og_description":"De acuerdo al Decreto 332\/2022 del Poder Ejecutivo Nacional la Segmentaci\u00f3n de Tarifas prev\u00e9 tres niveles: Nivel 1 (mayores ingresos), Nivel 2 (menores ingresos) y Nivel 3 (ingresos medios)","og_url":"https:\/\/infoecos.com.ar\/index.php\/registro-de-acceso-a-los-subsidios-a-la-energia-se-extendio-el-plazo-para-inscribirse-hasta-abril\/","og_site_name":"Infoecos","article_publisher":"https:\/\/www.facebook.com\/profile.php?id=100063200290284","article_published_time":"2023-03-17T04:44:13+00:00","article_modified_time":"2023-03-20T03:38:19+00:00","og_image":[{"width":745,"height":400,"url":"https:\/\/infoecos.com.ar\/wp-content\/uploads\/xELECTRICIDAD-745x400.jpg.pagespeed.ic_.S8YJ8SxOFf.jpg","type":"image\/jpeg"}],"author":"Jorge Matheus","twitter_card":"summary_large_image","twitter_creator":"@infoecos","twitter_site":"@infoecos","twitter_misc":{"Escrito por":"Jorge Matheus","Tiempo de lectura":"2 minutos"},"schema":{"@context":"https:\/\/schema.org","@graph":[{"@type":"Article","@id":"https:\/\/infoecos.com.ar\/index.php\/registro-de-acceso-a-los-subsidios-a-la-energia-se-extendio-el-plazo-para-inscribirse-hasta-abril\/#article","isPartOf":{"@id":"https:\/\/infoecos.com.ar\/index.php\/registro-de-acceso-a-los-subsidios-a-la-energia-se-extendio-el-plazo-para-inscribirse-hasta-abril\/"},"author":{"name":"Jorge Matheus","@id":"https:\/\/infoecos.com.ar\/#\/schema\/person\/8f5ace5ce73b4b4aac4b7245aee6f191"},"headline":"Registro de Acceso a los Subsidios a la Energ\u00eda: se extendi\u00f3 el plazo para inscribirse hasta Abril","datePublished":"2023-03-17T04:44:13+00:00","dateModified":"2023-03-20T03:38:19+00:00","mainEntityOfPage":{"@id":"https:\/\/infoecos.com.ar\/index.php\/registro-de-acceso-a-los-subsidios-a-la-energia-se-extendio-el-plazo-para-inscribirse-hasta-abril\/"},"wordCount":269,"publisher":{"@id":"https:\/\/infoecos.com.ar\/#organization"},"image":{"@id":"https:\/\/infoecos.com.ar\/index.php\/registro-de-acceso-a-los-subsidios-a-la-energia-se-extendio-el-plazo-para-inscribirse-hasta-abril\/#primaryimage"},"thumbnailUrl":"","keywords":["ECONOM\u00cdA"],"articleSection":["C3 N4"],"inLanguage":"es"},{"@type":"WebPage","@id":"https:\/\/infoecos.com.ar\/index.php\/registro-de-acceso-a-los-subsidios-a-la-energia-se-extendio-el-plazo-para-inscribirse-hasta-abril\/","url":"https:\/\/infoecos.com.ar\/index.php\/registro-de-acceso-a-los-subsidios-a-la-energia-se-extendio-el-plazo-para-inscribirse-hasta-abril\/","name":"Registro de Acceso a los Subsidios a la Energ\u00eda: se extendi\u00f3 el plazo para inscribirse hasta Abril - Infoecos","isPartOf":{"@id":"https:\/\/infoecos.com.ar\/#website"},"primaryImageOfPage":{"@id":"https:\/\/infoecos.com.ar\/index.php\/registro-de-acceso-a-los-subsidios-a-la-energia-se-extendio-el-plazo-para-inscribirse-hasta-abril\/#primaryimage"},"image":{"@id":"https:\/\/infoecos.com.ar\/index.php\/registro-de-acceso-a-los-subsidios-a-la-energia-se-extendio-el-plazo-para-inscribirse-hasta-abril\/#primaryimage"},"thumbnailUrl":"","datePublished":"2023-03-17T04:44:13+00:00","dateModified":"2023-03-20T03:38:19+00:00","breadcrumb":{"@id":"https:\/\/infoecos.com.ar\/index.php\/registro-de-acceso-a-los-subsidios-a-la-energia-se-extendio-el-plazo-para-inscribirse-hasta-abril\/#breadcrumb"},"inLanguage":"es","potentialAction":[{"@type":"ReadAction","target":["https:\/\/infoecos.com.ar\/index.php\/registro-de-acceso-a-los-subsidios-a-la-energia-se-extendio-el-plazo-para-inscribirse-hasta-abril\/"]}]},{"@type":"ImageObject","inLanguage":"es","@id":"https:\/\/infoecos.com.ar\/index.php\/registro-de-acceso-a-los-subsidios-a-la-energia-se-extendio-el-plazo-para-inscribirse-hasta-abril\/#primaryimage","url":"","contentUrl":""},{"@type":"BreadcrumbList","@id":"https:\/\/infoecos.com.ar\/index.php\/registro-de-acceso-a-los-subsidios-a-la-energia-se-extendio-el-plazo-para-inscribirse-hasta-abril\/#breadcrumb","itemListElement":[{"@type":"ListItem","position":1,"name":"Portada","item":"https:\/\/infoecos.com.ar\/"},{"@type":"ListItem","position":2,"name":"Registro de Acceso a los Subsidios a la Energ\u00eda: se extendi\u00f3 el plazo para inscribirse hasta Abril"}]},{"@type":"WebSite","@id":"https:\/\/infoecos.com.ar\/#website","url":"https:\/\/infoecos.com.ar\/","name":"Infoecos","description":"Noticias de trenque lauquen y la zona","publisher":{"@id":"https:\/\/infoecos.com.ar\/#organization"},"alternateName":"Noticias","potentialAction":[{"@type":"SearchAction","target":{"@type":"EntryPoint","urlTemplate":"https:\/\/infoecos.com.ar\/?s={search_term_string}"},"query-input":{"@type":"PropertyValueSpecification","valueRequired":true,"valueName":"search_term_string"}}],"inLanguage":"es"},{"@type":"Organization","@id":"https:\/\/infoecos.com.ar\/#organization","name":"Infoecos","alternateName":"Noticias","url":"https:\/\/infoecos.com.ar\/","logo":{"@type":"ImageObject","inLanguage":"es","@id":"https:\/\/infoecos.com.ar\/#\/schema\/logo\/image\/","url":"https:\/\/infoecos.com.ar\/wp-content\/uploads\/2024\/03\/cropped-logo.png","contentUrl":"https:\/\/infoecos.com.ar\/wp-content\/uploads\/2024\/03\/cropped-logo.png","width":374,"height":90,"caption":"Infoecos"},"image":{"@id":"https:\/\/infoecos.com.ar\/#\/schema\/logo\/image\/"},"sameAs":["https:\/\/www.facebook.com\/profile.php?id=100063200290284","https:\/\/x.com\/infoecos"]},{"@type":"Person","@id":"https:\/\/infoecos.com.ar\/#\/schema\/person\/8f5ace5ce73b4b4aac4b7245aee6f191","name":"Jorge Matheus","url":"https:\/\/infoecos.com.ar\/index.php\/author\/jomatheus\/"}]}},"featured_image_urls":{"full":"","thumbnail":"","medium":"","medium_large":"","large":"","1536x1536":"","2048x2048":"","covernews-slider-full":"","covernews-slider-center":"","covernews-featured":"","covernews-medium":"","covernews-medium-square":""},"author_info":{"info":["Jorge Matheus"]},"category_info":"<a href=\"https:\/\/infoecos.com.ar\/index.php\/category\/c3nota4\/\" rel=\"category tag\">C3 N4<\/a>","tag_info":"C3 N4","comment_count":"0","_links":{"self":[{"href":"https:\/\/infoecos.com.ar\/index.php\/wp-json\/wp\/v2\/posts\/102933"}],"collection":[{"href":"https:\/\/infoecos.com.ar\/index.php\/wp-json\/wp\/v2\/posts"}],"about":[{"href":"https:\/\/infoecos.com.ar\/index.php\/wp-json\/wp\/v2\/types\/post"}],"author":[{"embeddable":true,"href":"https:\/\/infoecos.com.ar\/index.php\/wp-json\/wp\/v2\/users\/2"}],"replies":[{"embeddable":true,"href":"https:\/\/infoecos.com.ar\/index.php\/wp-json\/wp\/v2\/comments?post=102933"}],"version-history":[{"count":1,"href":"https:\/\/infoecos.com.ar\/index.php\/wp-json\/wp\/v2\/posts\/102933\/revisions"}],"predecessor-version":[{"id":102934,"href":"https:\/\/infoecos.com.ar\/index.php\/wp-json\/wp\/v2\/posts\/102933\/revisions\/102934"}],"wp:featuredmedia":[{"embeddable":true,"href":"https:\/\/infoecos.com.ar\/index.php\/wp-json\/"}],"wp:attachment":[{"href":"https:\/\/infoecos.com.ar\/index.php\/wp-json\/wp\/v2\/media?parent=102933"}],"wp:term":[{"taxonomy":"category","embeddable":true,"href":"https:\/\/infoecos.com.ar\/index.php\/wp-json\/wp\/v2\/categories?post=102933"},{"taxonomy":"post_tag","embeddable":true,"href":"https:\/\/infoecos.com.ar\/index.php\/wp-json\/wp\/v2\/tags?post=102933"}],"curies":[{"name":"wp","href":"https:\/\/api.w.org\/{rel}","templated":true}]}}