{"id":102942,"date":"2023-03-17T10:53:40","date_gmt":"2023-03-17T13:53:40","guid":{"rendered":"https:\/\/infoecos.com.ar\/?p=102942"},"modified":"2023-03-23T13:23:12","modified_gmt":"2023-03-23T16:23:12","slug":"el-dificil-oficio-de-intendente-municipal","status":"publish","type":"post","link":"https:\/\/infoecos.com.ar\/index.php\/el-dificil-oficio-de-intendente-municipal\/","title":{"rendered":"El d\u00edficil \u00aboficio\u00bb de Intendente Municipal"},"content":{"rendered":"\n<figure class=\"wp-block-image aligncenter size-full is-resized\"><img loading=\"lazy\" decoding=\"async\" src=\"https:\/\/infoecos.com.ar\/wp-content\/uploads\/2021\/05\/Palacio-Municipal-2-1.jpg\" alt=\"\" class=\"wp-image-78343\" width=\"563\" height=\"374\" srcset=\"https:\/\/infoecos.com.ar\/wp-content\/uploads\/2021\/05\/Palacio-Municipal-2-1.jpg 902w, https:\/\/infoecos.com.ar\/wp-content\/uploads\/2021\/05\/Palacio-Municipal-2-1-460x306.jpg 460w, https:\/\/infoecos.com.ar\/wp-content\/uploads\/2021\/05\/Palacio-Municipal-2-1-768x511.jpg 768w, https:\/\/infoecos.com.ar\/wp-content\/uploads\/2021\/05\/Palacio-Municipal-2-1-675x450.jpg 675w\" sizes=\"(max-width: 563px) 100vw, 563px\" \/><\/figure>\n\n\n\n<p><img loading=\"lazy\" decoding=\"async\" height=\"16\" width=\"16\" alt=\"&#x1f648;\" src=\"https:\/\/static.xx.fbcdn.net\/images\/emoji.php\/v9\/tab\/1.5\/16\/1f648.png\"> Hoy me levant\u00e9 reflexivo y con los o\u00eddos abiertos.<\/p>\n\n\n\n<p>Escuch\u00e9 una entrevista en LU 11 Radioemisora del Oeste, con el intendente de Trenque Lauquen.<\/p>\n\n\n\n<p>Concluyo que \u00absarna con gusto, no pica\u00bb, pero hay que tener ganas de que te llenen de preguntas como si fueras un &#8216;Licenciado en Ciencias Generales&#8217;.<\/p>\n\n\n\n<p>El \u00fanico interrogante que se obvi\u00f3, est\u00e1 vinculado con el \u00absexo de los \u00e1ngeles\u00bb.<\/p>\n\n\n\n<p>Y no lo estoy bancando, pero hay que tener ganas de estar ocupando ese lugar.<\/p>\n\n\n\n<p>Un <a><\/a>dirigente pol\u00edtico que quise mucho y con el que trabaj\u00e9 a\u00f1os, dec\u00eda: \u00abser intendente genera placeres, pero sobre veinte demandas diarias, si solucion\u00e1s dos, sos un mago. Y, cuando te mor\u00eds e hiciste una gesti\u00f3n considerada buena, hay elogios, alguna calle con tu nombre, pero el bronce, jam\u00e1s. Hasta se olvidan del lugar donde est\u00e1s enterrado\u00bb.<\/p>\n\n\n\n<p>Fern\u00e1ndez se hizo cargo &#8211; en parte &#8211; del problema por la falta de agua en los Colegios Secundarios.<\/p>\n\n\n\n<p>Sinceramente no me dej\u00f3 conforme.<\/p>\n\n\n\n<p>Dejar\u00e9, pese a haber fijado opini\u00f3n, el an\u00e1lisis al margen.Aunque resulte ego\u00edsta, hacerse cargo del problema de centenares de padres, alumnos, docentes, sindicatos, los que tocan de o\u00eddo, supera la modesta capacidad que poseo y elijo preservar la salud.<\/p>\n\n\n\n<p><strong>JOM<\/strong><\/p>\n","protected":false},"excerpt":{"rendered":"<p>Aunque resulte ego\u00edsta, hacerse cargo del problema de centenares de padres, alumnos, docentes, sindicatos, los que tocan de o\u00eddo, supera la modesta capacidad que poseo y elijo preservar la salud<\/p>\n","protected":false},"author":2,"featured_media":90262,"comment_status":"closed","ping_status":"open","sticky":false,"template":"","format":"standard","meta":{"footnotes":""},"categories":[41],"tags":[7527],"class_list":["post-102942","post","type-post","status-publish","format-standard","has-post-thumbnail","hentry","category-inferior2","tag-opinion-colegios-secundarios"],"yoast_head":"<!-- This site is optimized with the Yoast SEO plugin v23.4 - https:\/\/yoast.com\/wordpress\/plugins\/seo\/ -->\n<title>El d\u00edficil &quot;oficio&quot; de Intendente Municipal - Infoecos<\/title>\n<meta name=\"robots\" content=\"index, follow, max-snippet:-1, max-image-preview:large, max-video-preview:-1\" \/>\n<link rel=\"canonical\" href=\"https:\/\/infoecos.com.ar\/index.php\/el-dificil-oficio-de-intendente-municipal\/\" \/>\n<meta property=\"og:locale\" content=\"es_ES\" \/>\n<meta property=\"og:type\" content=\"article\" \/>\n<meta property=\"og:title\" content=\"El d\u00edficil &quot;oficio&quot; de Intendente Municipal - Infoecos\" \/>\n<meta property=\"og:description\" content=\"Aunque resulte ego\u00edsta, hacerse cargo del problema de centenares de padres, alumnos, docentes, sindicatos, los que tocan de o\u00eddo, supera la modesta capacidad que poseo y elijo preservar la salud\" \/>\n<meta property=\"og:url\" content=\"https:\/\/infoecos.com.ar\/index.php\/el-dificil-oficio-de-intendente-municipal\/\" \/>\n<meta property=\"og:site_name\" content=\"Infoecos\" \/>\n<meta property=\"article:publisher\" content=\"https:\/\/www.facebook.com\/profile.php?id=100063200290284\" \/>\n<meta property=\"article:published_time\" content=\"2023-03-17T13:53:40+00:00\" \/>\n<meta property=\"article:modified_time\" content=\"2023-03-23T16:23:12+00:00\" \/>\n<meta property=\"og:image\" content=\"https:\/\/infoecos.com.ar\/wp-content\/uploads\/2022\/03\/Palacio-Municipal.jpeg\" \/>\n\t<meta property=\"og:image:width\" content=\"800\" \/>\n\t<meta property=\"og:image:height\" content=\"600\" \/>\n\t<meta property=\"og:image:type\" content=\"image\/jpeg\" \/>\n<meta name=\"author\" content=\"Jorge Matheus\" \/>\n<meta name=\"twitter:card\" content=\"summary_large_image\" \/>\n<meta name=\"twitter:creator\" content=\"@infoecos\" \/>\n<meta name=\"twitter:site\" content=\"@infoecos\" \/>\n<meta name=\"twitter:label1\" content=\"Escrito por\" \/>\n\t<meta name=\"twitter:data1\" content=\"Jorge Matheus\" \/>\n\t<meta name=\"twitter:label2\" content=\"Tiempo de lectura\" \/>\n\t<meta name=\"twitter:data2\" content=\"2 minutos\" \/>\n<script type=\"application\/ld+json\" class=\"yoast-schema-graph\">{\"@context\":\"https:\/\/schema.org\",\"@graph\":[{\"@type\":\"Article\",\"@id\":\"https:\/\/infoecos.com.ar\/index.php\/el-dificil-oficio-de-intendente-municipal\/#article\",\"isPartOf\":{\"@id\":\"https:\/\/infoecos.com.ar\/index.php\/el-dificil-oficio-de-intendente-municipal\/\"},\"author\":{\"name\":\"Jorge Matheus\",\"@id\":\"https:\/\/infoecos.com.ar\/#\/schema\/person\/8f5ace5ce73b4b4aac4b7245aee6f191\"},\"headline\":\"El d\u00edficil \u00aboficio\u00bb de Intendente Municipal\",\"datePublished\":\"2023-03-17T13:53:40+00:00\",\"dateModified\":\"2023-03-23T16:23:12+00:00\",\"mainEntityOfPage\":{\"@id\":\"https:\/\/infoecos.com.ar\/index.php\/el-dificil-oficio-de-intendente-municipal\/\"},\"wordCount\":221,\"publisher\":{\"@id\":\"https:\/\/infoecos.com.ar\/#organization\"},\"image\":{\"@id\":\"https:\/\/infoecos.com.ar\/index.php\/el-dificil-oficio-de-intendente-municipal\/#primaryimage\"},\"thumbnailUrl\":\"https:\/\/infoecos.com.ar\/wp-content\/uploads\/2022\/03\/Palacio-Municipal.jpeg\",\"keywords\":[\"OPINI\u00d3N: COLEGIOS SECUNDARIOS\"],\"articleSection\":[\"Bloque inferior - 2\"],\"inLanguage\":\"es\"},{\"@type\":\"WebPage\",\"@id\":\"https:\/\/infoecos.com.ar\/index.php\/el-dificil-oficio-de-intendente-municipal\/\",\"url\":\"https:\/\/infoecos.com.ar\/index.php\/el-dificil-oficio-de-intendente-municipal\/\",\"name\":\"El d\u00edficil \\\"oficio\\\" de Intendente Municipal - Infoecos\",\"isPartOf\":{\"@id\":\"https:\/\/infoecos.com.ar\/#website\"},\"primaryImageOfPage\":{\"@id\":\"https:\/\/infoecos.com.ar\/index.php\/el-dificil-oficio-de-intendente-municipal\/#primaryimage\"},\"image\":{\"@id\":\"https:\/\/infoecos.com.ar\/index.php\/el-dificil-oficio-de-intendente-municipal\/#primaryimage\"},\"thumbnailUrl\":\"https:\/\/infoecos.com.ar\/wp-content\/uploads\/2022\/03\/Palacio-Municipal.jpeg\",\"datePublished\":\"2023-03-17T13:53:40+00:00\",\"dateModified\":\"2023-03-23T16:23:12+00:00\",\"breadcrumb\":{\"@id\":\"https:\/\/infoecos.com.ar\/index.php\/el-dificil-oficio-de-intendente-municipal\/#breadcrumb\"},\"inLanguage\":\"es\",\"potentialAction\":[{\"@type\":\"ReadAction\",\"target\":[\"https:\/\/infoecos.com.ar\/index.php\/el-dificil-oficio-de-intendente-municipal\/\"]}]},{\"@type\":\"ImageObject\",\"inLanguage\":\"es\",\"@id\":\"https:\/\/infoecos.com.ar\/index.php\/el-dificil-oficio-de-intendente-municipal\/#primaryimage\",\"url\":\"https:\/\/infoecos.com.ar\/wp-content\/uploads\/2022\/03\/Palacio-Municipal.jpeg\",\"contentUrl\":\"https:\/\/infoecos.com.ar\/wp-content\/uploads\/2022\/03\/Palacio-Municipal.jpeg\",\"width\":800,\"height\":600},{\"@type\":\"BreadcrumbList\",\"@id\":\"https:\/\/infoecos.com.ar\/index.php\/el-dificil-oficio-de-intendente-municipal\/#breadcrumb\",\"itemListElement\":[{\"@type\":\"ListItem\",\"position\":1,\"name\":\"Portada\",\"item\":\"https:\/\/infoecos.com.ar\/\"},{\"@type\":\"ListItem\",\"position\":2,\"name\":\"El d\u00edficil \u00aboficio\u00bb de Intendente Municipal\"}]},{\"@type\":\"WebSite\",\"@id\":\"https:\/\/infoecos.com.ar\/#website\",\"url\":\"https:\/\/infoecos.com.ar\/\",\"name\":\"Infoecos\",\"description\":\"Noticias de trenque lauquen y la zona\",\"publisher\":{\"@id\":\"https:\/\/infoecos.com.ar\/#organization\"},\"alternateName\":\"Noticias\",\"potentialAction\":[{\"@type\":\"SearchAction\",\"target\":{\"@type\":\"EntryPoint\",\"urlTemplate\":\"https:\/\/infoecos.com.ar\/?s={search_term_string}\"},\"query-input\":{\"@type\":\"PropertyValueSpecification\",\"valueRequired\":true,\"valueName\":\"search_term_string\"}}],\"inLanguage\":\"es\"},{\"@type\":\"Organization\",\"@id\":\"https:\/\/infoecos.com.ar\/#organization\",\"name\":\"Infoecos\",\"alternateName\":\"Noticias\",\"url\":\"https:\/\/infoecos.com.ar\/\",\"logo\":{\"@type\":\"ImageObject\",\"inLanguage\":\"es\",\"@id\":\"https:\/\/infoecos.com.ar\/#\/schema\/logo\/image\/\",\"url\":\"https:\/\/infoecos.com.ar\/wp-content\/uploads\/2024\/03\/cropped-logo.png\",\"contentUrl\":\"https:\/\/infoecos.com.ar\/wp-content\/uploads\/2024\/03\/cropped-logo.png\",\"width\":374,\"height\":90,\"caption\":\"Infoecos\"},\"image\":{\"@id\":\"https:\/\/infoecos.com.ar\/#\/schema\/logo\/image\/\"},\"sameAs\":[\"https:\/\/www.facebook.com\/profile.php?id=100063200290284\",\"https:\/\/x.com\/infoecos\"]},{\"@type\":\"Person\",\"@id\":\"https:\/\/infoecos.com.ar\/#\/schema\/person\/8f5ace5ce73b4b4aac4b7245aee6f191\",\"name\":\"Jorge Matheus\",\"url\":\"https:\/\/infoecos.com.ar\/index.php\/author\/jomatheus\/\"}]}<\/script>\n<!-- \/ Yoast SEO plugin. -->","yoast_head_json":{"title":"El d\u00edficil \"oficio\" de Intendente Municipal - Infoecos","robots":{"index":"index","follow":"follow","max-snippet":"max-snippet:-1","max-image-preview":"max-image-preview:large","max-video-preview":"max-video-preview:-1"},"canonical":"https:\/\/infoecos.com.ar\/index.php\/el-dificil-oficio-de-intendente-municipal\/","og_locale":"es_ES","og_type":"article","og_title":"El d\u00edficil \"oficio\" de Intendente Municipal - Infoecos","og_description":"Aunque resulte ego\u00edsta, hacerse cargo del problema de centenares de padres, alumnos, docentes, sindicatos, los que tocan de o\u00eddo, supera la modesta capacidad que poseo y elijo preservar la salud","og_url":"https:\/\/infoecos.com.ar\/index.php\/el-dificil-oficio-de-intendente-municipal\/","og_site_name":"Infoecos","article_publisher":"https:\/\/www.facebook.com\/profile.php?id=100063200290284","article_published_time":"2023-03-17T13:53:40+00:00","article_modified_time":"2023-03-23T16:23:12+00:00","og_image":[{"width":800,"height":600,"url":"https:\/\/infoecos.com.ar\/wp-content\/uploads\/2022\/03\/Palacio-Municipal.jpeg","type":"image\/jpeg"}],"author":"Jorge Matheus","twitter_card":"summary_large_image","twitter_creator":"@infoecos","twitter_site":"@infoecos","twitter_misc":{"Escrito por":"Jorge Matheus","Tiempo de lectura":"2 minutos"},"schema":{"@context":"https:\/\/schema.org","@graph":[{"@type":"Article","@id":"https:\/\/infoecos.com.ar\/index.php\/el-dificil-oficio-de-intendente-municipal\/#article","isPartOf":{"@id":"https:\/\/infoecos.com.ar\/index.php\/el-dificil-oficio-de-intendente-municipal\/"},"author":{"name":"Jorge Matheus","@id":"https:\/\/infoecos.com.ar\/#\/schema\/person\/8f5ace5ce73b4b4aac4b7245aee6f191"},"headline":"El d\u00edficil \u00aboficio\u00bb de Intendente Municipal","datePublished":"2023-03-17T13:53:40+00:00","dateModified":"2023-03-23T16:23:12+00:00","mainEntityOfPage":{"@id":"https:\/\/infoecos.com.ar\/index.php\/el-dificil-oficio-de-intendente-municipal\/"},"wordCount":221,"publisher":{"@id":"https:\/\/infoecos.com.ar\/#organization"},"image":{"@id":"https:\/\/infoecos.com.ar\/index.php\/el-dificil-oficio-de-intendente-municipal\/#primaryimage"},"thumbnailUrl":"https:\/\/infoecos.com.ar\/wp-content\/uploads\/2022\/03\/Palacio-Municipal.jpeg","keywords":["OPINI\u00d3N: COLEGIOS SECUNDARIOS"],"articleSection":["Bloque inferior - 2"],"inLanguage":"es"},{"@type":"WebPage","@id":"https:\/\/infoecos.com.ar\/index.php\/el-dificil-oficio-de-intendente-municipal\/","url":"https:\/\/infoecos.com.ar\/index.php\/el-dificil-oficio-de-intendente-municipal\/","name":"El d\u00edficil \"oficio\" de Intendente Municipal - Infoecos","isPartOf":{"@id":"https:\/\/infoecos.com.ar\/#website"},"primaryImageOfPage":{"@id":"https:\/\/infoecos.com.ar\/index.php\/el-dificil-oficio-de-intendente-municipal\/#primaryimage"},"image":{"@id":"https:\/\/infoecos.com.ar\/index.php\/el-dificil-oficio-de-intendente-municipal\/#primaryimage"},"thumbnailUrl":"https:\/\/infoecos.com.ar\/wp-content\/uploads\/2022\/03\/Palacio-Municipal.jpeg","datePublished":"2023-03-17T13:53:40+00:00","dateModified":"2023-03-23T16:23:12+00:00","breadcrumb":{"@id":"https:\/\/infoecos.com.ar\/index.php\/el-dificil-oficio-de-intendente-municipal\/#breadcrumb"},"inLanguage":"es","potentialAction":[{"@type":"ReadAction","target":["https:\/\/infoecos.com.ar\/index.php\/el-dificil-oficio-de-intendente-municipal\/"]}]},{"@type":"ImageObject","inLanguage":"es","@id":"https:\/\/infoecos.com.ar\/index.php\/el-dificil-oficio-de-intendente-municipal\/#primaryimage","url":"https:\/\/infoecos.com.ar\/wp-content\/uploads\/2022\/03\/Palacio-Municipal.jpeg","contentUrl":"https:\/\/infoecos.com.ar\/wp-content\/uploads\/2022\/03\/Palacio-Municipal.jpeg","width":800,"height":600},{"@type":"BreadcrumbList","@id":"https:\/\/infoecos.com.ar\/index.php\/el-dificil-oficio-de-intendente-municipal\/#breadcrumb","itemListElement":[{"@type":"ListItem","position":1,"name":"Portada","item":"https:\/\/infoecos.com.ar\/"},{"@type":"ListItem","position":2,"name":"El d\u00edficil \u00aboficio\u00bb de Intendente Municipal"}]},{"@type":"WebSite","@id":"https:\/\/infoecos.com.ar\/#website","url":"https:\/\/infoecos.com.ar\/","name":"Infoecos","description":"Noticias de trenque lauquen y la zona","publisher":{"@id":"https:\/\/infoecos.com.ar\/#organization"},"alternateName":"Noticias","potentialAction":[{"@type":"SearchAction","target":{"@type":"EntryPoint","urlTemplate":"https:\/\/infoecos.com.ar\/?s={search_term_string}"},"query-input":{"@type":"PropertyValueSpecification","valueRequired":true,"valueName":"search_term_string"}}],"inLanguage":"es"},{"@type":"Organization","@id":"https:\/\/infoecos.com.ar\/#organization","name":"Infoecos","alternateName":"Noticias","url":"https:\/\/infoecos.com.ar\/","logo":{"@type":"ImageObject","inLanguage":"es","@id":"https:\/\/infoecos.com.ar\/#\/schema\/logo\/image\/","url":"https:\/\/infoecos.com.ar\/wp-content\/uploads\/2024\/03\/cropped-logo.png","contentUrl":"https:\/\/infoecos.com.ar\/wp-content\/uploads\/2024\/03\/cropped-logo.png","width":374,"height":90,"caption":"Infoecos"},"image":{"@id":"https:\/\/infoecos.com.ar\/#\/schema\/logo\/image\/"},"sameAs":["https:\/\/www.facebook.com\/profile.php?id=100063200290284","https:\/\/x.com\/infoecos"]},{"@type":"Person","@id":"https:\/\/infoecos.com.ar\/#\/schema\/person\/8f5ace5ce73b4b4aac4b7245aee6f191","name":"Jorge Matheus","url":"https:\/\/infoecos.com.ar\/index.php\/author\/jomatheus\/"}]}},"featured_image_urls":{"full":["https:\/\/infoecos.com.ar\/wp-content\/uploads\/2022\/03\/Palacio-Municipal.jpeg",800,600,false],"thumbnail":["https:\/\/infoecos.com.ar\/wp-content\/uploads\/2022\/03\/Palacio-Municipal-150x150.jpeg",150,150,true],"medium":["https:\/\/infoecos.com.ar\/wp-content\/uploads\/2022\/03\/Palacio-Municipal-460x345.jpeg",460,345,true],"medium_large":["https:\/\/infoecos.com.ar\/wp-content\/uploads\/2022\/03\/Palacio-Municipal-768x576.jpeg",640,480,true],"large":["https:\/\/infoecos.com.ar\/wp-content\/uploads\/2022\/03\/Palacio-Municipal.jpeg",640,480,false],"1536x1536":["https:\/\/infoecos.com.ar\/wp-content\/uploads\/2022\/03\/Palacio-Municipal.jpeg",800,600,false],"2048x2048":["https:\/\/infoecos.com.ar\/wp-content\/uploads\/2022\/03\/Palacio-Municipal.jpeg",800,600,false],"covernews-slider-full":["https:\/\/infoecos.com.ar\/wp-content\/uploads\/2022\/03\/Palacio-Municipal.jpeg",800,600,false],"covernews-slider-center":["https:\/\/infoecos.com.ar\/wp-content\/uploads\/2022\/03\/Palacio-Municipal.jpeg",667,500,false],"covernews-featured":["https:\/\/infoecos.com.ar\/wp-content\/uploads\/2022\/03\/Palacio-Municipal.jpeg",800,600,false],"covernews-medium":["https:\/\/infoecos.com.ar\/wp-content\/uploads\/2022\/03\/Palacio-Municipal-720x380.jpeg",540,285,true],"covernews-medium-square":["https:\/\/infoecos.com.ar\/wp-content\/uploads\/2022\/03\/Palacio-Municipal-675x450.jpeg",375,250,true]},"author_info":{"info":["Jorge Matheus"]},"category_info":"<a href=\"https:\/\/infoecos.com.ar\/index.php\/category\/inferior2\/\" rel=\"category tag\">Bloque inferior - 2<\/a>","tag_info":"Bloque inferior - 2","comment_count":"0","_links":{"self":[{"href":"https:\/\/infoecos.com.ar\/index.php\/wp-json\/wp\/v2\/posts\/102942"}],"collection":[{"href":"https:\/\/infoecos.com.ar\/index.php\/wp-json\/wp\/v2\/posts"}],"about":[{"href":"https:\/\/infoecos.com.ar\/index.php\/wp-json\/wp\/v2\/types\/post"}],"author":[{"embeddable":true,"href":"https:\/\/infoecos.com.ar\/index.php\/wp-json\/wp\/v2\/users\/2"}],"replies":[{"embeddable":true,"href":"https:\/\/infoecos.com.ar\/index.php\/wp-json\/wp\/v2\/comments?post=102942"}],"version-history":[{"count":2,"href":"https:\/\/infoecos.com.ar\/index.php\/wp-json\/wp\/v2\/posts\/102942\/revisions"}],"predecessor-version":[{"id":102945,"href":"https:\/\/infoecos.com.ar\/index.php\/wp-json\/wp\/v2\/posts\/102942\/revisions\/102945"}],"wp:featuredmedia":[{"embeddable":true,"href":"https:\/\/infoecos.com.ar\/index.php\/wp-json\/wp\/v2\/media\/90262"}],"wp:attachment":[{"href":"https:\/\/infoecos.com.ar\/index.php\/wp-json\/wp\/v2\/media?parent=102942"}],"wp:term":[{"taxonomy":"category","embeddable":true,"href":"https:\/\/infoecos.com.ar\/index.php\/wp-json\/wp\/v2\/categories?post=102942"},{"taxonomy":"post_tag","embeddable":true,"href":"https:\/\/infoecos.com.ar\/index.php\/wp-json\/wp\/v2\/tags?post=102942"}],"curies":[{"name":"wp","href":"https:\/\/api.w.org\/{rel}","templated":true}]}}