{"id":102959,"date":"2023-03-17T17:41:37","date_gmt":"2023-03-17T20:41:37","guid":{"rendered":"https:\/\/infoecos.com.ar\/?p=102959"},"modified":"2023-03-18T10:24:17","modified_gmt":"2023-03-18T13:24:17","slug":"acordaron-la-asociacion-bancaria-y-las-camaras-empresarias-que-agrupan-a-las-entidades","status":"publish","type":"post","link":"https:\/\/infoecos.com.ar\/index.php\/acordaron-la-asociacion-bancaria-y-las-camaras-empresarias-que-agrupan-a-las-entidades\/","title":{"rendered":"Acordaron la Asociaci\u00f3n Bancaria y las c\u00e1maras empresarias que agrupan a las entidades"},"content":{"rendered":"\n<p>La Asociaci\u00f3n Bancaria (AB) y las c\u00e1maras empresarias que agrupan a las entidades financieras sellaron este viernes&nbsp;<strong>un aumento salarial de 32,5%&nbsp;<\/strong>por cinco meses con la novedad de convertirse en el primer acuerdo paritario que incluye el pago de una&nbsp;<strong>compensaci\u00f3n especial por los descuentos derivados del impuesto a las Ganancias que llegar\u00e1 hasta $ 450.000.<\/strong><\/p>\n\n\n\n<figure class=\"wp-block-image aligncenter size-full\"><img loading=\"lazy\" decoding=\"async\" width=\"992\" height=\"744\" src=\"https:\/\/infoecos.com.ar\/wp-content\/uploads\/2023\/03\/image-51.png\" alt=\"\" class=\"wp-image-102960\" srcset=\"https:\/\/infoecos.com.ar\/wp-content\/uploads\/2023\/03\/image-51.png 992w, https:\/\/infoecos.com.ar\/wp-content\/uploads\/2023\/03\/image-51-800x600.png 800w, https:\/\/infoecos.com.ar\/wp-content\/uploads\/2023\/03\/image-51-768x576.png 768w\" sizes=\"(max-width: 992px) 100vw, 992px\" \/><\/figure>\n\n\n\n<p>El entendimiento, cerrado despu\u00e9s de meses de negociaciones y la audiencia de este viernes que se extendi\u00f3 por m\u00e1s de 6 horas, fij\u00f3 que el incremento salarial establecido para el&nbsp;<strong>per\u00edodo enero-mayo, se aplicar\u00e1 en forma acumulativa en cuatro tramos<\/strong>: 6% retroactivo a enero,&nbsp;7,1% para febrero, un&nbsp;11% para marzo y el restante 8,4%&nbsp;en mayo, mismo mes en que est\u00e1 prevista&nbsp;<strong>la revisi\u00f3n del aumento.<\/strong><\/p>\n\n\n\n<p>Con ese esquema, el salario inicial de la actividad (la menor categor\u00eda) ser\u00e1 desde enero de $ 254.418,11, en febrero alcanzar\u00e1 $ 271.352,63, trepar\u00e1 desde este mes a $ 297.744,12 para completarse<strong>&nbsp;desde mayo en $ 317.897,64.\u200b<\/strong><\/p>\n\n\n\n<p>Adem\u00e1s, y tras el insistente pedido del gremio conducido por el dirigente K&nbsp;<strong>Sergio Palazzo,<\/strong>&nbsp;el acuerdo firmado por la AB con las c\u00e1maras ABA, ADEBA, ABE, Abappra y el Banco Central&nbsp;incorpor\u00f3&nbsp;<strong>por primera vez una compensaci\u00f3n por los descuentos de Ganancias&nbsp;<\/strong>que variar\u00e1 seg\u00fan las categor\u00edas de la actividad.<\/p>\n\n\n\n<p>Para la categor\u00eda m\u00e1s baja del convenio ese pago&nbsp;<strong>ser\u00e1 de $ 50.000<\/strong>&nbsp;(salario de hasta $ 301.695)<strong>&nbsp;y para la categor\u00eda m\u00e1s alta<\/strong>&nbsp;(salarios de hasta $ 1.200.000)<strong>&nbsp;alcanzar\u00e1 a $ 450.000<\/strong>. Ese adicional, que quedar\u00e1 exento de tributar por el impuesto, ser\u00e1 abonado como una suma extraordinaria no remunerativa en dos cuotas, los meses de mayo y septiembre.<\/p>\n\n\n\n<p>Tambi\u00e9n el acuerdo defini\u00f3 los lineamientos del pago especial por el D\u00eda del Bancario, que ascender\u00e1 a $ 273.511,56 para la categor\u00eda inicial del convenio.<\/p>\n\n\n\n<p>Fuentes: Clar\u00edn.com e Infobae.com<\/p>\n","protected":false},"excerpt":{"rendered":"<p>El entendimiento, cerrado despu\u00e9s de meses de negociaciones y la audiencia de este viernes que se extendi\u00f3 por m\u00e1s de 6 horas, fij\u00f3 que el incremento salarial establecido para el\u00a0per\u00edodo enero-mayo, se aplicar\u00e1 en forma acumulativa en cuatro tramos: 6% retroactivo a enero,\u00a07,1% para febrero, un\u00a011% para marzo y el restante 8,4%\u00a0en mayo, mismo mes en que est\u00e1 prevista\u00a0la revisi\u00f3n del aumento<\/p>\n","protected":false},"author":2,"featured_media":102960,"comment_status":"closed","ping_status":"open","sticky":false,"template":"","format":"standard","meta":{"footnotes":""},"categories":[47],"tags":[7531],"class_list":["post-102959","post","type-post","status-publish","format-standard","has-post-thumbnail","hentry","category-c3nota2","tag-paritarias"],"yoast_head":"<!-- This site is optimized with the Yoast SEO plugin v23.4 - https:\/\/yoast.com\/wordpress\/plugins\/seo\/ -->\n<title>Acordaron la Asociaci\u00f3n Bancaria y las c\u00e1maras empresarias que agrupan a las entidades - Infoecos<\/title>\n<meta name=\"robots\" content=\"index, follow, max-snippet:-1, max-image-preview:large, max-video-preview:-1\" \/>\n<link rel=\"canonical\" href=\"https:\/\/infoecos.com.ar\/index.php\/acordaron-la-asociacion-bancaria-y-las-camaras-empresarias-que-agrupan-a-las-entidades\/\" \/>\n<meta property=\"og:locale\" content=\"es_ES\" \/>\n<meta property=\"og:type\" content=\"article\" \/>\n<meta property=\"og:title\" content=\"Acordaron la Asociaci\u00f3n Bancaria y las c\u00e1maras empresarias que agrupan a las entidades - Infoecos\" \/>\n<meta property=\"og:description\" content=\"El entendimiento, cerrado despu\u00e9s de meses de negociaciones y la audiencia de este viernes que se extendi\u00f3 por m\u00e1s de 6 horas, fij\u00f3 que el incremento salarial establecido para el\u00a0per\u00edodo enero-mayo, se aplicar\u00e1 en forma acumulativa en cuatro tramos: 6% retroactivo a enero,\u00a07,1% para febrero, un\u00a011% para marzo y el restante 8,4%\u00a0en mayo, mismo mes en que est\u00e1 prevista\u00a0la revisi\u00f3n del aumento\" \/>\n<meta property=\"og:url\" content=\"https:\/\/infoecos.com.ar\/index.php\/acordaron-la-asociacion-bancaria-y-las-camaras-empresarias-que-agrupan-a-las-entidades\/\" \/>\n<meta property=\"og:site_name\" content=\"Infoecos\" \/>\n<meta property=\"article:publisher\" content=\"https:\/\/www.facebook.com\/profile.php?id=100063200290284\" \/>\n<meta property=\"article:published_time\" content=\"2023-03-17T20:41:37+00:00\" \/>\n<meta property=\"article:modified_time\" content=\"2023-03-18T13:24:17+00:00\" \/>\n<meta property=\"og:image\" content=\"https:\/\/infoecos.com.ar\/wp-content\/uploads\/2023\/03\/image-51.png\" \/>\n\t<meta property=\"og:image:width\" content=\"992\" \/>\n\t<meta property=\"og:image:height\" content=\"744\" \/>\n\t<meta property=\"og:image:type\" content=\"image\/png\" \/>\n<meta name=\"author\" content=\"Jorge Matheus\" \/>\n<meta name=\"twitter:card\" content=\"summary_large_image\" \/>\n<meta name=\"twitter:creator\" content=\"@infoecos\" \/>\n<meta name=\"twitter:site\" content=\"@infoecos\" \/>\n<meta name=\"twitter:label1\" content=\"Escrito por\" \/>\n\t<meta name=\"twitter:data1\" content=\"Jorge Matheus\" \/>\n\t<meta name=\"twitter:label2\" content=\"Tiempo de lectura\" \/>\n\t<meta name=\"twitter:data2\" content=\"2 minutos\" \/>\n<script type=\"application\/ld+json\" class=\"yoast-schema-graph\">{\"@context\":\"https:\/\/schema.org\",\"@graph\":[{\"@type\":\"Article\",\"@id\":\"https:\/\/infoecos.com.ar\/index.php\/acordaron-la-asociacion-bancaria-y-las-camaras-empresarias-que-agrupan-a-las-entidades\/#article\",\"isPartOf\":{\"@id\":\"https:\/\/infoecos.com.ar\/index.php\/acordaron-la-asociacion-bancaria-y-las-camaras-empresarias-que-agrupan-a-las-entidades\/\"},\"author\":{\"name\":\"Jorge Matheus\",\"@id\":\"https:\/\/infoecos.com.ar\/#\/schema\/person\/8f5ace5ce73b4b4aac4b7245aee6f191\"},\"headline\":\"Acordaron la Asociaci\u00f3n Bancaria y las c\u00e1maras empresarias que agrupan a las entidades\",\"datePublished\":\"2023-03-17T20:41:37+00:00\",\"dateModified\":\"2023-03-18T13:24:17+00:00\",\"mainEntityOfPage\":{\"@id\":\"https:\/\/infoecos.com.ar\/index.php\/acordaron-la-asociacion-bancaria-y-las-camaras-empresarias-que-agrupan-a-las-entidades\/\"},\"wordCount\":332,\"publisher\":{\"@id\":\"https:\/\/infoecos.com.ar\/#organization\"},\"image\":{\"@id\":\"https:\/\/infoecos.com.ar\/index.php\/acordaron-la-asociacion-bancaria-y-las-camaras-empresarias-que-agrupan-a-las-entidades\/#primaryimage\"},\"thumbnailUrl\":\"https:\/\/infoecos.com.ar\/wp-content\/uploads\/2023\/03\/image-51.png\",\"keywords\":[\"PARITARIAS\"],\"articleSection\":[\"C3 N2\"],\"inLanguage\":\"es\"},{\"@type\":\"WebPage\",\"@id\":\"https:\/\/infoecos.com.ar\/index.php\/acordaron-la-asociacion-bancaria-y-las-camaras-empresarias-que-agrupan-a-las-entidades\/\",\"url\":\"https:\/\/infoecos.com.ar\/index.php\/acordaron-la-asociacion-bancaria-y-las-camaras-empresarias-que-agrupan-a-las-entidades\/\",\"name\":\"Acordaron la Asociaci\u00f3n Bancaria y las c\u00e1maras empresarias que agrupan a las entidades - Infoecos\",\"isPartOf\":{\"@id\":\"https:\/\/infoecos.com.ar\/#website\"},\"primaryImageOfPage\":{\"@id\":\"https:\/\/infoecos.com.ar\/index.php\/acordaron-la-asociacion-bancaria-y-las-camaras-empresarias-que-agrupan-a-las-entidades\/#primaryimage\"},\"image\":{\"@id\":\"https:\/\/infoecos.com.ar\/index.php\/acordaron-la-asociacion-bancaria-y-las-camaras-empresarias-que-agrupan-a-las-entidades\/#primaryimage\"},\"thumbnailUrl\":\"https:\/\/infoecos.com.ar\/wp-content\/uploads\/2023\/03\/image-51.png\",\"datePublished\":\"2023-03-17T20:41:37+00:00\",\"dateModified\":\"2023-03-18T13:24:17+00:00\",\"breadcrumb\":{\"@id\":\"https:\/\/infoecos.com.ar\/index.php\/acordaron-la-asociacion-bancaria-y-las-camaras-empresarias-que-agrupan-a-las-entidades\/#breadcrumb\"},\"inLanguage\":\"es\",\"potentialAction\":[{\"@type\":\"ReadAction\",\"target\":[\"https:\/\/infoecos.com.ar\/index.php\/acordaron-la-asociacion-bancaria-y-las-camaras-empresarias-que-agrupan-a-las-entidades\/\"]}]},{\"@type\":\"ImageObject\",\"inLanguage\":\"es\",\"@id\":\"https:\/\/infoecos.com.ar\/index.php\/acordaron-la-asociacion-bancaria-y-las-camaras-empresarias-que-agrupan-a-las-entidades\/#primaryimage\",\"url\":\"https:\/\/infoecos.com.ar\/wp-content\/uploads\/2023\/03\/image-51.png\",\"contentUrl\":\"https:\/\/infoecos.com.ar\/wp-content\/uploads\/2023\/03\/image-51.png\",\"width\":992,\"height\":744},{\"@type\":\"BreadcrumbList\",\"@id\":\"https:\/\/infoecos.com.ar\/index.php\/acordaron-la-asociacion-bancaria-y-las-camaras-empresarias-que-agrupan-a-las-entidades\/#breadcrumb\",\"itemListElement\":[{\"@type\":\"ListItem\",\"position\":1,\"name\":\"Portada\",\"item\":\"https:\/\/infoecos.com.ar\/\"},{\"@type\":\"ListItem\",\"position\":2,\"name\":\"Acordaron la Asociaci\u00f3n Bancaria y las c\u00e1maras empresarias que agrupan a las entidades\"}]},{\"@type\":\"WebSite\",\"@id\":\"https:\/\/infoecos.com.ar\/#website\",\"url\":\"https:\/\/infoecos.com.ar\/\",\"name\":\"Infoecos\",\"description\":\"Noticias de trenque lauquen y la zona\",\"publisher\":{\"@id\":\"https:\/\/infoecos.com.ar\/#organization\"},\"alternateName\":\"Noticias\",\"potentialAction\":[{\"@type\":\"SearchAction\",\"target\":{\"@type\":\"EntryPoint\",\"urlTemplate\":\"https:\/\/infoecos.com.ar\/?s={search_term_string}\"},\"query-input\":{\"@type\":\"PropertyValueSpecification\",\"valueRequired\":true,\"valueName\":\"search_term_string\"}}],\"inLanguage\":\"es\"},{\"@type\":\"Organization\",\"@id\":\"https:\/\/infoecos.com.ar\/#organization\",\"name\":\"Infoecos\",\"alternateName\":\"Noticias\",\"url\":\"https:\/\/infoecos.com.ar\/\",\"logo\":{\"@type\":\"ImageObject\",\"inLanguage\":\"es\",\"@id\":\"https:\/\/infoecos.com.ar\/#\/schema\/logo\/image\/\",\"url\":\"https:\/\/infoecos.com.ar\/wp-content\/uploads\/2024\/03\/cropped-logo.png\",\"contentUrl\":\"https:\/\/infoecos.com.ar\/wp-content\/uploads\/2024\/03\/cropped-logo.png\",\"width\":374,\"height\":90,\"caption\":\"Infoecos\"},\"image\":{\"@id\":\"https:\/\/infoecos.com.ar\/#\/schema\/logo\/image\/\"},\"sameAs\":[\"https:\/\/www.facebook.com\/profile.php?id=100063200290284\",\"https:\/\/x.com\/infoecos\"]},{\"@type\":\"Person\",\"@id\":\"https:\/\/infoecos.com.ar\/#\/schema\/person\/8f5ace5ce73b4b4aac4b7245aee6f191\",\"name\":\"Jorge Matheus\",\"url\":\"https:\/\/infoecos.com.ar\/index.php\/author\/jomatheus\/\"}]}<\/script>\n<!-- \/ Yoast SEO plugin. -->","yoast_head_json":{"title":"Acordaron la Asociaci\u00f3n Bancaria y las c\u00e1maras empresarias que agrupan a las entidades - Infoecos","robots":{"index":"index","follow":"follow","max-snippet":"max-snippet:-1","max-image-preview":"max-image-preview:large","max-video-preview":"max-video-preview:-1"},"canonical":"https:\/\/infoecos.com.ar\/index.php\/acordaron-la-asociacion-bancaria-y-las-camaras-empresarias-que-agrupan-a-las-entidades\/","og_locale":"es_ES","og_type":"article","og_title":"Acordaron la Asociaci\u00f3n Bancaria y las c\u00e1maras empresarias que agrupan a las entidades - Infoecos","og_description":"El entendimiento, cerrado despu\u00e9s de meses de negociaciones y la audiencia de este viernes que se extendi\u00f3 por m\u00e1s de 6 horas, fij\u00f3 que el incremento salarial establecido para el\u00a0per\u00edodo enero-mayo, se aplicar\u00e1 en forma acumulativa en cuatro tramos: 6% retroactivo a enero,\u00a07,1% para febrero, un\u00a011% para marzo y el restante 8,4%\u00a0en mayo, mismo mes en que est\u00e1 prevista\u00a0la revisi\u00f3n del aumento","og_url":"https:\/\/infoecos.com.ar\/index.php\/acordaron-la-asociacion-bancaria-y-las-camaras-empresarias-que-agrupan-a-las-entidades\/","og_site_name":"Infoecos","article_publisher":"https:\/\/www.facebook.com\/profile.php?id=100063200290284","article_published_time":"2023-03-17T20:41:37+00:00","article_modified_time":"2023-03-18T13:24:17+00:00","og_image":[{"width":992,"height":744,"url":"https:\/\/infoecos.com.ar\/wp-content\/uploads\/2023\/03\/image-51.png","type":"image\/png"}],"author":"Jorge Matheus","twitter_card":"summary_large_image","twitter_creator":"@infoecos","twitter_site":"@infoecos","twitter_misc":{"Escrito por":"Jorge Matheus","Tiempo de lectura":"2 minutos"},"schema":{"@context":"https:\/\/schema.org","@graph":[{"@type":"Article","@id":"https:\/\/infoecos.com.ar\/index.php\/acordaron-la-asociacion-bancaria-y-las-camaras-empresarias-que-agrupan-a-las-entidades\/#article","isPartOf":{"@id":"https:\/\/infoecos.com.ar\/index.php\/acordaron-la-asociacion-bancaria-y-las-camaras-empresarias-que-agrupan-a-las-entidades\/"},"author":{"name":"Jorge Matheus","@id":"https:\/\/infoecos.com.ar\/#\/schema\/person\/8f5ace5ce73b4b4aac4b7245aee6f191"},"headline":"Acordaron la Asociaci\u00f3n Bancaria y las c\u00e1maras empresarias que agrupan a las entidades","datePublished":"2023-03-17T20:41:37+00:00","dateModified":"2023-03-18T13:24:17+00:00","mainEntityOfPage":{"@id":"https:\/\/infoecos.com.ar\/index.php\/acordaron-la-asociacion-bancaria-y-las-camaras-empresarias-que-agrupan-a-las-entidades\/"},"wordCount":332,"publisher":{"@id":"https:\/\/infoecos.com.ar\/#organization"},"image":{"@id":"https:\/\/infoecos.com.ar\/index.php\/acordaron-la-asociacion-bancaria-y-las-camaras-empresarias-que-agrupan-a-las-entidades\/#primaryimage"},"thumbnailUrl":"https:\/\/infoecos.com.ar\/wp-content\/uploads\/2023\/03\/image-51.png","keywords":["PARITARIAS"],"articleSection":["C3 N2"],"inLanguage":"es"},{"@type":"WebPage","@id":"https:\/\/infoecos.com.ar\/index.php\/acordaron-la-asociacion-bancaria-y-las-camaras-empresarias-que-agrupan-a-las-entidades\/","url":"https:\/\/infoecos.com.ar\/index.php\/acordaron-la-asociacion-bancaria-y-las-camaras-empresarias-que-agrupan-a-las-entidades\/","name":"Acordaron la Asociaci\u00f3n Bancaria y las c\u00e1maras empresarias que agrupan a las entidades - Infoecos","isPartOf":{"@id":"https:\/\/infoecos.com.ar\/#website"},"primaryImageOfPage":{"@id":"https:\/\/infoecos.com.ar\/index.php\/acordaron-la-asociacion-bancaria-y-las-camaras-empresarias-que-agrupan-a-las-entidades\/#primaryimage"},"image":{"@id":"https:\/\/infoecos.com.ar\/index.php\/acordaron-la-asociacion-bancaria-y-las-camaras-empresarias-que-agrupan-a-las-entidades\/#primaryimage"},"thumbnailUrl":"https:\/\/infoecos.com.ar\/wp-content\/uploads\/2023\/03\/image-51.png","datePublished":"2023-03-17T20:41:37+00:00","dateModified":"2023-03-18T13:24:17+00:00","breadcrumb":{"@id":"https:\/\/infoecos.com.ar\/index.php\/acordaron-la-asociacion-bancaria-y-las-camaras-empresarias-que-agrupan-a-las-entidades\/#breadcrumb"},"inLanguage":"es","potentialAction":[{"@type":"ReadAction","target":["https:\/\/infoecos.com.ar\/index.php\/acordaron-la-asociacion-bancaria-y-las-camaras-empresarias-que-agrupan-a-las-entidades\/"]}]},{"@type":"ImageObject","inLanguage":"es","@id":"https:\/\/infoecos.com.ar\/index.php\/acordaron-la-asociacion-bancaria-y-las-camaras-empresarias-que-agrupan-a-las-entidades\/#primaryimage","url":"https:\/\/infoecos.com.ar\/wp-content\/uploads\/2023\/03\/image-51.png","contentUrl":"https:\/\/infoecos.com.ar\/wp-content\/uploads\/2023\/03\/image-51.png","width":992,"height":744},{"@type":"BreadcrumbList","@id":"https:\/\/infoecos.com.ar\/index.php\/acordaron-la-asociacion-bancaria-y-las-camaras-empresarias-que-agrupan-a-las-entidades\/#breadcrumb","itemListElement":[{"@type":"ListItem","position":1,"name":"Portada","item":"https:\/\/infoecos.com.ar\/"},{"@type":"ListItem","position":2,"name":"Acordaron la Asociaci\u00f3n Bancaria y las c\u00e1maras empresarias que agrupan a las entidades"}]},{"@type":"WebSite","@id":"https:\/\/infoecos.com.ar\/#website","url":"https:\/\/infoecos.com.ar\/","name":"Infoecos","description":"Noticias de trenque lauquen y la zona","publisher":{"@id":"https:\/\/infoecos.com.ar\/#organization"},"alternateName":"Noticias","potentialAction":[{"@type":"SearchAction","target":{"@type":"EntryPoint","urlTemplate":"https:\/\/infoecos.com.ar\/?s={search_term_string}"},"query-input":{"@type":"PropertyValueSpecification","valueRequired":true,"valueName":"search_term_string"}}],"inLanguage":"es"},{"@type":"Organization","@id":"https:\/\/infoecos.com.ar\/#organization","name":"Infoecos","alternateName":"Noticias","url":"https:\/\/infoecos.com.ar\/","logo":{"@type":"ImageObject","inLanguage":"es","@id":"https:\/\/infoecos.com.ar\/#\/schema\/logo\/image\/","url":"https:\/\/infoecos.com.ar\/wp-content\/uploads\/2024\/03\/cropped-logo.png","contentUrl":"https:\/\/infoecos.com.ar\/wp-content\/uploads\/2024\/03\/cropped-logo.png","width":374,"height":90,"caption":"Infoecos"},"image":{"@id":"https:\/\/infoecos.com.ar\/#\/schema\/logo\/image\/"},"sameAs":["https:\/\/www.facebook.com\/profile.php?id=100063200290284","https:\/\/x.com\/infoecos"]},{"@type":"Person","@id":"https:\/\/infoecos.com.ar\/#\/schema\/person\/8f5ace5ce73b4b4aac4b7245aee6f191","name":"Jorge Matheus","url":"https:\/\/infoecos.com.ar\/index.php\/author\/jomatheus\/"}]}},"featured_image_urls":{"full":["https:\/\/infoecos.com.ar\/wp-content\/uploads\/2023\/03\/image-51.png",992,744,false],"thumbnail":["https:\/\/infoecos.com.ar\/wp-content\/uploads\/2023\/03\/image-51-300x150.png",300,150,true],"medium":["https:\/\/infoecos.com.ar\/wp-content\/uploads\/2023\/03\/image-51-800x600.png",800,600,true],"medium_large":["https:\/\/infoecos.com.ar\/wp-content\/uploads\/2023\/03\/image-51-768x576.png",640,480,true],"large":["https:\/\/infoecos.com.ar\/wp-content\/uploads\/2023\/03\/image-51.png",640,480,false],"1536x1536":["https:\/\/infoecos.com.ar\/wp-content\/uploads\/2023\/03\/image-51.png",992,744,false],"2048x2048":["https:\/\/infoecos.com.ar\/wp-content\/uploads\/2023\/03\/image-51.png",992,744,false],"covernews-slider-full":["https:\/\/infoecos.com.ar\/wp-content\/uploads\/2023\/03\/image-51.png",953,715,false],"covernews-slider-center":["https:\/\/infoecos.com.ar\/wp-content\/uploads\/2023\/03\/image-51-936x744.png",629,500,true],"covernews-featured":["https:\/\/infoecos.com.ar\/wp-content\/uploads\/2023\/03\/image-51.png",992,744,false],"covernews-medium":["https:\/\/infoecos.com.ar\/wp-content\/uploads\/2023\/03\/image-51-720x380.png",540,285,true],"covernews-medium-square":["https:\/\/infoecos.com.ar\/wp-content\/uploads\/2023\/03\/image-51-675x450.png",375,250,true]},"author_info":{"info":["Jorge Matheus"]},"category_info":"<a href=\"https:\/\/infoecos.com.ar\/index.php\/category\/c3nota2\/\" rel=\"category tag\">C3 N2<\/a>","tag_info":"C3 N2","comment_count":"0","_links":{"self":[{"href":"https:\/\/infoecos.com.ar\/index.php\/wp-json\/wp\/v2\/posts\/102959"}],"collection":[{"href":"https:\/\/infoecos.com.ar\/index.php\/wp-json\/wp\/v2\/posts"}],"about":[{"href":"https:\/\/infoecos.com.ar\/index.php\/wp-json\/wp\/v2\/types\/post"}],"author":[{"embeddable":true,"href":"https:\/\/infoecos.com.ar\/index.php\/wp-json\/wp\/v2\/users\/2"}],"replies":[{"embeddable":true,"href":"https:\/\/infoecos.com.ar\/index.php\/wp-json\/wp\/v2\/comments?post=102959"}],"version-history":[{"count":2,"href":"https:\/\/infoecos.com.ar\/index.php\/wp-json\/wp\/v2\/posts\/102959\/revisions"}],"predecessor-version":[{"id":102974,"href":"https:\/\/infoecos.com.ar\/index.php\/wp-json\/wp\/v2\/posts\/102959\/revisions\/102974"}],"wp:featuredmedia":[{"embeddable":true,"href":"https:\/\/infoecos.com.ar\/index.php\/wp-json\/wp\/v2\/media\/102960"}],"wp:attachment":[{"href":"https:\/\/infoecos.com.ar\/index.php\/wp-json\/wp\/v2\/media?parent=102959"}],"wp:term":[{"taxonomy":"category","embeddable":true,"href":"https:\/\/infoecos.com.ar\/index.php\/wp-json\/wp\/v2\/categories?post=102959"},{"taxonomy":"post_tag","embeddable":true,"href":"https:\/\/infoecos.com.ar\/index.php\/wp-json\/wp\/v2\/tags?post=102959"}],"curies":[{"name":"wp","href":"https:\/\/api.w.org\/{rel}","templated":true}]}}