{"id":102984,"date":"2023-03-19T19:35:21","date_gmt":"2023-03-19T22:35:21","guid":{"rendered":"https:\/\/infoecos.com.ar\/?p=102984"},"modified":"2023-03-21T00:04:59","modified_gmt":"2023-03-21T03:04:59","slug":"otra-gran-actuacion-de-felipe-bernasconi-llego-segundo-en-el-tc-pista-mouras-y-esta-tercero-en-el-campeonato","status":"publish","type":"post","link":"https:\/\/infoecos.com.ar\/index.php\/otra-gran-actuacion-de-felipe-bernasconi-llego-segundo-en-el-tc-pista-mouras-y-esta-tercero-en-el-campeonato\/","title":{"rendered":"Otra gran actuaci\u00f3n de Felipe Bernasconi: lleg\u00f3 segundo en el TC Pista Mouras y est\u00e1 tercero en el campeonato"},"content":{"rendered":"\n<p>Felipe Bernasconi lleg\u00f3 segundo en la nueva prueba del TC Pista Mouras, prueba disputada en el aut\u00f3dromo de la ciudad de La Plata.<\/p>\n\n\n\n<figure class=\"wp-block-image aligncenter size-full\"><img loading=\"lazy\" decoding=\"async\" width=\"370\" height=\"555\" src=\"https:\/\/infoecos.com.ar\/wp-content\/uploads\/2023\/03\/22437_contenido_home_small.jpg\" alt=\"\" class=\"wp-image-102985\"\/><\/figure>\n\n\n\n<p>El trenquelauquense secund\u00f3 a Marco Dianda que se alz\u00f3 con el triunfo.<\/p>\n\n\n\n<p>De esta manera, Bernasconi queda tercero en el campeonato de la categor\u00eda. Desde el inicio de esta temporada, las actuaciones del joven de esta ciudad del oeste de la provincia de Buenos Aires, han sido sobresalientes.<\/p>\n\n\n\n<p><\/p>\n\n\n\n<p><a href=\"https:\/\/actc.org.ar\/tcpm\/pilotos\/2023\/marco-dianda_6571.html\">DIANDA, MARCO<\/a><\/p>\n\n\n\n<figure class=\"wp-block-image\"><img decoding=\"async\" src=\"https:\/\/actc.org.ar\/vistas\/v3\/images\/logos\/logo-dodge-xs.png\" alt=\"Dodge\" title=\"Dodge\"\/><\/figure>\n\n\n\n<p><a href=\"https:\/\/actc.org.ar\/tcpm\/pilotos\/2023\/felipe-bernasconi_6572.html\">BERNASCONI, FELIPE<\/a><\/p>\n\n\n\n<figure class=\"wp-block-image\"><img decoding=\"async\" src=\"https:\/\/actc.org.ar\/vistas\/v3\/images\/logos\/logo-chevrolet-xs.png\" alt=\"Chevrolet\" title=\"Chevrolet\"\/><\/figure>\n\n\n\n<p><a href=\"https:\/\/actc.org.ar\/tcpm\/pilotos\/2023\/benja-ochoa_6554.html\">OCHOA, BENJA<\/a><\/p>\n\n\n\n<figure class=\"wp-block-image\"><img decoding=\"async\" src=\"https:\/\/actc.org.ar\/vistas\/v3\/images\/logos\/logo-ford-xs.png\" alt=\"Ford\" title=\"Ford\"\/><\/figure>\n\n\n\n<p><a href=\"https:\/\/actc.org.ar\/tcpm\/pilotos\/2023\/nicanor-santilli-pazos_6556.html\">SANTILLI PAZOS, NICANOR<\/a><\/p>\n\n\n\n<figure class=\"wp-block-image\"><img decoding=\"async\" src=\"https:\/\/actc.org.ar\/vistas\/v3\/images\/logos\/logo-chevrolet-xs.png\" alt=\"Chevrolet\" title=\"Chevrolet\"\/><\/figure>\n\n\n\n<p>1321:04.9247.2025\u00b055<a href=\"https:\/\/actc.org.ar\/tcpm\/pilotos\/2023\/gaston-iansa_6573.html\">IANSA, GAST\u00d3N<\/a><\/p>\n\n\n\n<figure class=\"wp-block-image\"><img decoding=\"async\" src=\"https:\/\/actc.org.ar\/vistas\/v3\/images\/logos\/logo-chevrolet-xs.png\" alt=\"Chevrolet\" title=\"Chevrolet\"\/><\/figure>\n\n\n\n<p><a href=\"https:\/\/actc.org.ar\/tcpm\/pilotos\/2023\/manuel-borgert_6575.html\">BORGERT, MANUEL<\/a><\/p>\n\n\n\n<figure class=\"wp-block-image\"><img decoding=\"async\" src=\"https:\/\/actc.org.ar\/vistas\/v3\/images\/logos\/logo-ford-xs.png\" alt=\"Ford\" title=\"Ford\"\/><\/figure>\n\n\n\n<p><a href=\"https:\/\/actc.org.ar\/tcpm\/pilotos\/2023\/leonardo-palotini_6802.html\">PALOTINI, LEONARDO<\/a><\/p>\n\n\n\n<figure class=\"wp-block-image\"><img decoding=\"async\" src=\"https:\/\/actc.org.ar\/vistas\/v3\/images\/logos\/logo-dodge-xs.png\" alt=\"Dodge\" title=\"Dodge\"\/><\/figure>\n\n\n\n<p>1321:13.61815.8968\u00b011<a href=\"https:\/\/actc.org.ar\/tcpm\/pilotos\/2023\/esteban-mancuso_6555.html\">MANCUSO, ESTEBAN<\/a><\/p>\n\n\n\n<figure class=\"wp-block-image\"><img decoding=\"async\" src=\"https:\/\/actc.org.ar\/vistas\/v3\/images\/logos\/logo-chevrolet-xs.png\" alt=\"Chevrolet\" title=\"Chevrolet\"\/><\/figure>\n\n\n\n<p>1321:14.20616.4849\u00b078<a href=\"https:\/\/actc.org.ar\/tcpm\/pilotos\/2023\/alan-denis-cifre_6566.html\">CIFRE, ALAN DENIS<\/a><\/p>\n\n\n\n<figure class=\"wp-block-image\"><img decoding=\"async\" src=\"https:\/\/actc.org.ar\/vistas\/v3\/images\/logos\/logo-ford-xs.png\" alt=\"Ford\" title=\"Ford\"\/><\/figure>\n\n\n\n<p><a href=\"https:\/\/actc.org.ar\/tcpm\/pilotos\/2023\/thomas-pozner_6579.html\">POZNER, THOMAS<\/a><\/p>\n\n\n\n<figure class=\"wp-block-image\"><img decoding=\"async\" src=\"https:\/\/actc.org.ar\/vistas\/v3\/images\/logos\/logo-dodge-xs.png\" alt=\"Dodge\" title=\"Dodge\"\/><\/figure>\n\n\n\n<p><a href=\"https:\/\/actc.org.ar\/tcpm\/pilotos\/2023\/nahuel-cordone_6581.html\">CORDONE, NAHUEL<\/a><\/p>\n\n\n\n<figure class=\"wp-block-image\"><img decoding=\"async\" src=\"https:\/\/actc.org.ar\/vistas\/v3\/images\/logos\/logo-ford-xs.png\" alt=\"Ford\" title=\"Ford\"\/><\/figure>\n\n\n\n<p><a href=\"https:\/\/actc.org.ar\/tcpm\/pilotos\/2023\/santiago-biagi_6563.html\">BIAGI, SANTIAGO<\/a><\/p>\n\n\n\n<figure class=\"wp-block-image\"><img decoding=\"async\" src=\"https:\/\/actc.org.ar\/vistas\/v3\/images\/logos\/logo-dodge-xs.png\" alt=\"Dodge\" title=\"Dodge\"\/><\/figure>\n\n\n\n<p><a href=\"https:\/\/actc.org.ar\/tcpm\/pilotos\/2023\/dino-pieraligi_6689.html\">PIERALIGI, DINO<\/a><\/p>\n\n\n\n<figure class=\"wp-block-image\"><img decoding=\"async\" src=\"https:\/\/actc.org.ar\/vistas\/v3\/images\/logos\/logo-chevrolet-xs.png\" alt=\"Chevrolet\" title=\"Chevrolet\"\/><\/figure>\n\n\n\n<p><a href=\"https:\/\/actc.org.ar\/tcpm\/pilotos\/2023\/genaro-rasetto_6574.html\">RASETTO, GENARO<\/a><\/p>\n\n\n\n<figure class=\"wp-block-image\"><img decoding=\"async\" src=\"https:\/\/actc.org.ar\/vistas\/v3\/images\/logos\/logo-dodge-xs.png\" alt=\"Dodge\" title=\"Dodge\"\/><\/figure>\n\n\n\n<p><a href=\"https:\/\/actc.org.ar\/tcpm\/pilotos\/2023\/juan-sapienza_6578.html\">SAPIENZA, JUAN<\/a><\/p>\n\n\n\n<figure class=\"wp-block-image\"><img decoding=\"async\" src=\"https:\/\/actc.org.ar\/vistas\/v3\/images\/logos\/logo-ford-xs.png\" alt=\"Ford\" title=\"Ford\"\/><\/figure>\n\n\n\n<p><a href=\"https:\/\/actc.org.ar\/tcpm\/pilotos\/2023\/faustino-cifre_6553.html\">CIFRE, FAUSTINO<\/a><\/p>\n\n\n\n<figure class=\"wp-block-image\"><img decoding=\"async\" src=\"https:\/\/actc.org.ar\/vistas\/v3\/images\/logos\/logo-ford-xs.png\" alt=\"Ford\" title=\"Ford\"\/><\/figure>\n\n\n\n<p><a href=\"https:\/\/actc.org.ar\/tcpm\/pilotos\/2023\/nicolas-palau_6705.html\">PALAU, NICOLAS<\/a><\/p>\n\n\n\n<figure class=\"wp-block-image\"><img decoding=\"async\" src=\"https:\/\/actc.org.ar\/vistas\/v3\/images\/logos\/logo-chevrolet-xs.png\" alt=\"Chevrolet\" title=\"Chevrolet\"\/><\/figure>\n\n\n\n<p><a href=\"https:\/\/actc.org.ar\/tcpm\/pilotos\/2023\/luca-de-carlo_6564.html\">DE CARLO, LUCA<\/a><\/p>\n\n\n\n<figure class=\"wp-block-image\"><img decoding=\"async\" src=\"https:\/\/actc.org.ar\/vistas\/v3\/images\/logos\/logo-chevrolet-xs.png\" alt=\"Chevrolet\" title=\"Chevrolet\"\/><\/figure>\n\n\n\n<p><a href=\"https:\/\/actc.org.ar\/tcpm\/pilotos\/2023\/joaquin-torres_6595.html\">TORRES, JOAQU\u00cdN<\/a><\/p>\n\n\n\n<figure class=\"wp-block-image\"><img decoding=\"async\" src=\"https:\/\/actc.org.ar\/vistas\/v3\/images\/logos\/logo-chevrolet-xs.png\" alt=\"Chevrolet\" title=\"Chevrolet\"\/><\/figure>\n\n\n\n<p><a href=\"https:\/\/actc.org.ar\/tcpm\/pilotos\/2023\/sebastian-gallo-_6561.html\">GALLO , SEBASTIAN<\/a><\/p>\n\n\n\n<figure class=\"wp-block-image\"><img decoding=\"async\" src=\"https:\/\/actc.org.ar\/vistas\/v3\/images\/logos\/logo-ford-xs.png\" alt=\"Ford\" title=\"Ford\"\/><\/figure>\n\n\n\n<p><a href=\"https:\/\/actc.org.ar\/tcpm\/pilotos\/2023\/nestor-omar-goya_6580.html\">GOYA, N\u00c9STOR OMAR<\/a><\/p>\n\n\n\n<figure class=\"wp-block-image\"><img decoding=\"async\" src=\"https:\/\/actc.org.ar\/vistas\/v3\/images\/logos\/logo-ford-xs.png\" alt=\"Ford\" title=\"Ford\"\/><\/figure>\n\n\n\n<p><a href=\"https:\/\/actc.org.ar\/tcpm\/pilotos\/2023\/jose-alberto-goya_6559.html\">GOYA, JOS\u00c9 ALBERTO<\/a><\/p>\n\n\n\n<figure class=\"wp-block-image\"><img decoding=\"async\" src=\"https:\/\/actc.org.ar\/vistas\/v3\/images\/logos\/logo-dodge-xs.png\" alt=\"Dodge\" title=\"Dodge\"\/><\/figure>\n\n\n\n<p><\/p>\n","protected":false},"excerpt":{"rendered":"<p>El trenquelauquense secund\u00f3 a Marco Dianda que se alz\u00f3 con el triunfo.<\/p>\n","protected":false},"author":2,"featured_media":100772,"comment_status":"closed","ping_status":"open","sticky":false,"template":"","format":"standard","meta":{"footnotes":""},"categories":[1341],"tags":[136],"class_list":["post-102984","post","type-post","status-publish","format-standard","has-post-thumbnail","hentry","category-c1nota7","tag-automovilismo"],"yoast_head":"<!-- This site is optimized with the Yoast SEO plugin v23.4 - https:\/\/yoast.com\/wordpress\/plugins\/seo\/ -->\n<title>Otra gran actuaci\u00f3n de Felipe Bernasconi: lleg\u00f3 segundo en el TC Pista Mouras y est\u00e1 tercero en el campeonato - Infoecos<\/title>\n<meta name=\"robots\" content=\"index, follow, max-snippet:-1, max-image-preview:large, max-video-preview:-1\" \/>\n<link rel=\"canonical\" href=\"https:\/\/infoecos.com.ar\/index.php\/otra-gran-actuacion-de-felipe-bernasconi-llego-segundo-en-el-tc-pista-mouras-y-esta-tercero-en-el-campeonato\/\" \/>\n<meta property=\"og:locale\" content=\"es_ES\" \/>\n<meta property=\"og:type\" content=\"article\" \/>\n<meta property=\"og:title\" content=\"Otra gran actuaci\u00f3n de Felipe Bernasconi: lleg\u00f3 segundo en el TC Pista Mouras y est\u00e1 tercero en el campeonato - Infoecos\" \/>\n<meta property=\"og:description\" content=\"El trenquelauquense secund\u00f3 a Marco Dianda que se alz\u00f3 con el triunfo.\" \/>\n<meta property=\"og:url\" content=\"https:\/\/infoecos.com.ar\/index.php\/otra-gran-actuacion-de-felipe-bernasconi-llego-segundo-en-el-tc-pista-mouras-y-esta-tercero-en-el-campeonato\/\" \/>\n<meta property=\"og:site_name\" content=\"Infoecos\" \/>\n<meta property=\"article:publisher\" content=\"https:\/\/www.facebook.com\/profile.php?id=100063200290284\" \/>\n<meta property=\"article:published_time\" content=\"2023-03-19T22:35:21+00:00\" \/>\n<meta property=\"article:modified_time\" content=\"2023-03-21T03:04:59+00:00\" \/>\n<meta property=\"og:image\" content=\"https:\/\/infoecos.com.ar\/wp-content\/uploads\/2023\/01\/image-141.png\" \/>\n\t<meta property=\"og:image:width\" content=\"533\" \/>\n\t<meta property=\"og:image:height\" content=\"666\" \/>\n\t<meta property=\"og:image:type\" content=\"image\/png\" \/>\n<meta name=\"author\" content=\"Jorge Matheus\" \/>\n<meta name=\"twitter:card\" content=\"summary_large_image\" \/>\n<meta name=\"twitter:creator\" content=\"@infoecos\" \/>\n<meta name=\"twitter:site\" content=\"@infoecos\" \/>\n<meta name=\"twitter:label1\" content=\"Escrito por\" \/>\n\t<meta name=\"twitter:data1\" content=\"Jorge Matheus\" \/>\n\t<meta name=\"twitter:label2\" content=\"Tiempo de lectura\" \/>\n\t<meta name=\"twitter:data2\" content=\"6 minutos\" \/>\n<script type=\"application\/ld+json\" class=\"yoast-schema-graph\">{\"@context\":\"https:\/\/schema.org\",\"@graph\":[{\"@type\":\"Article\",\"@id\":\"https:\/\/infoecos.com.ar\/index.php\/otra-gran-actuacion-de-felipe-bernasconi-llego-segundo-en-el-tc-pista-mouras-y-esta-tercero-en-el-campeonato\/#article\",\"isPartOf\":{\"@id\":\"https:\/\/infoecos.com.ar\/index.php\/otra-gran-actuacion-de-felipe-bernasconi-llego-segundo-en-el-tc-pista-mouras-y-esta-tercero-en-el-campeonato\/\"},\"author\":{\"name\":\"Jorge Matheus\",\"@id\":\"https:\/\/infoecos.com.ar\/#\/schema\/person\/8f5ace5ce73b4b4aac4b7245aee6f191\"},\"headline\":\"Otra gran actuaci\u00f3n de Felipe Bernasconi: lleg\u00f3 segundo en el TC Pista Mouras y est\u00e1 tercero en el campeonato\",\"datePublished\":\"2023-03-19T22:35:21+00:00\",\"dateModified\":\"2023-03-21T03:04:59+00:00\",\"mainEntityOfPage\":{\"@id\":\"https:\/\/infoecos.com.ar\/index.php\/otra-gran-actuacion-de-felipe-bernasconi-llego-segundo-en-el-tc-pista-mouras-y-esta-tercero-en-el-campeonato\/\"},\"wordCount\":145,\"publisher\":{\"@id\":\"https:\/\/infoecos.com.ar\/#organization\"},\"image\":{\"@id\":\"https:\/\/infoecos.com.ar\/index.php\/otra-gran-actuacion-de-felipe-bernasconi-llego-segundo-en-el-tc-pista-mouras-y-esta-tercero-en-el-campeonato\/#primaryimage\"},\"thumbnailUrl\":\"https:\/\/infoecos.com.ar\/wp-content\/uploads\/2023\/01\/image-141.png\",\"keywords\":[\"AUTOMOVILISMO\"],\"articleSection\":[\"C1 nota 7\"],\"inLanguage\":\"es\"},{\"@type\":\"WebPage\",\"@id\":\"https:\/\/infoecos.com.ar\/index.php\/otra-gran-actuacion-de-felipe-bernasconi-llego-segundo-en-el-tc-pista-mouras-y-esta-tercero-en-el-campeonato\/\",\"url\":\"https:\/\/infoecos.com.ar\/index.php\/otra-gran-actuacion-de-felipe-bernasconi-llego-segundo-en-el-tc-pista-mouras-y-esta-tercero-en-el-campeonato\/\",\"name\":\"Otra gran actuaci\u00f3n de Felipe Bernasconi: lleg\u00f3 segundo en el TC Pista Mouras y est\u00e1 tercero en el campeonato - Infoecos\",\"isPartOf\":{\"@id\":\"https:\/\/infoecos.com.ar\/#website\"},\"primaryImageOfPage\":{\"@id\":\"https:\/\/infoecos.com.ar\/index.php\/otra-gran-actuacion-de-felipe-bernasconi-llego-segundo-en-el-tc-pista-mouras-y-esta-tercero-en-el-campeonato\/#primaryimage\"},\"image\":{\"@id\":\"https:\/\/infoecos.com.ar\/index.php\/otra-gran-actuacion-de-felipe-bernasconi-llego-segundo-en-el-tc-pista-mouras-y-esta-tercero-en-el-campeonato\/#primaryimage\"},\"thumbnailUrl\":\"https:\/\/infoecos.com.ar\/wp-content\/uploads\/2023\/01\/image-141.png\",\"datePublished\":\"2023-03-19T22:35:21+00:00\",\"dateModified\":\"2023-03-21T03:04:59+00:00\",\"breadcrumb\":{\"@id\":\"https:\/\/infoecos.com.ar\/index.php\/otra-gran-actuacion-de-felipe-bernasconi-llego-segundo-en-el-tc-pista-mouras-y-esta-tercero-en-el-campeonato\/#breadcrumb\"},\"inLanguage\":\"es\",\"potentialAction\":[{\"@type\":\"ReadAction\",\"target\":[\"https:\/\/infoecos.com.ar\/index.php\/otra-gran-actuacion-de-felipe-bernasconi-llego-segundo-en-el-tc-pista-mouras-y-esta-tercero-en-el-campeonato\/\"]}]},{\"@type\":\"ImageObject\",\"inLanguage\":\"es\",\"@id\":\"https:\/\/infoecos.com.ar\/index.php\/otra-gran-actuacion-de-felipe-bernasconi-llego-segundo-en-el-tc-pista-mouras-y-esta-tercero-en-el-campeonato\/#primaryimage\",\"url\":\"https:\/\/infoecos.com.ar\/wp-content\/uploads\/2023\/01\/image-141.png\",\"contentUrl\":\"https:\/\/infoecos.com.ar\/wp-content\/uploads\/2023\/01\/image-141.png\",\"width\":533,\"height\":666},{\"@type\":\"BreadcrumbList\",\"@id\":\"https:\/\/infoecos.com.ar\/index.php\/otra-gran-actuacion-de-felipe-bernasconi-llego-segundo-en-el-tc-pista-mouras-y-esta-tercero-en-el-campeonato\/#breadcrumb\",\"itemListElement\":[{\"@type\":\"ListItem\",\"position\":1,\"name\":\"Portada\",\"item\":\"https:\/\/infoecos.com.ar\/\"},{\"@type\":\"ListItem\",\"position\":2,\"name\":\"Otra gran actuaci\u00f3n de Felipe Bernasconi: lleg\u00f3 segundo en el TC Pista Mouras y est\u00e1 tercero en el campeonato\"}]},{\"@type\":\"WebSite\",\"@id\":\"https:\/\/infoecos.com.ar\/#website\",\"url\":\"https:\/\/infoecos.com.ar\/\",\"name\":\"Infoecos\",\"description\":\"Noticias de trenque lauquen y la zona\",\"publisher\":{\"@id\":\"https:\/\/infoecos.com.ar\/#organization\"},\"alternateName\":\"Noticias\",\"potentialAction\":[{\"@type\":\"SearchAction\",\"target\":{\"@type\":\"EntryPoint\",\"urlTemplate\":\"https:\/\/infoecos.com.ar\/?s={search_term_string}\"},\"query-input\":{\"@type\":\"PropertyValueSpecification\",\"valueRequired\":true,\"valueName\":\"search_term_string\"}}],\"inLanguage\":\"es\"},{\"@type\":\"Organization\",\"@id\":\"https:\/\/infoecos.com.ar\/#organization\",\"name\":\"Infoecos\",\"alternateName\":\"Noticias\",\"url\":\"https:\/\/infoecos.com.ar\/\",\"logo\":{\"@type\":\"ImageObject\",\"inLanguage\":\"es\",\"@id\":\"https:\/\/infoecos.com.ar\/#\/schema\/logo\/image\/\",\"url\":\"https:\/\/infoecos.com.ar\/wp-content\/uploads\/2024\/03\/cropped-logo.png\",\"contentUrl\":\"https:\/\/infoecos.com.ar\/wp-content\/uploads\/2024\/03\/cropped-logo.png\",\"width\":374,\"height\":90,\"caption\":\"Infoecos\"},\"image\":{\"@id\":\"https:\/\/infoecos.com.ar\/#\/schema\/logo\/image\/\"},\"sameAs\":[\"https:\/\/www.facebook.com\/profile.php?id=100063200290284\",\"https:\/\/x.com\/infoecos\"]},{\"@type\":\"Person\",\"@id\":\"https:\/\/infoecos.com.ar\/#\/schema\/person\/8f5ace5ce73b4b4aac4b7245aee6f191\",\"name\":\"Jorge Matheus\",\"url\":\"https:\/\/infoecos.com.ar\/index.php\/author\/jomatheus\/\"}]}<\/script>\n<!-- \/ Yoast SEO plugin. -->","yoast_head_json":{"title":"Otra gran actuaci\u00f3n de Felipe Bernasconi: lleg\u00f3 segundo en el TC Pista Mouras y est\u00e1 tercero en el campeonato - Infoecos","robots":{"index":"index","follow":"follow","max-snippet":"max-snippet:-1","max-image-preview":"max-image-preview:large","max-video-preview":"max-video-preview:-1"},"canonical":"https:\/\/infoecos.com.ar\/index.php\/otra-gran-actuacion-de-felipe-bernasconi-llego-segundo-en-el-tc-pista-mouras-y-esta-tercero-en-el-campeonato\/","og_locale":"es_ES","og_type":"article","og_title":"Otra gran actuaci\u00f3n de Felipe Bernasconi: lleg\u00f3 segundo en el TC Pista Mouras y est\u00e1 tercero en el campeonato - Infoecos","og_description":"El trenquelauquense secund\u00f3 a Marco Dianda que se alz\u00f3 con el triunfo.","og_url":"https:\/\/infoecos.com.ar\/index.php\/otra-gran-actuacion-de-felipe-bernasconi-llego-segundo-en-el-tc-pista-mouras-y-esta-tercero-en-el-campeonato\/","og_site_name":"Infoecos","article_publisher":"https:\/\/www.facebook.com\/profile.php?id=100063200290284","article_published_time":"2023-03-19T22:35:21+00:00","article_modified_time":"2023-03-21T03:04:59+00:00","og_image":[{"width":533,"height":666,"url":"https:\/\/infoecos.com.ar\/wp-content\/uploads\/2023\/01\/image-141.png","type":"image\/png"}],"author":"Jorge Matheus","twitter_card":"summary_large_image","twitter_creator":"@infoecos","twitter_site":"@infoecos","twitter_misc":{"Escrito por":"Jorge Matheus","Tiempo de lectura":"6 minutos"},"schema":{"@context":"https:\/\/schema.org","@graph":[{"@type":"Article","@id":"https:\/\/infoecos.com.ar\/index.php\/otra-gran-actuacion-de-felipe-bernasconi-llego-segundo-en-el-tc-pista-mouras-y-esta-tercero-en-el-campeonato\/#article","isPartOf":{"@id":"https:\/\/infoecos.com.ar\/index.php\/otra-gran-actuacion-de-felipe-bernasconi-llego-segundo-en-el-tc-pista-mouras-y-esta-tercero-en-el-campeonato\/"},"author":{"name":"Jorge Matheus","@id":"https:\/\/infoecos.com.ar\/#\/schema\/person\/8f5ace5ce73b4b4aac4b7245aee6f191"},"headline":"Otra gran actuaci\u00f3n de Felipe Bernasconi: lleg\u00f3 segundo en el TC Pista Mouras y est\u00e1 tercero en el campeonato","datePublished":"2023-03-19T22:35:21+00:00","dateModified":"2023-03-21T03:04:59+00:00","mainEntityOfPage":{"@id":"https:\/\/infoecos.com.ar\/index.php\/otra-gran-actuacion-de-felipe-bernasconi-llego-segundo-en-el-tc-pista-mouras-y-esta-tercero-en-el-campeonato\/"},"wordCount":145,"publisher":{"@id":"https:\/\/infoecos.com.ar\/#organization"},"image":{"@id":"https:\/\/infoecos.com.ar\/index.php\/otra-gran-actuacion-de-felipe-bernasconi-llego-segundo-en-el-tc-pista-mouras-y-esta-tercero-en-el-campeonato\/#primaryimage"},"thumbnailUrl":"https:\/\/infoecos.com.ar\/wp-content\/uploads\/2023\/01\/image-141.png","keywords":["AUTOMOVILISMO"],"articleSection":["C1 nota 7"],"inLanguage":"es"},{"@type":"WebPage","@id":"https:\/\/infoecos.com.ar\/index.php\/otra-gran-actuacion-de-felipe-bernasconi-llego-segundo-en-el-tc-pista-mouras-y-esta-tercero-en-el-campeonato\/","url":"https:\/\/infoecos.com.ar\/index.php\/otra-gran-actuacion-de-felipe-bernasconi-llego-segundo-en-el-tc-pista-mouras-y-esta-tercero-en-el-campeonato\/","name":"Otra gran actuaci\u00f3n de Felipe Bernasconi: lleg\u00f3 segundo en el TC Pista Mouras y est\u00e1 tercero en el campeonato - Infoecos","isPartOf":{"@id":"https:\/\/infoecos.com.ar\/#website"},"primaryImageOfPage":{"@id":"https:\/\/infoecos.com.ar\/index.php\/otra-gran-actuacion-de-felipe-bernasconi-llego-segundo-en-el-tc-pista-mouras-y-esta-tercero-en-el-campeonato\/#primaryimage"},"image":{"@id":"https:\/\/infoecos.com.ar\/index.php\/otra-gran-actuacion-de-felipe-bernasconi-llego-segundo-en-el-tc-pista-mouras-y-esta-tercero-en-el-campeonato\/#primaryimage"},"thumbnailUrl":"https:\/\/infoecos.com.ar\/wp-content\/uploads\/2023\/01\/image-141.png","datePublished":"2023-03-19T22:35:21+00:00","dateModified":"2023-03-21T03:04:59+00:00","breadcrumb":{"@id":"https:\/\/infoecos.com.ar\/index.php\/otra-gran-actuacion-de-felipe-bernasconi-llego-segundo-en-el-tc-pista-mouras-y-esta-tercero-en-el-campeonato\/#breadcrumb"},"inLanguage":"es","potentialAction":[{"@type":"ReadAction","target":["https:\/\/infoecos.com.ar\/index.php\/otra-gran-actuacion-de-felipe-bernasconi-llego-segundo-en-el-tc-pista-mouras-y-esta-tercero-en-el-campeonato\/"]}]},{"@type":"ImageObject","inLanguage":"es","@id":"https:\/\/infoecos.com.ar\/index.php\/otra-gran-actuacion-de-felipe-bernasconi-llego-segundo-en-el-tc-pista-mouras-y-esta-tercero-en-el-campeonato\/#primaryimage","url":"https:\/\/infoecos.com.ar\/wp-content\/uploads\/2023\/01\/image-141.png","contentUrl":"https:\/\/infoecos.com.ar\/wp-content\/uploads\/2023\/01\/image-141.png","width":533,"height":666},{"@type":"BreadcrumbList","@id":"https:\/\/infoecos.com.ar\/index.php\/otra-gran-actuacion-de-felipe-bernasconi-llego-segundo-en-el-tc-pista-mouras-y-esta-tercero-en-el-campeonato\/#breadcrumb","itemListElement":[{"@type":"ListItem","position":1,"name":"Portada","item":"https:\/\/infoecos.com.ar\/"},{"@type":"ListItem","position":2,"name":"Otra gran actuaci\u00f3n de Felipe Bernasconi: lleg\u00f3 segundo en el TC Pista Mouras y est\u00e1 tercero en el campeonato"}]},{"@type":"WebSite","@id":"https:\/\/infoecos.com.ar\/#website","url":"https:\/\/infoecos.com.ar\/","name":"Infoecos","description":"Noticias de trenque lauquen y la zona","publisher":{"@id":"https:\/\/infoecos.com.ar\/#organization"},"alternateName":"Noticias","potentialAction":[{"@type":"SearchAction","target":{"@type":"EntryPoint","urlTemplate":"https:\/\/infoecos.com.ar\/?s={search_term_string}"},"query-input":{"@type":"PropertyValueSpecification","valueRequired":true,"valueName":"search_term_string"}}],"inLanguage":"es"},{"@type":"Organization","@id":"https:\/\/infoecos.com.ar\/#organization","name":"Infoecos","alternateName":"Noticias","url":"https:\/\/infoecos.com.ar\/","logo":{"@type":"ImageObject","inLanguage":"es","@id":"https:\/\/infoecos.com.ar\/#\/schema\/logo\/image\/","url":"https:\/\/infoecos.com.ar\/wp-content\/uploads\/2024\/03\/cropped-logo.png","contentUrl":"https:\/\/infoecos.com.ar\/wp-content\/uploads\/2024\/03\/cropped-logo.png","width":374,"height":90,"caption":"Infoecos"},"image":{"@id":"https:\/\/infoecos.com.ar\/#\/schema\/logo\/image\/"},"sameAs":["https:\/\/www.facebook.com\/profile.php?id=100063200290284","https:\/\/x.com\/infoecos"]},{"@type":"Person","@id":"https:\/\/infoecos.com.ar\/#\/schema\/person\/8f5ace5ce73b4b4aac4b7245aee6f191","name":"Jorge Matheus","url":"https:\/\/infoecos.com.ar\/index.php\/author\/jomatheus\/"}]}},"featured_image_urls":{"full":["https:\/\/infoecos.com.ar\/wp-content\/uploads\/2023\/01\/image-141.png",533,666,false],"thumbnail":["https:\/\/infoecos.com.ar\/wp-content\/uploads\/2023\/01\/image-141-300x150.png",300,150,true],"medium":["https:\/\/infoecos.com.ar\/wp-content\/uploads\/2023\/01\/image-141.png",533,666,false],"medium_large":["https:\/\/infoecos.com.ar\/wp-content\/uploads\/2023\/01\/image-141.png",533,666,false],"large":["https:\/\/infoecos.com.ar\/wp-content\/uploads\/2023\/01\/image-141.png",533,666,false],"1536x1536":["https:\/\/infoecos.com.ar\/wp-content\/uploads\/2023\/01\/image-141.png",533,666,false],"2048x2048":["https:\/\/infoecos.com.ar\/wp-content\/uploads\/2023\/01\/image-141.png",533,666,false],"covernews-slider-full":["https:\/\/infoecos.com.ar\/wp-content\/uploads\/2023\/01\/image-141.png",533,666,false],"covernews-slider-center":["https:\/\/infoecos.com.ar\/wp-content\/uploads\/2023\/01\/image-141.png",400,500,false],"covernews-featured":["https:\/\/infoecos.com.ar\/wp-content\/uploads\/2023\/01\/image-141.png",533,666,false],"covernews-medium":["https:\/\/infoecos.com.ar\/wp-content\/uploads\/2023\/01\/image-141-533x380.png",477,340,true],"covernews-medium-square":["https:\/\/infoecos.com.ar\/wp-content\/uploads\/2023\/01\/image-141-533x450.png",296,250,true]},"author_info":{"info":["Jorge Matheus"]},"category_info":"<a href=\"https:\/\/infoecos.com.ar\/index.php\/category\/c1nota7\/\" rel=\"category tag\">C1 nota 7<\/a>","tag_info":"C1 nota 7","comment_count":"0","_links":{"self":[{"href":"https:\/\/infoecos.com.ar\/index.php\/wp-json\/wp\/v2\/posts\/102984"}],"collection":[{"href":"https:\/\/infoecos.com.ar\/index.php\/wp-json\/wp\/v2\/posts"}],"about":[{"href":"https:\/\/infoecos.com.ar\/index.php\/wp-json\/wp\/v2\/types\/post"}],"author":[{"embeddable":true,"href":"https:\/\/infoecos.com.ar\/index.php\/wp-json\/wp\/v2\/users\/2"}],"replies":[{"embeddable":true,"href":"https:\/\/infoecos.com.ar\/index.php\/wp-json\/wp\/v2\/comments?post=102984"}],"version-history":[{"count":2,"href":"https:\/\/infoecos.com.ar\/index.php\/wp-json\/wp\/v2\/posts\/102984\/revisions"}],"predecessor-version":[{"id":102988,"href":"https:\/\/infoecos.com.ar\/index.php\/wp-json\/wp\/v2\/posts\/102984\/revisions\/102988"}],"wp:featuredmedia":[{"embeddable":true,"href":"https:\/\/infoecos.com.ar\/index.php\/wp-json\/wp\/v2\/media\/100772"}],"wp:attachment":[{"href":"https:\/\/infoecos.com.ar\/index.php\/wp-json\/wp\/v2\/media?parent=102984"}],"wp:term":[{"taxonomy":"category","embeddable":true,"href":"https:\/\/infoecos.com.ar\/index.php\/wp-json\/wp\/v2\/categories?post=102984"},{"taxonomy":"post_tag","embeddable":true,"href":"https:\/\/infoecos.com.ar\/index.php\/wp-json\/wp\/v2\/tags?post=102984"}],"curies":[{"name":"wp","href":"https:\/\/api.w.org\/{rel}","templated":true}]}}