{"id":103007,"date":"2023-03-19T22:06:56","date_gmt":"2023-03-20T01:06:56","guid":{"rendered":"https:\/\/infoecos.com.ar\/?p=103007"},"modified":"2023-03-20T00:35:34","modified_gmt":"2023-03-20T03:35:34","slug":"con-criticas-a-kicillof-los-intendentes-del-pro-piden-una-nueva-ley-de-coparticipacion","status":"publish","type":"post","link":"https:\/\/infoecos.com.ar\/index.php\/con-criticas-a-kicillof-los-intendentes-del-pro-piden-una-nueva-ley-de-coparticipacion\/","title":{"rendered":"Con cr\u00edticas a Kicillof, los intendentes del PRO piden una nueva Ley de Coparticipaci\u00f3n"},"content":{"rendered":"\n<p>Los&nbsp;<strong>intendentes del PRO&nbsp;<\/strong>de la provincia de Buenos Aires le reclaman a Axel Kicillof una nueva \u201c<strong>Ley de Coparticipaci\u00f3n<\/strong>\u201d.<\/p>\n\n\n\n<figure class=\"wp-block-image aligncenter size-full is-resized\"><img loading=\"lazy\" decoding=\"async\" src=\"https:\/\/infoecos.com.ar\/wp-content\/uploads\/2023\/03\/image-54.png\" alt=\"\" class=\"wp-image-103008\" width=\"644\" height=\"360\" srcset=\"https:\/\/infoecos.com.ar\/wp-content\/uploads\/2023\/03\/image-54.png 1440w, https:\/\/infoecos.com.ar\/wp-content\/uploads\/2023\/03\/image-54-800x448.png 800w, https:\/\/infoecos.com.ar\/wp-content\/uploads\/2023\/03\/image-54-768x430.png 768w, https:\/\/infoecos.com.ar\/wp-content\/uploads\/2023\/03\/image-54-1024x573.png 1024w\" sizes=\"(max-width: 644px) 100vw, 644px\" \/><figcaption class=\"wp-element-caption\">Intendente del PRO. Foto: Telam<\/figcaption><\/figure>\n\n\n\n<p>Los mandatarios comunales m\u00e1s duros que sus socios del radicalismo se suben tambi\u00e9n a la denuncia   por presunta adulteraci\u00f3n de las cifras del censo 2010 sobre La Matanza.<\/p>\n\n\n\n<p>\u201cEl problema es la baja abrupta de la coparticipaci\u00f3n que tiene que mandar la provincia a los municipios. Sin eso, no podemos hacer frente a pagos elementales como sueldos y cargas sociales\u201d, dijo el intendente de Villarino, Carlos Bevilacqua. <\/p>\n\n\n\n<p>\u201cSe tiene que dictar una nueva ley, donde est\u00e9n en la mesa de discusi\u00f3n los intendentes. Somos el primer mostrador para los problemas pero el \u00faltimo eslab\u00f3n para los recursos\u201d, agreg\u00f3.<\/p>\n\n\n\n<p>Los jefes comunales reclaman transparencia y aseguran que no hay datos que acrediten los motivos de la quita en la coparticipaci\u00f3n que sufrieron algunos, como tampoco hay explicaci\u00f3n para el beneficio de otros.<\/p>\n\n\n\n<p>El intendente de Tres de Febrero, Diego Valenzuela, advirti\u00f3 que \u201cvarios intendentes han planteado revisar el CUD, que es el coeficiente de coparticipaci\u00f3n municipal, que se nutre en un 36% de la poblaci\u00f3n. Se sigue repartiendo con un censo viejo y que est\u00e1 muy sospechado. Y no tenemos respuesta alguna. Esto no puede esperar m\u00e1s\u201d.<\/p>\n\n\n\n<p>\u201cNo hay una voluntad pol\u00edtica de arreglarlo. La lapicera la tiene el gobernador y como es a\u00f1o electoral, es un siga siga\u201d, concluy\u00f3.<\/p>\n","protected":false},"excerpt":{"rendered":"<p>Los mandatarios comunales m\u00e1s duros que sus socios del radicalismo se suben tambi\u00e9n a la denuncia   por presunta adulteraci\u00f3n de las cifras del censo 2010 sobre La Matanza<\/p>\n","protected":false},"author":2,"featured_media":103008,"comment_status":"closed","ping_status":"open","sticky":false,"template":"","format":"standard","meta":{"footnotes":""},"categories":[48],"tags":[1736],"class_list":["post-103007","post","type-post","status-publish","format-standard","has-post-thumbnail","hentry","category-c2nota3","tag-politica-buenos-aires-2"],"yoast_head":"<!-- This site is optimized with the Yoast SEO plugin v23.4 - https:\/\/yoast.com\/wordpress\/plugins\/seo\/ -->\n<title>Con cr\u00edticas a Kicillof, los intendentes del PRO piden una nueva Ley de Coparticipaci\u00f3n - Infoecos<\/title>\n<meta name=\"robots\" content=\"index, follow, max-snippet:-1, max-image-preview:large, max-video-preview:-1\" \/>\n<link rel=\"canonical\" href=\"https:\/\/infoecos.com.ar\/index.php\/con-criticas-a-kicillof-los-intendentes-del-pro-piden-una-nueva-ley-de-coparticipacion\/\" \/>\n<meta property=\"og:locale\" content=\"es_ES\" \/>\n<meta property=\"og:type\" content=\"article\" \/>\n<meta property=\"og:title\" content=\"Con cr\u00edticas a Kicillof, los intendentes del PRO piden una nueva Ley de Coparticipaci\u00f3n - Infoecos\" \/>\n<meta property=\"og:description\" content=\"Los mandatarios comunales m\u00e1s duros que sus socios del radicalismo se suben tambi\u00e9n a la denuncia  por presunta adulteraci\u00f3n de las cifras del censo 2010 sobre La Matanza\" \/>\n<meta property=\"og:url\" content=\"https:\/\/infoecos.com.ar\/index.php\/con-criticas-a-kicillof-los-intendentes-del-pro-piden-una-nueva-ley-de-coparticipacion\/\" \/>\n<meta property=\"og:site_name\" content=\"Infoecos\" \/>\n<meta property=\"article:publisher\" content=\"https:\/\/www.facebook.com\/profile.php?id=100063200290284\" \/>\n<meta property=\"article:published_time\" content=\"2023-03-20T01:06:56+00:00\" \/>\n<meta property=\"article:modified_time\" content=\"2023-03-20T03:35:34+00:00\" \/>\n<meta property=\"og:image\" content=\"https:\/\/infoecos.com.ar\/wp-content\/uploads\/2023\/03\/image-54.png\" \/>\n\t<meta property=\"og:image:width\" content=\"1440\" \/>\n\t<meta property=\"og:image:height\" content=\"806\" \/>\n\t<meta property=\"og:image:type\" content=\"image\/png\" \/>\n<meta name=\"author\" content=\"Jorge Matheus\" \/>\n<meta name=\"twitter:card\" content=\"summary_large_image\" \/>\n<meta name=\"twitter:creator\" content=\"@infoecos\" \/>\n<meta name=\"twitter:site\" content=\"@infoecos\" \/>\n<meta name=\"twitter:label1\" content=\"Escrito por\" \/>\n\t<meta name=\"twitter:data1\" content=\"Jorge Matheus\" \/>\n\t<meta name=\"twitter:label2\" content=\"Tiempo de lectura\" \/>\n\t<meta name=\"twitter:data2\" content=\"2 minutos\" \/>\n<script type=\"application\/ld+json\" class=\"yoast-schema-graph\">{\"@context\":\"https:\/\/schema.org\",\"@graph\":[{\"@type\":\"Article\",\"@id\":\"https:\/\/infoecos.com.ar\/index.php\/con-criticas-a-kicillof-los-intendentes-del-pro-piden-una-nueva-ley-de-coparticipacion\/#article\",\"isPartOf\":{\"@id\":\"https:\/\/infoecos.com.ar\/index.php\/con-criticas-a-kicillof-los-intendentes-del-pro-piden-una-nueva-ley-de-coparticipacion\/\"},\"author\":{\"name\":\"Jorge Matheus\",\"@id\":\"https:\/\/infoecos.com.ar\/#\/schema\/person\/8f5ace5ce73b4b4aac4b7245aee6f191\"},\"headline\":\"Con cr\u00edticas a Kicillof, los intendentes del PRO piden una nueva Ley de Coparticipaci\u00f3n\",\"datePublished\":\"2023-03-20T01:06:56+00:00\",\"dateModified\":\"2023-03-20T03:35:34+00:00\",\"mainEntityOfPage\":{\"@id\":\"https:\/\/infoecos.com.ar\/index.php\/con-criticas-a-kicillof-los-intendentes-del-pro-piden-una-nueva-ley-de-coparticipacion\/\"},\"wordCount\":265,\"publisher\":{\"@id\":\"https:\/\/infoecos.com.ar\/#organization\"},\"image\":{\"@id\":\"https:\/\/infoecos.com.ar\/index.php\/con-criticas-a-kicillof-los-intendentes-del-pro-piden-una-nueva-ley-de-coparticipacion\/#primaryimage\"},\"thumbnailUrl\":\"https:\/\/infoecos.com.ar\/wp-content\/uploads\/2023\/03\/image-54.png\",\"keywords\":[\"POL\u00cdTICA BUENOS AIRES\"],\"articleSection\":[\"C2 N3\"],\"inLanguage\":\"es\"},{\"@type\":\"WebPage\",\"@id\":\"https:\/\/infoecos.com.ar\/index.php\/con-criticas-a-kicillof-los-intendentes-del-pro-piden-una-nueva-ley-de-coparticipacion\/\",\"url\":\"https:\/\/infoecos.com.ar\/index.php\/con-criticas-a-kicillof-los-intendentes-del-pro-piden-una-nueva-ley-de-coparticipacion\/\",\"name\":\"Con cr\u00edticas a Kicillof, los intendentes del PRO piden una nueva Ley de Coparticipaci\u00f3n - Infoecos\",\"isPartOf\":{\"@id\":\"https:\/\/infoecos.com.ar\/#website\"},\"primaryImageOfPage\":{\"@id\":\"https:\/\/infoecos.com.ar\/index.php\/con-criticas-a-kicillof-los-intendentes-del-pro-piden-una-nueva-ley-de-coparticipacion\/#primaryimage\"},\"image\":{\"@id\":\"https:\/\/infoecos.com.ar\/index.php\/con-criticas-a-kicillof-los-intendentes-del-pro-piden-una-nueva-ley-de-coparticipacion\/#primaryimage\"},\"thumbnailUrl\":\"https:\/\/infoecos.com.ar\/wp-content\/uploads\/2023\/03\/image-54.png\",\"datePublished\":\"2023-03-20T01:06:56+00:00\",\"dateModified\":\"2023-03-20T03:35:34+00:00\",\"breadcrumb\":{\"@id\":\"https:\/\/infoecos.com.ar\/index.php\/con-criticas-a-kicillof-los-intendentes-del-pro-piden-una-nueva-ley-de-coparticipacion\/#breadcrumb\"},\"inLanguage\":\"es\",\"potentialAction\":[{\"@type\":\"ReadAction\",\"target\":[\"https:\/\/infoecos.com.ar\/index.php\/con-criticas-a-kicillof-los-intendentes-del-pro-piden-una-nueva-ley-de-coparticipacion\/\"]}]},{\"@type\":\"ImageObject\",\"inLanguage\":\"es\",\"@id\":\"https:\/\/infoecos.com.ar\/index.php\/con-criticas-a-kicillof-los-intendentes-del-pro-piden-una-nueva-ley-de-coparticipacion\/#primaryimage\",\"url\":\"https:\/\/infoecos.com.ar\/wp-content\/uploads\/2023\/03\/image-54.png\",\"contentUrl\":\"https:\/\/infoecos.com.ar\/wp-content\/uploads\/2023\/03\/image-54.png\",\"width\":1440,\"height\":806},{\"@type\":\"BreadcrumbList\",\"@id\":\"https:\/\/infoecos.com.ar\/index.php\/con-criticas-a-kicillof-los-intendentes-del-pro-piden-una-nueva-ley-de-coparticipacion\/#breadcrumb\",\"itemListElement\":[{\"@type\":\"ListItem\",\"position\":1,\"name\":\"Portada\",\"item\":\"https:\/\/infoecos.com.ar\/\"},{\"@type\":\"ListItem\",\"position\":2,\"name\":\"Con cr\u00edticas a Kicillof, los intendentes del PRO piden una nueva Ley de Coparticipaci\u00f3n\"}]},{\"@type\":\"WebSite\",\"@id\":\"https:\/\/infoecos.com.ar\/#website\",\"url\":\"https:\/\/infoecos.com.ar\/\",\"name\":\"Infoecos\",\"description\":\"Noticias de trenque lauquen y la zona\",\"publisher\":{\"@id\":\"https:\/\/infoecos.com.ar\/#organization\"},\"alternateName\":\"Noticias\",\"potentialAction\":[{\"@type\":\"SearchAction\",\"target\":{\"@type\":\"EntryPoint\",\"urlTemplate\":\"https:\/\/infoecos.com.ar\/?s={search_term_string}\"},\"query-input\":{\"@type\":\"PropertyValueSpecification\",\"valueRequired\":true,\"valueName\":\"search_term_string\"}}],\"inLanguage\":\"es\"},{\"@type\":\"Organization\",\"@id\":\"https:\/\/infoecos.com.ar\/#organization\",\"name\":\"Infoecos\",\"alternateName\":\"Noticias\",\"url\":\"https:\/\/infoecos.com.ar\/\",\"logo\":{\"@type\":\"ImageObject\",\"inLanguage\":\"es\",\"@id\":\"https:\/\/infoecos.com.ar\/#\/schema\/logo\/image\/\",\"url\":\"https:\/\/infoecos.com.ar\/wp-content\/uploads\/2024\/03\/cropped-logo.png\",\"contentUrl\":\"https:\/\/infoecos.com.ar\/wp-content\/uploads\/2024\/03\/cropped-logo.png\",\"width\":374,\"height\":90,\"caption\":\"Infoecos\"},\"image\":{\"@id\":\"https:\/\/infoecos.com.ar\/#\/schema\/logo\/image\/\"},\"sameAs\":[\"https:\/\/www.facebook.com\/profile.php?id=100063200290284\",\"https:\/\/x.com\/infoecos\"]},{\"@type\":\"Person\",\"@id\":\"https:\/\/infoecos.com.ar\/#\/schema\/person\/8f5ace5ce73b4b4aac4b7245aee6f191\",\"name\":\"Jorge Matheus\",\"url\":\"https:\/\/infoecos.com.ar\/index.php\/author\/jomatheus\/\"}]}<\/script>\n<!-- \/ Yoast SEO plugin. -->","yoast_head_json":{"title":"Con cr\u00edticas a Kicillof, los intendentes del PRO piden una nueva Ley de Coparticipaci\u00f3n - Infoecos","robots":{"index":"index","follow":"follow","max-snippet":"max-snippet:-1","max-image-preview":"max-image-preview:large","max-video-preview":"max-video-preview:-1"},"canonical":"https:\/\/infoecos.com.ar\/index.php\/con-criticas-a-kicillof-los-intendentes-del-pro-piden-una-nueva-ley-de-coparticipacion\/","og_locale":"es_ES","og_type":"article","og_title":"Con cr\u00edticas a Kicillof, los intendentes del PRO piden una nueva Ley de Coparticipaci\u00f3n - Infoecos","og_description":"Los mandatarios comunales m\u00e1s duros que sus socios del radicalismo se suben tambi\u00e9n a la denuncia  por presunta adulteraci\u00f3n de las cifras del censo 2010 sobre La Matanza","og_url":"https:\/\/infoecos.com.ar\/index.php\/con-criticas-a-kicillof-los-intendentes-del-pro-piden-una-nueva-ley-de-coparticipacion\/","og_site_name":"Infoecos","article_publisher":"https:\/\/www.facebook.com\/profile.php?id=100063200290284","article_published_time":"2023-03-20T01:06:56+00:00","article_modified_time":"2023-03-20T03:35:34+00:00","og_image":[{"width":1440,"height":806,"url":"https:\/\/infoecos.com.ar\/wp-content\/uploads\/2023\/03\/image-54.png","type":"image\/png"}],"author":"Jorge Matheus","twitter_card":"summary_large_image","twitter_creator":"@infoecos","twitter_site":"@infoecos","twitter_misc":{"Escrito por":"Jorge Matheus","Tiempo de lectura":"2 minutos"},"schema":{"@context":"https:\/\/schema.org","@graph":[{"@type":"Article","@id":"https:\/\/infoecos.com.ar\/index.php\/con-criticas-a-kicillof-los-intendentes-del-pro-piden-una-nueva-ley-de-coparticipacion\/#article","isPartOf":{"@id":"https:\/\/infoecos.com.ar\/index.php\/con-criticas-a-kicillof-los-intendentes-del-pro-piden-una-nueva-ley-de-coparticipacion\/"},"author":{"name":"Jorge Matheus","@id":"https:\/\/infoecos.com.ar\/#\/schema\/person\/8f5ace5ce73b4b4aac4b7245aee6f191"},"headline":"Con cr\u00edticas a Kicillof, los intendentes del PRO piden una nueva Ley de Coparticipaci\u00f3n","datePublished":"2023-03-20T01:06:56+00:00","dateModified":"2023-03-20T03:35:34+00:00","mainEntityOfPage":{"@id":"https:\/\/infoecos.com.ar\/index.php\/con-criticas-a-kicillof-los-intendentes-del-pro-piden-una-nueva-ley-de-coparticipacion\/"},"wordCount":265,"publisher":{"@id":"https:\/\/infoecos.com.ar\/#organization"},"image":{"@id":"https:\/\/infoecos.com.ar\/index.php\/con-criticas-a-kicillof-los-intendentes-del-pro-piden-una-nueva-ley-de-coparticipacion\/#primaryimage"},"thumbnailUrl":"https:\/\/infoecos.com.ar\/wp-content\/uploads\/2023\/03\/image-54.png","keywords":["POL\u00cdTICA BUENOS AIRES"],"articleSection":["C2 N3"],"inLanguage":"es"},{"@type":"WebPage","@id":"https:\/\/infoecos.com.ar\/index.php\/con-criticas-a-kicillof-los-intendentes-del-pro-piden-una-nueva-ley-de-coparticipacion\/","url":"https:\/\/infoecos.com.ar\/index.php\/con-criticas-a-kicillof-los-intendentes-del-pro-piden-una-nueva-ley-de-coparticipacion\/","name":"Con cr\u00edticas a Kicillof, los intendentes del PRO piden una nueva Ley de Coparticipaci\u00f3n - Infoecos","isPartOf":{"@id":"https:\/\/infoecos.com.ar\/#website"},"primaryImageOfPage":{"@id":"https:\/\/infoecos.com.ar\/index.php\/con-criticas-a-kicillof-los-intendentes-del-pro-piden-una-nueva-ley-de-coparticipacion\/#primaryimage"},"image":{"@id":"https:\/\/infoecos.com.ar\/index.php\/con-criticas-a-kicillof-los-intendentes-del-pro-piden-una-nueva-ley-de-coparticipacion\/#primaryimage"},"thumbnailUrl":"https:\/\/infoecos.com.ar\/wp-content\/uploads\/2023\/03\/image-54.png","datePublished":"2023-03-20T01:06:56+00:00","dateModified":"2023-03-20T03:35:34+00:00","breadcrumb":{"@id":"https:\/\/infoecos.com.ar\/index.php\/con-criticas-a-kicillof-los-intendentes-del-pro-piden-una-nueva-ley-de-coparticipacion\/#breadcrumb"},"inLanguage":"es","potentialAction":[{"@type":"ReadAction","target":["https:\/\/infoecos.com.ar\/index.php\/con-criticas-a-kicillof-los-intendentes-del-pro-piden-una-nueva-ley-de-coparticipacion\/"]}]},{"@type":"ImageObject","inLanguage":"es","@id":"https:\/\/infoecos.com.ar\/index.php\/con-criticas-a-kicillof-los-intendentes-del-pro-piden-una-nueva-ley-de-coparticipacion\/#primaryimage","url":"https:\/\/infoecos.com.ar\/wp-content\/uploads\/2023\/03\/image-54.png","contentUrl":"https:\/\/infoecos.com.ar\/wp-content\/uploads\/2023\/03\/image-54.png","width":1440,"height":806},{"@type":"BreadcrumbList","@id":"https:\/\/infoecos.com.ar\/index.php\/con-criticas-a-kicillof-los-intendentes-del-pro-piden-una-nueva-ley-de-coparticipacion\/#breadcrumb","itemListElement":[{"@type":"ListItem","position":1,"name":"Portada","item":"https:\/\/infoecos.com.ar\/"},{"@type":"ListItem","position":2,"name":"Con cr\u00edticas a Kicillof, los intendentes del PRO piden una nueva Ley de Coparticipaci\u00f3n"}]},{"@type":"WebSite","@id":"https:\/\/infoecos.com.ar\/#website","url":"https:\/\/infoecos.com.ar\/","name":"Infoecos","description":"Noticias de trenque lauquen y la zona","publisher":{"@id":"https:\/\/infoecos.com.ar\/#organization"},"alternateName":"Noticias","potentialAction":[{"@type":"SearchAction","target":{"@type":"EntryPoint","urlTemplate":"https:\/\/infoecos.com.ar\/?s={search_term_string}"},"query-input":{"@type":"PropertyValueSpecification","valueRequired":true,"valueName":"search_term_string"}}],"inLanguage":"es"},{"@type":"Organization","@id":"https:\/\/infoecos.com.ar\/#organization","name":"Infoecos","alternateName":"Noticias","url":"https:\/\/infoecos.com.ar\/","logo":{"@type":"ImageObject","inLanguage":"es","@id":"https:\/\/infoecos.com.ar\/#\/schema\/logo\/image\/","url":"https:\/\/infoecos.com.ar\/wp-content\/uploads\/2024\/03\/cropped-logo.png","contentUrl":"https:\/\/infoecos.com.ar\/wp-content\/uploads\/2024\/03\/cropped-logo.png","width":374,"height":90,"caption":"Infoecos"},"image":{"@id":"https:\/\/infoecos.com.ar\/#\/schema\/logo\/image\/"},"sameAs":["https:\/\/www.facebook.com\/profile.php?id=100063200290284","https:\/\/x.com\/infoecos"]},{"@type":"Person","@id":"https:\/\/infoecos.com.ar\/#\/schema\/person\/8f5ace5ce73b4b4aac4b7245aee6f191","name":"Jorge Matheus","url":"https:\/\/infoecos.com.ar\/index.php\/author\/jomatheus\/"}]}},"featured_image_urls":{"full":["https:\/\/infoecos.com.ar\/wp-content\/uploads\/2023\/03\/image-54.png",1440,806,false],"thumbnail":["https:\/\/infoecos.com.ar\/wp-content\/uploads\/2023\/03\/image-54-300x150.png",300,150,true],"medium":["https:\/\/infoecos.com.ar\/wp-content\/uploads\/2023\/03\/image-54-800x448.png",800,448,true],"medium_large":["https:\/\/infoecos.com.ar\/wp-content\/uploads\/2023\/03\/image-54-768x430.png",640,358,true],"large":["https:\/\/infoecos.com.ar\/wp-content\/uploads\/2023\/03\/image-54.png",640,358,false],"1536x1536":["https:\/\/infoecos.com.ar\/wp-content\/uploads\/2023\/03\/image-54.png",1440,806,false],"2048x2048":["https:\/\/infoecos.com.ar\/wp-content\/uploads\/2023\/03\/image-54.png",1440,806,false],"covernews-slider-full":["https:\/\/infoecos.com.ar\/wp-content\/uploads\/2023\/03\/image-54.png",1115,624,false],"covernews-slider-center":["https:\/\/infoecos.com.ar\/wp-content\/uploads\/2023\/03\/image-54-936x806.png",581,500,true],"covernews-featured":["https:\/\/infoecos.com.ar\/wp-content\/uploads\/2023\/03\/image-54-1024x573.png",1024,573,true],"covernews-medium":["https:\/\/infoecos.com.ar\/wp-content\/uploads\/2023\/03\/image-54-720x380.png",540,285,true],"covernews-medium-square":["https:\/\/infoecos.com.ar\/wp-content\/uploads\/2023\/03\/image-54-675x450.png",375,250,true]},"author_info":{"info":["Jorge Matheus"]},"category_info":"<a href=\"https:\/\/infoecos.com.ar\/index.php\/category\/c2nota3\/\" rel=\"category tag\">C2 N3<\/a>","tag_info":"C2 N3","comment_count":"0","_links":{"self":[{"href":"https:\/\/infoecos.com.ar\/index.php\/wp-json\/wp\/v2\/posts\/103007"}],"collection":[{"href":"https:\/\/infoecos.com.ar\/index.php\/wp-json\/wp\/v2\/posts"}],"about":[{"href":"https:\/\/infoecos.com.ar\/index.php\/wp-json\/wp\/v2\/types\/post"}],"author":[{"embeddable":true,"href":"https:\/\/infoecos.com.ar\/index.php\/wp-json\/wp\/v2\/users\/2"}],"replies":[{"embeddable":true,"href":"https:\/\/infoecos.com.ar\/index.php\/wp-json\/wp\/v2\/comments?post=103007"}],"version-history":[{"count":2,"href":"https:\/\/infoecos.com.ar\/index.php\/wp-json\/wp\/v2\/posts\/103007\/revisions"}],"predecessor-version":[{"id":103013,"href":"https:\/\/infoecos.com.ar\/index.php\/wp-json\/wp\/v2\/posts\/103007\/revisions\/103013"}],"wp:featuredmedia":[{"embeddable":true,"href":"https:\/\/infoecos.com.ar\/index.php\/wp-json\/wp\/v2\/media\/103008"}],"wp:attachment":[{"href":"https:\/\/infoecos.com.ar\/index.php\/wp-json\/wp\/v2\/media?parent=103007"}],"wp:term":[{"taxonomy":"category","embeddable":true,"href":"https:\/\/infoecos.com.ar\/index.php\/wp-json\/wp\/v2\/categories?post=103007"},{"taxonomy":"post_tag","embeddable":true,"href":"https:\/\/infoecos.com.ar\/index.php\/wp-json\/wp\/v2\/tags?post=103007"}],"curies":[{"name":"wp","href":"https:\/\/api.w.org\/{rel}","templated":true}]}}