{"id":103015,"date":"2023-03-20T12:31:07","date_gmt":"2023-03-20T15:31:07","guid":{"rendered":"https:\/\/infoecos.com.ar\/?p=103015"},"modified":"2023-03-21T00:28:49","modified_gmt":"2023-03-21T03:28:49","slug":"partidos-amistosos-de-la-seleccon-argentina-se-podran-ver-por-television-abierta","status":"publish","type":"post","link":"https:\/\/infoecos.com.ar\/index.php\/partidos-amistosos-de-la-seleccon-argentina-se-podran-ver-por-television-abierta\/","title":{"rendered":"Partidos amistosos de la Selecci\u00f3n Argentina: se podr\u00e1n ver por Televisi\u00f3n Abierta"},"content":{"rendered":"\n<p>A trav\u00e9s de la&nbsp;<em>resoluci\u00f3n 228\/2023<\/em>, publicada en el Bolet\u00edn Oficial, el Gobierno declar\u00f3 los partidos amistosos de la selecci\u00f3n argentina como \u201ceventos deportivos de inter\u00e9s relevantes\u201d y se podr\u00e1n ver por TV abierta. La medida alcanzar\u00e1 a todos los encuentros no oficiales que dispute el equipo campe\u00f3n del mundo dirigido por&nbsp;<strong>Lionel Scaloni<\/strong>&nbsp;en 2023.<\/p>\n\n\n\n<figure class=\"wp-block-image aligncenter size-full is-resized\"><img loading=\"lazy\" decoding=\"async\" src=\"https:\/\/infoecos.com.ar\/wp-content\/uploads\/2023\/03\/image-56.png\" alt=\"\" class=\"wp-image-103016\" width=\"432\" height=\"287\" srcset=\"https:\/\/infoecos.com.ar\/wp-content\/uploads\/2023\/03\/image-56.png 992w, https:\/\/infoecos.com.ar\/wp-content\/uploads\/2023\/03\/image-56-800x533.png 800w, https:\/\/infoecos.com.ar\/wp-content\/uploads\/2023\/03\/image-56-768x512.png 768w, https:\/\/infoecos.com.ar\/wp-content\/uploads\/2023\/03\/image-56-675x450.png 675w\" sizes=\"(max-width: 432px) 100vw, 432px\" \/><\/figure>\n\n\n\n<p>\u201cEsta decisi\u00f3n garantiza el derecho de acceso universal a los contenidos de los partidos\u201d, indic\u00f3 el jefe de Gabinete,&nbsp;<strong>Agust\u00edn Rossi<\/strong>. \u201cHace 3 meses vimos y sentimos la emoci\u00f3n de un pueblo campe\u00f3n del mundo. Esta semana, m\u00e1s de un mill\u00f3n y medio de personas intentaron comprar una entrada para volver a ver a la Selecci\u00f3n en casa. No es necesario abundar en el significado de estos partidos para nuestro pueblo\u201d, agreg\u00f3.<\/p>\n\n\n\n<p>Entre los argumentos de la resoluci\u00f3n, firmada por el propio Rossi, se se\u00f1al\u00f3: \u201cNo hace falta desarrollar extensamente lo que significa la pr\u00e1ctica del futbol para los y las habitantes de la Rep\u00fablica Argentina, y menos a\u00fan por su proximidad en el tiempo, la importancia que adquiri\u00f3 la obtenci\u00f3n por parte de la selecci\u00f3n masculina argentina de f\u00fatbol del campeonato del mundo en la \u2018Copa Mundial de la FIFA QATAR 2022\u2032, que signific\u00f3 el tercer t\u00edtulo mundial en su historia\u201d.<\/p>\n\n\n\n<p>\u201cQue todo esto se vio reflejado el 20 de diciembre de 2022 con aproximadamente cinco millones (5.000.000) de personas en las calles de todo el pa\u00eds y en las filas virtuales para adquirir entradas para los partidos amistosos a celebrarse durante el mes de marzo en nuestro pa\u00eds\u201d, se agreg\u00f3.<\/p>\n\n\n\n<p>En otro apartado, el texto recuerda que la Ley de Servicios de Comunicaci\u00f3n Audiovisual establece que el Consejo Federal de Comunicaci\u00f3n Audiovisual deber\u00e1 elaborar un listado anual de acontecimientos de inter\u00e9s general para la retransmisi\u00f3n o emisi\u00f3n televisiva, \u201crespecto de los cuales el ejercicio de derechos exclusivos deber\u00e1 ser justo, razonable y no discriminatorio\u201d.<\/p>\n\n\n\n<p>En un anexo de la mencionada resoluci\u00f3n se estableci\u00f3 el alcance de la medida, que permitir\u00e1 la transmisi\u00f3n de los partidos amistosos por&nbsp;<strong>TV P\u00fablica<\/strong>&nbsp;al igual que sucede con las competencias oficiales. Esto es: 23 de marzo, amistoso Internacional a celebrarse en fecha FIFA entre Argentina y Panam\u00e1; 28 de marzo, amistoso Internacional a celebrarse en fecha FIFA entre Argentina y Curazao; y todo partido amistoso nacional e internacional que dispute la selecci\u00f3n mayor de f\u00fatbol masculino durante el a\u00f1o 2023.<\/p>\n","protected":false},"excerpt":{"rendered":"<p>\u201cEsta decisi\u00f3n garantiza el derecho de acceso universal a los contenidos de los partidos\u201d, indic\u00f3 el jefe de Gabinete,\u00a0Agust\u00edn Rossi. \u201cHace 3 meses vimos y sentimos la emoci\u00f3n de un pueblo campe\u00f3n del mundo. Esta semana, m\u00e1s de un mill\u00f3n y medio de personas intentaron comprar una entrada para volver a ver a la Selecci\u00f3n en casa. No es necesario abundar en el significado de estos partidos para nuestro pueblo\u201d, agreg\u00f3<\/p>\n","protected":false},"author":2,"featured_media":103016,"comment_status":"closed","ping_status":"open","sticky":false,"template":"","format":"standard","meta":{"footnotes":""},"categories":[1613],"tags":[7543],"class_list":["post-103015","post","type-post","status-publish","format-standard","has-post-thumbnail","hentry","category-noticia-secundaria","tag-buena-decision-del-gobierno"],"yoast_head":"<!-- This site is optimized with the Yoast SEO plugin v23.4 - https:\/\/yoast.com\/wordpress\/plugins\/seo\/ -->\n<title>Partidos amistosos de la Selecci\u00f3n Argentina: se podr\u00e1n ver por Televisi\u00f3n Abierta - Infoecos<\/title>\n<meta name=\"robots\" content=\"index, follow, max-snippet:-1, max-image-preview:large, max-video-preview:-1\" \/>\n<link rel=\"canonical\" href=\"https:\/\/infoecos.com.ar\/index.php\/partidos-amistosos-de-la-seleccon-argentina-se-podran-ver-por-television-abierta\/\" \/>\n<meta property=\"og:locale\" content=\"es_ES\" \/>\n<meta property=\"og:type\" content=\"article\" \/>\n<meta property=\"og:title\" content=\"Partidos amistosos de la Selecci\u00f3n Argentina: se podr\u00e1n ver por Televisi\u00f3n Abierta - Infoecos\" \/>\n<meta property=\"og:description\" content=\"\u201cEsta decisi\u00f3n garantiza el derecho de acceso universal a los contenidos de los partidos\u201d, indic\u00f3 el jefe de Gabinete,\u00a0Agust\u00edn Rossi. \u201cHace 3 meses vimos y sentimos la emoci\u00f3n de un pueblo campe\u00f3n del mundo. Esta semana, m\u00e1s de un mill\u00f3n y medio de personas intentaron comprar una entrada para volver a ver a la Selecci\u00f3n en casa. No es necesario abundar en el significado de estos partidos para nuestro pueblo\u201d, agreg\u00f3\" \/>\n<meta property=\"og:url\" content=\"https:\/\/infoecos.com.ar\/index.php\/partidos-amistosos-de-la-seleccon-argentina-se-podran-ver-por-television-abierta\/\" \/>\n<meta property=\"og:site_name\" content=\"Infoecos\" \/>\n<meta property=\"article:publisher\" content=\"https:\/\/www.facebook.com\/profile.php?id=100063200290284\" \/>\n<meta property=\"article:published_time\" content=\"2023-03-20T15:31:07+00:00\" \/>\n<meta property=\"article:modified_time\" content=\"2023-03-21T03:28:49+00:00\" \/>\n<meta property=\"og:image\" content=\"https:\/\/infoecos.com.ar\/wp-content\/uploads\/2023\/03\/image-56.png\" \/>\n\t<meta property=\"og:image:width\" content=\"992\" \/>\n\t<meta property=\"og:image:height\" content=\"661\" \/>\n\t<meta property=\"og:image:type\" content=\"image\/png\" \/>\n<meta name=\"author\" content=\"Jorge Matheus\" \/>\n<meta name=\"twitter:card\" content=\"summary_large_image\" \/>\n<meta name=\"twitter:creator\" content=\"@infoecos\" \/>\n<meta name=\"twitter:site\" content=\"@infoecos\" \/>\n<meta name=\"twitter:label1\" content=\"Escrito por\" \/>\n\t<meta name=\"twitter:data1\" content=\"Jorge Matheus\" \/>\n\t<meta name=\"twitter:label2\" content=\"Tiempo de lectura\" \/>\n\t<meta name=\"twitter:data2\" content=\"3 minutos\" \/>\n<script type=\"application\/ld+json\" class=\"yoast-schema-graph\">{\"@context\":\"https:\/\/schema.org\",\"@graph\":[{\"@type\":\"Article\",\"@id\":\"https:\/\/infoecos.com.ar\/index.php\/partidos-amistosos-de-la-seleccon-argentina-se-podran-ver-por-television-abierta\/#article\",\"isPartOf\":{\"@id\":\"https:\/\/infoecos.com.ar\/index.php\/partidos-amistosos-de-la-seleccon-argentina-se-podran-ver-por-television-abierta\/\"},\"author\":{\"name\":\"Jorge Matheus\",\"@id\":\"https:\/\/infoecos.com.ar\/#\/schema\/person\/8f5ace5ce73b4b4aac4b7245aee6f191\"},\"headline\":\"Partidos amistosos de la Selecci\u00f3n Argentina: se podr\u00e1n ver por Televisi\u00f3n Abierta\",\"datePublished\":\"2023-03-20T15:31:07+00:00\",\"dateModified\":\"2023-03-21T03:28:49+00:00\",\"mainEntityOfPage\":{\"@id\":\"https:\/\/infoecos.com.ar\/index.php\/partidos-amistosos-de-la-seleccon-argentina-se-podran-ver-por-television-abierta\/\"},\"wordCount\":441,\"publisher\":{\"@id\":\"https:\/\/infoecos.com.ar\/#organization\"},\"image\":{\"@id\":\"https:\/\/infoecos.com.ar\/index.php\/partidos-amistosos-de-la-seleccon-argentina-se-podran-ver-por-television-abierta\/#primaryimage\"},\"thumbnailUrl\":\"https:\/\/infoecos.com.ar\/wp-content\/uploads\/2023\/03\/image-56.png\",\"keywords\":[\"BUENA DECISI\u00d3N DEL GOBIERNO\"],\"articleSection\":[\"Noticia Secundaria\"],\"inLanguage\":\"es\"},{\"@type\":\"WebPage\",\"@id\":\"https:\/\/infoecos.com.ar\/index.php\/partidos-amistosos-de-la-seleccon-argentina-se-podran-ver-por-television-abierta\/\",\"url\":\"https:\/\/infoecos.com.ar\/index.php\/partidos-amistosos-de-la-seleccon-argentina-se-podran-ver-por-television-abierta\/\",\"name\":\"Partidos amistosos de la Selecci\u00f3n Argentina: se podr\u00e1n ver por Televisi\u00f3n Abierta - Infoecos\",\"isPartOf\":{\"@id\":\"https:\/\/infoecos.com.ar\/#website\"},\"primaryImageOfPage\":{\"@id\":\"https:\/\/infoecos.com.ar\/index.php\/partidos-amistosos-de-la-seleccon-argentina-se-podran-ver-por-television-abierta\/#primaryimage\"},\"image\":{\"@id\":\"https:\/\/infoecos.com.ar\/index.php\/partidos-amistosos-de-la-seleccon-argentina-se-podran-ver-por-television-abierta\/#primaryimage\"},\"thumbnailUrl\":\"https:\/\/infoecos.com.ar\/wp-content\/uploads\/2023\/03\/image-56.png\",\"datePublished\":\"2023-03-20T15:31:07+00:00\",\"dateModified\":\"2023-03-21T03:28:49+00:00\",\"breadcrumb\":{\"@id\":\"https:\/\/infoecos.com.ar\/index.php\/partidos-amistosos-de-la-seleccon-argentina-se-podran-ver-por-television-abierta\/#breadcrumb\"},\"inLanguage\":\"es\",\"potentialAction\":[{\"@type\":\"ReadAction\",\"target\":[\"https:\/\/infoecos.com.ar\/index.php\/partidos-amistosos-de-la-seleccon-argentina-se-podran-ver-por-television-abierta\/\"]}]},{\"@type\":\"ImageObject\",\"inLanguage\":\"es\",\"@id\":\"https:\/\/infoecos.com.ar\/index.php\/partidos-amistosos-de-la-seleccon-argentina-se-podran-ver-por-television-abierta\/#primaryimage\",\"url\":\"https:\/\/infoecos.com.ar\/wp-content\/uploads\/2023\/03\/image-56.png\",\"contentUrl\":\"https:\/\/infoecos.com.ar\/wp-content\/uploads\/2023\/03\/image-56.png\",\"width\":992,\"height\":661},{\"@type\":\"BreadcrumbList\",\"@id\":\"https:\/\/infoecos.com.ar\/index.php\/partidos-amistosos-de-la-seleccon-argentina-se-podran-ver-por-television-abierta\/#breadcrumb\",\"itemListElement\":[{\"@type\":\"ListItem\",\"position\":1,\"name\":\"Portada\",\"item\":\"https:\/\/infoecos.com.ar\/\"},{\"@type\":\"ListItem\",\"position\":2,\"name\":\"Partidos amistosos de la Selecci\u00f3n Argentina: se podr\u00e1n ver por Televisi\u00f3n Abierta\"}]},{\"@type\":\"WebSite\",\"@id\":\"https:\/\/infoecos.com.ar\/#website\",\"url\":\"https:\/\/infoecos.com.ar\/\",\"name\":\"Infoecos\",\"description\":\"Noticias de trenque lauquen y la zona\",\"publisher\":{\"@id\":\"https:\/\/infoecos.com.ar\/#organization\"},\"alternateName\":\"Noticias\",\"potentialAction\":[{\"@type\":\"SearchAction\",\"target\":{\"@type\":\"EntryPoint\",\"urlTemplate\":\"https:\/\/infoecos.com.ar\/?s={search_term_string}\"},\"query-input\":{\"@type\":\"PropertyValueSpecification\",\"valueRequired\":true,\"valueName\":\"search_term_string\"}}],\"inLanguage\":\"es\"},{\"@type\":\"Organization\",\"@id\":\"https:\/\/infoecos.com.ar\/#organization\",\"name\":\"Infoecos\",\"alternateName\":\"Noticias\",\"url\":\"https:\/\/infoecos.com.ar\/\",\"logo\":{\"@type\":\"ImageObject\",\"inLanguage\":\"es\",\"@id\":\"https:\/\/infoecos.com.ar\/#\/schema\/logo\/image\/\",\"url\":\"https:\/\/infoecos.com.ar\/wp-content\/uploads\/2024\/03\/cropped-logo.png\",\"contentUrl\":\"https:\/\/infoecos.com.ar\/wp-content\/uploads\/2024\/03\/cropped-logo.png\",\"width\":374,\"height\":90,\"caption\":\"Infoecos\"},\"image\":{\"@id\":\"https:\/\/infoecos.com.ar\/#\/schema\/logo\/image\/\"},\"sameAs\":[\"https:\/\/www.facebook.com\/profile.php?id=100063200290284\",\"https:\/\/x.com\/infoecos\"]},{\"@type\":\"Person\",\"@id\":\"https:\/\/infoecos.com.ar\/#\/schema\/person\/8f5ace5ce73b4b4aac4b7245aee6f191\",\"name\":\"Jorge Matheus\",\"url\":\"https:\/\/infoecos.com.ar\/index.php\/author\/jomatheus\/\"}]}<\/script>\n<!-- \/ Yoast SEO plugin. -->","yoast_head_json":{"title":"Partidos amistosos de la Selecci\u00f3n Argentina: se podr\u00e1n ver por Televisi\u00f3n Abierta - Infoecos","robots":{"index":"index","follow":"follow","max-snippet":"max-snippet:-1","max-image-preview":"max-image-preview:large","max-video-preview":"max-video-preview:-1"},"canonical":"https:\/\/infoecos.com.ar\/index.php\/partidos-amistosos-de-la-seleccon-argentina-se-podran-ver-por-television-abierta\/","og_locale":"es_ES","og_type":"article","og_title":"Partidos amistosos de la Selecci\u00f3n Argentina: se podr\u00e1n ver por Televisi\u00f3n Abierta - Infoecos","og_description":"\u201cEsta decisi\u00f3n garantiza el derecho de acceso universal a los contenidos de los partidos\u201d, indic\u00f3 el jefe de Gabinete,\u00a0Agust\u00edn Rossi. \u201cHace 3 meses vimos y sentimos la emoci\u00f3n de un pueblo campe\u00f3n del mundo. Esta semana, m\u00e1s de un mill\u00f3n y medio de personas intentaron comprar una entrada para volver a ver a la Selecci\u00f3n en casa. No es necesario abundar en el significado de estos partidos para nuestro pueblo\u201d, agreg\u00f3","og_url":"https:\/\/infoecos.com.ar\/index.php\/partidos-amistosos-de-la-seleccon-argentina-se-podran-ver-por-television-abierta\/","og_site_name":"Infoecos","article_publisher":"https:\/\/www.facebook.com\/profile.php?id=100063200290284","article_published_time":"2023-03-20T15:31:07+00:00","article_modified_time":"2023-03-21T03:28:49+00:00","og_image":[{"width":992,"height":661,"url":"https:\/\/infoecos.com.ar\/wp-content\/uploads\/2023\/03\/image-56.png","type":"image\/png"}],"author":"Jorge Matheus","twitter_card":"summary_large_image","twitter_creator":"@infoecos","twitter_site":"@infoecos","twitter_misc":{"Escrito por":"Jorge Matheus","Tiempo de lectura":"3 minutos"},"schema":{"@context":"https:\/\/schema.org","@graph":[{"@type":"Article","@id":"https:\/\/infoecos.com.ar\/index.php\/partidos-amistosos-de-la-seleccon-argentina-se-podran-ver-por-television-abierta\/#article","isPartOf":{"@id":"https:\/\/infoecos.com.ar\/index.php\/partidos-amistosos-de-la-seleccon-argentina-se-podran-ver-por-television-abierta\/"},"author":{"name":"Jorge Matheus","@id":"https:\/\/infoecos.com.ar\/#\/schema\/person\/8f5ace5ce73b4b4aac4b7245aee6f191"},"headline":"Partidos amistosos de la Selecci\u00f3n Argentina: se podr\u00e1n ver por Televisi\u00f3n Abierta","datePublished":"2023-03-20T15:31:07+00:00","dateModified":"2023-03-21T03:28:49+00:00","mainEntityOfPage":{"@id":"https:\/\/infoecos.com.ar\/index.php\/partidos-amistosos-de-la-seleccon-argentina-se-podran-ver-por-television-abierta\/"},"wordCount":441,"publisher":{"@id":"https:\/\/infoecos.com.ar\/#organization"},"image":{"@id":"https:\/\/infoecos.com.ar\/index.php\/partidos-amistosos-de-la-seleccon-argentina-se-podran-ver-por-television-abierta\/#primaryimage"},"thumbnailUrl":"https:\/\/infoecos.com.ar\/wp-content\/uploads\/2023\/03\/image-56.png","keywords":["BUENA DECISI\u00d3N DEL GOBIERNO"],"articleSection":["Noticia Secundaria"],"inLanguage":"es"},{"@type":"WebPage","@id":"https:\/\/infoecos.com.ar\/index.php\/partidos-amistosos-de-la-seleccon-argentina-se-podran-ver-por-television-abierta\/","url":"https:\/\/infoecos.com.ar\/index.php\/partidos-amistosos-de-la-seleccon-argentina-se-podran-ver-por-television-abierta\/","name":"Partidos amistosos de la Selecci\u00f3n Argentina: se podr\u00e1n ver por Televisi\u00f3n Abierta - Infoecos","isPartOf":{"@id":"https:\/\/infoecos.com.ar\/#website"},"primaryImageOfPage":{"@id":"https:\/\/infoecos.com.ar\/index.php\/partidos-amistosos-de-la-seleccon-argentina-se-podran-ver-por-television-abierta\/#primaryimage"},"image":{"@id":"https:\/\/infoecos.com.ar\/index.php\/partidos-amistosos-de-la-seleccon-argentina-se-podran-ver-por-television-abierta\/#primaryimage"},"thumbnailUrl":"https:\/\/infoecos.com.ar\/wp-content\/uploads\/2023\/03\/image-56.png","datePublished":"2023-03-20T15:31:07+00:00","dateModified":"2023-03-21T03:28:49+00:00","breadcrumb":{"@id":"https:\/\/infoecos.com.ar\/index.php\/partidos-amistosos-de-la-seleccon-argentina-se-podran-ver-por-television-abierta\/#breadcrumb"},"inLanguage":"es","potentialAction":[{"@type":"ReadAction","target":["https:\/\/infoecos.com.ar\/index.php\/partidos-amistosos-de-la-seleccon-argentina-se-podran-ver-por-television-abierta\/"]}]},{"@type":"ImageObject","inLanguage":"es","@id":"https:\/\/infoecos.com.ar\/index.php\/partidos-amistosos-de-la-seleccon-argentina-se-podran-ver-por-television-abierta\/#primaryimage","url":"https:\/\/infoecos.com.ar\/wp-content\/uploads\/2023\/03\/image-56.png","contentUrl":"https:\/\/infoecos.com.ar\/wp-content\/uploads\/2023\/03\/image-56.png","width":992,"height":661},{"@type":"BreadcrumbList","@id":"https:\/\/infoecos.com.ar\/index.php\/partidos-amistosos-de-la-seleccon-argentina-se-podran-ver-por-television-abierta\/#breadcrumb","itemListElement":[{"@type":"ListItem","position":1,"name":"Portada","item":"https:\/\/infoecos.com.ar\/"},{"@type":"ListItem","position":2,"name":"Partidos amistosos de la Selecci\u00f3n Argentina: se podr\u00e1n ver por Televisi\u00f3n Abierta"}]},{"@type":"WebSite","@id":"https:\/\/infoecos.com.ar\/#website","url":"https:\/\/infoecos.com.ar\/","name":"Infoecos","description":"Noticias de trenque lauquen y la zona","publisher":{"@id":"https:\/\/infoecos.com.ar\/#organization"},"alternateName":"Noticias","potentialAction":[{"@type":"SearchAction","target":{"@type":"EntryPoint","urlTemplate":"https:\/\/infoecos.com.ar\/?s={search_term_string}"},"query-input":{"@type":"PropertyValueSpecification","valueRequired":true,"valueName":"search_term_string"}}],"inLanguage":"es"},{"@type":"Organization","@id":"https:\/\/infoecos.com.ar\/#organization","name":"Infoecos","alternateName":"Noticias","url":"https:\/\/infoecos.com.ar\/","logo":{"@type":"ImageObject","inLanguage":"es","@id":"https:\/\/infoecos.com.ar\/#\/schema\/logo\/image\/","url":"https:\/\/infoecos.com.ar\/wp-content\/uploads\/2024\/03\/cropped-logo.png","contentUrl":"https:\/\/infoecos.com.ar\/wp-content\/uploads\/2024\/03\/cropped-logo.png","width":374,"height":90,"caption":"Infoecos"},"image":{"@id":"https:\/\/infoecos.com.ar\/#\/schema\/logo\/image\/"},"sameAs":["https:\/\/www.facebook.com\/profile.php?id=100063200290284","https:\/\/x.com\/infoecos"]},{"@type":"Person","@id":"https:\/\/infoecos.com.ar\/#\/schema\/person\/8f5ace5ce73b4b4aac4b7245aee6f191","name":"Jorge Matheus","url":"https:\/\/infoecos.com.ar\/index.php\/author\/jomatheus\/"}]}},"featured_image_urls":{"full":["https:\/\/infoecos.com.ar\/wp-content\/uploads\/2023\/03\/image-56.png",992,661,false],"thumbnail":["https:\/\/infoecos.com.ar\/wp-content\/uploads\/2023\/03\/image-56-300x150.png",300,150,true],"medium":["https:\/\/infoecos.com.ar\/wp-content\/uploads\/2023\/03\/image-56-800x533.png",800,533,true],"medium_large":["https:\/\/infoecos.com.ar\/wp-content\/uploads\/2023\/03\/image-56-768x512.png",640,427,true],"large":["https:\/\/infoecos.com.ar\/wp-content\/uploads\/2023\/03\/image-56.png",640,426,false],"1536x1536":["https:\/\/infoecos.com.ar\/wp-content\/uploads\/2023\/03\/image-56.png",992,661,false],"2048x2048":["https:\/\/infoecos.com.ar\/wp-content\/uploads\/2023\/03\/image-56.png",992,661,false],"covernews-slider-full":["https:\/\/infoecos.com.ar\/wp-content\/uploads\/2023\/03\/image-56.png",992,661,false],"covernews-slider-center":["https:\/\/infoecos.com.ar\/wp-content\/uploads\/2023\/03\/image-56-936x661.png",708,500,true],"covernews-featured":["https:\/\/infoecos.com.ar\/wp-content\/uploads\/2023\/03\/image-56.png",992,661,false],"covernews-medium":["https:\/\/infoecos.com.ar\/wp-content\/uploads\/2023\/03\/image-56-720x380.png",540,285,true],"covernews-medium-square":["https:\/\/infoecos.com.ar\/wp-content\/uploads\/2023\/03\/image-56-675x450.png",375,250,true]},"author_info":{"info":["Jorge Matheus"]},"category_info":"<a href=\"https:\/\/infoecos.com.ar\/index.php\/category\/noticia-secundaria\/\" rel=\"category tag\">Noticia Secundaria<\/a>","tag_info":"Noticia Secundaria","comment_count":"0","_links":{"self":[{"href":"https:\/\/infoecos.com.ar\/index.php\/wp-json\/wp\/v2\/posts\/103015"}],"collection":[{"href":"https:\/\/infoecos.com.ar\/index.php\/wp-json\/wp\/v2\/posts"}],"about":[{"href":"https:\/\/infoecos.com.ar\/index.php\/wp-json\/wp\/v2\/types\/post"}],"author":[{"embeddable":true,"href":"https:\/\/infoecos.com.ar\/index.php\/wp-json\/wp\/v2\/users\/2"}],"replies":[{"embeddable":true,"href":"https:\/\/infoecos.com.ar\/index.php\/wp-json\/wp\/v2\/comments?post=103015"}],"version-history":[{"count":3,"href":"https:\/\/infoecos.com.ar\/index.php\/wp-json\/wp\/v2\/posts\/103015\/revisions"}],"predecessor-version":[{"id":103036,"href":"https:\/\/infoecos.com.ar\/index.php\/wp-json\/wp\/v2\/posts\/103015\/revisions\/103036"}],"wp:featuredmedia":[{"embeddable":true,"href":"https:\/\/infoecos.com.ar\/index.php\/wp-json\/wp\/v2\/media\/103016"}],"wp:attachment":[{"href":"https:\/\/infoecos.com.ar\/index.php\/wp-json\/wp\/v2\/media?parent=103015"}],"wp:term":[{"taxonomy":"category","embeddable":true,"href":"https:\/\/infoecos.com.ar\/index.php\/wp-json\/wp\/v2\/categories?post=103015"},{"taxonomy":"post_tag","embeddable":true,"href":"https:\/\/infoecos.com.ar\/index.php\/wp-json\/wp\/v2\/tags?post=103015"}],"curies":[{"name":"wp","href":"https:\/\/api.w.org\/{rel}","templated":true}]}}