{"id":103113,"date":"2023-03-23T13:31:35","date_gmt":"2023-03-23T16:31:35","guid":{"rendered":"https:\/\/infoecos.com.ar\/?p=103113"},"modified":"2023-03-23T13:31:37","modified_gmt":"2023-03-23T16:31:37","slug":"acto-del-dia-de-la-memoria-por-la-verdad-y-la-justicia-en-la-escuela-de-educacion-secundaria-9","status":"publish","type":"post","link":"https:\/\/infoecos.com.ar\/index.php\/acto-del-dia-de-la-memoria-por-la-verdad-y-la-justicia-en-la-escuela-de-educacion-secundaria-9\/","title":{"rendered":"Acto del D\u00eda de la Memoria por la Verdad y la Justicia: en la Escuela de Educaci\u00f3n Secundaria 9"},"content":{"rendered":"\n<p>La municipalidad de Trenque Lauquen y la Escuela de Educaci\u00f3n Secundaria n\u00ba 9 organizan el acto oficial en conmemoraci\u00f3n del D\u00eda de la Memoria por la Verdad y la Justicia que tendr\u00e1 lugar este viernes, 24 de marzo, a las 9, en la sede de la instituci\u00f3n educativa, ubicada en Vicente L\u00f3pez n\u00ba 1085.<\/p>\n\n\n\n<figure class=\"wp-block-image aligncenter size-full is-resized\"><img loading=\"lazy\" decoding=\"async\" src=\"https:\/\/infoecos.com.ar\/wp-content\/uploads\/descarga28.jpg\" alt=\"\" class=\"wp-image-8902\" width=\"350\" height=\"350\"\/><\/figure>\n\n\n\n<p>El acto ser\u00e1 encabezado por el intendente municipal, Miguel Fern\u00e1ndez, y contar\u00e1 con la presencia de autoridades, representantes de instituciones y agrupaciones locales, y delegaciones escolares.<\/p>\n\n\n\n<p>Esta fecha tiene como principal objetivo recordar a las v\u00edctimas de la \u00faltima dictadura c\u00edvico militar, y tambi\u00e9n propiciar una jornada de reflexi\u00f3n y an\u00e1lisis cr\u00edtico de la historia reciente, cobrando especial relevancia este a\u00f1o al cumplirse 40 a\u00f1os de la recuperaci\u00f3n de la democracia en nuestro pa\u00eds.<\/p>\n","protected":false},"excerpt":{"rendered":"<p>En la sede de la instituci\u00f3n educativa, ubicada en Vicente L\u00f3pez n\u00ba 1085<\/p>\n","protected":false},"author":2,"featured_media":8902,"comment_status":"closed","ping_status":"open","sticky":false,"template":"","format":"standard","meta":{"footnotes":""},"categories":[1613],"tags":[7562],"class_list":["post-103113","post","type-post","status-publish","format-standard","has-post-thumbnail","hentry","category-noticia-secundaria","tag-este-viernes-desde-las-9"],"yoast_head":"<!-- This site is optimized with the Yoast SEO plugin v23.4 - https:\/\/yoast.com\/wordpress\/plugins\/seo\/ -->\n<title>Acto del D\u00eda de la Memoria por la Verdad y la Justicia: en la Escuela de Educaci\u00f3n Secundaria 9 - Infoecos<\/title>\n<meta name=\"robots\" content=\"index, follow, max-snippet:-1, max-image-preview:large, max-video-preview:-1\" \/>\n<link rel=\"canonical\" href=\"https:\/\/infoecos.com.ar\/index.php\/acto-del-dia-de-la-memoria-por-la-verdad-y-la-justicia-en-la-escuela-de-educacion-secundaria-9\/\" \/>\n<meta property=\"og:locale\" content=\"es_ES\" \/>\n<meta property=\"og:type\" content=\"article\" \/>\n<meta property=\"og:title\" content=\"Acto del D\u00eda de la Memoria por la Verdad y la Justicia: en la Escuela de Educaci\u00f3n Secundaria 9 - Infoecos\" \/>\n<meta property=\"og:description\" content=\"En la sede de la instituci\u00f3n educativa, ubicada en Vicente L\u00f3pez n\u00ba 1085\" \/>\n<meta property=\"og:url\" content=\"https:\/\/infoecos.com.ar\/index.php\/acto-del-dia-de-la-memoria-por-la-verdad-y-la-justicia-en-la-escuela-de-educacion-secundaria-9\/\" \/>\n<meta property=\"og:site_name\" content=\"Infoecos\" \/>\n<meta property=\"article:publisher\" content=\"https:\/\/www.facebook.com\/profile.php?id=100063200290284\" \/>\n<meta property=\"article:published_time\" content=\"2023-03-23T16:31:35+00:00\" \/>\n<meta property=\"article:modified_time\" content=\"2023-03-23T16:31:37+00:00\" \/>\n<meta property=\"og:image\" content=\"https:\/\/infoecos.com.ar\/wp-content\/uploads\/descarga28.jpg\" \/>\n\t<meta property=\"og:image:width\" content=\"225\" \/>\n\t<meta property=\"og:image:height\" content=\"225\" \/>\n\t<meta property=\"og:image:type\" content=\"image\/jpeg\" \/>\n<meta name=\"author\" content=\"Jorge Matheus\" \/>\n<meta name=\"twitter:card\" content=\"summary_large_image\" \/>\n<meta name=\"twitter:creator\" content=\"@infoecos\" \/>\n<meta name=\"twitter:site\" content=\"@infoecos\" \/>\n<meta name=\"twitter:label1\" content=\"Escrito por\" \/>\n\t<meta name=\"twitter:data1\" content=\"Jorge Matheus\" \/>\n\t<meta name=\"twitter:label2\" content=\"Tiempo de lectura\" \/>\n\t<meta name=\"twitter:data2\" content=\"1 minuto\" \/>\n<script type=\"application\/ld+json\" class=\"yoast-schema-graph\">{\"@context\":\"https:\/\/schema.org\",\"@graph\":[{\"@type\":\"Article\",\"@id\":\"https:\/\/infoecos.com.ar\/index.php\/acto-del-dia-de-la-memoria-por-la-verdad-y-la-justicia-en-la-escuela-de-educacion-secundaria-9\/#article\",\"isPartOf\":{\"@id\":\"https:\/\/infoecos.com.ar\/index.php\/acto-del-dia-de-la-memoria-por-la-verdad-y-la-justicia-en-la-escuela-de-educacion-secundaria-9\/\"},\"author\":{\"name\":\"Jorge Matheus\",\"@id\":\"https:\/\/infoecos.com.ar\/#\/schema\/person\/8f5ace5ce73b4b4aac4b7245aee6f191\"},\"headline\":\"Acto del D\u00eda de la Memoria por la Verdad y la Justicia: en la Escuela de Educaci\u00f3n Secundaria 9\",\"datePublished\":\"2023-03-23T16:31:35+00:00\",\"dateModified\":\"2023-03-23T16:31:37+00:00\",\"mainEntityOfPage\":{\"@id\":\"https:\/\/infoecos.com.ar\/index.php\/acto-del-dia-de-la-memoria-por-la-verdad-y-la-justicia-en-la-escuela-de-educacion-secundaria-9\/\"},\"wordCount\":159,\"publisher\":{\"@id\":\"https:\/\/infoecos.com.ar\/#organization\"},\"image\":{\"@id\":\"https:\/\/infoecos.com.ar\/index.php\/acto-del-dia-de-la-memoria-por-la-verdad-y-la-justicia-en-la-escuela-de-educacion-secundaria-9\/#primaryimage\"},\"thumbnailUrl\":\"\",\"keywords\":[\"ESTE VIERNES DESDE LAS 9\"],\"articleSection\":[\"Noticia Secundaria\"],\"inLanguage\":\"es\"},{\"@type\":\"WebPage\",\"@id\":\"https:\/\/infoecos.com.ar\/index.php\/acto-del-dia-de-la-memoria-por-la-verdad-y-la-justicia-en-la-escuela-de-educacion-secundaria-9\/\",\"url\":\"https:\/\/infoecos.com.ar\/index.php\/acto-del-dia-de-la-memoria-por-la-verdad-y-la-justicia-en-la-escuela-de-educacion-secundaria-9\/\",\"name\":\"Acto del D\u00eda de la Memoria por la Verdad y la Justicia: en la Escuela de Educaci\u00f3n Secundaria 9 - Infoecos\",\"isPartOf\":{\"@id\":\"https:\/\/infoecos.com.ar\/#website\"},\"primaryImageOfPage\":{\"@id\":\"https:\/\/infoecos.com.ar\/index.php\/acto-del-dia-de-la-memoria-por-la-verdad-y-la-justicia-en-la-escuela-de-educacion-secundaria-9\/#primaryimage\"},\"image\":{\"@id\":\"https:\/\/infoecos.com.ar\/index.php\/acto-del-dia-de-la-memoria-por-la-verdad-y-la-justicia-en-la-escuela-de-educacion-secundaria-9\/#primaryimage\"},\"thumbnailUrl\":\"\",\"datePublished\":\"2023-03-23T16:31:35+00:00\",\"dateModified\":\"2023-03-23T16:31:37+00:00\",\"breadcrumb\":{\"@id\":\"https:\/\/infoecos.com.ar\/index.php\/acto-del-dia-de-la-memoria-por-la-verdad-y-la-justicia-en-la-escuela-de-educacion-secundaria-9\/#breadcrumb\"},\"inLanguage\":\"es\",\"potentialAction\":[{\"@type\":\"ReadAction\",\"target\":[\"https:\/\/infoecos.com.ar\/index.php\/acto-del-dia-de-la-memoria-por-la-verdad-y-la-justicia-en-la-escuela-de-educacion-secundaria-9\/\"]}]},{\"@type\":\"ImageObject\",\"inLanguage\":\"es\",\"@id\":\"https:\/\/infoecos.com.ar\/index.php\/acto-del-dia-de-la-memoria-por-la-verdad-y-la-justicia-en-la-escuela-de-educacion-secundaria-9\/#primaryimage\",\"url\":\"\",\"contentUrl\":\"\"},{\"@type\":\"BreadcrumbList\",\"@id\":\"https:\/\/infoecos.com.ar\/index.php\/acto-del-dia-de-la-memoria-por-la-verdad-y-la-justicia-en-la-escuela-de-educacion-secundaria-9\/#breadcrumb\",\"itemListElement\":[{\"@type\":\"ListItem\",\"position\":1,\"name\":\"Portada\",\"item\":\"https:\/\/infoecos.com.ar\/\"},{\"@type\":\"ListItem\",\"position\":2,\"name\":\"Acto del D\u00eda de la Memoria por la Verdad y la Justicia: en la Escuela de Educaci\u00f3n Secundaria 9\"}]},{\"@type\":\"WebSite\",\"@id\":\"https:\/\/infoecos.com.ar\/#website\",\"url\":\"https:\/\/infoecos.com.ar\/\",\"name\":\"Infoecos\",\"description\":\"Noticias de trenque lauquen y la zona\",\"publisher\":{\"@id\":\"https:\/\/infoecos.com.ar\/#organization\"},\"alternateName\":\"Noticias\",\"potentialAction\":[{\"@type\":\"SearchAction\",\"target\":{\"@type\":\"EntryPoint\",\"urlTemplate\":\"https:\/\/infoecos.com.ar\/?s={search_term_string}\"},\"query-input\":{\"@type\":\"PropertyValueSpecification\",\"valueRequired\":true,\"valueName\":\"search_term_string\"}}],\"inLanguage\":\"es\"},{\"@type\":\"Organization\",\"@id\":\"https:\/\/infoecos.com.ar\/#organization\",\"name\":\"Infoecos\",\"alternateName\":\"Noticias\",\"url\":\"https:\/\/infoecos.com.ar\/\",\"logo\":{\"@type\":\"ImageObject\",\"inLanguage\":\"es\",\"@id\":\"https:\/\/infoecos.com.ar\/#\/schema\/logo\/image\/\",\"url\":\"https:\/\/infoecos.com.ar\/wp-content\/uploads\/2024\/03\/cropped-logo.png\",\"contentUrl\":\"https:\/\/infoecos.com.ar\/wp-content\/uploads\/2024\/03\/cropped-logo.png\",\"width\":374,\"height\":90,\"caption\":\"Infoecos\"},\"image\":{\"@id\":\"https:\/\/infoecos.com.ar\/#\/schema\/logo\/image\/\"},\"sameAs\":[\"https:\/\/www.facebook.com\/profile.php?id=100063200290284\",\"https:\/\/x.com\/infoecos\"]},{\"@type\":\"Person\",\"@id\":\"https:\/\/infoecos.com.ar\/#\/schema\/person\/8f5ace5ce73b4b4aac4b7245aee6f191\",\"name\":\"Jorge Matheus\",\"url\":\"https:\/\/infoecos.com.ar\/index.php\/author\/jomatheus\/\"}]}<\/script>\n<!-- \/ Yoast SEO plugin. -->","yoast_head_json":{"title":"Acto del D\u00eda de la Memoria por la Verdad y la Justicia: en la Escuela de Educaci\u00f3n Secundaria 9 - Infoecos","robots":{"index":"index","follow":"follow","max-snippet":"max-snippet:-1","max-image-preview":"max-image-preview:large","max-video-preview":"max-video-preview:-1"},"canonical":"https:\/\/infoecos.com.ar\/index.php\/acto-del-dia-de-la-memoria-por-la-verdad-y-la-justicia-en-la-escuela-de-educacion-secundaria-9\/","og_locale":"es_ES","og_type":"article","og_title":"Acto del D\u00eda de la Memoria por la Verdad y la Justicia: en la Escuela de Educaci\u00f3n Secundaria 9 - Infoecos","og_description":"En la sede de la instituci\u00f3n educativa, ubicada en Vicente L\u00f3pez n\u00ba 1085","og_url":"https:\/\/infoecos.com.ar\/index.php\/acto-del-dia-de-la-memoria-por-la-verdad-y-la-justicia-en-la-escuela-de-educacion-secundaria-9\/","og_site_name":"Infoecos","article_publisher":"https:\/\/www.facebook.com\/profile.php?id=100063200290284","article_published_time":"2023-03-23T16:31:35+00:00","article_modified_time":"2023-03-23T16:31:37+00:00","og_image":[{"width":225,"height":225,"url":"https:\/\/infoecos.com.ar\/wp-content\/uploads\/descarga28.jpg","type":"image\/jpeg"}],"author":"Jorge Matheus","twitter_card":"summary_large_image","twitter_creator":"@infoecos","twitter_site":"@infoecos","twitter_misc":{"Escrito por":"Jorge Matheus","Tiempo de lectura":"1 minuto"},"schema":{"@context":"https:\/\/schema.org","@graph":[{"@type":"Article","@id":"https:\/\/infoecos.com.ar\/index.php\/acto-del-dia-de-la-memoria-por-la-verdad-y-la-justicia-en-la-escuela-de-educacion-secundaria-9\/#article","isPartOf":{"@id":"https:\/\/infoecos.com.ar\/index.php\/acto-del-dia-de-la-memoria-por-la-verdad-y-la-justicia-en-la-escuela-de-educacion-secundaria-9\/"},"author":{"name":"Jorge Matheus","@id":"https:\/\/infoecos.com.ar\/#\/schema\/person\/8f5ace5ce73b4b4aac4b7245aee6f191"},"headline":"Acto del D\u00eda de la Memoria por la Verdad y la Justicia: en la Escuela de Educaci\u00f3n Secundaria 9","datePublished":"2023-03-23T16:31:35+00:00","dateModified":"2023-03-23T16:31:37+00:00","mainEntityOfPage":{"@id":"https:\/\/infoecos.com.ar\/index.php\/acto-del-dia-de-la-memoria-por-la-verdad-y-la-justicia-en-la-escuela-de-educacion-secundaria-9\/"},"wordCount":159,"publisher":{"@id":"https:\/\/infoecos.com.ar\/#organization"},"image":{"@id":"https:\/\/infoecos.com.ar\/index.php\/acto-del-dia-de-la-memoria-por-la-verdad-y-la-justicia-en-la-escuela-de-educacion-secundaria-9\/#primaryimage"},"thumbnailUrl":"","keywords":["ESTE VIERNES DESDE LAS 9"],"articleSection":["Noticia Secundaria"],"inLanguage":"es"},{"@type":"WebPage","@id":"https:\/\/infoecos.com.ar\/index.php\/acto-del-dia-de-la-memoria-por-la-verdad-y-la-justicia-en-la-escuela-de-educacion-secundaria-9\/","url":"https:\/\/infoecos.com.ar\/index.php\/acto-del-dia-de-la-memoria-por-la-verdad-y-la-justicia-en-la-escuela-de-educacion-secundaria-9\/","name":"Acto del D\u00eda de la Memoria por la Verdad y la Justicia: en la Escuela de Educaci\u00f3n Secundaria 9 - Infoecos","isPartOf":{"@id":"https:\/\/infoecos.com.ar\/#website"},"primaryImageOfPage":{"@id":"https:\/\/infoecos.com.ar\/index.php\/acto-del-dia-de-la-memoria-por-la-verdad-y-la-justicia-en-la-escuela-de-educacion-secundaria-9\/#primaryimage"},"image":{"@id":"https:\/\/infoecos.com.ar\/index.php\/acto-del-dia-de-la-memoria-por-la-verdad-y-la-justicia-en-la-escuela-de-educacion-secundaria-9\/#primaryimage"},"thumbnailUrl":"","datePublished":"2023-03-23T16:31:35+00:00","dateModified":"2023-03-23T16:31:37+00:00","breadcrumb":{"@id":"https:\/\/infoecos.com.ar\/index.php\/acto-del-dia-de-la-memoria-por-la-verdad-y-la-justicia-en-la-escuela-de-educacion-secundaria-9\/#breadcrumb"},"inLanguage":"es","potentialAction":[{"@type":"ReadAction","target":["https:\/\/infoecos.com.ar\/index.php\/acto-del-dia-de-la-memoria-por-la-verdad-y-la-justicia-en-la-escuela-de-educacion-secundaria-9\/"]}]},{"@type":"ImageObject","inLanguage":"es","@id":"https:\/\/infoecos.com.ar\/index.php\/acto-del-dia-de-la-memoria-por-la-verdad-y-la-justicia-en-la-escuela-de-educacion-secundaria-9\/#primaryimage","url":"","contentUrl":""},{"@type":"BreadcrumbList","@id":"https:\/\/infoecos.com.ar\/index.php\/acto-del-dia-de-la-memoria-por-la-verdad-y-la-justicia-en-la-escuela-de-educacion-secundaria-9\/#breadcrumb","itemListElement":[{"@type":"ListItem","position":1,"name":"Portada","item":"https:\/\/infoecos.com.ar\/"},{"@type":"ListItem","position":2,"name":"Acto del D\u00eda de la Memoria por la Verdad y la Justicia: en la Escuela de Educaci\u00f3n Secundaria 9"}]},{"@type":"WebSite","@id":"https:\/\/infoecos.com.ar\/#website","url":"https:\/\/infoecos.com.ar\/","name":"Infoecos","description":"Noticias de trenque lauquen y la zona","publisher":{"@id":"https:\/\/infoecos.com.ar\/#organization"},"alternateName":"Noticias","potentialAction":[{"@type":"SearchAction","target":{"@type":"EntryPoint","urlTemplate":"https:\/\/infoecos.com.ar\/?s={search_term_string}"},"query-input":{"@type":"PropertyValueSpecification","valueRequired":true,"valueName":"search_term_string"}}],"inLanguage":"es"},{"@type":"Organization","@id":"https:\/\/infoecos.com.ar\/#organization","name":"Infoecos","alternateName":"Noticias","url":"https:\/\/infoecos.com.ar\/","logo":{"@type":"ImageObject","inLanguage":"es","@id":"https:\/\/infoecos.com.ar\/#\/schema\/logo\/image\/","url":"https:\/\/infoecos.com.ar\/wp-content\/uploads\/2024\/03\/cropped-logo.png","contentUrl":"https:\/\/infoecos.com.ar\/wp-content\/uploads\/2024\/03\/cropped-logo.png","width":374,"height":90,"caption":"Infoecos"},"image":{"@id":"https:\/\/infoecos.com.ar\/#\/schema\/logo\/image\/"},"sameAs":["https:\/\/www.facebook.com\/profile.php?id=100063200290284","https:\/\/x.com\/infoecos"]},{"@type":"Person","@id":"https:\/\/infoecos.com.ar\/#\/schema\/person\/8f5ace5ce73b4b4aac4b7245aee6f191","name":"Jorge Matheus","url":"https:\/\/infoecos.com.ar\/index.php\/author\/jomatheus\/"}]}},"featured_image_urls":{"full":"","thumbnail":"","medium":"","medium_large":"","large":"","1536x1536":"","2048x2048":"","covernews-slider-full":"","covernews-slider-center":"","covernews-featured":"","covernews-medium":"","covernews-medium-square":""},"author_info":{"info":["Jorge Matheus"]},"category_info":"<a href=\"https:\/\/infoecos.com.ar\/index.php\/category\/noticia-secundaria\/\" rel=\"category tag\">Noticia Secundaria<\/a>","tag_info":"Noticia Secundaria","comment_count":"0","_links":{"self":[{"href":"https:\/\/infoecos.com.ar\/index.php\/wp-json\/wp\/v2\/posts\/103113"}],"collection":[{"href":"https:\/\/infoecos.com.ar\/index.php\/wp-json\/wp\/v2\/posts"}],"about":[{"href":"https:\/\/infoecos.com.ar\/index.php\/wp-json\/wp\/v2\/types\/post"}],"author":[{"embeddable":true,"href":"https:\/\/infoecos.com.ar\/index.php\/wp-json\/wp\/v2\/users\/2"}],"replies":[{"embeddable":true,"href":"https:\/\/infoecos.com.ar\/index.php\/wp-json\/wp\/v2\/comments?post=103113"}],"version-history":[{"count":1,"href":"https:\/\/infoecos.com.ar\/index.php\/wp-json\/wp\/v2\/posts\/103113\/revisions"}],"predecessor-version":[{"id":103114,"href":"https:\/\/infoecos.com.ar\/index.php\/wp-json\/wp\/v2\/posts\/103113\/revisions\/103114"}],"wp:featuredmedia":[{"embeddable":true,"href":"https:\/\/infoecos.com.ar\/index.php\/wp-json\/"}],"wp:attachment":[{"href":"https:\/\/infoecos.com.ar\/index.php\/wp-json\/wp\/v2\/media?parent=103113"}],"wp:term":[{"taxonomy":"category","embeddable":true,"href":"https:\/\/infoecos.com.ar\/index.php\/wp-json\/wp\/v2\/categories?post=103113"},{"taxonomy":"post_tag","embeddable":true,"href":"https:\/\/infoecos.com.ar\/index.php\/wp-json\/wp\/v2\/tags?post=103113"}],"curies":[{"name":"wp","href":"https:\/\/api.w.org\/{rel}","templated":true}]}}