{"id":103118,"date":"2023-03-25T09:49:31","date_gmt":"2023-03-25T12:49:31","guid":{"rendered":"https:\/\/infoecos.com.ar\/?p=103118"},"modified":"2023-03-29T02:14:18","modified_gmt":"2023-03-29T05:14:18","slug":"dia-de-la-memoria-por-la-verdad-y-la-justicia-acto-en-la-escuela-numero-9-de-trenque-lauquen","status":"publish","type":"post","link":"https:\/\/infoecos.com.ar\/index.php\/dia-de-la-memoria-por-la-verdad-y-la-justicia-acto-en-la-escuela-numero-9-de-trenque-lauquen\/","title":{"rendered":"D\u00eda de la Memoria por la Verdad y la Justicia: acto en la Escuela n\u00famero 9 de Trenque Lauquen"},"content":{"rendered":"\n<p>Se realiz\u00f3 este viernes el acto oficial en conmemoraci\u00f3n del D\u00eda de la Memoria por la Verdad y la Justicia, que fue organizado en forma conjunta por la Escuela de Educaci\u00f3n Secundaria n\u00b0 9 y la municipalidad de Trenque Lauquen.<\/p>\n\n\n\n<figure class=\"wp-block-image alignright size-large is-resized\"><img loading=\"lazy\" decoding=\"async\" src=\"https:\/\/infoecos.com.ar\/wp-content\/uploads\/2023\/03\/Memoria-acto-8-1600x900.jpg\" alt=\"\" class=\"wp-image-103119\" width=\"436\" height=\"245\" srcset=\"https:\/\/infoecos.com.ar\/wp-content\/uploads\/2023\/03\/Memoria-acto-8-1600x900.jpg 1600w, https:\/\/infoecos.com.ar\/wp-content\/uploads\/2023\/03\/Memoria-acto-8-800x450.jpg 800w, https:\/\/infoecos.com.ar\/wp-content\/uploads\/2023\/03\/Memoria-acto-8-768x432.jpg 768w, https:\/\/infoecos.com.ar\/wp-content\/uploads\/2023\/03\/Memoria-acto-8-1536x864.jpg 1536w, https:\/\/infoecos.com.ar\/wp-content\/uploads\/2023\/03\/Memoria-acto-8-1024x576.jpg 1024w, https:\/\/infoecos.com.ar\/wp-content\/uploads\/2023\/03\/Memoria-acto-8.jpg 1920w\" sizes=\"(max-width: 436px) 100vw, 436px\" \/><figcaption class=\"wp-element-caption\">24 de marzo&#8230;D\u00eda de la Memoria por la Verdad y la Justicia<\/figcaption><\/figure>\n\n\n\n<p>Fue encabezado por el intendente Miguel Fern\u00e1ndez y cont\u00f3 con la presencia del diputado provincial Valent\u00edn Miranda; la vicepresidenta del Concejo Deliberante, Andrea Cacciabue, y concejales; el presidente del Consejo Escolar, David Siles Torrico, y consejeros escolares y el inspector distrital de Educaci\u00f3n, Hugo Paoltroni.<\/p>\n\n\n\n<p>Tambi\u00e9n participaron representantes de la Comisi\u00f3n por los Derechos Humanos de Trenque Lauquen; directivos, docentes, auxiliares, y alumnos \u2013junto sus familias- de la Escuela Secundaria n\u00b0 9; autoridades del \u00e1mbito educativo; funcionarios del equipo de gobierno de la municipalidad de Trenque Lauquen; representantes de instituciones de la comunidad, de partidos pol\u00edticos, agrupaciones locales, asociaciones gremiales, delegaciones escolares, y vecinos\/as.<\/p>\n\n\n\n<p>\u201cHoy es un d\u00eda de reflexi\u00f3n, donde nos tenemos que tomar un minuto de lo cotidiano para pensar y volver a sentir lo que algunos hoy ya no sienten; es inevitable que un d\u00eda como hoy muchos, con matices, nos terminemos emocionando por nuestra historia, esta historia que tiene mucho de tragedia, de dolor, y de la que es necesario un 24 de marzo reflexionar y volver a sentir eso para que no vuelva a pasar nunca m\u00e1s\u201d, se\u00f1al\u00f3 el Intendente Miguel Fern\u00e1ndez, en el comienzo de su mensaje.<\/p>\n\n\n\n<figure class=\"wp-block-image alignright size-full is-resized\"><img loading=\"lazy\" decoding=\"async\" src=\"https:\/\/infoecos.com.ar\/wp-content\/uploads\/2023\/03\/Memoria-acto-5.jpg\" alt=\"\" class=\"wp-image-103120\" width=\"435\" height=\"244\" srcset=\"https:\/\/infoecos.com.ar\/wp-content\/uploads\/2023\/03\/Memoria-acto-5.jpg 1600w, https:\/\/infoecos.com.ar\/wp-content\/uploads\/2023\/03\/Memoria-acto-5-800x450.jpg 800w, https:\/\/infoecos.com.ar\/wp-content\/uploads\/2023\/03\/Memoria-acto-5-768x432.jpg 768w, https:\/\/infoecos.com.ar\/wp-content\/uploads\/2023\/03\/Memoria-acto-5-1536x864.jpg 1536w, https:\/\/infoecos.com.ar\/wp-content\/uploads\/2023\/03\/Memoria-acto-5-1024x576.jpg 1024w\" sizes=\"(max-width: 435px) 100vw, 435px\" \/><figcaption class=\"wp-element-caption\">24 de marzo&#8230;D\u00eda de la Memoria por la Verdad y la Justicia<\/figcaption><\/figure>\n\n\n\n<p>La directora de la Escuela Secundaria n\u00b0 9, Valeria Pagella hab\u00eda dicho previamente que el de hoy era \u201cun acto que nos atraviesa a todos los argentinos, que nos moviliza y nos conmociona\u201d.<\/p>\n\n\n\n<p>\u201cNo es un d\u00eda m\u00e1s, es un d\u00eda de reflexi\u00f3n, es un d\u00eda para recordar y para aprender, y tenemos que aprender de ese pasado nefasto para defender la democracia, para que nunca m\u00e1s vuelva a suceder\u201d, se\u00f1al\u00f3 Pagella, quien destac\u00f3 el compromiso de los docentes y de toda la comunidad educativa que, sin dudar, decidi\u00f3 organizar este acto tan importante.<\/p>\n\n\n\n<p>Tambi\u00e9n se escucharon palabras alusivas a la fecha a cargo de la docente Alejandra Roburu y una reflexi\u00f3n de la estudiante de 5to B, Rosario Rivarola. <\/p>\n\n\n\n<p>\u201cRecordamos hoy que un 24 de marzo de 1976 se instal\u00f3 en el pa\u00eds una dictadura c\u00edvico militar que hiri\u00f3 de muerte a las instituciones republicanas y sesg\u00f3 la vida de decenas de miles de argentinos pero que fue echada para nunca m\u00e1s volver\u201d, sostuvo Roburu. Y a su momento, Roc\u00edo remarc\u00f3 que \u201ctodos los ni\u00f1os\/as y j\u00f3venes tenemos el derecho y el deber de saber lo que ocurri\u00f3 en nuestra Patria\u201d.<\/p>\n\n\n\n<figure class=\"wp-block-image alignright size-large is-resized\"><img loading=\"lazy\" decoding=\"async\" src=\"https:\/\/infoecos.com.ar\/wp-content\/uploads\/2023\/03\/Memoria-acto-10-1600x900.jpg\" alt=\"\" class=\"wp-image-103121\" width=\"411\" height=\"231\" srcset=\"https:\/\/infoecos.com.ar\/wp-content\/uploads\/2023\/03\/Memoria-acto-10-1600x900.jpg 1600w, https:\/\/infoecos.com.ar\/wp-content\/uploads\/2023\/03\/Memoria-acto-10-800x450.jpg 800w, https:\/\/infoecos.com.ar\/wp-content\/uploads\/2023\/03\/Memoria-acto-10-768x432.jpg 768w, https:\/\/infoecos.com.ar\/wp-content\/uploads\/2023\/03\/Memoria-acto-10-1536x864.jpg 1536w, https:\/\/infoecos.com.ar\/wp-content\/uploads\/2023\/03\/Memoria-acto-10-1024x576.jpg 1024w, https:\/\/infoecos.com.ar\/wp-content\/uploads\/2023\/03\/Memoria-acto-10.jpg 1920w\" sizes=\"(max-width: 411px) 100vw, 411px\" \/><figcaption class=\"wp-element-caption\">24 de marzo&#8230;D\u00eda de la Memoria por la Verdad y la Justicia<\/figcaption><\/figure>\n\n\n\n<p>\u201cSi nos pidieran a los\/as integrantes de la Comisi\u00f3n (por los Derechos Humanos) que reflej\u00e1ramos en una imagen lo que para nosotros significa a\u00fan hoy esta siniestra dictadura c\u00edvico militar, lo har\u00edamos con esta foto que el gran reportero gr\u00e1fico que tenemos en Trenque Lauquen, Hugo Tiseira, tom\u00f3 all\u00e1 por el a\u00f1o 2006; su protagonista es el gran actor local Mart\u00edn Urbaneja pero pensamos que representa a esa juventud vendada, a esa Patria tabicada, como estuvieron tabicados los miles y miles de detenidos desaparecidos hasta que los asesinaron sin poder ver\u201d, manifest\u00f3 en el inicio de su mensaje durante el acto oficial por el D\u00eda de la Memoria, el presidente de la Comisi\u00f3n por los Derechos Humanos, Pablo Carabelli quien agradeci\u00f3 a la Secundaria n\u00b0 9 \u201cpor tanto compromiso y por tanto amor\u201d.<\/p>\n\n\n\n<p>Tambi\u00e9n pidi\u00f3 seguir luchando por la verdad y la justicia, convocando a todos\/as a oponerse al \u201cnegacionismo, que hoy todav\u00eda est\u00e1 presente en nuestro pa\u00eds\u201d.<\/p>\n\n\n\n<p>Luego de los mensajes y reflexiones, los y las estudiantes del establecimiento realizaron una representaci\u00f3n corporal en alusi\u00f3n a la fecha, y se escuch\u00f3 la canci\u00f3n \u201cLa Memoria\u201d, de Le\u00f3n Gieco, interpretada por Anah\u00ed Mansilla y el profesor I\u00f1aki Aspiroz.<\/p>\n\n\n\n<p>En otro momento importante del acto fue descubierto un mural realizado por estudiantes de 4\u00b0 y 5\u00b0 A del establecimiento educativo, siendo invitados a descubrirlo el Intendente Fern\u00e1ndez; el diputado Valent\u00edn Miranda;&nbsp;el inspector distrital de Educaci\u00f3n Hugo Paoltroni;&nbsp;representantes de la Comisi\u00f3n por los Derechos Humanos de Trenque Lauquen, consejeros escolares y miembros de la escuela.<\/p>\n\n\n\n<p>Sobre el final del acto, la referente de la Asociaci\u00f3n ex Detenidos y Desaparecidos, Lidia Frank, reivindic\u00f3 la actitud de los sobrevivientes de ese tr\u00e1gico per\u00edodo por el que atraves\u00f3 el pa\u00eds, al manifestar que todo lo que supo, desde aquel entonces hasta ahora, es gracias a lo que ellos pudieron contar.<\/p>\n\n\n\n<p>En este marco, la Comisi\u00f3n por los Derechos Humanos de Trenque Lauquen entreg\u00f3 a la Directora de la Escuela n\u00ba9 \u201chilos de memoria\u201d, recortes de la bandera original con la que se iniciaron las marchas en nuestra ciudad y que se fue deteriorando con el paso del tiempo.<\/p>\n\n\n\n<p>La conductora finalmente se\u00f1al\u00f3 que \u201ca poco de cumplir 40 a\u00f1os de democracia estamos ante una nueva oportunidad para reflexionar sobre nuestro pasado y construir un futuro mejor como pueblo\u201d.<\/p>\n\n\n\n<p>Tambi\u00e9n se hizo eco y comparti\u00f3 unas palabras del historiador Luis Alberto Romero: \u201cEmpec\u00e9 a escribir este texto pensando en mis colegas, pero progresivamente me di cuenta que el lector impl\u00edcito eran mis hijos, y los de su edad, adolescentes y ni\u00f1os: los que casi no tienen noticias de nuestro pasado reciente, ni siquiera de los horrores m\u00e1s cercanos, pues nuestra sociedad cada vez cuida menos su memoria, quiz\u00e1s porque hoy padece una gran dificultad para proyectarse hacia el futuro. Sigo convencido de que s\u00f3lo la conciencia del pasado permite construir el futuro. En tiempos en que el pesimismo de la raz\u00f3n se suma tambi\u00e9n al del coraz\u00f3n, quiero seguir creyendo en la capacidad de los hombres para realizar su historia, hacerse cargo de sus circunstancias y construir una sociedad mejor\u201d.<\/p>\n\n\n\n<p>Al t\u00e9rmino del acto formal, los presentes fueron invitados a colaborar con la Feria del Plato organizada por la cooperadora, docentes y familias para proyectos y mejoras de la instituci\u00f3n.<\/p>\n","protected":false},"excerpt":{"rendered":"<p>Fue organizado en forma conjunta por la Escuela de Educaci\u00f3n Secundaria n\u00b0 9 y la municipalidad de Trenque Lauquen<\/p>\n","protected":false},"author":2,"featured_media":103122,"comment_status":"closed","ping_status":"open","sticky":false,"template":"","format":"standard","meta":{"footnotes":""},"categories":[50],"tags":[2074],"class_list":["post-103118","post","type-post","status-publish","format-standard","has-post-thumbnail","hentry","category-c1nota4","tag-conmemoracion"],"yoast_head":"<!-- This site is optimized with the Yoast SEO plugin v23.4 - https:\/\/yoast.com\/wordpress\/plugins\/seo\/ -->\n<title>D\u00eda de la Memoria por la Verdad y la Justicia: acto en la Escuela n\u00famero 9 de Trenque Lauquen - Infoecos<\/title>\n<meta name=\"robots\" content=\"index, follow, max-snippet:-1, max-image-preview:large, max-video-preview:-1\" \/>\n<link rel=\"canonical\" href=\"https:\/\/infoecos.com.ar\/index.php\/dia-de-la-memoria-por-la-verdad-y-la-justicia-acto-en-la-escuela-numero-9-de-trenque-lauquen\/\" \/>\n<meta property=\"og:locale\" content=\"es_ES\" \/>\n<meta property=\"og:type\" content=\"article\" \/>\n<meta property=\"og:title\" content=\"D\u00eda de la Memoria por la Verdad y la Justicia: acto en la Escuela n\u00famero 9 de Trenque Lauquen - Infoecos\" \/>\n<meta property=\"og:description\" content=\"Fue organizado en forma conjunta por la Escuela de Educaci\u00f3n Secundaria n\u00b0 9 y la municipalidad de Trenque Lauquen\" \/>\n<meta property=\"og:url\" content=\"https:\/\/infoecos.com.ar\/index.php\/dia-de-la-memoria-por-la-verdad-y-la-justicia-acto-en-la-escuela-numero-9-de-trenque-lauquen\/\" \/>\n<meta property=\"og:site_name\" content=\"Infoecos\" \/>\n<meta property=\"article:publisher\" content=\"https:\/\/www.facebook.com\/profile.php?id=100063200290284\" \/>\n<meta property=\"article:published_time\" content=\"2023-03-25T12:49:31+00:00\" \/>\n<meta property=\"article:modified_time\" content=\"2023-03-29T05:14:18+00:00\" \/>\n<meta property=\"og:image\" content=\"https:\/\/infoecos.com.ar\/wp-content\/uploads\/2023\/03\/Memoria-acto-2.jpg\" \/>\n\t<meta property=\"og:image:width\" content=\"1600\" \/>\n\t<meta property=\"og:image:height\" content=\"900\" \/>\n\t<meta property=\"og:image:type\" content=\"image\/jpeg\" \/>\n<meta name=\"author\" content=\"Jorge Matheus\" \/>\n<meta name=\"twitter:card\" content=\"summary_large_image\" \/>\n<meta name=\"twitter:creator\" content=\"@infoecos\" \/>\n<meta name=\"twitter:site\" content=\"@infoecos\" \/>\n<meta name=\"twitter:label1\" content=\"Escrito por\" \/>\n\t<meta name=\"twitter:data1\" content=\"Jorge Matheus\" \/>\n\t<meta name=\"twitter:label2\" content=\"Tiempo de lectura\" \/>\n\t<meta name=\"twitter:data2\" content=\"6 minutos\" \/>\n<script type=\"application\/ld+json\" class=\"yoast-schema-graph\">{\"@context\":\"https:\/\/schema.org\",\"@graph\":[{\"@type\":\"Article\",\"@id\":\"https:\/\/infoecos.com.ar\/index.php\/dia-de-la-memoria-por-la-verdad-y-la-justicia-acto-en-la-escuela-numero-9-de-trenque-lauquen\/#article\",\"isPartOf\":{\"@id\":\"https:\/\/infoecos.com.ar\/index.php\/dia-de-la-memoria-por-la-verdad-y-la-justicia-acto-en-la-escuela-numero-9-de-trenque-lauquen\/\"},\"author\":{\"name\":\"Jorge Matheus\",\"@id\":\"https:\/\/infoecos.com.ar\/#\/schema\/person\/8f5ace5ce73b4b4aac4b7245aee6f191\"},\"headline\":\"D\u00eda de la Memoria por la Verdad y la Justicia: acto en la Escuela n\u00famero 9 de Trenque Lauquen\",\"datePublished\":\"2023-03-25T12:49:31+00:00\",\"dateModified\":\"2023-03-29T05:14:18+00:00\",\"mainEntityOfPage\":{\"@id\":\"https:\/\/infoecos.com.ar\/index.php\/dia-de-la-memoria-por-la-verdad-y-la-justicia-acto-en-la-escuela-numero-9-de-trenque-lauquen\/\"},\"wordCount\":1096,\"publisher\":{\"@id\":\"https:\/\/infoecos.com.ar\/#organization\"},\"image\":{\"@id\":\"https:\/\/infoecos.com.ar\/index.php\/dia-de-la-memoria-por-la-verdad-y-la-justicia-acto-en-la-escuela-numero-9-de-trenque-lauquen\/#primaryimage\"},\"thumbnailUrl\":\"https:\/\/infoecos.com.ar\/wp-content\/uploads\/2023\/03\/Memoria-acto-2.jpg\",\"keywords\":[\"conmemoraci\u00f3n\"],\"articleSection\":[\"C1 N4\"],\"inLanguage\":\"es\"},{\"@type\":\"WebPage\",\"@id\":\"https:\/\/infoecos.com.ar\/index.php\/dia-de-la-memoria-por-la-verdad-y-la-justicia-acto-en-la-escuela-numero-9-de-trenque-lauquen\/\",\"url\":\"https:\/\/infoecos.com.ar\/index.php\/dia-de-la-memoria-por-la-verdad-y-la-justicia-acto-en-la-escuela-numero-9-de-trenque-lauquen\/\",\"name\":\"D\u00eda de la Memoria por la Verdad y la Justicia: acto en la Escuela n\u00famero 9 de Trenque Lauquen - Infoecos\",\"isPartOf\":{\"@id\":\"https:\/\/infoecos.com.ar\/#website\"},\"primaryImageOfPage\":{\"@id\":\"https:\/\/infoecos.com.ar\/index.php\/dia-de-la-memoria-por-la-verdad-y-la-justicia-acto-en-la-escuela-numero-9-de-trenque-lauquen\/#primaryimage\"},\"image\":{\"@id\":\"https:\/\/infoecos.com.ar\/index.php\/dia-de-la-memoria-por-la-verdad-y-la-justicia-acto-en-la-escuela-numero-9-de-trenque-lauquen\/#primaryimage\"},\"thumbnailUrl\":\"https:\/\/infoecos.com.ar\/wp-content\/uploads\/2023\/03\/Memoria-acto-2.jpg\",\"datePublished\":\"2023-03-25T12:49:31+00:00\",\"dateModified\":\"2023-03-29T05:14:18+00:00\",\"breadcrumb\":{\"@id\":\"https:\/\/infoecos.com.ar\/index.php\/dia-de-la-memoria-por-la-verdad-y-la-justicia-acto-en-la-escuela-numero-9-de-trenque-lauquen\/#breadcrumb\"},\"inLanguage\":\"es\",\"potentialAction\":[{\"@type\":\"ReadAction\",\"target\":[\"https:\/\/infoecos.com.ar\/index.php\/dia-de-la-memoria-por-la-verdad-y-la-justicia-acto-en-la-escuela-numero-9-de-trenque-lauquen\/\"]}]},{\"@type\":\"ImageObject\",\"inLanguage\":\"es\",\"@id\":\"https:\/\/infoecos.com.ar\/index.php\/dia-de-la-memoria-por-la-verdad-y-la-justicia-acto-en-la-escuela-numero-9-de-trenque-lauquen\/#primaryimage\",\"url\":\"https:\/\/infoecos.com.ar\/wp-content\/uploads\/2023\/03\/Memoria-acto-2.jpg\",\"contentUrl\":\"https:\/\/infoecos.com.ar\/wp-content\/uploads\/2023\/03\/Memoria-acto-2.jpg\",\"width\":1600,\"height\":900},{\"@type\":\"BreadcrumbList\",\"@id\":\"https:\/\/infoecos.com.ar\/index.php\/dia-de-la-memoria-por-la-verdad-y-la-justicia-acto-en-la-escuela-numero-9-de-trenque-lauquen\/#breadcrumb\",\"itemListElement\":[{\"@type\":\"ListItem\",\"position\":1,\"name\":\"Portada\",\"item\":\"https:\/\/infoecos.com.ar\/\"},{\"@type\":\"ListItem\",\"position\":2,\"name\":\"D\u00eda de la Memoria por la Verdad y la Justicia: acto en la Escuela n\u00famero 9 de Trenque Lauquen\"}]},{\"@type\":\"WebSite\",\"@id\":\"https:\/\/infoecos.com.ar\/#website\",\"url\":\"https:\/\/infoecos.com.ar\/\",\"name\":\"Infoecos\",\"description\":\"Noticias de trenque lauquen y la zona\",\"publisher\":{\"@id\":\"https:\/\/infoecos.com.ar\/#organization\"},\"alternateName\":\"Noticias\",\"potentialAction\":[{\"@type\":\"SearchAction\",\"target\":{\"@type\":\"EntryPoint\",\"urlTemplate\":\"https:\/\/infoecos.com.ar\/?s={search_term_string}\"},\"query-input\":{\"@type\":\"PropertyValueSpecification\",\"valueRequired\":true,\"valueName\":\"search_term_string\"}}],\"inLanguage\":\"es\"},{\"@type\":\"Organization\",\"@id\":\"https:\/\/infoecos.com.ar\/#organization\",\"name\":\"Infoecos\",\"alternateName\":\"Noticias\",\"url\":\"https:\/\/infoecos.com.ar\/\",\"logo\":{\"@type\":\"ImageObject\",\"inLanguage\":\"es\",\"@id\":\"https:\/\/infoecos.com.ar\/#\/schema\/logo\/image\/\",\"url\":\"https:\/\/infoecos.com.ar\/wp-content\/uploads\/2024\/03\/cropped-logo.png\",\"contentUrl\":\"https:\/\/infoecos.com.ar\/wp-content\/uploads\/2024\/03\/cropped-logo.png\",\"width\":374,\"height\":90,\"caption\":\"Infoecos\"},\"image\":{\"@id\":\"https:\/\/infoecos.com.ar\/#\/schema\/logo\/image\/\"},\"sameAs\":[\"https:\/\/www.facebook.com\/profile.php?id=100063200290284\",\"https:\/\/x.com\/infoecos\"]},{\"@type\":\"Person\",\"@id\":\"https:\/\/infoecos.com.ar\/#\/schema\/person\/8f5ace5ce73b4b4aac4b7245aee6f191\",\"name\":\"Jorge Matheus\",\"url\":\"https:\/\/infoecos.com.ar\/index.php\/author\/jomatheus\/\"}]}<\/script>\n<!-- \/ Yoast SEO plugin. -->","yoast_head_json":{"title":"D\u00eda de la Memoria por la Verdad y la Justicia: acto en la Escuela n\u00famero 9 de Trenque Lauquen - Infoecos","robots":{"index":"index","follow":"follow","max-snippet":"max-snippet:-1","max-image-preview":"max-image-preview:large","max-video-preview":"max-video-preview:-1"},"canonical":"https:\/\/infoecos.com.ar\/index.php\/dia-de-la-memoria-por-la-verdad-y-la-justicia-acto-en-la-escuela-numero-9-de-trenque-lauquen\/","og_locale":"es_ES","og_type":"article","og_title":"D\u00eda de la Memoria por la Verdad y la Justicia: acto en la Escuela n\u00famero 9 de Trenque Lauquen - Infoecos","og_description":"Fue organizado en forma conjunta por la Escuela de Educaci\u00f3n Secundaria n\u00b0 9 y la municipalidad de Trenque Lauquen","og_url":"https:\/\/infoecos.com.ar\/index.php\/dia-de-la-memoria-por-la-verdad-y-la-justicia-acto-en-la-escuela-numero-9-de-trenque-lauquen\/","og_site_name":"Infoecos","article_publisher":"https:\/\/www.facebook.com\/profile.php?id=100063200290284","article_published_time":"2023-03-25T12:49:31+00:00","article_modified_time":"2023-03-29T05:14:18+00:00","og_image":[{"width":1600,"height":900,"url":"https:\/\/infoecos.com.ar\/wp-content\/uploads\/2023\/03\/Memoria-acto-2.jpg","type":"image\/jpeg"}],"author":"Jorge Matheus","twitter_card":"summary_large_image","twitter_creator":"@infoecos","twitter_site":"@infoecos","twitter_misc":{"Escrito por":"Jorge Matheus","Tiempo de lectura":"6 minutos"},"schema":{"@context":"https:\/\/schema.org","@graph":[{"@type":"Article","@id":"https:\/\/infoecos.com.ar\/index.php\/dia-de-la-memoria-por-la-verdad-y-la-justicia-acto-en-la-escuela-numero-9-de-trenque-lauquen\/#article","isPartOf":{"@id":"https:\/\/infoecos.com.ar\/index.php\/dia-de-la-memoria-por-la-verdad-y-la-justicia-acto-en-la-escuela-numero-9-de-trenque-lauquen\/"},"author":{"name":"Jorge Matheus","@id":"https:\/\/infoecos.com.ar\/#\/schema\/person\/8f5ace5ce73b4b4aac4b7245aee6f191"},"headline":"D\u00eda de la Memoria por la Verdad y la Justicia: acto en la Escuela n\u00famero 9 de Trenque Lauquen","datePublished":"2023-03-25T12:49:31+00:00","dateModified":"2023-03-29T05:14:18+00:00","mainEntityOfPage":{"@id":"https:\/\/infoecos.com.ar\/index.php\/dia-de-la-memoria-por-la-verdad-y-la-justicia-acto-en-la-escuela-numero-9-de-trenque-lauquen\/"},"wordCount":1096,"publisher":{"@id":"https:\/\/infoecos.com.ar\/#organization"},"image":{"@id":"https:\/\/infoecos.com.ar\/index.php\/dia-de-la-memoria-por-la-verdad-y-la-justicia-acto-en-la-escuela-numero-9-de-trenque-lauquen\/#primaryimage"},"thumbnailUrl":"https:\/\/infoecos.com.ar\/wp-content\/uploads\/2023\/03\/Memoria-acto-2.jpg","keywords":["conmemoraci\u00f3n"],"articleSection":["C1 N4"],"inLanguage":"es"},{"@type":"WebPage","@id":"https:\/\/infoecos.com.ar\/index.php\/dia-de-la-memoria-por-la-verdad-y-la-justicia-acto-en-la-escuela-numero-9-de-trenque-lauquen\/","url":"https:\/\/infoecos.com.ar\/index.php\/dia-de-la-memoria-por-la-verdad-y-la-justicia-acto-en-la-escuela-numero-9-de-trenque-lauquen\/","name":"D\u00eda de la Memoria por la Verdad y la Justicia: acto en la Escuela n\u00famero 9 de Trenque Lauquen - Infoecos","isPartOf":{"@id":"https:\/\/infoecos.com.ar\/#website"},"primaryImageOfPage":{"@id":"https:\/\/infoecos.com.ar\/index.php\/dia-de-la-memoria-por-la-verdad-y-la-justicia-acto-en-la-escuela-numero-9-de-trenque-lauquen\/#primaryimage"},"image":{"@id":"https:\/\/infoecos.com.ar\/index.php\/dia-de-la-memoria-por-la-verdad-y-la-justicia-acto-en-la-escuela-numero-9-de-trenque-lauquen\/#primaryimage"},"thumbnailUrl":"https:\/\/infoecos.com.ar\/wp-content\/uploads\/2023\/03\/Memoria-acto-2.jpg","datePublished":"2023-03-25T12:49:31+00:00","dateModified":"2023-03-29T05:14:18+00:00","breadcrumb":{"@id":"https:\/\/infoecos.com.ar\/index.php\/dia-de-la-memoria-por-la-verdad-y-la-justicia-acto-en-la-escuela-numero-9-de-trenque-lauquen\/#breadcrumb"},"inLanguage":"es","potentialAction":[{"@type":"ReadAction","target":["https:\/\/infoecos.com.ar\/index.php\/dia-de-la-memoria-por-la-verdad-y-la-justicia-acto-en-la-escuela-numero-9-de-trenque-lauquen\/"]}]},{"@type":"ImageObject","inLanguage":"es","@id":"https:\/\/infoecos.com.ar\/index.php\/dia-de-la-memoria-por-la-verdad-y-la-justicia-acto-en-la-escuela-numero-9-de-trenque-lauquen\/#primaryimage","url":"https:\/\/infoecos.com.ar\/wp-content\/uploads\/2023\/03\/Memoria-acto-2.jpg","contentUrl":"https:\/\/infoecos.com.ar\/wp-content\/uploads\/2023\/03\/Memoria-acto-2.jpg","width":1600,"height":900},{"@type":"BreadcrumbList","@id":"https:\/\/infoecos.com.ar\/index.php\/dia-de-la-memoria-por-la-verdad-y-la-justicia-acto-en-la-escuela-numero-9-de-trenque-lauquen\/#breadcrumb","itemListElement":[{"@type":"ListItem","position":1,"name":"Portada","item":"https:\/\/infoecos.com.ar\/"},{"@type":"ListItem","position":2,"name":"D\u00eda de la Memoria por la Verdad y la Justicia: acto en la Escuela n\u00famero 9 de Trenque Lauquen"}]},{"@type":"WebSite","@id":"https:\/\/infoecos.com.ar\/#website","url":"https:\/\/infoecos.com.ar\/","name":"Infoecos","description":"Noticias de trenque lauquen y la zona","publisher":{"@id":"https:\/\/infoecos.com.ar\/#organization"},"alternateName":"Noticias","potentialAction":[{"@type":"SearchAction","target":{"@type":"EntryPoint","urlTemplate":"https:\/\/infoecos.com.ar\/?s={search_term_string}"},"query-input":{"@type":"PropertyValueSpecification","valueRequired":true,"valueName":"search_term_string"}}],"inLanguage":"es"},{"@type":"Organization","@id":"https:\/\/infoecos.com.ar\/#organization","name":"Infoecos","alternateName":"Noticias","url":"https:\/\/infoecos.com.ar\/","logo":{"@type":"ImageObject","inLanguage":"es","@id":"https:\/\/infoecos.com.ar\/#\/schema\/logo\/image\/","url":"https:\/\/infoecos.com.ar\/wp-content\/uploads\/2024\/03\/cropped-logo.png","contentUrl":"https:\/\/infoecos.com.ar\/wp-content\/uploads\/2024\/03\/cropped-logo.png","width":374,"height":90,"caption":"Infoecos"},"image":{"@id":"https:\/\/infoecos.com.ar\/#\/schema\/logo\/image\/"},"sameAs":["https:\/\/www.facebook.com\/profile.php?id=100063200290284","https:\/\/x.com\/infoecos"]},{"@type":"Person","@id":"https:\/\/infoecos.com.ar\/#\/schema\/person\/8f5ace5ce73b4b4aac4b7245aee6f191","name":"Jorge Matheus","url":"https:\/\/infoecos.com.ar\/index.php\/author\/jomatheus\/"}]}},"featured_image_urls":{"full":["https:\/\/infoecos.com.ar\/wp-content\/uploads\/2023\/03\/Memoria-acto-2.jpg",1600,900,false],"thumbnail":["https:\/\/infoecos.com.ar\/wp-content\/uploads\/2023\/03\/Memoria-acto-2-300x150.jpg",300,150,true],"medium":["https:\/\/infoecos.com.ar\/wp-content\/uploads\/2023\/03\/Memoria-acto-2-800x450.jpg",800,450,true],"medium_large":["https:\/\/infoecos.com.ar\/wp-content\/uploads\/2023\/03\/Memoria-acto-2-768x432.jpg",640,360,true],"large":["https:\/\/infoecos.com.ar\/wp-content\/uploads\/2023\/03\/Memoria-acto-2.jpg",640,360,false],"1536x1536":["https:\/\/infoecos.com.ar\/wp-content\/uploads\/2023\/03\/Memoria-acto-2-1536x864.jpg",1536,864,true],"2048x2048":["https:\/\/infoecos.com.ar\/wp-content\/uploads\/2023\/03\/Memoria-acto-2.jpg",1600,900,false],"covernews-slider-full":["https:\/\/infoecos.com.ar\/wp-content\/uploads\/2023\/03\/Memoria-acto-2-1536x900.jpg",1115,653,true],"covernews-slider-center":["https:\/\/infoecos.com.ar\/wp-content\/uploads\/2023\/03\/Memoria-acto-2-936x897.jpg",522,500,true],"covernews-featured":["https:\/\/infoecos.com.ar\/wp-content\/uploads\/2023\/03\/Memoria-acto-2-1024x576.jpg",1024,576,true],"covernews-medium":["https:\/\/infoecos.com.ar\/wp-content\/uploads\/2023\/03\/Memoria-acto-2-720x380.jpg",540,285,true],"covernews-medium-square":["https:\/\/infoecos.com.ar\/wp-content\/uploads\/2023\/03\/Memoria-acto-2-675x450.jpg",375,250,true]},"author_info":{"info":["Jorge Matheus"]},"category_info":"<a href=\"https:\/\/infoecos.com.ar\/index.php\/category\/c1nota4\/\" rel=\"category tag\">C1 N4<\/a>","tag_info":"C1 N4","comment_count":"0","_links":{"self":[{"href":"https:\/\/infoecos.com.ar\/index.php\/wp-json\/wp\/v2\/posts\/103118"}],"collection":[{"href":"https:\/\/infoecos.com.ar\/index.php\/wp-json\/wp\/v2\/posts"}],"about":[{"href":"https:\/\/infoecos.com.ar\/index.php\/wp-json\/wp\/v2\/types\/post"}],"author":[{"embeddable":true,"href":"https:\/\/infoecos.com.ar\/index.php\/wp-json\/wp\/v2\/users\/2"}],"replies":[{"embeddable":true,"href":"https:\/\/infoecos.com.ar\/index.php\/wp-json\/wp\/v2\/comments?post=103118"}],"version-history":[{"count":1,"href":"https:\/\/infoecos.com.ar\/index.php\/wp-json\/wp\/v2\/posts\/103118\/revisions"}],"predecessor-version":[{"id":103123,"href":"https:\/\/infoecos.com.ar\/index.php\/wp-json\/wp\/v2\/posts\/103118\/revisions\/103123"}],"wp:featuredmedia":[{"embeddable":true,"href":"https:\/\/infoecos.com.ar\/index.php\/wp-json\/wp\/v2\/media\/103122"}],"wp:attachment":[{"href":"https:\/\/infoecos.com.ar\/index.php\/wp-json\/wp\/v2\/media?parent=103118"}],"wp:term":[{"taxonomy":"category","embeddable":true,"href":"https:\/\/infoecos.com.ar\/index.php\/wp-json\/wp\/v2\/categories?post=103118"},{"taxonomy":"post_tag","embeddable":true,"href":"https:\/\/infoecos.com.ar\/index.php\/wp-json\/wp\/v2\/tags?post=103118"}],"curies":[{"name":"wp","href":"https:\/\/api.w.org\/{rel}","templated":true}]}}