{"id":103155,"date":"2023-03-25T11:00:57","date_gmt":"2023-03-25T14:00:57","guid":{"rendered":"https:\/\/infoecos.com.ar\/?p=103155"},"modified":"2023-03-29T02:36:45","modified_gmt":"2023-03-29T05:36:45","slug":"11-partidos-mas-declarados-en-estados-de-emergencia-y-o-desastre-agropecuario","status":"publish","type":"post","link":"https:\/\/infoecos.com.ar\/index.php\/11-partidos-mas-declarados-en-estados-de-emergencia-y-o-desastre-agropecuario\/","title":{"rendered":"11 partidos m\u00e1s declarados en Estado de Emergencia y\/o desastre Agropecuario"},"content":{"rendered":"\n<p>Estado de Emergencia y\/o Desastre Agropecuario por sequ\u00eda para 11 partidos m\u00e1s.&nbsp;<\/p>\n\n\n\n<figure class=\"wp-block-image alignright size-full is-resized\"><img loading=\"lazy\" decoding=\"async\" src=\"https:\/\/infoecos.com.ar\/wp-content\/uploads\/thumb-1.jpg\" alt=\"\" class=\"wp-image-47136\" width=\"420\" height=\"211\"\/><figcaption class=\"wp-element-caption\">Sequ\u00eda<\/figcaption><\/figure>\n\n\n\n<p>Los mismos son: Adolfo Gonz\u00e1les Chaves, Benito Ju\u00e1rez, Circunscripciones I, II, III, V y VI de Coronel Pringles, General Pueyrred\u00f3n, Saladillo, San Cayetano, Tres Arroyos, Z\u00e1rate, General Lavalle, Necochea y Azul.<\/p>\n\n\n\n<p>Dicho anuncio se desprende del&nbsp;<a href=\"https:\/\/www.boletinoficial.gba.gob.ar\/secciones\/12111\/ver\" target=\"_blank\" rel=\"noreferrer noopener\">decreto N\u00b0 393\/2023<\/a>, publicado en el Bolet\u00edn Oficial. Entre los considerandos, se hace \u00e9nfasis en el \u201cfen\u00f3meno clim\u00e1tico, por sus caracter\u00edsticas y magnitud\u201d, ya que \u201cafecta espec\u00edficamente a los\/as productores\/as que desarrollan la explotaci\u00f3n agropecuaria como actividad principal\u201d.<\/p>\n\n\n\n<p>En ese sentido, se destaca que \u201cel Poder Ejecutivo se encuentra facultado, frente a situaciones imprevistas, para declarar el Estado de Emergencia y Desastre Agropecuario en diferentes zonas del \u00e1mbito de la provincia de Buenos Aires\u201d.<\/p>\n\n\n\n<p>Cabe recordar que la declaraci\u00f3n del estado de emergencia corresponde cuando al menos el 50 por ciento de la producci\u00f3n o capacidad productiva de la explotaci\u00f3n se encuentre afectada y en ese caso el titular se beneficiar\u00e1 con la postergaci\u00f3n del pago de impuestos nacionales.<\/p>\n\n\n\n<p>En tanto, si ese perjuicio supera el 80 por ciento de la producci\u00f3n o capacidad productiva, se declara desastre agropecuario y el productor quedar\u00e1 eximido del pago de los tributos correspondientes.<\/p>\n\n\n\n<p>A su vez, se decidi\u00f3 \u201cotorgar la exenci\u00f3n del Impuesto Inmobiliario\u201d a los productores rurales afectados por sequ\u00eda en el partido de Luj\u00e1n, Trenque Lauquen y Villarino, \u201crespecto de las explotaciones alcanzadas por la declaraci\u00f3n de Desastre Agropecuario\u201d.<\/p>\n\n\n\n<h3 class=\"wp-block-heading\">Cu\u00e1les son los municipios de la Provincia en estado de emergencia agropecuaria:&nbsp;<\/h3>\n\n\n\n<ul class=\"wp-block-list\">\n<li>Florentino Ameghino, la medida tiene vigencia entre el 1\u00b0 de junio y el 31 de diciembre de 2022.<\/li>\n\n\n\n<li>Leandro N. Alem, Castelli, Marcos Paz, Saavedra y Laprida, desde el 1\u00b0 de junio de 2022 hasta el 31 de marzo de 2023.<\/li>\n\n\n\n<li>Guamin\u00ed, desde el 1\u00b0 de agosto de 2022 hasta el 31 de marzo de 2023 .<\/li>\n\n\n\n<li>Balcarce y General Belgrano, desde el 1\u00b0 de septiembre de 2022 hasta el 31 de marzo de 2023.<\/li>\n\n\n\n<li>General Madariaga, La Plata, Pila, General Las Heras, San Antonio de Areco y Lezama, desde el 1\u00b0 de octubre de 2022 hasta el 31 de marzo de 2023.<\/li>\n\n\n\n<li>General Lamadrid, Carlos Tejedor y Pergamino, desde el 1\u00b0 de noviembre de 2022 hasta el 31 de marzo de 2023.<\/li>\n\n\n\n<li>Ca\u00f1uelas, Campana, Las Flores y General Rodr\u00edguez, desde el 1\u00b0 de diciembre de 2022 y hasta el 31 de marzo de 2023.<\/li>\n<\/ul>\n\n\n\n<p>A estos 22 distritos se le suma la pr\u00f3rroga del estado de emergencia que ya hab\u00eda sido declarada anteriormente.<\/p>\n\n\n\n<p>Se trata de explotaciones agropecuarias afectadas por la sequ\u00eda desde el 1\u00b0 de enero de 2023 hasta el 31 de marzo de 2023 en San Pedro, Rojas, Salto, Ramallo, Jun\u00edn, Arrecifes, Alberti, Chascom\u00fas, Suipacha, Dolores, Lobos, San Vicente, Magdalena, Luj\u00e1n, General Paz, Ayacucho, Bragado, Monte, Maip\u00fa, Lincoln, Baradero, Punta Indio, Chivilcoy, General Arenales, Roque P\u00e9rez, San Nicol\u00e1s, San Andr\u00e9s de Giles, Mercedes, Brandsen, Rauch, Exaltaci\u00f3n de la Cruz, Carmen de Areco, General Viamonte, Capit\u00e1n Sarmiento, General Guido, Chacabuco, Navarro, Col\u00f3n, Tordillo y Tandil.<\/p>\n\n\n\n<p>Sumados los partidos ya mencionados, Adolfo Gonz\u00e1les Chaves, Benito Ju\u00e1rez, Coronel Pringles, General Pueyrred\u00f3n, Saladillo, San Cayetano, Tres Arroyos, Z\u00e1rate, General Lavalle, Necochea y Azul.<\/p>\n","protected":false},"excerpt":{"rendered":"<p>Se decidi\u00f3 \u201cotorgar la exenci\u00f3n del Impuesto Inmobiliario\u201d a los productores rurales afectados por sequ\u00eda en el partido de Luj\u00e1n, Trenque Lauquen y Villarino, \u201crespecto de las explotaciones alcanzadas por la declaraci\u00f3n de Desastre Agropecuario\u201d<\/p>\n","protected":false},"author":2,"featured_media":47136,"comment_status":"closed","ping_status":"open","sticky":false,"template":"","format":"standard","meta":{"footnotes":""},"categories":[41],"tags":[7430],"class_list":["post-103155","post","type-post","status-publish","format-standard","has-post-thumbnail","hentry","category-inferior2","tag-por-la-sequia"],"yoast_head":"<!-- This site is optimized with the Yoast SEO plugin v23.4 - https:\/\/yoast.com\/wordpress\/plugins\/seo\/ -->\n<title>11 partidos m\u00e1s declarados en Estado de Emergencia y\/o desastre Agropecuario - Infoecos<\/title>\n<meta name=\"robots\" content=\"index, follow, max-snippet:-1, max-image-preview:large, max-video-preview:-1\" \/>\n<link rel=\"canonical\" href=\"https:\/\/infoecos.com.ar\/index.php\/11-partidos-mas-declarados-en-estados-de-emergencia-y-o-desastre-agropecuario\/\" \/>\n<meta property=\"og:locale\" content=\"es_ES\" \/>\n<meta property=\"og:type\" content=\"article\" \/>\n<meta property=\"og:title\" content=\"11 partidos m\u00e1s declarados en Estado de Emergencia y\/o desastre Agropecuario - Infoecos\" \/>\n<meta property=\"og:description\" content=\"Se decidi\u00f3 \u201cotorgar la exenci\u00f3n del Impuesto Inmobiliario\u201d a los productores rurales afectados por sequ\u00eda en el partido de Luj\u00e1n, Trenque Lauquen y Villarino, \u201crespecto de las explotaciones alcanzadas por la declaraci\u00f3n de Desastre Agropecuario\u201d\" \/>\n<meta property=\"og:url\" content=\"https:\/\/infoecos.com.ar\/index.php\/11-partidos-mas-declarados-en-estados-de-emergencia-y-o-desastre-agropecuario\/\" \/>\n<meta property=\"og:site_name\" content=\"Infoecos\" \/>\n<meta property=\"article:publisher\" content=\"https:\/\/www.facebook.com\/profile.php?id=100063200290284\" \/>\n<meta property=\"article:published_time\" content=\"2023-03-25T14:00:57+00:00\" \/>\n<meta property=\"article:modified_time\" content=\"2023-03-29T05:36:45+00:00\" \/>\n<meta property=\"og:image\" content=\"https:\/\/infoecos.com.ar\/wp-content\/uploads\/thumb-1.jpg\" \/>\n\t<meta property=\"og:image:width\" content=\"598\" \/>\n\t<meta property=\"og:image:height\" content=\"300\" \/>\n\t<meta property=\"og:image:type\" content=\"image\/jpeg\" \/>\n<meta name=\"author\" content=\"Jorge Matheus\" \/>\n<meta name=\"twitter:card\" content=\"summary_large_image\" \/>\n<meta name=\"twitter:creator\" content=\"@infoecos\" \/>\n<meta name=\"twitter:site\" content=\"@infoecos\" \/>\n<meta name=\"twitter:label1\" content=\"Escrito por\" \/>\n\t<meta name=\"twitter:data1\" content=\"Jorge Matheus\" \/>\n\t<meta name=\"twitter:label2\" content=\"Tiempo de lectura\" \/>\n\t<meta name=\"twitter:data2\" content=\"3 minutos\" \/>\n<script type=\"application\/ld+json\" class=\"yoast-schema-graph\">{\"@context\":\"https:\/\/schema.org\",\"@graph\":[{\"@type\":\"Article\",\"@id\":\"https:\/\/infoecos.com.ar\/index.php\/11-partidos-mas-declarados-en-estados-de-emergencia-y-o-desastre-agropecuario\/#article\",\"isPartOf\":{\"@id\":\"https:\/\/infoecos.com.ar\/index.php\/11-partidos-mas-declarados-en-estados-de-emergencia-y-o-desastre-agropecuario\/\"},\"author\":{\"name\":\"Jorge Matheus\",\"@id\":\"https:\/\/infoecos.com.ar\/#\/schema\/person\/8f5ace5ce73b4b4aac4b7245aee6f191\"},\"headline\":\"11 partidos m\u00e1s declarados en Estado de Emergencia y\/o desastre Agropecuario\",\"datePublished\":\"2023-03-25T14:00:57+00:00\",\"dateModified\":\"2023-03-29T05:36:45+00:00\",\"mainEntityOfPage\":{\"@id\":\"https:\/\/infoecos.com.ar\/index.php\/11-partidos-mas-declarados-en-estados-de-emergencia-y-o-desastre-agropecuario\/\"},\"wordCount\":543,\"publisher\":{\"@id\":\"https:\/\/infoecos.com.ar\/#organization\"},\"image\":{\"@id\":\"https:\/\/infoecos.com.ar\/index.php\/11-partidos-mas-declarados-en-estados-de-emergencia-y-o-desastre-agropecuario\/#primaryimage\"},\"thumbnailUrl\":\"\",\"keywords\":[\"por la sequ\u00eda\"],\"articleSection\":[\"Bloque inferior - 2\"],\"inLanguage\":\"es\"},{\"@type\":\"WebPage\",\"@id\":\"https:\/\/infoecos.com.ar\/index.php\/11-partidos-mas-declarados-en-estados-de-emergencia-y-o-desastre-agropecuario\/\",\"url\":\"https:\/\/infoecos.com.ar\/index.php\/11-partidos-mas-declarados-en-estados-de-emergencia-y-o-desastre-agropecuario\/\",\"name\":\"11 partidos m\u00e1s declarados en Estado de Emergencia y\/o desastre Agropecuario - Infoecos\",\"isPartOf\":{\"@id\":\"https:\/\/infoecos.com.ar\/#website\"},\"primaryImageOfPage\":{\"@id\":\"https:\/\/infoecos.com.ar\/index.php\/11-partidos-mas-declarados-en-estados-de-emergencia-y-o-desastre-agropecuario\/#primaryimage\"},\"image\":{\"@id\":\"https:\/\/infoecos.com.ar\/index.php\/11-partidos-mas-declarados-en-estados-de-emergencia-y-o-desastre-agropecuario\/#primaryimage\"},\"thumbnailUrl\":\"\",\"datePublished\":\"2023-03-25T14:00:57+00:00\",\"dateModified\":\"2023-03-29T05:36:45+00:00\",\"breadcrumb\":{\"@id\":\"https:\/\/infoecos.com.ar\/index.php\/11-partidos-mas-declarados-en-estados-de-emergencia-y-o-desastre-agropecuario\/#breadcrumb\"},\"inLanguage\":\"es\",\"potentialAction\":[{\"@type\":\"ReadAction\",\"target\":[\"https:\/\/infoecos.com.ar\/index.php\/11-partidos-mas-declarados-en-estados-de-emergencia-y-o-desastre-agropecuario\/\"]}]},{\"@type\":\"ImageObject\",\"inLanguage\":\"es\",\"@id\":\"https:\/\/infoecos.com.ar\/index.php\/11-partidos-mas-declarados-en-estados-de-emergencia-y-o-desastre-agropecuario\/#primaryimage\",\"url\":\"\",\"contentUrl\":\"\"},{\"@type\":\"BreadcrumbList\",\"@id\":\"https:\/\/infoecos.com.ar\/index.php\/11-partidos-mas-declarados-en-estados-de-emergencia-y-o-desastre-agropecuario\/#breadcrumb\",\"itemListElement\":[{\"@type\":\"ListItem\",\"position\":1,\"name\":\"Portada\",\"item\":\"https:\/\/infoecos.com.ar\/\"},{\"@type\":\"ListItem\",\"position\":2,\"name\":\"11 partidos m\u00e1s declarados en Estado de Emergencia y\/o desastre Agropecuario\"}]},{\"@type\":\"WebSite\",\"@id\":\"https:\/\/infoecos.com.ar\/#website\",\"url\":\"https:\/\/infoecos.com.ar\/\",\"name\":\"Infoecos\",\"description\":\"Noticias de trenque lauquen y la zona\",\"publisher\":{\"@id\":\"https:\/\/infoecos.com.ar\/#organization\"},\"alternateName\":\"Noticias\",\"potentialAction\":[{\"@type\":\"SearchAction\",\"target\":{\"@type\":\"EntryPoint\",\"urlTemplate\":\"https:\/\/infoecos.com.ar\/?s={search_term_string}\"},\"query-input\":{\"@type\":\"PropertyValueSpecification\",\"valueRequired\":true,\"valueName\":\"search_term_string\"}}],\"inLanguage\":\"es\"},{\"@type\":\"Organization\",\"@id\":\"https:\/\/infoecos.com.ar\/#organization\",\"name\":\"Infoecos\",\"alternateName\":\"Noticias\",\"url\":\"https:\/\/infoecos.com.ar\/\",\"logo\":{\"@type\":\"ImageObject\",\"inLanguage\":\"es\",\"@id\":\"https:\/\/infoecos.com.ar\/#\/schema\/logo\/image\/\",\"url\":\"https:\/\/infoecos.com.ar\/wp-content\/uploads\/2024\/03\/cropped-logo.png\",\"contentUrl\":\"https:\/\/infoecos.com.ar\/wp-content\/uploads\/2024\/03\/cropped-logo.png\",\"width\":374,\"height\":90,\"caption\":\"Infoecos\"},\"image\":{\"@id\":\"https:\/\/infoecos.com.ar\/#\/schema\/logo\/image\/\"},\"sameAs\":[\"https:\/\/www.facebook.com\/profile.php?id=100063200290284\",\"https:\/\/x.com\/infoecos\"]},{\"@type\":\"Person\",\"@id\":\"https:\/\/infoecos.com.ar\/#\/schema\/person\/8f5ace5ce73b4b4aac4b7245aee6f191\",\"name\":\"Jorge Matheus\",\"url\":\"https:\/\/infoecos.com.ar\/index.php\/author\/jomatheus\/\"}]}<\/script>\n<!-- \/ Yoast SEO plugin. -->","yoast_head_json":{"title":"11 partidos m\u00e1s declarados en Estado de Emergencia y\/o desastre Agropecuario - Infoecos","robots":{"index":"index","follow":"follow","max-snippet":"max-snippet:-1","max-image-preview":"max-image-preview:large","max-video-preview":"max-video-preview:-1"},"canonical":"https:\/\/infoecos.com.ar\/index.php\/11-partidos-mas-declarados-en-estados-de-emergencia-y-o-desastre-agropecuario\/","og_locale":"es_ES","og_type":"article","og_title":"11 partidos m\u00e1s declarados en Estado de Emergencia y\/o desastre Agropecuario - Infoecos","og_description":"Se decidi\u00f3 \u201cotorgar la exenci\u00f3n del Impuesto Inmobiliario\u201d a los productores rurales afectados por sequ\u00eda en el partido de Luj\u00e1n, Trenque Lauquen y Villarino, \u201crespecto de las explotaciones alcanzadas por la declaraci\u00f3n de Desastre Agropecuario\u201d","og_url":"https:\/\/infoecos.com.ar\/index.php\/11-partidos-mas-declarados-en-estados-de-emergencia-y-o-desastre-agropecuario\/","og_site_name":"Infoecos","article_publisher":"https:\/\/www.facebook.com\/profile.php?id=100063200290284","article_published_time":"2023-03-25T14:00:57+00:00","article_modified_time":"2023-03-29T05:36:45+00:00","og_image":[{"width":598,"height":300,"url":"https:\/\/infoecos.com.ar\/wp-content\/uploads\/thumb-1.jpg","type":"image\/jpeg"}],"author":"Jorge Matheus","twitter_card":"summary_large_image","twitter_creator":"@infoecos","twitter_site":"@infoecos","twitter_misc":{"Escrito por":"Jorge Matheus","Tiempo de lectura":"3 minutos"},"schema":{"@context":"https:\/\/schema.org","@graph":[{"@type":"Article","@id":"https:\/\/infoecos.com.ar\/index.php\/11-partidos-mas-declarados-en-estados-de-emergencia-y-o-desastre-agropecuario\/#article","isPartOf":{"@id":"https:\/\/infoecos.com.ar\/index.php\/11-partidos-mas-declarados-en-estados-de-emergencia-y-o-desastre-agropecuario\/"},"author":{"name":"Jorge Matheus","@id":"https:\/\/infoecos.com.ar\/#\/schema\/person\/8f5ace5ce73b4b4aac4b7245aee6f191"},"headline":"11 partidos m\u00e1s declarados en Estado de Emergencia y\/o desastre Agropecuario","datePublished":"2023-03-25T14:00:57+00:00","dateModified":"2023-03-29T05:36:45+00:00","mainEntityOfPage":{"@id":"https:\/\/infoecos.com.ar\/index.php\/11-partidos-mas-declarados-en-estados-de-emergencia-y-o-desastre-agropecuario\/"},"wordCount":543,"publisher":{"@id":"https:\/\/infoecos.com.ar\/#organization"},"image":{"@id":"https:\/\/infoecos.com.ar\/index.php\/11-partidos-mas-declarados-en-estados-de-emergencia-y-o-desastre-agropecuario\/#primaryimage"},"thumbnailUrl":"","keywords":["por la sequ\u00eda"],"articleSection":["Bloque inferior - 2"],"inLanguage":"es"},{"@type":"WebPage","@id":"https:\/\/infoecos.com.ar\/index.php\/11-partidos-mas-declarados-en-estados-de-emergencia-y-o-desastre-agropecuario\/","url":"https:\/\/infoecos.com.ar\/index.php\/11-partidos-mas-declarados-en-estados-de-emergencia-y-o-desastre-agropecuario\/","name":"11 partidos m\u00e1s declarados en Estado de Emergencia y\/o desastre Agropecuario - Infoecos","isPartOf":{"@id":"https:\/\/infoecos.com.ar\/#website"},"primaryImageOfPage":{"@id":"https:\/\/infoecos.com.ar\/index.php\/11-partidos-mas-declarados-en-estados-de-emergencia-y-o-desastre-agropecuario\/#primaryimage"},"image":{"@id":"https:\/\/infoecos.com.ar\/index.php\/11-partidos-mas-declarados-en-estados-de-emergencia-y-o-desastre-agropecuario\/#primaryimage"},"thumbnailUrl":"","datePublished":"2023-03-25T14:00:57+00:00","dateModified":"2023-03-29T05:36:45+00:00","breadcrumb":{"@id":"https:\/\/infoecos.com.ar\/index.php\/11-partidos-mas-declarados-en-estados-de-emergencia-y-o-desastre-agropecuario\/#breadcrumb"},"inLanguage":"es","potentialAction":[{"@type":"ReadAction","target":["https:\/\/infoecos.com.ar\/index.php\/11-partidos-mas-declarados-en-estados-de-emergencia-y-o-desastre-agropecuario\/"]}]},{"@type":"ImageObject","inLanguage":"es","@id":"https:\/\/infoecos.com.ar\/index.php\/11-partidos-mas-declarados-en-estados-de-emergencia-y-o-desastre-agropecuario\/#primaryimage","url":"","contentUrl":""},{"@type":"BreadcrumbList","@id":"https:\/\/infoecos.com.ar\/index.php\/11-partidos-mas-declarados-en-estados-de-emergencia-y-o-desastre-agropecuario\/#breadcrumb","itemListElement":[{"@type":"ListItem","position":1,"name":"Portada","item":"https:\/\/infoecos.com.ar\/"},{"@type":"ListItem","position":2,"name":"11 partidos m\u00e1s declarados en Estado de Emergencia y\/o desastre Agropecuario"}]},{"@type":"WebSite","@id":"https:\/\/infoecos.com.ar\/#website","url":"https:\/\/infoecos.com.ar\/","name":"Infoecos","description":"Noticias de trenque lauquen y la zona","publisher":{"@id":"https:\/\/infoecos.com.ar\/#organization"},"alternateName":"Noticias","potentialAction":[{"@type":"SearchAction","target":{"@type":"EntryPoint","urlTemplate":"https:\/\/infoecos.com.ar\/?s={search_term_string}"},"query-input":{"@type":"PropertyValueSpecification","valueRequired":true,"valueName":"search_term_string"}}],"inLanguage":"es"},{"@type":"Organization","@id":"https:\/\/infoecos.com.ar\/#organization","name":"Infoecos","alternateName":"Noticias","url":"https:\/\/infoecos.com.ar\/","logo":{"@type":"ImageObject","inLanguage":"es","@id":"https:\/\/infoecos.com.ar\/#\/schema\/logo\/image\/","url":"https:\/\/infoecos.com.ar\/wp-content\/uploads\/2024\/03\/cropped-logo.png","contentUrl":"https:\/\/infoecos.com.ar\/wp-content\/uploads\/2024\/03\/cropped-logo.png","width":374,"height":90,"caption":"Infoecos"},"image":{"@id":"https:\/\/infoecos.com.ar\/#\/schema\/logo\/image\/"},"sameAs":["https:\/\/www.facebook.com\/profile.php?id=100063200290284","https:\/\/x.com\/infoecos"]},{"@type":"Person","@id":"https:\/\/infoecos.com.ar\/#\/schema\/person\/8f5ace5ce73b4b4aac4b7245aee6f191","name":"Jorge Matheus","url":"https:\/\/infoecos.com.ar\/index.php\/author\/jomatheus\/"}]}},"featured_image_urls":{"full":"","thumbnail":"","medium":"","medium_large":"","large":"","1536x1536":"","2048x2048":"","covernews-slider-full":"","covernews-slider-center":"","covernews-featured":"","covernews-medium":"","covernews-medium-square":""},"author_info":{"info":["Jorge Matheus"]},"category_info":"<a href=\"https:\/\/infoecos.com.ar\/index.php\/category\/inferior2\/\" rel=\"category tag\">Bloque inferior - 2<\/a>","tag_info":"Bloque inferior - 2","comment_count":"0","_links":{"self":[{"href":"https:\/\/infoecos.com.ar\/index.php\/wp-json\/wp\/v2\/posts\/103155"}],"collection":[{"href":"https:\/\/infoecos.com.ar\/index.php\/wp-json\/wp\/v2\/posts"}],"about":[{"href":"https:\/\/infoecos.com.ar\/index.php\/wp-json\/wp\/v2\/types\/post"}],"author":[{"embeddable":true,"href":"https:\/\/infoecos.com.ar\/index.php\/wp-json\/wp\/v2\/users\/2"}],"replies":[{"embeddable":true,"href":"https:\/\/infoecos.com.ar\/index.php\/wp-json\/wp\/v2\/comments?post=103155"}],"version-history":[{"count":3,"href":"https:\/\/infoecos.com.ar\/index.php\/wp-json\/wp\/v2\/posts\/103155\/revisions"}],"predecessor-version":[{"id":103165,"href":"https:\/\/infoecos.com.ar\/index.php\/wp-json\/wp\/v2\/posts\/103155\/revisions\/103165"}],"wp:featuredmedia":[{"embeddable":true,"href":"https:\/\/infoecos.com.ar\/index.php\/wp-json\/"}],"wp:attachment":[{"href":"https:\/\/infoecos.com.ar\/index.php\/wp-json\/wp\/v2\/media?parent=103155"}],"wp:term":[{"taxonomy":"category","embeddable":true,"href":"https:\/\/infoecos.com.ar\/index.php\/wp-json\/wp\/v2\/categories?post=103155"},{"taxonomy":"post_tag","embeddable":true,"href":"https:\/\/infoecos.com.ar\/index.php\/wp-json\/wp\/v2\/tags?post=103155"}],"curies":[{"name":"wp","href":"https:\/\/api.w.org\/{rel}","templated":true}]}}