{"id":103166,"date":"2023-03-25T13:54:15","date_gmt":"2023-03-25T16:54:15","guid":{"rendered":"https:\/\/infoecos.com.ar\/?p=103166"},"modified":"2023-03-26T21:56:26","modified_gmt":"2023-03-27T00:56:26","slug":"vuelven-las-clases-presenciales-al-denominado-edificio-de-los-colegios-secundarios","status":"publish","type":"post","link":"https:\/\/infoecos.com.ar\/index.php\/vuelven-las-clases-presenciales-al-denominado-edificio-de-los-colegios-secundarios\/","title":{"rendered":"Vuelven las clases presenciales al denominado edificio de los Colegios Secundarios"},"content":{"rendered":"\n<p>El lunes se reiniciar\u00e1n las clases presenciales en el edificio conocido como \u00abColegios Secundarios\u00bb. Fueron suspendidas la semana anterior por problemas en el abastecimiento de agua. Debieron realizarse trabajos con urgencia, consistentes &#8211; seg\u00fan se inform\u00f3 &#8211; en la colocaci\u00f3n de un reservorio de tres mil litros con una bomba elevadora de agua.<\/p>\n\n\n\n<figure class=\"wp-block-image alignright size-full is-resized\"><img loading=\"lazy\" decoding=\"async\" src=\"https:\/\/infoecos.com.ar\/wp-content\/uploads\/2020\/11\/TECHOS-COLEGIOS-SECUNDARIOS-1.jpg\" alt=\"\" class=\"wp-image-70287\" width=\"489\" height=\"326\" srcset=\"https:\/\/infoecos.com.ar\/wp-content\/uploads\/2020\/11\/TECHOS-COLEGIOS-SECUNDARIOS-1.jpg 852w, https:\/\/infoecos.com.ar\/wp-content\/uploads\/2020\/11\/TECHOS-COLEGIOS-SECUNDARIOS-1-460x307.jpg 460w, https:\/\/infoecos.com.ar\/wp-content\/uploads\/2020\/11\/TECHOS-COLEGIOS-SECUNDARIOS-1-768x512.jpg 768w, https:\/\/infoecos.com.ar\/wp-content\/uploads\/2020\/11\/TECHOS-COLEGIOS-SECUNDARIOS-1-675x450.jpg 675w\" sizes=\"(max-width: 489px) 100vw, 489px\" \/><\/figure>\n\n\n\n<p>Las instituciones que dictan clases en el lugar: EP 45, EES N 2, EES N 3, ISFDYT N 144 y CENS 453.<\/p>\n\n\n\n<p>Debieron poner manos a la obra, despu\u00e9s que la cuesti\u00f3n adquiri\u00f3 visos preocupantes, la Jefatura Distrital, Consejo Escolar y Municipio.<\/p>\n\n\n\n<p><\/p>\n","protected":false},"excerpt":{"rendered":"<p>Fueron suspendidas la semana anterior por problemas en el abastecimiento de agua<\/p>\n","protected":false},"author":2,"featured_media":70286,"comment_status":"closed","ping_status":"open","sticky":false,"template":"","format":"standard","meta":{"footnotes":""},"categories":[1612],"tags":[7573],"class_list":["post-103166","post","type-post","status-publish","format-standard","has-post-thumbnail","hentry","category-noticia-principal","tag-este-lunes-27"],"yoast_head":"<!-- This site is optimized with the Yoast SEO plugin v23.4 - https:\/\/yoast.com\/wordpress\/plugins\/seo\/ -->\n<title>Vuelven las clases presenciales al denominado edificio de los Colegios Secundarios - Infoecos<\/title>\n<meta name=\"robots\" content=\"index, follow, max-snippet:-1, max-image-preview:large, max-video-preview:-1\" \/>\n<link rel=\"canonical\" href=\"https:\/\/infoecos.com.ar\/index.php\/vuelven-las-clases-presenciales-al-denominado-edificio-de-los-colegios-secundarios\/\" \/>\n<meta property=\"og:locale\" content=\"es_ES\" \/>\n<meta property=\"og:type\" content=\"article\" \/>\n<meta property=\"og:title\" content=\"Vuelven las clases presenciales al denominado edificio de los Colegios Secundarios - Infoecos\" \/>\n<meta property=\"og:description\" content=\"Fueron suspendidas la semana anterior por problemas en el abastecimiento de agua\" \/>\n<meta property=\"og:url\" content=\"https:\/\/infoecos.com.ar\/index.php\/vuelven-las-clases-presenciales-al-denominado-edificio-de-los-colegios-secundarios\/\" \/>\n<meta property=\"og:site_name\" content=\"Infoecos\" \/>\n<meta property=\"article:publisher\" content=\"https:\/\/www.facebook.com\/profile.php?id=100063200290284\" \/>\n<meta property=\"article:published_time\" content=\"2023-03-25T16:54:15+00:00\" \/>\n<meta property=\"article:modified_time\" content=\"2023-03-27T00:56:26+00:00\" \/>\n<meta property=\"og:image\" content=\"https:\/\/infoecos.com.ar\/wp-content\/uploads\/2020\/11\/TECHOS-COLEGIOS-SECUNDARIOS-2.jpg\" \/>\n\t<meta property=\"og:image:width\" content=\"852\" \/>\n\t<meta property=\"og:image:height\" content=\"568\" \/>\n\t<meta property=\"og:image:type\" content=\"image\/jpeg\" \/>\n<meta name=\"author\" content=\"Jorge Matheus\" \/>\n<meta name=\"twitter:card\" content=\"summary_large_image\" \/>\n<meta name=\"twitter:creator\" content=\"@infoecos\" \/>\n<meta name=\"twitter:site\" content=\"@infoecos\" \/>\n<meta name=\"twitter:label1\" content=\"Escrito por\" \/>\n\t<meta name=\"twitter:data1\" content=\"Jorge Matheus\" \/>\n\t<meta name=\"twitter:label2\" content=\"Tiempo de lectura\" \/>\n\t<meta name=\"twitter:data2\" content=\"1 minuto\" \/>\n<script type=\"application\/ld+json\" class=\"yoast-schema-graph\">{\"@context\":\"https:\/\/schema.org\",\"@graph\":[{\"@type\":\"Article\",\"@id\":\"https:\/\/infoecos.com.ar\/index.php\/vuelven-las-clases-presenciales-al-denominado-edificio-de-los-colegios-secundarios\/#article\",\"isPartOf\":{\"@id\":\"https:\/\/infoecos.com.ar\/index.php\/vuelven-las-clases-presenciales-al-denominado-edificio-de-los-colegios-secundarios\/\"},\"author\":{\"name\":\"Jorge Matheus\",\"@id\":\"https:\/\/infoecos.com.ar\/#\/schema\/person\/8f5ace5ce73b4b4aac4b7245aee6f191\"},\"headline\":\"Vuelven las clases presenciales al denominado edificio de los Colegios Secundarios\",\"datePublished\":\"2023-03-25T16:54:15+00:00\",\"dateModified\":\"2023-03-27T00:56:26+00:00\",\"mainEntityOfPage\":{\"@id\":\"https:\/\/infoecos.com.ar\/index.php\/vuelven-las-clases-presenciales-al-denominado-edificio-de-los-colegios-secundarios\/\"},\"wordCount\":106,\"publisher\":{\"@id\":\"https:\/\/infoecos.com.ar\/#organization\"},\"image\":{\"@id\":\"https:\/\/infoecos.com.ar\/index.php\/vuelven-las-clases-presenciales-al-denominado-edificio-de-los-colegios-secundarios\/#primaryimage\"},\"thumbnailUrl\":\"https:\/\/infoecos.com.ar\/wp-content\/uploads\/2020\/11\/TECHOS-COLEGIOS-SECUNDARIOS-2.jpg\",\"keywords\":[\"este lunes 27\"],\"articleSection\":[\"Noticia Principal\"],\"inLanguage\":\"es\"},{\"@type\":\"WebPage\",\"@id\":\"https:\/\/infoecos.com.ar\/index.php\/vuelven-las-clases-presenciales-al-denominado-edificio-de-los-colegios-secundarios\/\",\"url\":\"https:\/\/infoecos.com.ar\/index.php\/vuelven-las-clases-presenciales-al-denominado-edificio-de-los-colegios-secundarios\/\",\"name\":\"Vuelven las clases presenciales al denominado edificio de los Colegios Secundarios - Infoecos\",\"isPartOf\":{\"@id\":\"https:\/\/infoecos.com.ar\/#website\"},\"primaryImageOfPage\":{\"@id\":\"https:\/\/infoecos.com.ar\/index.php\/vuelven-las-clases-presenciales-al-denominado-edificio-de-los-colegios-secundarios\/#primaryimage\"},\"image\":{\"@id\":\"https:\/\/infoecos.com.ar\/index.php\/vuelven-las-clases-presenciales-al-denominado-edificio-de-los-colegios-secundarios\/#primaryimage\"},\"thumbnailUrl\":\"https:\/\/infoecos.com.ar\/wp-content\/uploads\/2020\/11\/TECHOS-COLEGIOS-SECUNDARIOS-2.jpg\",\"datePublished\":\"2023-03-25T16:54:15+00:00\",\"dateModified\":\"2023-03-27T00:56:26+00:00\",\"breadcrumb\":{\"@id\":\"https:\/\/infoecos.com.ar\/index.php\/vuelven-las-clases-presenciales-al-denominado-edificio-de-los-colegios-secundarios\/#breadcrumb\"},\"inLanguage\":\"es\",\"potentialAction\":[{\"@type\":\"ReadAction\",\"target\":[\"https:\/\/infoecos.com.ar\/index.php\/vuelven-las-clases-presenciales-al-denominado-edificio-de-los-colegios-secundarios\/\"]}]},{\"@type\":\"ImageObject\",\"inLanguage\":\"es\",\"@id\":\"https:\/\/infoecos.com.ar\/index.php\/vuelven-las-clases-presenciales-al-denominado-edificio-de-los-colegios-secundarios\/#primaryimage\",\"url\":\"https:\/\/infoecos.com.ar\/wp-content\/uploads\/2020\/11\/TECHOS-COLEGIOS-SECUNDARIOS-2.jpg\",\"contentUrl\":\"https:\/\/infoecos.com.ar\/wp-content\/uploads\/2020\/11\/TECHOS-COLEGIOS-SECUNDARIOS-2.jpg\",\"width\":852,\"height\":568},{\"@type\":\"BreadcrumbList\",\"@id\":\"https:\/\/infoecos.com.ar\/index.php\/vuelven-las-clases-presenciales-al-denominado-edificio-de-los-colegios-secundarios\/#breadcrumb\",\"itemListElement\":[{\"@type\":\"ListItem\",\"position\":1,\"name\":\"Portada\",\"item\":\"https:\/\/infoecos.com.ar\/\"},{\"@type\":\"ListItem\",\"position\":2,\"name\":\"Vuelven las clases presenciales al denominado edificio de los Colegios Secundarios\"}]},{\"@type\":\"WebSite\",\"@id\":\"https:\/\/infoecos.com.ar\/#website\",\"url\":\"https:\/\/infoecos.com.ar\/\",\"name\":\"Infoecos\",\"description\":\"Noticias de trenque lauquen y la zona\",\"publisher\":{\"@id\":\"https:\/\/infoecos.com.ar\/#organization\"},\"alternateName\":\"Noticias\",\"potentialAction\":[{\"@type\":\"SearchAction\",\"target\":{\"@type\":\"EntryPoint\",\"urlTemplate\":\"https:\/\/infoecos.com.ar\/?s={search_term_string}\"},\"query-input\":{\"@type\":\"PropertyValueSpecification\",\"valueRequired\":true,\"valueName\":\"search_term_string\"}}],\"inLanguage\":\"es\"},{\"@type\":\"Organization\",\"@id\":\"https:\/\/infoecos.com.ar\/#organization\",\"name\":\"Infoecos\",\"alternateName\":\"Noticias\",\"url\":\"https:\/\/infoecos.com.ar\/\",\"logo\":{\"@type\":\"ImageObject\",\"inLanguage\":\"es\",\"@id\":\"https:\/\/infoecos.com.ar\/#\/schema\/logo\/image\/\",\"url\":\"https:\/\/infoecos.com.ar\/wp-content\/uploads\/2024\/03\/cropped-logo.png\",\"contentUrl\":\"https:\/\/infoecos.com.ar\/wp-content\/uploads\/2024\/03\/cropped-logo.png\",\"width\":374,\"height\":90,\"caption\":\"Infoecos\"},\"image\":{\"@id\":\"https:\/\/infoecos.com.ar\/#\/schema\/logo\/image\/\"},\"sameAs\":[\"https:\/\/www.facebook.com\/profile.php?id=100063200290284\",\"https:\/\/x.com\/infoecos\"]},{\"@type\":\"Person\",\"@id\":\"https:\/\/infoecos.com.ar\/#\/schema\/person\/8f5ace5ce73b4b4aac4b7245aee6f191\",\"name\":\"Jorge Matheus\",\"url\":\"https:\/\/infoecos.com.ar\/index.php\/author\/jomatheus\/\"}]}<\/script>\n<!-- \/ Yoast SEO plugin. -->","yoast_head_json":{"title":"Vuelven las clases presenciales al denominado edificio de los Colegios Secundarios - Infoecos","robots":{"index":"index","follow":"follow","max-snippet":"max-snippet:-1","max-image-preview":"max-image-preview:large","max-video-preview":"max-video-preview:-1"},"canonical":"https:\/\/infoecos.com.ar\/index.php\/vuelven-las-clases-presenciales-al-denominado-edificio-de-los-colegios-secundarios\/","og_locale":"es_ES","og_type":"article","og_title":"Vuelven las clases presenciales al denominado edificio de los Colegios Secundarios - Infoecos","og_description":"Fueron suspendidas la semana anterior por problemas en el abastecimiento de agua","og_url":"https:\/\/infoecos.com.ar\/index.php\/vuelven-las-clases-presenciales-al-denominado-edificio-de-los-colegios-secundarios\/","og_site_name":"Infoecos","article_publisher":"https:\/\/www.facebook.com\/profile.php?id=100063200290284","article_published_time":"2023-03-25T16:54:15+00:00","article_modified_time":"2023-03-27T00:56:26+00:00","og_image":[{"width":852,"height":568,"url":"https:\/\/infoecos.com.ar\/wp-content\/uploads\/2020\/11\/TECHOS-COLEGIOS-SECUNDARIOS-2.jpg","type":"image\/jpeg"}],"author":"Jorge Matheus","twitter_card":"summary_large_image","twitter_creator":"@infoecos","twitter_site":"@infoecos","twitter_misc":{"Escrito por":"Jorge Matheus","Tiempo de lectura":"1 minuto"},"schema":{"@context":"https:\/\/schema.org","@graph":[{"@type":"Article","@id":"https:\/\/infoecos.com.ar\/index.php\/vuelven-las-clases-presenciales-al-denominado-edificio-de-los-colegios-secundarios\/#article","isPartOf":{"@id":"https:\/\/infoecos.com.ar\/index.php\/vuelven-las-clases-presenciales-al-denominado-edificio-de-los-colegios-secundarios\/"},"author":{"name":"Jorge Matheus","@id":"https:\/\/infoecos.com.ar\/#\/schema\/person\/8f5ace5ce73b4b4aac4b7245aee6f191"},"headline":"Vuelven las clases presenciales al denominado edificio de los Colegios Secundarios","datePublished":"2023-03-25T16:54:15+00:00","dateModified":"2023-03-27T00:56:26+00:00","mainEntityOfPage":{"@id":"https:\/\/infoecos.com.ar\/index.php\/vuelven-las-clases-presenciales-al-denominado-edificio-de-los-colegios-secundarios\/"},"wordCount":106,"publisher":{"@id":"https:\/\/infoecos.com.ar\/#organization"},"image":{"@id":"https:\/\/infoecos.com.ar\/index.php\/vuelven-las-clases-presenciales-al-denominado-edificio-de-los-colegios-secundarios\/#primaryimage"},"thumbnailUrl":"https:\/\/infoecos.com.ar\/wp-content\/uploads\/2020\/11\/TECHOS-COLEGIOS-SECUNDARIOS-2.jpg","keywords":["este lunes 27"],"articleSection":["Noticia Principal"],"inLanguage":"es"},{"@type":"WebPage","@id":"https:\/\/infoecos.com.ar\/index.php\/vuelven-las-clases-presenciales-al-denominado-edificio-de-los-colegios-secundarios\/","url":"https:\/\/infoecos.com.ar\/index.php\/vuelven-las-clases-presenciales-al-denominado-edificio-de-los-colegios-secundarios\/","name":"Vuelven las clases presenciales al denominado edificio de los Colegios Secundarios - Infoecos","isPartOf":{"@id":"https:\/\/infoecos.com.ar\/#website"},"primaryImageOfPage":{"@id":"https:\/\/infoecos.com.ar\/index.php\/vuelven-las-clases-presenciales-al-denominado-edificio-de-los-colegios-secundarios\/#primaryimage"},"image":{"@id":"https:\/\/infoecos.com.ar\/index.php\/vuelven-las-clases-presenciales-al-denominado-edificio-de-los-colegios-secundarios\/#primaryimage"},"thumbnailUrl":"https:\/\/infoecos.com.ar\/wp-content\/uploads\/2020\/11\/TECHOS-COLEGIOS-SECUNDARIOS-2.jpg","datePublished":"2023-03-25T16:54:15+00:00","dateModified":"2023-03-27T00:56:26+00:00","breadcrumb":{"@id":"https:\/\/infoecos.com.ar\/index.php\/vuelven-las-clases-presenciales-al-denominado-edificio-de-los-colegios-secundarios\/#breadcrumb"},"inLanguage":"es","potentialAction":[{"@type":"ReadAction","target":["https:\/\/infoecos.com.ar\/index.php\/vuelven-las-clases-presenciales-al-denominado-edificio-de-los-colegios-secundarios\/"]}]},{"@type":"ImageObject","inLanguage":"es","@id":"https:\/\/infoecos.com.ar\/index.php\/vuelven-las-clases-presenciales-al-denominado-edificio-de-los-colegios-secundarios\/#primaryimage","url":"https:\/\/infoecos.com.ar\/wp-content\/uploads\/2020\/11\/TECHOS-COLEGIOS-SECUNDARIOS-2.jpg","contentUrl":"https:\/\/infoecos.com.ar\/wp-content\/uploads\/2020\/11\/TECHOS-COLEGIOS-SECUNDARIOS-2.jpg","width":852,"height":568},{"@type":"BreadcrumbList","@id":"https:\/\/infoecos.com.ar\/index.php\/vuelven-las-clases-presenciales-al-denominado-edificio-de-los-colegios-secundarios\/#breadcrumb","itemListElement":[{"@type":"ListItem","position":1,"name":"Portada","item":"https:\/\/infoecos.com.ar\/"},{"@type":"ListItem","position":2,"name":"Vuelven las clases presenciales al denominado edificio de los Colegios Secundarios"}]},{"@type":"WebSite","@id":"https:\/\/infoecos.com.ar\/#website","url":"https:\/\/infoecos.com.ar\/","name":"Infoecos","description":"Noticias de trenque lauquen y la zona","publisher":{"@id":"https:\/\/infoecos.com.ar\/#organization"},"alternateName":"Noticias","potentialAction":[{"@type":"SearchAction","target":{"@type":"EntryPoint","urlTemplate":"https:\/\/infoecos.com.ar\/?s={search_term_string}"},"query-input":{"@type":"PropertyValueSpecification","valueRequired":true,"valueName":"search_term_string"}}],"inLanguage":"es"},{"@type":"Organization","@id":"https:\/\/infoecos.com.ar\/#organization","name":"Infoecos","alternateName":"Noticias","url":"https:\/\/infoecos.com.ar\/","logo":{"@type":"ImageObject","inLanguage":"es","@id":"https:\/\/infoecos.com.ar\/#\/schema\/logo\/image\/","url":"https:\/\/infoecos.com.ar\/wp-content\/uploads\/2024\/03\/cropped-logo.png","contentUrl":"https:\/\/infoecos.com.ar\/wp-content\/uploads\/2024\/03\/cropped-logo.png","width":374,"height":90,"caption":"Infoecos"},"image":{"@id":"https:\/\/infoecos.com.ar\/#\/schema\/logo\/image\/"},"sameAs":["https:\/\/www.facebook.com\/profile.php?id=100063200290284","https:\/\/x.com\/infoecos"]},{"@type":"Person","@id":"https:\/\/infoecos.com.ar\/#\/schema\/person\/8f5ace5ce73b4b4aac4b7245aee6f191","name":"Jorge Matheus","url":"https:\/\/infoecos.com.ar\/index.php\/author\/jomatheus\/"}]}},"featured_image_urls":{"full":["https:\/\/infoecos.com.ar\/wp-content\/uploads\/2020\/11\/TECHOS-COLEGIOS-SECUNDARIOS-2.jpg",852,568,false],"thumbnail":["https:\/\/infoecos.com.ar\/wp-content\/uploads\/2020\/11\/TECHOS-COLEGIOS-SECUNDARIOS-2-150x150.jpg",150,150,true],"medium":["https:\/\/infoecos.com.ar\/wp-content\/uploads\/2020\/11\/TECHOS-COLEGIOS-SECUNDARIOS-2-460x307.jpg",460,307,true],"medium_large":["https:\/\/infoecos.com.ar\/wp-content\/uploads\/2020\/11\/TECHOS-COLEGIOS-SECUNDARIOS-2-768x512.jpg",640,427,true],"large":["https:\/\/infoecos.com.ar\/wp-content\/uploads\/2020\/11\/TECHOS-COLEGIOS-SECUNDARIOS-2.jpg",640,427,false],"1536x1536":["https:\/\/infoecos.com.ar\/wp-content\/uploads\/2020\/11\/TECHOS-COLEGIOS-SECUNDARIOS-2.jpg",852,568,false],"2048x2048":["https:\/\/infoecos.com.ar\/wp-content\/uploads\/2020\/11\/TECHOS-COLEGIOS-SECUNDARIOS-2.jpg",852,568,false],"covernews-slider-full":["https:\/\/infoecos.com.ar\/wp-content\/uploads\/2020\/11\/TECHOS-COLEGIOS-SECUNDARIOS-2.jpg",852,568,false],"covernews-slider-center":["https:\/\/infoecos.com.ar\/wp-content\/uploads\/2020\/11\/TECHOS-COLEGIOS-SECUNDARIOS-2.jpg",750,500,false],"covernews-featured":["https:\/\/infoecos.com.ar\/wp-content\/uploads\/2020\/11\/TECHOS-COLEGIOS-SECUNDARIOS-2.jpg",852,568,false],"covernews-medium":["https:\/\/infoecos.com.ar\/wp-content\/uploads\/2020\/11\/TECHOS-COLEGIOS-SECUNDARIOS-2-720x380.jpg",540,285,true],"covernews-medium-square":["https:\/\/infoecos.com.ar\/wp-content\/uploads\/2020\/11\/TECHOS-COLEGIOS-SECUNDARIOS-2-675x450.jpg",375,250,true]},"author_info":{"info":["Jorge Matheus"]},"category_info":"<a href=\"https:\/\/infoecos.com.ar\/index.php\/category\/noticia-principal\/\" rel=\"category tag\">Noticia Principal<\/a>","tag_info":"Noticia Principal","comment_count":"0","_links":{"self":[{"href":"https:\/\/infoecos.com.ar\/index.php\/wp-json\/wp\/v2\/posts\/103166"}],"collection":[{"href":"https:\/\/infoecos.com.ar\/index.php\/wp-json\/wp\/v2\/posts"}],"about":[{"href":"https:\/\/infoecos.com.ar\/index.php\/wp-json\/wp\/v2\/types\/post"}],"author":[{"embeddable":true,"href":"https:\/\/infoecos.com.ar\/index.php\/wp-json\/wp\/v2\/users\/2"}],"replies":[{"embeddable":true,"href":"https:\/\/infoecos.com.ar\/index.php\/wp-json\/wp\/v2\/comments?post=103166"}],"version-history":[{"count":1,"href":"https:\/\/infoecos.com.ar\/index.php\/wp-json\/wp\/v2\/posts\/103166\/revisions"}],"predecessor-version":[{"id":103167,"href":"https:\/\/infoecos.com.ar\/index.php\/wp-json\/wp\/v2\/posts\/103166\/revisions\/103167"}],"wp:featuredmedia":[{"embeddable":true,"href":"https:\/\/infoecos.com.ar\/index.php\/wp-json\/wp\/v2\/media\/70286"}],"wp:attachment":[{"href":"https:\/\/infoecos.com.ar\/index.php\/wp-json\/wp\/v2\/media?parent=103166"}],"wp:term":[{"taxonomy":"category","embeddable":true,"href":"https:\/\/infoecos.com.ar\/index.php\/wp-json\/wp\/v2\/categories?post=103166"},{"taxonomy":"post_tag","embeddable":true,"href":"https:\/\/infoecos.com.ar\/index.php\/wp-json\/wp\/v2\/tags?post=103166"}],"curies":[{"name":"wp","href":"https:\/\/api.w.org\/{rel}","templated":true}]}}