{"id":103178,"date":"2023-03-26T21:55:41","date_gmt":"2023-03-27T00:55:41","guid":{"rendered":"https:\/\/infoecos.com.ar\/?p=103178"},"modified":"2023-03-29T02:36:01","modified_gmt":"2023-03-29T05:36:01","slug":"ferro-carril-oeste-gano-el-clasico-del-futbol-trenquelauquense","status":"publish","type":"post","link":"https:\/\/infoecos.com.ar\/index.php\/ferro-carril-oeste-gano-el-clasico-del-futbol-trenquelauquense\/","title":{"rendered":"Ferro Carril Oeste gan\u00f3 el cl\u00e1sico del f\u00fatbol trenquelauquense"},"content":{"rendered":"\n<figure class=\"wp-block-table\"><table><tbody><tr><td><strong>FECHA 2<\/strong><\/td><\/tr><tr><td><strong>S\u00c1BADO 25 DE MARZO DE 2023<\/strong><\/td><\/tr><tr><td><strong>FINAL<\/strong><\/td><td><img loading=\"lazy\" decoding=\"async\" src=\"https:\/\/deportelauquen.com.ar\/wp-content\/uploads\/2022\/09\/Tres-Llantas-Trenque-Lauquen.png\" alt=\"\" width=\"40\" height=\"40\" srcset=\"https:\/\/deportelauquen.com.ar\/wp-content\/uploads\/2022\/09\/Tres-Llantas-Trenque-Lauquen.png 577w, https:\/\/deportelauquen.com.ar\/wp-content\/uploads\/2022\/09\/Tres-Llantas-Trenque-Lauquen-300x300.png 300w, https:\/\/deportelauquen.com.ar\/wp-content\/uploads\/2022\/09\/Tres-Llantas-Trenque-Lauquen-150x150.png 150w, https:\/\/deportelauquen.com.ar\/wp-content\/uploads\/2022\/09\/Tres-Llantas-Trenque-Lauquen-80x80.png 80w, https:\/\/deportelauquen.com.ar\/wp-content\/uploads\/2022\/09\/Tres-Llantas-Trenque-Lauquen-128x128.png 128w, https:\/\/deportelauquen.com.ar\/wp-content\/uploads\/2022\/09\/Tres-Llantas-Trenque-Lauquen-32x32.png 32w\"><\/td><td>TRES LLANTAS<\/td><td><strong>0<\/strong><\/td><td>\u2013<\/td><td><strong>4<\/strong><\/td><td>BARRIO ALEGRE<\/td><td><img loading=\"lazy\" decoding=\"async\" src=\"https:\/\/deportelauquen.com.ar\/wp-content\/uploads\/2022\/03\/Barrio-Alegre-1080.png\" alt=\"\" width=\"36\" height=\"40\" srcset=\"https:\/\/deportelauquen.com.ar\/wp-content\/uploads\/2022\/03\/Barrio-Alegre-1080.png 1080w, https:\/\/deportelauquen.com.ar\/wp-content\/uploads\/2022\/03\/Barrio-Alegre-1080-268x300.png 268w, https:\/\/deportelauquen.com.ar\/wp-content\/uploads\/2022\/03\/Barrio-Alegre-1080-916x1024.png 916w, https:\/\/deportelauquen.com.ar\/wp-content\/uploads\/2022\/03\/Barrio-Alegre-1080-768x858.png 768w\"><\/td><\/tr><tr><td><\/td><\/tr><tr><td><strong>DOMINGO 26 DE MARZO DE 2023<\/strong><\/td><\/tr><tr><td><strong>FINAL<\/strong><\/td><td><img loading=\"lazy\" decoding=\"async\" src=\"https:\/\/deportelauquen.com.ar\/wp-content\/uploads\/2022\/03\/Ferro-Carril-Oeste-1080.png\" alt=\"\" width=\"35\" height=\"40\" srcset=\"https:\/\/deportelauquen.com.ar\/wp-content\/uploads\/2022\/03\/Ferro-Carril-Oeste-1080.png 1080w, https:\/\/deportelauquen.com.ar\/wp-content\/uploads\/2022\/03\/Ferro-Carril-Oeste-1080-262x300.png 262w, https:\/\/deportelauquen.com.ar\/wp-content\/uploads\/2022\/03\/Ferro-Carril-Oeste-1080-895x1024.png 895w, https:\/\/deportelauquen.com.ar\/wp-content\/uploads\/2022\/03\/Ferro-Carril-Oeste-1080-768x878.png 768w\"><\/td><td>FERRO C. OESTE<\/td><td><strong>2<\/strong><\/td><td><strong>\u2013<\/strong><\/td><td><strong>0<\/strong><\/td><td>FBC ARGENTINO<\/td><td><img loading=\"lazy\" decoding=\"async\" src=\"https:\/\/deportelauquen.com.ar\/wp-content\/uploads\/2022\/03\/FBC-Argentino-1080-150x150.png\" alt=\"\" width=\"36\" height=\"40\" srcset=\"https:\/\/deportelauquen.com.ar\/wp-content\/uploads\/2022\/03\/FBC-Argentino-1080-274x300.png 274w, https:\/\/deportelauquen.com.ar\/wp-content\/uploads\/2022\/03\/FBC-Argentino-1080-934x1024.png 934w, https:\/\/deportelauquen.com.ar\/wp-content\/uploads\/2022\/03\/FBC-Argentino-1080-768x842.png 768w, https:\/\/deportelauquen.com.ar\/wp-content\/uploads\/2022\/03\/FBC-Argentino-1080.png 1080w\"><\/td><\/tr><tr><td><\/td><\/tr><tr><td><strong>FINAL<\/strong><\/td><td><img loading=\"lazy\" decoding=\"async\" src=\"https:\/\/deportelauquen.com.ar\/wp-content\/uploads\/2022\/03\/Atletico-Pellegrini-1080.png\" alt=\"\" width=\"60\" height=\"30\" srcset=\"https:\/\/deportelauquen.com.ar\/wp-content\/uploads\/2022\/03\/Atletico-Pellegrini-1080.png 1080w, https:\/\/deportelauquen.com.ar\/wp-content\/uploads\/2022\/03\/Atletico-Pellegrini-1080-300x148.png 300w, https:\/\/deportelauquen.com.ar\/wp-content\/uploads\/2022\/03\/Atletico-Pellegrini-1080-1024x505.png 1024w, https:\/\/deportelauquen.com.ar\/wp-content\/uploads\/2022\/03\/Atletico-Pellegrini-1080-768x379.png 768w\"><\/td><td>ATL. PELLEGRINI<\/td><td><strong>2<\/strong><\/td><td><strong>\u2013<\/strong><\/td><td><strong>2<\/strong><\/td><td>LAS GUASQUITAS<\/td><td><img loading=\"lazy\" decoding=\"async\" src=\"https:\/\/deportelauquen.com.ar\/wp-content\/uploads\/2022\/03\/Las-Guasquitas-1080.png\" alt=\"\" width=\"40\" height=\"40\" srcset=\"https:\/\/deportelauquen.com.ar\/wp-content\/uploads\/2022\/03\/Las-Guasquitas-1080.png 1080w, https:\/\/deportelauquen.com.ar\/wp-content\/uploads\/2022\/03\/Las-Guasquitas-1080-300x300.png 300w, https:\/\/deportelauquen.com.ar\/wp-content\/uploads\/2022\/03\/Las-Guasquitas-1080-1024x1024.png 1024w, https:\/\/deportelauquen.com.ar\/wp-content\/uploads\/2022\/03\/Las-Guasquitas-1080-150x150.png 150w, https:\/\/deportelauquen.com.ar\/wp-content\/uploads\/2022\/03\/Las-Guasquitas-1080-768x768.png 768w, https:\/\/deportelauquen.com.ar\/wp-content\/uploads\/2022\/03\/Las-Guasquitas-1080-80x80.png 80w\"><\/td><\/tr><tr><td><\/td><\/tr><tr><td><strong>FINAL<\/strong><\/td><td><img loading=\"lazy\" decoding=\"async\" src=\"https:\/\/deportelauquen.com.ar\/wp-content\/uploads\/2022\/03\/Monumental-1080.png\" alt=\"\" width=\"37\" height=\"40\" srcset=\"https:\/\/deportelauquen.com.ar\/wp-content\/uploads\/2022\/03\/Monumental-1080.png 1080w, https:\/\/deportelauquen.com.ar\/wp-content\/uploads\/2022\/03\/Monumental-1080-279x300.png 279w, https:\/\/deportelauquen.com.ar\/wp-content\/uploads\/2022\/03\/Monumental-1080-951x1024.png 951w, https:\/\/deportelauquen.com.ar\/wp-content\/uploads\/2022\/03\/Monumental-1080-768x827.png 768w\"><\/td><td>MONUMENTAL<\/td><td><strong>0<\/strong><\/td><td><strong>\u2013<\/strong><\/td><td><strong>2<\/strong><\/td><td>ATL. TRENQUE LAUQUEN<\/td><td><img loading=\"lazy\" decoding=\"async\" src=\"https:\/\/deportelauquen.com.ar\/wp-content\/uploads\/2022\/03\/Atletico-Trenque-Lauquen-1080.png\" alt=\"\" width=\"33\" height=\"40\" srcset=\"https:\/\/deportelauquen.com.ar\/wp-content\/uploads\/2022\/03\/Atletico-Trenque-Lauquen-1080.png 1080w, https:\/\/deportelauquen.com.ar\/wp-content\/uploads\/2022\/03\/Atletico-Trenque-Lauquen-1080-249x300.png 249w, https:\/\/deportelauquen.com.ar\/wp-content\/uploads\/2022\/03\/Atletico-Trenque-Lauquen-1080-851x1024.png 851w, https:\/\/deportelauquen.com.ar\/wp-content\/uploads\/2022\/03\/Atletico-Trenque-Lauquen-1080-768x924.png 768w\"><\/td><\/tr><tr><td><\/td><\/tr><tr><td><strong>FINAL<\/strong><\/td><td><img loading=\"lazy\" decoding=\"async\" src=\"https:\/\/deportelauquen.com.ar\/wp-content\/uploads\/2022\/03\/GIAT-Berutti-1080.png\" alt=\"\" width=\"32\" height=\"40\" srcset=\"https:\/\/deportelauquen.com.ar\/wp-content\/uploads\/2022\/03\/GIAT-Berutti-1080.png 1080w, https:\/\/deportelauquen.com.ar\/wp-content\/uploads\/2022\/03\/GIAT-Berutti-1080-237x300.png 237w, https:\/\/deportelauquen.com.ar\/wp-content\/uploads\/2022\/03\/GIAT-Berutti-1080-809x1024.png 809w, https:\/\/deportelauquen.com.ar\/wp-content\/uploads\/2022\/03\/GIAT-Berutti-1080-768x972.png 768w\"><\/td><td>G.I.A.T. (B)<\/td><td><strong>1<\/strong><\/td><td><strong>\u2013<\/strong><\/td><td><strong>0<\/strong><\/td><td>PROGRESO<\/td><td><img loading=\"lazy\" decoding=\"async\" src=\"https:\/\/deportelauquen.com.ar\/wp-content\/uploads\/2022\/03\/Progreso-1080.png\" alt=\"\" width=\"45\" height=\"40\" srcset=\"https:\/\/deportelauquen.com.ar\/wp-content\/uploads\/2022\/03\/Progreso-1080.png 1080w, https:\/\/deportelauquen.com.ar\/wp-content\/uploads\/2022\/03\/Progreso-1080-300x265.png 300w, https:\/\/deportelauquen.com.ar\/wp-content\/uploads\/2022\/03\/Progreso-1080-1024x905.png 1024w, https:\/\/deportelauquen.com.ar\/wp-content\/uploads\/2022\/03\/Progreso-1080-768x678.png 768w\"><\/td><\/tr><tr><td><\/td><\/tr><tr><td><strong>LIBRE:<\/strong><\/td><td><img loading=\"lazy\" decoding=\"async\" src=\"https:\/\/deportelauquen.com.ar\/wp-content\/uploads\/2022\/03\/Huracan-Pellegrini-1080.png\" alt=\"\" width=\"40\" height=\"40\" srcset=\"https:\/\/deportelauquen.com.ar\/wp-content\/uploads\/2022\/03\/Huracan-Pellegrini-1080.png 1080w, https:\/\/deportelauquen.com.ar\/wp-content\/uploads\/2022\/03\/Huracan-Pellegrini-1080-300x300.png 300w, https:\/\/deportelauquen.com.ar\/wp-content\/uploads\/2022\/03\/Huracan-Pellegrini-1080-1024x1024.png 1024w, https:\/\/deportelauquen.com.ar\/wp-content\/uploads\/2022\/03\/Huracan-Pellegrini-1080-150x150.png 150w, https:\/\/deportelauquen.com.ar\/wp-content\/uploads\/2022\/03\/Huracan-Pellegrini-1080-768x768.png 768w, https:\/\/deportelauquen.com.ar\/wp-content\/uploads\/2022\/03\/Huracan-Pellegrini-1080-80x80.png 80w\"><\/td><td>HURACAN (P)<\/td><\/tr><\/tbody><\/table><\/figure>\n","protected":false},"excerpt":{"rendered":"<p>Cuatro partidos se jugaron este domingo. El anticipado fue el s\u00e1bado, habi\u00e9ndole ganado Barrio Alegre a Tres Llantas<\/p>\n","protected":false},"author":2,"featured_media":103179,"comment_status":"closed","ping_status":"open","sticky":false,"template":"","format":"standard","meta":{"footnotes":""},"categories":[40],"tags":[7572],"class_list":["post-103178","post","type-post","status-publish","format-standard","has-post-thumbnail","hentry","category-inferior1","tag-info-deportelauquen"],"yoast_head":"<!-- This site is optimized with the Yoast SEO plugin v23.4 - https:\/\/yoast.com\/wordpress\/plugins\/seo\/ -->\n<title>Ferro Carril Oeste gan\u00f3 el cl\u00e1sico del f\u00fatbol trenquelauquense - Infoecos<\/title>\n<meta name=\"robots\" content=\"index, follow, max-snippet:-1, max-image-preview:large, max-video-preview:-1\" \/>\n<link rel=\"canonical\" href=\"https:\/\/infoecos.com.ar\/index.php\/ferro-carril-oeste-gano-el-clasico-del-futbol-trenquelauquense\/\" \/>\n<meta property=\"og:locale\" content=\"es_ES\" \/>\n<meta property=\"og:type\" content=\"article\" \/>\n<meta property=\"og:title\" content=\"Ferro Carril Oeste gan\u00f3 el cl\u00e1sico del f\u00fatbol trenquelauquense - Infoecos\" \/>\n<meta property=\"og:description\" content=\"Cuatro partidos se jugaron este domingo. El anticipado fue el s\u00e1bado, habi\u00e9ndole ganado Barrio Alegre a Tres Llantas\" \/>\n<meta property=\"og:url\" content=\"https:\/\/infoecos.com.ar\/index.php\/ferro-carril-oeste-gano-el-clasico-del-futbol-trenquelauquense\/\" \/>\n<meta property=\"og:site_name\" content=\"Infoecos\" \/>\n<meta property=\"article:publisher\" content=\"https:\/\/www.facebook.com\/profile.php?id=100063200290284\" \/>\n<meta property=\"article:published_time\" content=\"2023-03-27T00:55:41+00:00\" \/>\n<meta property=\"article:modified_time\" content=\"2023-03-29T05:36:01+00:00\" \/>\n<meta property=\"og:image\" content=\"https:\/\/infoecos.com.ar\/wp-content\/uploads\/2023\/03\/3578_543221025700510_740248684_n.jpg\" \/>\n\t<meta property=\"og:image:width\" content=\"843\" \/>\n\t<meta property=\"og:image:height\" content=\"959\" \/>\n\t<meta property=\"og:image:type\" content=\"image\/jpeg\" \/>\n<meta name=\"author\" content=\"Jorge Matheus\" \/>\n<meta name=\"twitter:card\" content=\"summary_large_image\" \/>\n<meta name=\"twitter:creator\" content=\"@infoecos\" \/>\n<meta name=\"twitter:site\" content=\"@infoecos\" \/>\n<meta name=\"twitter:label1\" content=\"Escrito por\" \/>\n\t<meta name=\"twitter:data1\" content=\"Jorge Matheus\" \/>\n\t<meta name=\"twitter:label2\" content=\"Tiempo de lectura\" \/>\n\t<meta name=\"twitter:data2\" content=\"3 minutos\" \/>\n<script type=\"application\/ld+json\" class=\"yoast-schema-graph\">{\"@context\":\"https:\/\/schema.org\",\"@graph\":[{\"@type\":\"Article\",\"@id\":\"https:\/\/infoecos.com.ar\/index.php\/ferro-carril-oeste-gano-el-clasico-del-futbol-trenquelauquense\/#article\",\"isPartOf\":{\"@id\":\"https:\/\/infoecos.com.ar\/index.php\/ferro-carril-oeste-gano-el-clasico-del-futbol-trenquelauquense\/\"},\"author\":{\"name\":\"Jorge Matheus\",\"@id\":\"https:\/\/infoecos.com.ar\/#\/schema\/person\/8f5ace5ce73b4b4aac4b7245aee6f191\"},\"headline\":\"Ferro Carril Oeste gan\u00f3 el cl\u00e1sico del f\u00fatbol trenquelauquense\",\"datePublished\":\"2023-03-27T00:55:41+00:00\",\"dateModified\":\"2023-03-29T05:36:01+00:00\",\"mainEntityOfPage\":{\"@id\":\"https:\/\/infoecos.com.ar\/index.php\/ferro-carril-oeste-gano-el-clasico-del-futbol-trenquelauquense\/\"},\"wordCount\":52,\"publisher\":{\"@id\":\"https:\/\/infoecos.com.ar\/#organization\"},\"image\":{\"@id\":\"https:\/\/infoecos.com.ar\/index.php\/ferro-carril-oeste-gano-el-clasico-del-futbol-trenquelauquense\/#primaryimage\"},\"thumbnailUrl\":\"https:\/\/infoecos.com.ar\/wp-content\/uploads\/2023\/03\/3578_543221025700510_740248684_n.jpg\",\"keywords\":[\"INFO DEPORTELAUQUEN\"],\"articleSection\":[\"Bloque inferior - 1\"],\"inLanguage\":\"es\"},{\"@type\":\"WebPage\",\"@id\":\"https:\/\/infoecos.com.ar\/index.php\/ferro-carril-oeste-gano-el-clasico-del-futbol-trenquelauquense\/\",\"url\":\"https:\/\/infoecos.com.ar\/index.php\/ferro-carril-oeste-gano-el-clasico-del-futbol-trenquelauquense\/\",\"name\":\"Ferro Carril Oeste gan\u00f3 el cl\u00e1sico del f\u00fatbol trenquelauquense - Infoecos\",\"isPartOf\":{\"@id\":\"https:\/\/infoecos.com.ar\/#website\"},\"primaryImageOfPage\":{\"@id\":\"https:\/\/infoecos.com.ar\/index.php\/ferro-carril-oeste-gano-el-clasico-del-futbol-trenquelauquense\/#primaryimage\"},\"image\":{\"@id\":\"https:\/\/infoecos.com.ar\/index.php\/ferro-carril-oeste-gano-el-clasico-del-futbol-trenquelauquense\/#primaryimage\"},\"thumbnailUrl\":\"https:\/\/infoecos.com.ar\/wp-content\/uploads\/2023\/03\/3578_543221025700510_740248684_n.jpg\",\"datePublished\":\"2023-03-27T00:55:41+00:00\",\"dateModified\":\"2023-03-29T05:36:01+00:00\",\"breadcrumb\":{\"@id\":\"https:\/\/infoecos.com.ar\/index.php\/ferro-carril-oeste-gano-el-clasico-del-futbol-trenquelauquense\/#breadcrumb\"},\"inLanguage\":\"es\",\"potentialAction\":[{\"@type\":\"ReadAction\",\"target\":[\"https:\/\/infoecos.com.ar\/index.php\/ferro-carril-oeste-gano-el-clasico-del-futbol-trenquelauquense\/\"]}]},{\"@type\":\"ImageObject\",\"inLanguage\":\"es\",\"@id\":\"https:\/\/infoecos.com.ar\/index.php\/ferro-carril-oeste-gano-el-clasico-del-futbol-trenquelauquense\/#primaryimage\",\"url\":\"https:\/\/infoecos.com.ar\/wp-content\/uploads\/2023\/03\/3578_543221025700510_740248684_n.jpg\",\"contentUrl\":\"https:\/\/infoecos.com.ar\/wp-content\/uploads\/2023\/03\/3578_543221025700510_740248684_n.jpg\",\"width\":843,\"height\":959},{\"@type\":\"BreadcrumbList\",\"@id\":\"https:\/\/infoecos.com.ar\/index.php\/ferro-carril-oeste-gano-el-clasico-del-futbol-trenquelauquense\/#breadcrumb\",\"itemListElement\":[{\"@type\":\"ListItem\",\"position\":1,\"name\":\"Portada\",\"item\":\"https:\/\/infoecos.com.ar\/\"},{\"@type\":\"ListItem\",\"position\":2,\"name\":\"Ferro Carril Oeste gan\u00f3 el cl\u00e1sico del f\u00fatbol trenquelauquense\"}]},{\"@type\":\"WebSite\",\"@id\":\"https:\/\/infoecos.com.ar\/#website\",\"url\":\"https:\/\/infoecos.com.ar\/\",\"name\":\"Infoecos\",\"description\":\"Noticias de trenque lauquen y la zona\",\"publisher\":{\"@id\":\"https:\/\/infoecos.com.ar\/#organization\"},\"alternateName\":\"Noticias\",\"potentialAction\":[{\"@type\":\"SearchAction\",\"target\":{\"@type\":\"EntryPoint\",\"urlTemplate\":\"https:\/\/infoecos.com.ar\/?s={search_term_string}\"},\"query-input\":{\"@type\":\"PropertyValueSpecification\",\"valueRequired\":true,\"valueName\":\"search_term_string\"}}],\"inLanguage\":\"es\"},{\"@type\":\"Organization\",\"@id\":\"https:\/\/infoecos.com.ar\/#organization\",\"name\":\"Infoecos\",\"alternateName\":\"Noticias\",\"url\":\"https:\/\/infoecos.com.ar\/\",\"logo\":{\"@type\":\"ImageObject\",\"inLanguage\":\"es\",\"@id\":\"https:\/\/infoecos.com.ar\/#\/schema\/logo\/image\/\",\"url\":\"https:\/\/infoecos.com.ar\/wp-content\/uploads\/2024\/03\/cropped-logo.png\",\"contentUrl\":\"https:\/\/infoecos.com.ar\/wp-content\/uploads\/2024\/03\/cropped-logo.png\",\"width\":374,\"height\":90,\"caption\":\"Infoecos\"},\"image\":{\"@id\":\"https:\/\/infoecos.com.ar\/#\/schema\/logo\/image\/\"},\"sameAs\":[\"https:\/\/www.facebook.com\/profile.php?id=100063200290284\",\"https:\/\/x.com\/infoecos\"]},{\"@type\":\"Person\",\"@id\":\"https:\/\/infoecos.com.ar\/#\/schema\/person\/8f5ace5ce73b4b4aac4b7245aee6f191\",\"name\":\"Jorge Matheus\",\"url\":\"https:\/\/infoecos.com.ar\/index.php\/author\/jomatheus\/\"}]}<\/script>\n<!-- \/ Yoast SEO plugin. -->","yoast_head_json":{"title":"Ferro Carril Oeste gan\u00f3 el cl\u00e1sico del f\u00fatbol trenquelauquense - Infoecos","robots":{"index":"index","follow":"follow","max-snippet":"max-snippet:-1","max-image-preview":"max-image-preview:large","max-video-preview":"max-video-preview:-1"},"canonical":"https:\/\/infoecos.com.ar\/index.php\/ferro-carril-oeste-gano-el-clasico-del-futbol-trenquelauquense\/","og_locale":"es_ES","og_type":"article","og_title":"Ferro Carril Oeste gan\u00f3 el cl\u00e1sico del f\u00fatbol trenquelauquense - Infoecos","og_description":"Cuatro partidos se jugaron este domingo. El anticipado fue el s\u00e1bado, habi\u00e9ndole ganado Barrio Alegre a Tres Llantas","og_url":"https:\/\/infoecos.com.ar\/index.php\/ferro-carril-oeste-gano-el-clasico-del-futbol-trenquelauquense\/","og_site_name":"Infoecos","article_publisher":"https:\/\/www.facebook.com\/profile.php?id=100063200290284","article_published_time":"2023-03-27T00:55:41+00:00","article_modified_time":"2023-03-29T05:36:01+00:00","og_image":[{"width":843,"height":959,"url":"https:\/\/infoecos.com.ar\/wp-content\/uploads\/2023\/03\/3578_543221025700510_740248684_n.jpg","type":"image\/jpeg"}],"author":"Jorge Matheus","twitter_card":"summary_large_image","twitter_creator":"@infoecos","twitter_site":"@infoecos","twitter_misc":{"Escrito por":"Jorge Matheus","Tiempo de lectura":"3 minutos"},"schema":{"@context":"https:\/\/schema.org","@graph":[{"@type":"Article","@id":"https:\/\/infoecos.com.ar\/index.php\/ferro-carril-oeste-gano-el-clasico-del-futbol-trenquelauquense\/#article","isPartOf":{"@id":"https:\/\/infoecos.com.ar\/index.php\/ferro-carril-oeste-gano-el-clasico-del-futbol-trenquelauquense\/"},"author":{"name":"Jorge Matheus","@id":"https:\/\/infoecos.com.ar\/#\/schema\/person\/8f5ace5ce73b4b4aac4b7245aee6f191"},"headline":"Ferro Carril Oeste gan\u00f3 el cl\u00e1sico del f\u00fatbol trenquelauquense","datePublished":"2023-03-27T00:55:41+00:00","dateModified":"2023-03-29T05:36:01+00:00","mainEntityOfPage":{"@id":"https:\/\/infoecos.com.ar\/index.php\/ferro-carril-oeste-gano-el-clasico-del-futbol-trenquelauquense\/"},"wordCount":52,"publisher":{"@id":"https:\/\/infoecos.com.ar\/#organization"},"image":{"@id":"https:\/\/infoecos.com.ar\/index.php\/ferro-carril-oeste-gano-el-clasico-del-futbol-trenquelauquense\/#primaryimage"},"thumbnailUrl":"https:\/\/infoecos.com.ar\/wp-content\/uploads\/2023\/03\/3578_543221025700510_740248684_n.jpg","keywords":["INFO DEPORTELAUQUEN"],"articleSection":["Bloque inferior - 1"],"inLanguage":"es"},{"@type":"WebPage","@id":"https:\/\/infoecos.com.ar\/index.php\/ferro-carril-oeste-gano-el-clasico-del-futbol-trenquelauquense\/","url":"https:\/\/infoecos.com.ar\/index.php\/ferro-carril-oeste-gano-el-clasico-del-futbol-trenquelauquense\/","name":"Ferro Carril Oeste gan\u00f3 el cl\u00e1sico del f\u00fatbol trenquelauquense - Infoecos","isPartOf":{"@id":"https:\/\/infoecos.com.ar\/#website"},"primaryImageOfPage":{"@id":"https:\/\/infoecos.com.ar\/index.php\/ferro-carril-oeste-gano-el-clasico-del-futbol-trenquelauquense\/#primaryimage"},"image":{"@id":"https:\/\/infoecos.com.ar\/index.php\/ferro-carril-oeste-gano-el-clasico-del-futbol-trenquelauquense\/#primaryimage"},"thumbnailUrl":"https:\/\/infoecos.com.ar\/wp-content\/uploads\/2023\/03\/3578_543221025700510_740248684_n.jpg","datePublished":"2023-03-27T00:55:41+00:00","dateModified":"2023-03-29T05:36:01+00:00","breadcrumb":{"@id":"https:\/\/infoecos.com.ar\/index.php\/ferro-carril-oeste-gano-el-clasico-del-futbol-trenquelauquense\/#breadcrumb"},"inLanguage":"es","potentialAction":[{"@type":"ReadAction","target":["https:\/\/infoecos.com.ar\/index.php\/ferro-carril-oeste-gano-el-clasico-del-futbol-trenquelauquense\/"]}]},{"@type":"ImageObject","inLanguage":"es","@id":"https:\/\/infoecos.com.ar\/index.php\/ferro-carril-oeste-gano-el-clasico-del-futbol-trenquelauquense\/#primaryimage","url":"https:\/\/infoecos.com.ar\/wp-content\/uploads\/2023\/03\/3578_543221025700510_740248684_n.jpg","contentUrl":"https:\/\/infoecos.com.ar\/wp-content\/uploads\/2023\/03\/3578_543221025700510_740248684_n.jpg","width":843,"height":959},{"@type":"BreadcrumbList","@id":"https:\/\/infoecos.com.ar\/index.php\/ferro-carril-oeste-gano-el-clasico-del-futbol-trenquelauquense\/#breadcrumb","itemListElement":[{"@type":"ListItem","position":1,"name":"Portada","item":"https:\/\/infoecos.com.ar\/"},{"@type":"ListItem","position":2,"name":"Ferro Carril Oeste gan\u00f3 el cl\u00e1sico del f\u00fatbol trenquelauquense"}]},{"@type":"WebSite","@id":"https:\/\/infoecos.com.ar\/#website","url":"https:\/\/infoecos.com.ar\/","name":"Infoecos","description":"Noticias de trenque lauquen y la zona","publisher":{"@id":"https:\/\/infoecos.com.ar\/#organization"},"alternateName":"Noticias","potentialAction":[{"@type":"SearchAction","target":{"@type":"EntryPoint","urlTemplate":"https:\/\/infoecos.com.ar\/?s={search_term_string}"},"query-input":{"@type":"PropertyValueSpecification","valueRequired":true,"valueName":"search_term_string"}}],"inLanguage":"es"},{"@type":"Organization","@id":"https:\/\/infoecos.com.ar\/#organization","name":"Infoecos","alternateName":"Noticias","url":"https:\/\/infoecos.com.ar\/","logo":{"@type":"ImageObject","inLanguage":"es","@id":"https:\/\/infoecos.com.ar\/#\/schema\/logo\/image\/","url":"https:\/\/infoecos.com.ar\/wp-content\/uploads\/2024\/03\/cropped-logo.png","contentUrl":"https:\/\/infoecos.com.ar\/wp-content\/uploads\/2024\/03\/cropped-logo.png","width":374,"height":90,"caption":"Infoecos"},"image":{"@id":"https:\/\/infoecos.com.ar\/#\/schema\/logo\/image\/"},"sameAs":["https:\/\/www.facebook.com\/profile.php?id=100063200290284","https:\/\/x.com\/infoecos"]},{"@type":"Person","@id":"https:\/\/infoecos.com.ar\/#\/schema\/person\/8f5ace5ce73b4b4aac4b7245aee6f191","name":"Jorge Matheus","url":"https:\/\/infoecos.com.ar\/index.php\/author\/jomatheus\/"}]}},"featured_image_urls":{"full":["https:\/\/infoecos.com.ar\/wp-content\/uploads\/2023\/03\/3578_543221025700510_740248684_n.jpg",843,959,false],"thumbnail":["https:\/\/infoecos.com.ar\/wp-content\/uploads\/2023\/03\/3578_543221025700510_740248684_n-300x150.jpg",300,150,true],"medium":["https:\/\/infoecos.com.ar\/wp-content\/uploads\/2023\/03\/3578_543221025700510_740248684_n-703x800.jpg",703,800,true],"medium_large":["https:\/\/infoecos.com.ar\/wp-content\/uploads\/2023\/03\/3578_543221025700510_740248684_n-768x874.jpg",640,728,true],"large":["https:\/\/infoecos.com.ar\/wp-content\/uploads\/2023\/03\/3578_543221025700510_740248684_n.jpg",640,728,false],"1536x1536":["https:\/\/infoecos.com.ar\/wp-content\/uploads\/2023\/03\/3578_543221025700510_740248684_n.jpg",843,959,false],"2048x2048":["https:\/\/infoecos.com.ar\/wp-content\/uploads\/2023\/03\/3578_543221025700510_740248684_n.jpg",843,959,false],"covernews-slider-full":["https:\/\/infoecos.com.ar\/wp-content\/uploads\/2023\/03\/3578_543221025700510_740248684_n.jpg",629,715,false],"covernews-slider-center":["https:\/\/infoecos.com.ar\/wp-content\/uploads\/2023\/03\/3578_543221025700510_740248684_n-843x897.jpg",470,500,true],"covernews-featured":["https:\/\/infoecos.com.ar\/wp-content\/uploads\/2023\/03\/3578_543221025700510_740248684_n.jpg",843,959,false],"covernews-medium":["https:\/\/infoecos.com.ar\/wp-content\/uploads\/2023\/03\/3578_543221025700510_740248684_n-720x380.jpg",540,285,true],"covernews-medium-square":["https:\/\/infoecos.com.ar\/wp-content\/uploads\/2023\/03\/3578_543221025700510_740248684_n-675x450.jpg",375,250,true]},"author_info":{"info":["Jorge Matheus"]},"category_info":"<a href=\"https:\/\/infoecos.com.ar\/index.php\/category\/inferior1\/\" rel=\"category tag\">Bloque inferior - 1<\/a>","tag_info":"Bloque inferior - 1","comment_count":"0","_links":{"self":[{"href":"https:\/\/infoecos.com.ar\/index.php\/wp-json\/wp\/v2\/posts\/103178"}],"collection":[{"href":"https:\/\/infoecos.com.ar\/index.php\/wp-json\/wp\/v2\/posts"}],"about":[{"href":"https:\/\/infoecos.com.ar\/index.php\/wp-json\/wp\/v2\/types\/post"}],"author":[{"embeddable":true,"href":"https:\/\/infoecos.com.ar\/index.php\/wp-json\/wp\/v2\/users\/2"}],"replies":[{"embeddable":true,"href":"https:\/\/infoecos.com.ar\/index.php\/wp-json\/wp\/v2\/comments?post=103178"}],"version-history":[{"count":1,"href":"https:\/\/infoecos.com.ar\/index.php\/wp-json\/wp\/v2\/posts\/103178\/revisions"}],"predecessor-version":[{"id":103180,"href":"https:\/\/infoecos.com.ar\/index.php\/wp-json\/wp\/v2\/posts\/103178\/revisions\/103180"}],"wp:featuredmedia":[{"embeddable":true,"href":"https:\/\/infoecos.com.ar\/index.php\/wp-json\/wp\/v2\/media\/103179"}],"wp:attachment":[{"href":"https:\/\/infoecos.com.ar\/index.php\/wp-json\/wp\/v2\/media?parent=103178"}],"wp:term":[{"taxonomy":"category","embeddable":true,"href":"https:\/\/infoecos.com.ar\/index.php\/wp-json\/wp\/v2\/categories?post=103178"},{"taxonomy":"post_tag","embeddable":true,"href":"https:\/\/infoecos.com.ar\/index.php\/wp-json\/wp\/v2\/tags?post=103178"}],"curies":[{"name":"wp","href":"https:\/\/api.w.org\/{rel}","templated":true}]}}