{"id":103269,"date":"2023-03-30T00:33:09","date_gmt":"2023-03-30T03:33:09","guid":{"rendered":"https:\/\/infoecos.com.ar\/?p=103269"},"modified":"2023-04-03T01:38:50","modified_gmt":"2023-04-03T04:38:50","slug":"presentan-la-primera-semilla-de-cannabis-medicinal-desarrollada-y-producida-en-argentina","status":"publish","type":"post","link":"https:\/\/infoecos.com.ar\/index.php\/presentan-la-primera-semilla-de-cannabis-medicinal-desarrollada-y-producida-en-argentina\/","title":{"rendered":"Presentan la primera semilla de cannabis medicinal desarrollada y producida en Argentina"},"content":{"rendered":"\n<p>Despu\u00e9s de m\u00e1s de varios a\u00f1os de trabajo en investigaci\u00f3n y desarrollo, esta nueva variedad de semillas ha sido aprobada y ya forma parte del Registro Nacional de Cultivares de Argentina. Productores locales autorizados y personas inscritas en el REPROCANN (Registro Nacional de Pacientes en Tratamiento con Cannabis) ahora pueden adquirir la semilla y obtener mejores resultados gracias a su capacidad para adaptarse mejor a las condiciones clim\u00e1ticas de la regi\u00f3n. Adem\u00e1s, este avance cient\u00edfico es importante para toda la industria, ya que elimina la necesidad de importar semillas.<\/p>\n\n\n\n<figure class=\"wp-block-image aligncenter size-full is-resized\"><img loading=\"lazy\" decoding=\"async\" src=\"https:\/\/infoecos.com.ar\/wp-content\/uploads\/2023\/03\/CANNABISMEDI.jpg\" alt=\"\" class=\"wp-image-103270\" width=\"527\" height=\"306\" srcset=\"https:\/\/infoecos.com.ar\/wp-content\/uploads\/2023\/03\/CANNABISMEDI.jpg 880w, https:\/\/infoecos.com.ar\/wp-content\/uploads\/2023\/03\/CANNABISMEDI-800x465.jpg 800w, https:\/\/infoecos.com.ar\/wp-content\/uploads\/2023\/03\/CANNABISMEDI-768x447.jpg 768w\" sizes=\"(max-width: 527px) 100vw, 527px\" \/><figcaption class=\"wp-element-caption\">Cannabis Medicinal <\/figcaption><\/figure>\n\n\n\n<p>Seg\u00fan explic\u00f3 Sebasti\u00e1n Tedesco, Director T\u00e9cnico y Cofundador de Pampa Hemp a InfoGEI, el objetivo de la firma, \u201cfue crear una variedad que tuviera una excelente adaptaci\u00f3n al suelo, al clima y resistencia a las plagas que hay en la Provincia de Buenos Aires para los cultivos cann\u00e1bicos en exterior. Adem\u00e1s posee una alta concentraci\u00f3n de THC y CBG, este \u00faltimo un cannabinoide que no es tan f\u00e1cil de encontrar y que est\u00e1 siendo cada vez m\u00e1s observado por los beneficios terap\u00e9uticos que ofrece como antiinflamatorio y paliativo del dolor. En este momento estamos trabajando en tareas de genotipado y marcadores moleculares que nos permitan continuar con el trabajo de foto mejoramiento\u201d.<\/p>\n\n\n\n<p>Este desarrollo comenz\u00f3 como una idea en 2017, realiz\u00e1ndose diferentes pruebas en un campo de Lobos con diversas variedades de semillas para encontrar la que mejor se adaptara al suelo y conviviera mejor con las especies vegetales aut\u00f3ctonas. Este proceso fue el puntapi\u00e9 que llev\u00f3 a la creaci\u00f3n de una nueva cepa que ahora est\u00e1 disponible en el mercado.<\/p>\n\n\n\n<p>La inscripci\u00f3n de PH LOBERA en el registro es un paso m\u00e1s hacia la consolidaci\u00f3n del sector del cannabis en Argentina, que busca fomentar la investigaci\u00f3n m\u00e9dica y cient\u00edfica, as\u00ed como el desarrollo industrial del cultivo. El reconocimiento oficial de esta cepa contribuir\u00e1 al crecimiento de la cadena productiva de cannabis y al fortalecimiento de la posici\u00f3n de Argentina en el mercado mundial de productos derivados del c\u00e1\u00f1amo y el cannabis.<\/p>\n\n\n\n<p>Pampa Hemp, una pyme argentina que se dedica a la investigaci\u00f3n, desarrollo y producci\u00f3n de cannabis con fines medicinales, acaba de anunciar un logro hist\u00f3rico en el pa\u00eds con la aprobaci\u00f3n de su primera variedad aut\u00f3ctona de semillas de cannabis, PH LOBERA, por el Instituto Nacional de Semillas (INASE).<\/p>\n\n\n\n<p>Despu\u00e9s de m\u00e1s de varios a\u00f1os de trabajo en investigaci\u00f3n y desarrollo, esta nueva variedad de semillas ha sido aprobada y ya forma parte del Registro Nacional de Cultivares de Argentina. Productores locales autorizados y personas inscritas en el REPROCANN (Registro Nacional de Pacientes en Tratamiento con Cannabis) ahora pueden adquirir la semilla y obtener mejores resultados gracias a su capacidad para adaptarse mejor a las condiciones clim\u00e1ticas de la regi\u00f3n. Adem\u00e1s, este avance cient\u00edfico es importante para toda la industria, ya que elimina la necesidad de importar semillas.<\/p>\n\n\n\n<p>Seg\u00fan explic\u00f3 Sebasti\u00e1n Tedesco, Director T\u00e9cnico y Cofundador de Pampa Hemp a InfoGEI, el objetivo de la firma, \u201cfue crear una variedad que tuviera una excelente adaptaci\u00f3n al suelo, al clima y resistencia a las plagas que hay en la Provincia de Buenos Aires para los cultivos cann\u00e1bicos en exterior. Adem\u00e1s posee una alta concentraci\u00f3n de THC y CBG, este \u00faltimo un cannabinoide que no es tan f\u00e1cil de encontrar y que est\u00e1 siendo cada vez m\u00e1s observado por los beneficios terap\u00e9uticos que ofrece como antiinflamatorio y paliativo del dolor. En este momento estamos trabajando en tareas de genotipado y marcadores moleculares que nos permitan continuar con el trabajo de foto mejoramiento\u201d.<\/p>\n\n\n\n<p>Este desarrollo comenz\u00f3 como una idea en 2017, realiz\u00e1ndose diferentes pruebas en un campo de Lobos con diversas variedades de semillas para encontrar la que mejor se adaptara al suelo y conviviera mejor con las especies vegetales aut\u00f3ctonas. Este proceso fue el puntapi\u00e9 que llev\u00f3 a la creaci\u00f3n de una nueva cepa que ahora est\u00e1 disponible en el mercado.<\/p>\n\n\n\n<p>La inscripci\u00f3n de PH LOBERA en el registro es un paso m\u00e1s hacia la consolidaci\u00f3n del sector del cannabis en Argentina, que busca fomentar la investigaci\u00f3n m\u00e9dica y cient\u00edfica, as\u00ed como el desarrollo industrial del cultivo. El reconocimiento oficial de esta cepa contribuir\u00e1 al crecimiento de la cadena productiva de cannabis y al fortalecimiento de la posici\u00f3n de Argentina en el mercado mundial de productos derivados del c\u00e1\u00f1amo y el cannabis.<\/p>\n","protected":false},"excerpt":{"rendered":"<p>Fuente: infogei.com. Este avance cient\u00edfico es importante para toda la industria, ya que elimina la necesidad de importar semillas<\/p>\n","protected":false},"author":2,"featured_media":103270,"comment_status":"closed","ping_status":"open","sticky":false,"template":"","format":"standard","meta":{"footnotes":""},"categories":[200],"tags":[156],"class_list":["post-103269","post","type-post","status-publish","format-standard","has-post-thumbnail","hentry","category-inferior8","tag-salud"],"yoast_head":"<!-- This site is optimized with the Yoast SEO plugin v23.4 - https:\/\/yoast.com\/wordpress\/plugins\/seo\/ -->\n<title>Presentan la primera semilla de cannabis medicinal desarrollada y producida en Argentina - Infoecos<\/title>\n<meta name=\"robots\" content=\"index, follow, max-snippet:-1, max-image-preview:large, max-video-preview:-1\" \/>\n<link rel=\"canonical\" href=\"https:\/\/infoecos.com.ar\/index.php\/presentan-la-primera-semilla-de-cannabis-medicinal-desarrollada-y-producida-en-argentina\/\" \/>\n<meta property=\"og:locale\" content=\"es_ES\" \/>\n<meta property=\"og:type\" content=\"article\" \/>\n<meta property=\"og:title\" content=\"Presentan la primera semilla de cannabis medicinal desarrollada y producida en Argentina - Infoecos\" \/>\n<meta property=\"og:description\" content=\"Fuente: infogei.com. Este avance cient\u00edfico es importante para toda la industria, ya que elimina la necesidad de importar semillas\" \/>\n<meta property=\"og:url\" content=\"https:\/\/infoecos.com.ar\/index.php\/presentan-la-primera-semilla-de-cannabis-medicinal-desarrollada-y-producida-en-argentina\/\" \/>\n<meta property=\"og:site_name\" content=\"Infoecos\" \/>\n<meta property=\"article:publisher\" content=\"https:\/\/www.facebook.com\/profile.php?id=100063200290284\" \/>\n<meta property=\"article:published_time\" content=\"2023-03-30T03:33:09+00:00\" \/>\n<meta property=\"article:modified_time\" content=\"2023-04-03T04:38:50+00:00\" \/>\n<meta property=\"og:image\" content=\"https:\/\/infoecos.com.ar\/wp-content\/uploads\/2023\/03\/CANNABISMEDI.jpg\" \/>\n\t<meta property=\"og:image:width\" content=\"880\" \/>\n\t<meta property=\"og:image:height\" content=\"512\" \/>\n\t<meta property=\"og:image:type\" content=\"image\/jpeg\" \/>\n<meta name=\"author\" content=\"Jorge Matheus\" \/>\n<meta name=\"twitter:card\" content=\"summary_large_image\" \/>\n<meta name=\"twitter:creator\" content=\"@infoecos\" \/>\n<meta name=\"twitter:site\" content=\"@infoecos\" \/>\n<meta name=\"twitter:label1\" content=\"Escrito por\" \/>\n\t<meta name=\"twitter:data1\" content=\"Jorge Matheus\" \/>\n\t<meta name=\"twitter:label2\" content=\"Tiempo de lectura\" \/>\n\t<meta name=\"twitter:data2\" content=\"4 minutos\" \/>\n<script type=\"application\/ld+json\" class=\"yoast-schema-graph\">{\"@context\":\"https:\/\/schema.org\",\"@graph\":[{\"@type\":\"Article\",\"@id\":\"https:\/\/infoecos.com.ar\/index.php\/presentan-la-primera-semilla-de-cannabis-medicinal-desarrollada-y-producida-en-argentina\/#article\",\"isPartOf\":{\"@id\":\"https:\/\/infoecos.com.ar\/index.php\/presentan-la-primera-semilla-de-cannabis-medicinal-desarrollada-y-producida-en-argentina\/\"},\"author\":{\"name\":\"Jorge Matheus\",\"@id\":\"https:\/\/infoecos.com.ar\/#\/schema\/person\/8f5ace5ce73b4b4aac4b7245aee6f191\"},\"headline\":\"Presentan la primera semilla de cannabis medicinal desarrollada y producida en Argentina\",\"datePublished\":\"2023-03-30T03:33:09+00:00\",\"dateModified\":\"2023-04-03T04:38:50+00:00\",\"mainEntityOfPage\":{\"@id\":\"https:\/\/infoecos.com.ar\/index.php\/presentan-la-primera-semilla-de-cannabis-medicinal-desarrollada-y-producida-en-argentina\/\"},\"wordCount\":787,\"publisher\":{\"@id\":\"https:\/\/infoecos.com.ar\/#organization\"},\"image\":{\"@id\":\"https:\/\/infoecos.com.ar\/index.php\/presentan-la-primera-semilla-de-cannabis-medicinal-desarrollada-y-producida-en-argentina\/#primaryimage\"},\"thumbnailUrl\":\"https:\/\/infoecos.com.ar\/wp-content\/uploads\/2023\/03\/CANNABISMEDI.jpg\",\"keywords\":[\"SALUD\"],\"articleSection\":[\"Bloque inferior - 8\"],\"inLanguage\":\"es\"},{\"@type\":\"WebPage\",\"@id\":\"https:\/\/infoecos.com.ar\/index.php\/presentan-la-primera-semilla-de-cannabis-medicinal-desarrollada-y-producida-en-argentina\/\",\"url\":\"https:\/\/infoecos.com.ar\/index.php\/presentan-la-primera-semilla-de-cannabis-medicinal-desarrollada-y-producida-en-argentina\/\",\"name\":\"Presentan la primera semilla de cannabis medicinal desarrollada y producida en Argentina - Infoecos\",\"isPartOf\":{\"@id\":\"https:\/\/infoecos.com.ar\/#website\"},\"primaryImageOfPage\":{\"@id\":\"https:\/\/infoecos.com.ar\/index.php\/presentan-la-primera-semilla-de-cannabis-medicinal-desarrollada-y-producida-en-argentina\/#primaryimage\"},\"image\":{\"@id\":\"https:\/\/infoecos.com.ar\/index.php\/presentan-la-primera-semilla-de-cannabis-medicinal-desarrollada-y-producida-en-argentina\/#primaryimage\"},\"thumbnailUrl\":\"https:\/\/infoecos.com.ar\/wp-content\/uploads\/2023\/03\/CANNABISMEDI.jpg\",\"datePublished\":\"2023-03-30T03:33:09+00:00\",\"dateModified\":\"2023-04-03T04:38:50+00:00\",\"breadcrumb\":{\"@id\":\"https:\/\/infoecos.com.ar\/index.php\/presentan-la-primera-semilla-de-cannabis-medicinal-desarrollada-y-producida-en-argentina\/#breadcrumb\"},\"inLanguage\":\"es\",\"potentialAction\":[{\"@type\":\"ReadAction\",\"target\":[\"https:\/\/infoecos.com.ar\/index.php\/presentan-la-primera-semilla-de-cannabis-medicinal-desarrollada-y-producida-en-argentina\/\"]}]},{\"@type\":\"ImageObject\",\"inLanguage\":\"es\",\"@id\":\"https:\/\/infoecos.com.ar\/index.php\/presentan-la-primera-semilla-de-cannabis-medicinal-desarrollada-y-producida-en-argentina\/#primaryimage\",\"url\":\"https:\/\/infoecos.com.ar\/wp-content\/uploads\/2023\/03\/CANNABISMEDI.jpg\",\"contentUrl\":\"https:\/\/infoecos.com.ar\/wp-content\/uploads\/2023\/03\/CANNABISMEDI.jpg\",\"width\":880,\"height\":512},{\"@type\":\"BreadcrumbList\",\"@id\":\"https:\/\/infoecos.com.ar\/index.php\/presentan-la-primera-semilla-de-cannabis-medicinal-desarrollada-y-producida-en-argentina\/#breadcrumb\",\"itemListElement\":[{\"@type\":\"ListItem\",\"position\":1,\"name\":\"Portada\",\"item\":\"https:\/\/infoecos.com.ar\/\"},{\"@type\":\"ListItem\",\"position\":2,\"name\":\"Presentan la primera semilla de cannabis medicinal desarrollada y producida en Argentina\"}]},{\"@type\":\"WebSite\",\"@id\":\"https:\/\/infoecos.com.ar\/#website\",\"url\":\"https:\/\/infoecos.com.ar\/\",\"name\":\"Infoecos\",\"description\":\"Noticias de trenque lauquen y la zona\",\"publisher\":{\"@id\":\"https:\/\/infoecos.com.ar\/#organization\"},\"alternateName\":\"Noticias\",\"potentialAction\":[{\"@type\":\"SearchAction\",\"target\":{\"@type\":\"EntryPoint\",\"urlTemplate\":\"https:\/\/infoecos.com.ar\/?s={search_term_string}\"},\"query-input\":{\"@type\":\"PropertyValueSpecification\",\"valueRequired\":true,\"valueName\":\"search_term_string\"}}],\"inLanguage\":\"es\"},{\"@type\":\"Organization\",\"@id\":\"https:\/\/infoecos.com.ar\/#organization\",\"name\":\"Infoecos\",\"alternateName\":\"Noticias\",\"url\":\"https:\/\/infoecos.com.ar\/\",\"logo\":{\"@type\":\"ImageObject\",\"inLanguage\":\"es\",\"@id\":\"https:\/\/infoecos.com.ar\/#\/schema\/logo\/image\/\",\"url\":\"https:\/\/infoecos.com.ar\/wp-content\/uploads\/2024\/03\/cropped-logo.png\",\"contentUrl\":\"https:\/\/infoecos.com.ar\/wp-content\/uploads\/2024\/03\/cropped-logo.png\",\"width\":374,\"height\":90,\"caption\":\"Infoecos\"},\"image\":{\"@id\":\"https:\/\/infoecos.com.ar\/#\/schema\/logo\/image\/\"},\"sameAs\":[\"https:\/\/www.facebook.com\/profile.php?id=100063200290284\",\"https:\/\/x.com\/infoecos\"]},{\"@type\":\"Person\",\"@id\":\"https:\/\/infoecos.com.ar\/#\/schema\/person\/8f5ace5ce73b4b4aac4b7245aee6f191\",\"name\":\"Jorge Matheus\",\"url\":\"https:\/\/infoecos.com.ar\/index.php\/author\/jomatheus\/\"}]}<\/script>\n<!-- \/ Yoast SEO plugin. -->","yoast_head_json":{"title":"Presentan la primera semilla de cannabis medicinal desarrollada y producida en Argentina - Infoecos","robots":{"index":"index","follow":"follow","max-snippet":"max-snippet:-1","max-image-preview":"max-image-preview:large","max-video-preview":"max-video-preview:-1"},"canonical":"https:\/\/infoecos.com.ar\/index.php\/presentan-la-primera-semilla-de-cannabis-medicinal-desarrollada-y-producida-en-argentina\/","og_locale":"es_ES","og_type":"article","og_title":"Presentan la primera semilla de cannabis medicinal desarrollada y producida en Argentina - Infoecos","og_description":"Fuente: infogei.com. Este avance cient\u00edfico es importante para toda la industria, ya que elimina la necesidad de importar semillas","og_url":"https:\/\/infoecos.com.ar\/index.php\/presentan-la-primera-semilla-de-cannabis-medicinal-desarrollada-y-producida-en-argentina\/","og_site_name":"Infoecos","article_publisher":"https:\/\/www.facebook.com\/profile.php?id=100063200290284","article_published_time":"2023-03-30T03:33:09+00:00","article_modified_time":"2023-04-03T04:38:50+00:00","og_image":[{"width":880,"height":512,"url":"https:\/\/infoecos.com.ar\/wp-content\/uploads\/2023\/03\/CANNABISMEDI.jpg","type":"image\/jpeg"}],"author":"Jorge Matheus","twitter_card":"summary_large_image","twitter_creator":"@infoecos","twitter_site":"@infoecos","twitter_misc":{"Escrito por":"Jorge Matheus","Tiempo de lectura":"4 minutos"},"schema":{"@context":"https:\/\/schema.org","@graph":[{"@type":"Article","@id":"https:\/\/infoecos.com.ar\/index.php\/presentan-la-primera-semilla-de-cannabis-medicinal-desarrollada-y-producida-en-argentina\/#article","isPartOf":{"@id":"https:\/\/infoecos.com.ar\/index.php\/presentan-la-primera-semilla-de-cannabis-medicinal-desarrollada-y-producida-en-argentina\/"},"author":{"name":"Jorge Matheus","@id":"https:\/\/infoecos.com.ar\/#\/schema\/person\/8f5ace5ce73b4b4aac4b7245aee6f191"},"headline":"Presentan la primera semilla de cannabis medicinal desarrollada y producida en Argentina","datePublished":"2023-03-30T03:33:09+00:00","dateModified":"2023-04-03T04:38:50+00:00","mainEntityOfPage":{"@id":"https:\/\/infoecos.com.ar\/index.php\/presentan-la-primera-semilla-de-cannabis-medicinal-desarrollada-y-producida-en-argentina\/"},"wordCount":787,"publisher":{"@id":"https:\/\/infoecos.com.ar\/#organization"},"image":{"@id":"https:\/\/infoecos.com.ar\/index.php\/presentan-la-primera-semilla-de-cannabis-medicinal-desarrollada-y-producida-en-argentina\/#primaryimage"},"thumbnailUrl":"https:\/\/infoecos.com.ar\/wp-content\/uploads\/2023\/03\/CANNABISMEDI.jpg","keywords":["SALUD"],"articleSection":["Bloque inferior - 8"],"inLanguage":"es"},{"@type":"WebPage","@id":"https:\/\/infoecos.com.ar\/index.php\/presentan-la-primera-semilla-de-cannabis-medicinal-desarrollada-y-producida-en-argentina\/","url":"https:\/\/infoecos.com.ar\/index.php\/presentan-la-primera-semilla-de-cannabis-medicinal-desarrollada-y-producida-en-argentina\/","name":"Presentan la primera semilla de cannabis medicinal desarrollada y producida en Argentina - Infoecos","isPartOf":{"@id":"https:\/\/infoecos.com.ar\/#website"},"primaryImageOfPage":{"@id":"https:\/\/infoecos.com.ar\/index.php\/presentan-la-primera-semilla-de-cannabis-medicinal-desarrollada-y-producida-en-argentina\/#primaryimage"},"image":{"@id":"https:\/\/infoecos.com.ar\/index.php\/presentan-la-primera-semilla-de-cannabis-medicinal-desarrollada-y-producida-en-argentina\/#primaryimage"},"thumbnailUrl":"https:\/\/infoecos.com.ar\/wp-content\/uploads\/2023\/03\/CANNABISMEDI.jpg","datePublished":"2023-03-30T03:33:09+00:00","dateModified":"2023-04-03T04:38:50+00:00","breadcrumb":{"@id":"https:\/\/infoecos.com.ar\/index.php\/presentan-la-primera-semilla-de-cannabis-medicinal-desarrollada-y-producida-en-argentina\/#breadcrumb"},"inLanguage":"es","potentialAction":[{"@type":"ReadAction","target":["https:\/\/infoecos.com.ar\/index.php\/presentan-la-primera-semilla-de-cannabis-medicinal-desarrollada-y-producida-en-argentina\/"]}]},{"@type":"ImageObject","inLanguage":"es","@id":"https:\/\/infoecos.com.ar\/index.php\/presentan-la-primera-semilla-de-cannabis-medicinal-desarrollada-y-producida-en-argentina\/#primaryimage","url":"https:\/\/infoecos.com.ar\/wp-content\/uploads\/2023\/03\/CANNABISMEDI.jpg","contentUrl":"https:\/\/infoecos.com.ar\/wp-content\/uploads\/2023\/03\/CANNABISMEDI.jpg","width":880,"height":512},{"@type":"BreadcrumbList","@id":"https:\/\/infoecos.com.ar\/index.php\/presentan-la-primera-semilla-de-cannabis-medicinal-desarrollada-y-producida-en-argentina\/#breadcrumb","itemListElement":[{"@type":"ListItem","position":1,"name":"Portada","item":"https:\/\/infoecos.com.ar\/"},{"@type":"ListItem","position":2,"name":"Presentan la primera semilla de cannabis medicinal desarrollada y producida en Argentina"}]},{"@type":"WebSite","@id":"https:\/\/infoecos.com.ar\/#website","url":"https:\/\/infoecos.com.ar\/","name":"Infoecos","description":"Noticias de trenque lauquen y la zona","publisher":{"@id":"https:\/\/infoecos.com.ar\/#organization"},"alternateName":"Noticias","potentialAction":[{"@type":"SearchAction","target":{"@type":"EntryPoint","urlTemplate":"https:\/\/infoecos.com.ar\/?s={search_term_string}"},"query-input":{"@type":"PropertyValueSpecification","valueRequired":true,"valueName":"search_term_string"}}],"inLanguage":"es"},{"@type":"Organization","@id":"https:\/\/infoecos.com.ar\/#organization","name":"Infoecos","alternateName":"Noticias","url":"https:\/\/infoecos.com.ar\/","logo":{"@type":"ImageObject","inLanguage":"es","@id":"https:\/\/infoecos.com.ar\/#\/schema\/logo\/image\/","url":"https:\/\/infoecos.com.ar\/wp-content\/uploads\/2024\/03\/cropped-logo.png","contentUrl":"https:\/\/infoecos.com.ar\/wp-content\/uploads\/2024\/03\/cropped-logo.png","width":374,"height":90,"caption":"Infoecos"},"image":{"@id":"https:\/\/infoecos.com.ar\/#\/schema\/logo\/image\/"},"sameAs":["https:\/\/www.facebook.com\/profile.php?id=100063200290284","https:\/\/x.com\/infoecos"]},{"@type":"Person","@id":"https:\/\/infoecos.com.ar\/#\/schema\/person\/8f5ace5ce73b4b4aac4b7245aee6f191","name":"Jorge Matheus","url":"https:\/\/infoecos.com.ar\/index.php\/author\/jomatheus\/"}]}},"featured_image_urls":{"full":["https:\/\/infoecos.com.ar\/wp-content\/uploads\/2023\/03\/CANNABISMEDI.jpg",880,512,false],"thumbnail":["https:\/\/infoecos.com.ar\/wp-content\/uploads\/2023\/03\/CANNABISMEDI-300x150.jpg",300,150,true],"medium":["https:\/\/infoecos.com.ar\/wp-content\/uploads\/2023\/03\/CANNABISMEDI-800x465.jpg",800,465,true],"medium_large":["https:\/\/infoecos.com.ar\/wp-content\/uploads\/2023\/03\/CANNABISMEDI-768x447.jpg",640,373,true],"large":["https:\/\/infoecos.com.ar\/wp-content\/uploads\/2023\/03\/CANNABISMEDI.jpg",640,372,false],"1536x1536":["https:\/\/infoecos.com.ar\/wp-content\/uploads\/2023\/03\/CANNABISMEDI.jpg",880,512,false],"2048x2048":["https:\/\/infoecos.com.ar\/wp-content\/uploads\/2023\/03\/CANNABISMEDI.jpg",880,512,false],"covernews-slider-full":["https:\/\/infoecos.com.ar\/wp-content\/uploads\/2023\/03\/CANNABISMEDI.jpg",880,512,false],"covernews-slider-center":["https:\/\/infoecos.com.ar\/wp-content\/uploads\/2023\/03\/CANNABISMEDI.jpg",800,465,false],"covernews-featured":["https:\/\/infoecos.com.ar\/wp-content\/uploads\/2023\/03\/CANNABISMEDI.jpg",880,512,false],"covernews-medium":["https:\/\/infoecos.com.ar\/wp-content\/uploads\/2023\/03\/CANNABISMEDI-720x380.jpg",540,285,true],"covernews-medium-square":["https:\/\/infoecos.com.ar\/wp-content\/uploads\/2023\/03\/CANNABISMEDI-675x450.jpg",375,250,true]},"author_info":{"info":["Jorge Matheus"]},"category_info":"<a href=\"https:\/\/infoecos.com.ar\/index.php\/category\/inferior8\/\" rel=\"category tag\">Bloque inferior - 8<\/a>","tag_info":"Bloque inferior - 8","comment_count":"0","_links":{"self":[{"href":"https:\/\/infoecos.com.ar\/index.php\/wp-json\/wp\/v2\/posts\/103269"}],"collection":[{"href":"https:\/\/infoecos.com.ar\/index.php\/wp-json\/wp\/v2\/posts"}],"about":[{"href":"https:\/\/infoecos.com.ar\/index.php\/wp-json\/wp\/v2\/types\/post"}],"author":[{"embeddable":true,"href":"https:\/\/infoecos.com.ar\/index.php\/wp-json\/wp\/v2\/users\/2"}],"replies":[{"embeddable":true,"href":"https:\/\/infoecos.com.ar\/index.php\/wp-json\/wp\/v2\/comments?post=103269"}],"version-history":[{"count":1,"href":"https:\/\/infoecos.com.ar\/index.php\/wp-json\/wp\/v2\/posts\/103269\/revisions"}],"predecessor-version":[{"id":103271,"href":"https:\/\/infoecos.com.ar\/index.php\/wp-json\/wp\/v2\/posts\/103269\/revisions\/103271"}],"wp:featuredmedia":[{"embeddable":true,"href":"https:\/\/infoecos.com.ar\/index.php\/wp-json\/wp\/v2\/media\/103270"}],"wp:attachment":[{"href":"https:\/\/infoecos.com.ar\/index.php\/wp-json\/wp\/v2\/media?parent=103269"}],"wp:term":[{"taxonomy":"category","embeddable":true,"href":"https:\/\/infoecos.com.ar\/index.php\/wp-json\/wp\/v2\/categories?post=103269"},{"taxonomy":"post_tag","embeddable":true,"href":"https:\/\/infoecos.com.ar\/index.php\/wp-json\/wp\/v2\/tags?post=103269"}],"curies":[{"name":"wp","href":"https:\/\/api.w.org\/{rel}","templated":true}]}}