{"id":103300,"date":"2023-03-31T01:55:51","date_gmt":"2023-03-31T04:55:51","guid":{"rendered":"https:\/\/infoecos.com.ar\/?p=103300"},"modified":"2023-03-31T01:55:52","modified_gmt":"2023-03-31T04:55:52","slug":"el-martes-11-en-el-teatro-espanol-de-trenque-lauquen-el-espectaculo-el-rio-va","status":"publish","type":"post","link":"https:\/\/infoecos.com.ar\/index.php\/el-martes-11-en-el-teatro-espanol-de-trenque-lauquen-el-espectaculo-el-rio-va\/","title":{"rendered":"El martes 11 en el Teatro Espa\u00f1ol de Trenque Lauquen el espect\u00e1culo \u00abEl R\u00edo Va\u00bb"},"content":{"rendered":"\n<p>El espect\u00e1culo \u00abEl R\u00edo Va\u00bb, una propuesta de Juan Caracotche y Orlando Moro que cuenta con la participaci\u00f3n de un amplio grupo de artistas locales, se presentar\u00e1 el pr\u00f3ximo martes 11 de abril a partir de las 21 en el Teatro Espa\u00f1ol en el marco de los festejos por el 147\u00ba aniversario de Trenque Lauquen.<\/p>\n\n\n\n<figure class=\"wp-block-image alignright size-full is-resized\"><img loading=\"lazy\" decoding=\"async\" src=\"https:\/\/infoecos.com.ar\/wp-content\/uploads\/2023\/03\/El-Rio-Va.jpeg\" alt=\"\" class=\"wp-image-103301\" width=\"420\" height=\"297\" srcset=\"https:\/\/infoecos.com.ar\/wp-content\/uploads\/2023\/03\/El-Rio-Va.jpeg 1600w, https:\/\/infoecos.com.ar\/wp-content\/uploads\/2023\/03\/El-Rio-Va-800x566.jpeg 800w, https:\/\/infoecos.com.ar\/wp-content\/uploads\/2023\/03\/El-Rio-Va-768x543.jpeg 768w, https:\/\/infoecos.com.ar\/wp-content\/uploads\/2023\/03\/El-Rio-Va-1536x1086.jpeg 1536w, https:\/\/infoecos.com.ar\/wp-content\/uploads\/2023\/03\/El-Rio-Va-1024x724.jpeg 1024w\" sizes=\"(max-width: 420px) 100vw, 420px\" \/><\/figure>\n\n\n\n<p>La propuesta art\u00edstica integral, que cuenta con el apoyo de la Municipalidad de Trenque Lauquen, se present\u00f3 en noviembre pasado en el Centro Cultural \u201cT\u00edo Roque\u201d de la ciudad de Tala, Rep\u00fablica Oriental del Uruguay, y en esta oportunidad lo har\u00e1 en el Teatro Espa\u00f1ol con entrada libre y gratuita.<\/p>\n\n\n\n<p>El espect\u00e1culo est\u00e1 integrado por Juan Caracotche, en piano y sintetizadores; Orlando Moro, en bajo y guitarra; los cantantes Juan DeFilpo, Fredi Angulo y Pablo D\u00edaz; Julio y Gina Larrosa, en danza, y \u201cSechu\u201d Mart\u00edn, en pintura en vivo.<\/p>\n\n\n\n<p>En esta oportunidad tambi\u00e9n participar\u00e1n Sergio Barbas, en canto; Francisco \u201cPancho\u201d Rossi, en poes\u00eda; y Andrea G\u00f3mez Corval\u00e1n junto a Nicol\u00e1s Miramont, en danza.<\/p>\n\n\n\n<p>El grupo presentar\u00e1 un repertorio variado que incluir\u00e1 tangos, baladas, folclore, m\u00fasica contempor\u00e1nea argentina, y de autor\u00eda propia de Caracotche &#8211; Moro.<\/p>\n\n\n\n<p>Las entradas anticipadas (libres y gratuitas) pueden adquirirse en la Direcci\u00f3n de Cultura de lunes a viernes de 7 a 13.<\/p>\n","protected":false},"excerpt":{"rendered":"<p>La propuesta art\u00edstica integral se present\u00f3 en noviembre pasado en el Centro Cultural \u201cT\u00edo Roque\u201d de la ciudad de Tala<\/p>\n","protected":false},"author":2,"featured_media":103301,"comment_status":"closed","ping_status":"open","sticky":false,"template":"","format":"standard","meta":{"footnotes":""},"categories":[46],"tags":[7592],"class_list":["post-103300","post","type-post","status-publish","format-standard","has-post-thumbnail","hentry","category-c2nota2","tag-147-aniversario"],"yoast_head":"<!-- This site is optimized with the Yoast SEO plugin v23.4 - https:\/\/yoast.com\/wordpress\/plugins\/seo\/ -->\n<title>El martes 11 en el Teatro Espa\u00f1ol de Trenque Lauquen el espect\u00e1culo &quot;El R\u00edo Va&quot; - Infoecos<\/title>\n<meta name=\"robots\" content=\"index, follow, max-snippet:-1, max-image-preview:large, max-video-preview:-1\" \/>\n<link rel=\"canonical\" href=\"https:\/\/infoecos.com.ar\/index.php\/el-martes-11-en-el-teatro-espanol-de-trenque-lauquen-el-espectaculo-el-rio-va\/\" \/>\n<meta property=\"og:locale\" content=\"es_ES\" \/>\n<meta property=\"og:type\" content=\"article\" \/>\n<meta property=\"og:title\" content=\"El martes 11 en el Teatro Espa\u00f1ol de Trenque Lauquen el espect\u00e1culo &quot;El R\u00edo Va&quot; - Infoecos\" \/>\n<meta property=\"og:description\" content=\"La propuesta art\u00edstica integral se present\u00f3 en noviembre pasado en el Centro Cultural \u201cT\u00edo Roque\u201d de la ciudad de Tala\" \/>\n<meta property=\"og:url\" content=\"https:\/\/infoecos.com.ar\/index.php\/el-martes-11-en-el-teatro-espanol-de-trenque-lauquen-el-espectaculo-el-rio-va\/\" \/>\n<meta property=\"og:site_name\" content=\"Infoecos\" \/>\n<meta property=\"article:publisher\" content=\"https:\/\/www.facebook.com\/profile.php?id=100063200290284\" \/>\n<meta property=\"article:published_time\" content=\"2023-03-31T04:55:51+00:00\" \/>\n<meta property=\"article:modified_time\" content=\"2023-03-31T04:55:52+00:00\" \/>\n<meta property=\"og:image\" content=\"https:\/\/infoecos.com.ar\/wp-content\/uploads\/2023\/03\/El-Rio-Va.jpeg\" \/>\n\t<meta property=\"og:image:width\" content=\"1600\" \/>\n\t<meta property=\"og:image:height\" content=\"1131\" \/>\n\t<meta property=\"og:image:type\" content=\"image\/jpeg\" \/>\n<meta name=\"author\" content=\"Jorge Matheus\" \/>\n<meta name=\"twitter:card\" content=\"summary_large_image\" \/>\n<meta name=\"twitter:creator\" content=\"@infoecos\" \/>\n<meta name=\"twitter:site\" content=\"@infoecos\" \/>\n<meta name=\"twitter:label1\" content=\"Escrito por\" \/>\n\t<meta name=\"twitter:data1\" content=\"Jorge Matheus\" \/>\n\t<meta name=\"twitter:label2\" content=\"Tiempo de lectura\" \/>\n\t<meta name=\"twitter:data2\" content=\"2 minutos\" \/>\n<script type=\"application\/ld+json\" class=\"yoast-schema-graph\">{\"@context\":\"https:\/\/schema.org\",\"@graph\":[{\"@type\":\"Article\",\"@id\":\"https:\/\/infoecos.com.ar\/index.php\/el-martes-11-en-el-teatro-espanol-de-trenque-lauquen-el-espectaculo-el-rio-va\/#article\",\"isPartOf\":{\"@id\":\"https:\/\/infoecos.com.ar\/index.php\/el-martes-11-en-el-teatro-espanol-de-trenque-lauquen-el-espectaculo-el-rio-va\/\"},\"author\":{\"name\":\"Jorge Matheus\",\"@id\":\"https:\/\/infoecos.com.ar\/#\/schema\/person\/8f5ace5ce73b4b4aac4b7245aee6f191\"},\"headline\":\"El martes 11 en el Teatro Espa\u00f1ol de Trenque Lauquen el espect\u00e1culo \u00abEl R\u00edo Va\u00bb\",\"datePublished\":\"2023-03-31T04:55:51+00:00\",\"dateModified\":\"2023-03-31T04:55:52+00:00\",\"mainEntityOfPage\":{\"@id\":\"https:\/\/infoecos.com.ar\/index.php\/el-martes-11-en-el-teatro-espanol-de-trenque-lauquen-el-espectaculo-el-rio-va\/\"},\"wordCount\":245,\"publisher\":{\"@id\":\"https:\/\/infoecos.com.ar\/#organization\"},\"image\":{\"@id\":\"https:\/\/infoecos.com.ar\/index.php\/el-martes-11-en-el-teatro-espanol-de-trenque-lauquen-el-espectaculo-el-rio-va\/#primaryimage\"},\"thumbnailUrl\":\"https:\/\/infoecos.com.ar\/wp-content\/uploads\/2023\/03\/El-Rio-Va.jpeg\",\"keywords\":[\"147 ANIVERSARIO\"],\"articleSection\":[\"C2 N2\"],\"inLanguage\":\"es\"},{\"@type\":\"WebPage\",\"@id\":\"https:\/\/infoecos.com.ar\/index.php\/el-martes-11-en-el-teatro-espanol-de-trenque-lauquen-el-espectaculo-el-rio-va\/\",\"url\":\"https:\/\/infoecos.com.ar\/index.php\/el-martes-11-en-el-teatro-espanol-de-trenque-lauquen-el-espectaculo-el-rio-va\/\",\"name\":\"El martes 11 en el Teatro Espa\u00f1ol de Trenque Lauquen el espect\u00e1culo \\\"El R\u00edo Va\\\" - Infoecos\",\"isPartOf\":{\"@id\":\"https:\/\/infoecos.com.ar\/#website\"},\"primaryImageOfPage\":{\"@id\":\"https:\/\/infoecos.com.ar\/index.php\/el-martes-11-en-el-teatro-espanol-de-trenque-lauquen-el-espectaculo-el-rio-va\/#primaryimage\"},\"image\":{\"@id\":\"https:\/\/infoecos.com.ar\/index.php\/el-martes-11-en-el-teatro-espanol-de-trenque-lauquen-el-espectaculo-el-rio-va\/#primaryimage\"},\"thumbnailUrl\":\"https:\/\/infoecos.com.ar\/wp-content\/uploads\/2023\/03\/El-Rio-Va.jpeg\",\"datePublished\":\"2023-03-31T04:55:51+00:00\",\"dateModified\":\"2023-03-31T04:55:52+00:00\",\"breadcrumb\":{\"@id\":\"https:\/\/infoecos.com.ar\/index.php\/el-martes-11-en-el-teatro-espanol-de-trenque-lauquen-el-espectaculo-el-rio-va\/#breadcrumb\"},\"inLanguage\":\"es\",\"potentialAction\":[{\"@type\":\"ReadAction\",\"target\":[\"https:\/\/infoecos.com.ar\/index.php\/el-martes-11-en-el-teatro-espanol-de-trenque-lauquen-el-espectaculo-el-rio-va\/\"]}]},{\"@type\":\"ImageObject\",\"inLanguage\":\"es\",\"@id\":\"https:\/\/infoecos.com.ar\/index.php\/el-martes-11-en-el-teatro-espanol-de-trenque-lauquen-el-espectaculo-el-rio-va\/#primaryimage\",\"url\":\"https:\/\/infoecos.com.ar\/wp-content\/uploads\/2023\/03\/El-Rio-Va.jpeg\",\"contentUrl\":\"https:\/\/infoecos.com.ar\/wp-content\/uploads\/2023\/03\/El-Rio-Va.jpeg\",\"width\":1600,\"height\":1131},{\"@type\":\"BreadcrumbList\",\"@id\":\"https:\/\/infoecos.com.ar\/index.php\/el-martes-11-en-el-teatro-espanol-de-trenque-lauquen-el-espectaculo-el-rio-va\/#breadcrumb\",\"itemListElement\":[{\"@type\":\"ListItem\",\"position\":1,\"name\":\"Portada\",\"item\":\"https:\/\/infoecos.com.ar\/\"},{\"@type\":\"ListItem\",\"position\":2,\"name\":\"El martes 11 en el Teatro Espa\u00f1ol de Trenque Lauquen el espect\u00e1culo \u00abEl R\u00edo Va\u00bb\"}]},{\"@type\":\"WebSite\",\"@id\":\"https:\/\/infoecos.com.ar\/#website\",\"url\":\"https:\/\/infoecos.com.ar\/\",\"name\":\"Infoecos\",\"description\":\"Noticias de trenque lauquen y la zona\",\"publisher\":{\"@id\":\"https:\/\/infoecos.com.ar\/#organization\"},\"alternateName\":\"Noticias\",\"potentialAction\":[{\"@type\":\"SearchAction\",\"target\":{\"@type\":\"EntryPoint\",\"urlTemplate\":\"https:\/\/infoecos.com.ar\/?s={search_term_string}\"},\"query-input\":{\"@type\":\"PropertyValueSpecification\",\"valueRequired\":true,\"valueName\":\"search_term_string\"}}],\"inLanguage\":\"es\"},{\"@type\":\"Organization\",\"@id\":\"https:\/\/infoecos.com.ar\/#organization\",\"name\":\"Infoecos\",\"alternateName\":\"Noticias\",\"url\":\"https:\/\/infoecos.com.ar\/\",\"logo\":{\"@type\":\"ImageObject\",\"inLanguage\":\"es\",\"@id\":\"https:\/\/infoecos.com.ar\/#\/schema\/logo\/image\/\",\"url\":\"https:\/\/infoecos.com.ar\/wp-content\/uploads\/2024\/03\/cropped-logo.png\",\"contentUrl\":\"https:\/\/infoecos.com.ar\/wp-content\/uploads\/2024\/03\/cropped-logo.png\",\"width\":374,\"height\":90,\"caption\":\"Infoecos\"},\"image\":{\"@id\":\"https:\/\/infoecos.com.ar\/#\/schema\/logo\/image\/\"},\"sameAs\":[\"https:\/\/www.facebook.com\/profile.php?id=100063200290284\",\"https:\/\/x.com\/infoecos\"]},{\"@type\":\"Person\",\"@id\":\"https:\/\/infoecos.com.ar\/#\/schema\/person\/8f5ace5ce73b4b4aac4b7245aee6f191\",\"name\":\"Jorge Matheus\",\"url\":\"https:\/\/infoecos.com.ar\/index.php\/author\/jomatheus\/\"}]}<\/script>\n<!-- \/ Yoast SEO plugin. -->","yoast_head_json":{"title":"El martes 11 en el Teatro Espa\u00f1ol de Trenque Lauquen el espect\u00e1culo \"El R\u00edo Va\" - Infoecos","robots":{"index":"index","follow":"follow","max-snippet":"max-snippet:-1","max-image-preview":"max-image-preview:large","max-video-preview":"max-video-preview:-1"},"canonical":"https:\/\/infoecos.com.ar\/index.php\/el-martes-11-en-el-teatro-espanol-de-trenque-lauquen-el-espectaculo-el-rio-va\/","og_locale":"es_ES","og_type":"article","og_title":"El martes 11 en el Teatro Espa\u00f1ol de Trenque Lauquen el espect\u00e1culo \"El R\u00edo Va\" - Infoecos","og_description":"La propuesta art\u00edstica integral se present\u00f3 en noviembre pasado en el Centro Cultural \u201cT\u00edo Roque\u201d de la ciudad de Tala","og_url":"https:\/\/infoecos.com.ar\/index.php\/el-martes-11-en-el-teatro-espanol-de-trenque-lauquen-el-espectaculo-el-rio-va\/","og_site_name":"Infoecos","article_publisher":"https:\/\/www.facebook.com\/profile.php?id=100063200290284","article_published_time":"2023-03-31T04:55:51+00:00","article_modified_time":"2023-03-31T04:55:52+00:00","og_image":[{"width":1600,"height":1131,"url":"https:\/\/infoecos.com.ar\/wp-content\/uploads\/2023\/03\/El-Rio-Va.jpeg","type":"image\/jpeg"}],"author":"Jorge Matheus","twitter_card":"summary_large_image","twitter_creator":"@infoecos","twitter_site":"@infoecos","twitter_misc":{"Escrito por":"Jorge Matheus","Tiempo de lectura":"2 minutos"},"schema":{"@context":"https:\/\/schema.org","@graph":[{"@type":"Article","@id":"https:\/\/infoecos.com.ar\/index.php\/el-martes-11-en-el-teatro-espanol-de-trenque-lauquen-el-espectaculo-el-rio-va\/#article","isPartOf":{"@id":"https:\/\/infoecos.com.ar\/index.php\/el-martes-11-en-el-teatro-espanol-de-trenque-lauquen-el-espectaculo-el-rio-va\/"},"author":{"name":"Jorge Matheus","@id":"https:\/\/infoecos.com.ar\/#\/schema\/person\/8f5ace5ce73b4b4aac4b7245aee6f191"},"headline":"El martes 11 en el Teatro Espa\u00f1ol de Trenque Lauquen el espect\u00e1culo \u00abEl R\u00edo Va\u00bb","datePublished":"2023-03-31T04:55:51+00:00","dateModified":"2023-03-31T04:55:52+00:00","mainEntityOfPage":{"@id":"https:\/\/infoecos.com.ar\/index.php\/el-martes-11-en-el-teatro-espanol-de-trenque-lauquen-el-espectaculo-el-rio-va\/"},"wordCount":245,"publisher":{"@id":"https:\/\/infoecos.com.ar\/#organization"},"image":{"@id":"https:\/\/infoecos.com.ar\/index.php\/el-martes-11-en-el-teatro-espanol-de-trenque-lauquen-el-espectaculo-el-rio-va\/#primaryimage"},"thumbnailUrl":"https:\/\/infoecos.com.ar\/wp-content\/uploads\/2023\/03\/El-Rio-Va.jpeg","keywords":["147 ANIVERSARIO"],"articleSection":["C2 N2"],"inLanguage":"es"},{"@type":"WebPage","@id":"https:\/\/infoecos.com.ar\/index.php\/el-martes-11-en-el-teatro-espanol-de-trenque-lauquen-el-espectaculo-el-rio-va\/","url":"https:\/\/infoecos.com.ar\/index.php\/el-martes-11-en-el-teatro-espanol-de-trenque-lauquen-el-espectaculo-el-rio-va\/","name":"El martes 11 en el Teatro Espa\u00f1ol de Trenque Lauquen el espect\u00e1culo \"El R\u00edo Va\" - Infoecos","isPartOf":{"@id":"https:\/\/infoecos.com.ar\/#website"},"primaryImageOfPage":{"@id":"https:\/\/infoecos.com.ar\/index.php\/el-martes-11-en-el-teatro-espanol-de-trenque-lauquen-el-espectaculo-el-rio-va\/#primaryimage"},"image":{"@id":"https:\/\/infoecos.com.ar\/index.php\/el-martes-11-en-el-teatro-espanol-de-trenque-lauquen-el-espectaculo-el-rio-va\/#primaryimage"},"thumbnailUrl":"https:\/\/infoecos.com.ar\/wp-content\/uploads\/2023\/03\/El-Rio-Va.jpeg","datePublished":"2023-03-31T04:55:51+00:00","dateModified":"2023-03-31T04:55:52+00:00","breadcrumb":{"@id":"https:\/\/infoecos.com.ar\/index.php\/el-martes-11-en-el-teatro-espanol-de-trenque-lauquen-el-espectaculo-el-rio-va\/#breadcrumb"},"inLanguage":"es","potentialAction":[{"@type":"ReadAction","target":["https:\/\/infoecos.com.ar\/index.php\/el-martes-11-en-el-teatro-espanol-de-trenque-lauquen-el-espectaculo-el-rio-va\/"]}]},{"@type":"ImageObject","inLanguage":"es","@id":"https:\/\/infoecos.com.ar\/index.php\/el-martes-11-en-el-teatro-espanol-de-trenque-lauquen-el-espectaculo-el-rio-va\/#primaryimage","url":"https:\/\/infoecos.com.ar\/wp-content\/uploads\/2023\/03\/El-Rio-Va.jpeg","contentUrl":"https:\/\/infoecos.com.ar\/wp-content\/uploads\/2023\/03\/El-Rio-Va.jpeg","width":1600,"height":1131},{"@type":"BreadcrumbList","@id":"https:\/\/infoecos.com.ar\/index.php\/el-martes-11-en-el-teatro-espanol-de-trenque-lauquen-el-espectaculo-el-rio-va\/#breadcrumb","itemListElement":[{"@type":"ListItem","position":1,"name":"Portada","item":"https:\/\/infoecos.com.ar\/"},{"@type":"ListItem","position":2,"name":"El martes 11 en el Teatro Espa\u00f1ol de Trenque Lauquen el espect\u00e1culo \u00abEl R\u00edo Va\u00bb"}]},{"@type":"WebSite","@id":"https:\/\/infoecos.com.ar\/#website","url":"https:\/\/infoecos.com.ar\/","name":"Infoecos","description":"Noticias de trenque lauquen y la zona","publisher":{"@id":"https:\/\/infoecos.com.ar\/#organization"},"alternateName":"Noticias","potentialAction":[{"@type":"SearchAction","target":{"@type":"EntryPoint","urlTemplate":"https:\/\/infoecos.com.ar\/?s={search_term_string}"},"query-input":{"@type":"PropertyValueSpecification","valueRequired":true,"valueName":"search_term_string"}}],"inLanguage":"es"},{"@type":"Organization","@id":"https:\/\/infoecos.com.ar\/#organization","name":"Infoecos","alternateName":"Noticias","url":"https:\/\/infoecos.com.ar\/","logo":{"@type":"ImageObject","inLanguage":"es","@id":"https:\/\/infoecos.com.ar\/#\/schema\/logo\/image\/","url":"https:\/\/infoecos.com.ar\/wp-content\/uploads\/2024\/03\/cropped-logo.png","contentUrl":"https:\/\/infoecos.com.ar\/wp-content\/uploads\/2024\/03\/cropped-logo.png","width":374,"height":90,"caption":"Infoecos"},"image":{"@id":"https:\/\/infoecos.com.ar\/#\/schema\/logo\/image\/"},"sameAs":["https:\/\/www.facebook.com\/profile.php?id=100063200290284","https:\/\/x.com\/infoecos"]},{"@type":"Person","@id":"https:\/\/infoecos.com.ar\/#\/schema\/person\/8f5ace5ce73b4b4aac4b7245aee6f191","name":"Jorge Matheus","url":"https:\/\/infoecos.com.ar\/index.php\/author\/jomatheus\/"}]}},"featured_image_urls":{"full":["https:\/\/infoecos.com.ar\/wp-content\/uploads\/2023\/03\/El-Rio-Va.jpeg",1600,1131,false],"thumbnail":["https:\/\/infoecos.com.ar\/wp-content\/uploads\/2023\/03\/El-Rio-Va-300x150.jpeg",300,150,true],"medium":["https:\/\/infoecos.com.ar\/wp-content\/uploads\/2023\/03\/El-Rio-Va-800x566.jpeg",800,566,true],"medium_large":["https:\/\/infoecos.com.ar\/wp-content\/uploads\/2023\/03\/El-Rio-Va-768x543.jpeg",640,453,true],"large":["https:\/\/infoecos.com.ar\/wp-content\/uploads\/2023\/03\/El-Rio-Va.jpeg",640,452,false],"1536x1536":["https:\/\/infoecos.com.ar\/wp-content\/uploads\/2023\/03\/El-Rio-Va-1536x1086.jpeg",1536,1086,true],"2048x2048":["https:\/\/infoecos.com.ar\/wp-content\/uploads\/2023\/03\/El-Rio-Va.jpeg",1600,1131,false],"covernews-slider-full":["https:\/\/infoecos.com.ar\/wp-content\/uploads\/2023\/03\/El-Rio-Va-1536x1020.jpeg",1077,715,true],"covernews-slider-center":["https:\/\/infoecos.com.ar\/wp-content\/uploads\/2023\/03\/El-Rio-Va-936x897.jpeg",522,500,true],"covernews-featured":["https:\/\/infoecos.com.ar\/wp-content\/uploads\/2023\/03\/El-Rio-Va-1024x724.jpeg",1024,724,true],"covernews-medium":["https:\/\/infoecos.com.ar\/wp-content\/uploads\/2023\/03\/El-Rio-Va-720x380.jpeg",540,285,true],"covernews-medium-square":["https:\/\/infoecos.com.ar\/wp-content\/uploads\/2023\/03\/El-Rio-Va-675x450.jpeg",375,250,true]},"author_info":{"info":["Jorge Matheus"]},"category_info":"<a href=\"https:\/\/infoecos.com.ar\/index.php\/category\/c2nota2\/\" rel=\"category tag\">C2 N2<\/a>","tag_info":"C2 N2","comment_count":"0","_links":{"self":[{"href":"https:\/\/infoecos.com.ar\/index.php\/wp-json\/wp\/v2\/posts\/103300"}],"collection":[{"href":"https:\/\/infoecos.com.ar\/index.php\/wp-json\/wp\/v2\/posts"}],"about":[{"href":"https:\/\/infoecos.com.ar\/index.php\/wp-json\/wp\/v2\/types\/post"}],"author":[{"embeddable":true,"href":"https:\/\/infoecos.com.ar\/index.php\/wp-json\/wp\/v2\/users\/2"}],"replies":[{"embeddable":true,"href":"https:\/\/infoecos.com.ar\/index.php\/wp-json\/wp\/v2\/comments?post=103300"}],"version-history":[{"count":1,"href":"https:\/\/infoecos.com.ar\/index.php\/wp-json\/wp\/v2\/posts\/103300\/revisions"}],"predecessor-version":[{"id":103302,"href":"https:\/\/infoecos.com.ar\/index.php\/wp-json\/wp\/v2\/posts\/103300\/revisions\/103302"}],"wp:featuredmedia":[{"embeddable":true,"href":"https:\/\/infoecos.com.ar\/index.php\/wp-json\/wp\/v2\/media\/103301"}],"wp:attachment":[{"href":"https:\/\/infoecos.com.ar\/index.php\/wp-json\/wp\/v2\/media?parent=103300"}],"wp:term":[{"taxonomy":"category","embeddable":true,"href":"https:\/\/infoecos.com.ar\/index.php\/wp-json\/wp\/v2\/categories?post=103300"},{"taxonomy":"post_tag","embeddable":true,"href":"https:\/\/infoecos.com.ar\/index.php\/wp-json\/wp\/v2\/tags?post=103300"}],"curies":[{"name":"wp","href":"https:\/\/api.w.org\/{rel}","templated":true}]}}