{"id":103309,"date":"2023-03-31T02:20:07","date_gmt":"2023-03-31T05:20:07","guid":{"rendered":"https:\/\/infoecos.com.ar\/?p=103309"},"modified":"2023-04-03T01:32:36","modified_gmt":"2023-04-03T04:32:36","slug":"una-cifra-que-duele-mucho-392-de-pobreza","status":"publish","type":"post","link":"https:\/\/infoecos.com.ar\/index.php\/una-cifra-que-duele-mucho-392-de-pobreza\/","title":{"rendered":"Una cifra que duele mucho: 39,2 % de pobreza"},"content":{"rendered":"\n<p>El Instituto Nacional de Estad\u00edsticas y Censos public\u00f3 ayer el informe sobre la incidencia de la pobreza y la indigencia durante el segundo semestre del 2022. El mismo demostr\u00f3 que el a\u00f1o pasado Argentina alcanz\u00f3 la impactante cifra de 39,2% de pobreza.<\/p>\n\n\n\n<p>En concreto, seg\u00fan el informe del INDEC, casi 11, 5 millones de personas no alcanzan a satisfacer sus necesidades b\u00e1sicas. Adem\u00e1s, el estudio tambi\u00e9n reflej\u00f3 que los \u00faltimos seis meses del 2022 hubo alrededor de 2,4 millones de indigentes.<\/p>\n\n\n\n<figure class=\"wp-block-image aligncenter size-full is-resized\"><img loading=\"lazy\" decoding=\"async\" src=\"https:\/\/infoecos.com.ar\/wp-content\/uploads\/2023\/03\/image-84.png\" alt=\"\" class=\"wp-image-103310\" width=\"545\" height=\"585\" srcset=\"https:\/\/infoecos.com.ar\/wp-content\/uploads\/2023\/03\/image-84.png 953w, https:\/\/infoecos.com.ar\/wp-content\/uploads\/2023\/03\/image-84-745x800.png 745w, https:\/\/infoecos.com.ar\/wp-content\/uploads\/2023\/03\/image-84-768x825.png 768w\" sizes=\"(max-width: 545px) 100vw, 545px\" \/><\/figure>\n\n\n\n<p>La cifra de pobreza dio un gran salto en comparaci\u00f3n con el anterior, mientras que la primera mitad del 2022 el 36,5% de la poblaci\u00f3n estaba por debajo de la l\u00ednea de pobreza, la \u00faltima actualizaci\u00f3n reflej\u00f3 un crecimiento del 2,7 por ciento.<\/p>\n\n\n\n<p>\u201cEl porcentaje de hogares por debajo de la l\u00ednea de pobreza (LP) alcanz\u00f3 el 29,6%; en ellos reside el 39,2% de las personas. Dentro de este conjunto se distingue un 6,2% de hogares por debajo de la l\u00ednea de indigencia (LI), que incluyen al 8,1% de las personas\u201d, explic\u00f3 el INDEC.<\/p>\n\n\n\n<p>Asimismo, en comparaci\u00f3n con el primer trimestre del 2022, el Instituto Nacional de Estad\u00edsticas y Censos se\u00f1al\u00f3 que \u201cla incidencia de la pobreza registr\u00f3 un aumento de 1,9 puntos porcentuales (p.p.) en los hogares y de 2,7 p.p. en las personas. En el caso de la indigencia, mostr\u00f3 una reducci\u00f3n de 0,6 p.p. en los hogares y de 0,7 p.p. en las personas\u201d.<\/p>\n\n\n\n<p>Finalmente, por regiones se puede identificar una baja en los niveles de indigencia en dos regiones, una de las cuales fue el Gran Buenos Aires.<\/p>\n\n\n\n<p>Espec\u00edficamente, en el territorio bonaerense durante el primer trimestre del 2022 el 11,9 % de las personas eran indigentes, mientras que esa cifra baj\u00f3 al 9,8% la segunda mitad del a\u00f1o.<\/p>\n","protected":false},"excerpt":{"rendered":"<p>Casi 11, 5 millones de personas no alcanzan a satisfacer sus necesidades b\u00e1sicas<\/p>\n","protected":false},"author":2,"featured_media":103310,"comment_status":"closed","ping_status":"open","sticky":false,"template":"","format":"standard","meta":{"footnotes":""},"categories":[41],"tags":[5495],"class_list":["post-103309","post","type-post","status-publish","format-standard","has-post-thumbnail","hentry","category-inferior2","tag-informe-del-indec"],"yoast_head":"<!-- This site is optimized with the Yoast SEO plugin v23.4 - https:\/\/yoast.com\/wordpress\/plugins\/seo\/ -->\n<title>Una cifra que duele mucho: 39,2 % de pobreza - Infoecos<\/title>\n<meta name=\"robots\" content=\"index, follow, max-snippet:-1, max-image-preview:large, max-video-preview:-1\" \/>\n<link rel=\"canonical\" href=\"https:\/\/infoecos.com.ar\/index.php\/una-cifra-que-duele-mucho-392-de-pobreza\/\" \/>\n<meta property=\"og:locale\" content=\"es_ES\" \/>\n<meta property=\"og:type\" content=\"article\" \/>\n<meta property=\"og:title\" content=\"Una cifra que duele mucho: 39,2 % de pobreza - Infoecos\" \/>\n<meta property=\"og:description\" content=\"Casi 11, 5 millones de personas no alcanzan a satisfacer sus necesidades b\u00e1sicas\" \/>\n<meta property=\"og:url\" content=\"https:\/\/infoecos.com.ar\/index.php\/una-cifra-que-duele-mucho-392-de-pobreza\/\" \/>\n<meta property=\"og:site_name\" content=\"Infoecos\" \/>\n<meta property=\"article:publisher\" content=\"https:\/\/www.facebook.com\/profile.php?id=100063200290284\" \/>\n<meta property=\"article:published_time\" content=\"2023-03-31T05:20:07+00:00\" \/>\n<meta property=\"article:modified_time\" content=\"2023-04-03T04:32:36+00:00\" \/>\n<meta property=\"og:image\" content=\"https:\/\/infoecos.com.ar\/wp-content\/uploads\/2023\/03\/image-84.png\" \/>\n\t<meta property=\"og:image:width\" content=\"953\" \/>\n\t<meta property=\"og:image:height\" content=\"1024\" \/>\n\t<meta property=\"og:image:type\" content=\"image\/png\" \/>\n<meta name=\"author\" content=\"Jorge Matheus\" \/>\n<meta name=\"twitter:card\" content=\"summary_large_image\" \/>\n<meta name=\"twitter:creator\" content=\"@infoecos\" \/>\n<meta name=\"twitter:site\" content=\"@infoecos\" \/>\n<meta name=\"twitter:label1\" content=\"Escrito por\" \/>\n\t<meta name=\"twitter:data1\" content=\"Jorge Matheus\" \/>\n\t<meta name=\"twitter:label2\" content=\"Tiempo de lectura\" \/>\n\t<meta name=\"twitter:data2\" content=\"2 minutos\" \/>\n<script type=\"application\/ld+json\" class=\"yoast-schema-graph\">{\"@context\":\"https:\/\/schema.org\",\"@graph\":[{\"@type\":\"Article\",\"@id\":\"https:\/\/infoecos.com.ar\/index.php\/una-cifra-que-duele-mucho-392-de-pobreza\/#article\",\"isPartOf\":{\"@id\":\"https:\/\/infoecos.com.ar\/index.php\/una-cifra-que-duele-mucho-392-de-pobreza\/\"},\"author\":{\"name\":\"Jorge Matheus\",\"@id\":\"https:\/\/infoecos.com.ar\/#\/schema\/person\/8f5ace5ce73b4b4aac4b7245aee6f191\"},\"headline\":\"Una cifra que duele mucho: 39,2 % de pobreza\",\"datePublished\":\"2023-03-31T05:20:07+00:00\",\"dateModified\":\"2023-04-03T04:32:36+00:00\",\"mainEntityOfPage\":{\"@id\":\"https:\/\/infoecos.com.ar\/index.php\/una-cifra-que-duele-mucho-392-de-pobreza\/\"},\"wordCount\":301,\"publisher\":{\"@id\":\"https:\/\/infoecos.com.ar\/#organization\"},\"image\":{\"@id\":\"https:\/\/infoecos.com.ar\/index.php\/una-cifra-que-duele-mucho-392-de-pobreza\/#primaryimage\"},\"thumbnailUrl\":\"https:\/\/infoecos.com.ar\/wp-content\/uploads\/2023\/03\/image-84.png\",\"keywords\":[\"informe del indec\"],\"articleSection\":[\"Bloque inferior - 2\"],\"inLanguage\":\"es\"},{\"@type\":\"WebPage\",\"@id\":\"https:\/\/infoecos.com.ar\/index.php\/una-cifra-que-duele-mucho-392-de-pobreza\/\",\"url\":\"https:\/\/infoecos.com.ar\/index.php\/una-cifra-que-duele-mucho-392-de-pobreza\/\",\"name\":\"Una cifra que duele mucho: 39,2 % de pobreza - Infoecos\",\"isPartOf\":{\"@id\":\"https:\/\/infoecos.com.ar\/#website\"},\"primaryImageOfPage\":{\"@id\":\"https:\/\/infoecos.com.ar\/index.php\/una-cifra-que-duele-mucho-392-de-pobreza\/#primaryimage\"},\"image\":{\"@id\":\"https:\/\/infoecos.com.ar\/index.php\/una-cifra-que-duele-mucho-392-de-pobreza\/#primaryimage\"},\"thumbnailUrl\":\"https:\/\/infoecos.com.ar\/wp-content\/uploads\/2023\/03\/image-84.png\",\"datePublished\":\"2023-03-31T05:20:07+00:00\",\"dateModified\":\"2023-04-03T04:32:36+00:00\",\"breadcrumb\":{\"@id\":\"https:\/\/infoecos.com.ar\/index.php\/una-cifra-que-duele-mucho-392-de-pobreza\/#breadcrumb\"},\"inLanguage\":\"es\",\"potentialAction\":[{\"@type\":\"ReadAction\",\"target\":[\"https:\/\/infoecos.com.ar\/index.php\/una-cifra-que-duele-mucho-392-de-pobreza\/\"]}]},{\"@type\":\"ImageObject\",\"inLanguage\":\"es\",\"@id\":\"https:\/\/infoecos.com.ar\/index.php\/una-cifra-que-duele-mucho-392-de-pobreza\/#primaryimage\",\"url\":\"https:\/\/infoecos.com.ar\/wp-content\/uploads\/2023\/03\/image-84.png\",\"contentUrl\":\"https:\/\/infoecos.com.ar\/wp-content\/uploads\/2023\/03\/image-84.png\",\"width\":953,\"height\":1024},{\"@type\":\"BreadcrumbList\",\"@id\":\"https:\/\/infoecos.com.ar\/index.php\/una-cifra-que-duele-mucho-392-de-pobreza\/#breadcrumb\",\"itemListElement\":[{\"@type\":\"ListItem\",\"position\":1,\"name\":\"Portada\",\"item\":\"https:\/\/infoecos.com.ar\/\"},{\"@type\":\"ListItem\",\"position\":2,\"name\":\"Una cifra que duele mucho: 39,2 % de pobreza\"}]},{\"@type\":\"WebSite\",\"@id\":\"https:\/\/infoecos.com.ar\/#website\",\"url\":\"https:\/\/infoecos.com.ar\/\",\"name\":\"Infoecos\",\"description\":\"Noticias de trenque lauquen y la zona\",\"publisher\":{\"@id\":\"https:\/\/infoecos.com.ar\/#organization\"},\"alternateName\":\"Noticias\",\"potentialAction\":[{\"@type\":\"SearchAction\",\"target\":{\"@type\":\"EntryPoint\",\"urlTemplate\":\"https:\/\/infoecos.com.ar\/?s={search_term_string}\"},\"query-input\":{\"@type\":\"PropertyValueSpecification\",\"valueRequired\":true,\"valueName\":\"search_term_string\"}}],\"inLanguage\":\"es\"},{\"@type\":\"Organization\",\"@id\":\"https:\/\/infoecos.com.ar\/#organization\",\"name\":\"Infoecos\",\"alternateName\":\"Noticias\",\"url\":\"https:\/\/infoecos.com.ar\/\",\"logo\":{\"@type\":\"ImageObject\",\"inLanguage\":\"es\",\"@id\":\"https:\/\/infoecos.com.ar\/#\/schema\/logo\/image\/\",\"url\":\"https:\/\/infoecos.com.ar\/wp-content\/uploads\/2024\/03\/cropped-logo.png\",\"contentUrl\":\"https:\/\/infoecos.com.ar\/wp-content\/uploads\/2024\/03\/cropped-logo.png\",\"width\":374,\"height\":90,\"caption\":\"Infoecos\"},\"image\":{\"@id\":\"https:\/\/infoecos.com.ar\/#\/schema\/logo\/image\/\"},\"sameAs\":[\"https:\/\/www.facebook.com\/profile.php?id=100063200290284\",\"https:\/\/x.com\/infoecos\"]},{\"@type\":\"Person\",\"@id\":\"https:\/\/infoecos.com.ar\/#\/schema\/person\/8f5ace5ce73b4b4aac4b7245aee6f191\",\"name\":\"Jorge Matheus\",\"url\":\"https:\/\/infoecos.com.ar\/index.php\/author\/jomatheus\/\"}]}<\/script>\n<!-- \/ Yoast SEO plugin. -->","yoast_head_json":{"title":"Una cifra que duele mucho: 39,2 % de pobreza - Infoecos","robots":{"index":"index","follow":"follow","max-snippet":"max-snippet:-1","max-image-preview":"max-image-preview:large","max-video-preview":"max-video-preview:-1"},"canonical":"https:\/\/infoecos.com.ar\/index.php\/una-cifra-que-duele-mucho-392-de-pobreza\/","og_locale":"es_ES","og_type":"article","og_title":"Una cifra que duele mucho: 39,2 % de pobreza - Infoecos","og_description":"Casi 11, 5 millones de personas no alcanzan a satisfacer sus necesidades b\u00e1sicas","og_url":"https:\/\/infoecos.com.ar\/index.php\/una-cifra-que-duele-mucho-392-de-pobreza\/","og_site_name":"Infoecos","article_publisher":"https:\/\/www.facebook.com\/profile.php?id=100063200290284","article_published_time":"2023-03-31T05:20:07+00:00","article_modified_time":"2023-04-03T04:32:36+00:00","og_image":[{"width":953,"height":1024,"url":"https:\/\/infoecos.com.ar\/wp-content\/uploads\/2023\/03\/image-84.png","type":"image\/png"}],"author":"Jorge Matheus","twitter_card":"summary_large_image","twitter_creator":"@infoecos","twitter_site":"@infoecos","twitter_misc":{"Escrito por":"Jorge Matheus","Tiempo de lectura":"2 minutos"},"schema":{"@context":"https:\/\/schema.org","@graph":[{"@type":"Article","@id":"https:\/\/infoecos.com.ar\/index.php\/una-cifra-que-duele-mucho-392-de-pobreza\/#article","isPartOf":{"@id":"https:\/\/infoecos.com.ar\/index.php\/una-cifra-que-duele-mucho-392-de-pobreza\/"},"author":{"name":"Jorge Matheus","@id":"https:\/\/infoecos.com.ar\/#\/schema\/person\/8f5ace5ce73b4b4aac4b7245aee6f191"},"headline":"Una cifra que duele mucho: 39,2 % de pobreza","datePublished":"2023-03-31T05:20:07+00:00","dateModified":"2023-04-03T04:32:36+00:00","mainEntityOfPage":{"@id":"https:\/\/infoecos.com.ar\/index.php\/una-cifra-que-duele-mucho-392-de-pobreza\/"},"wordCount":301,"publisher":{"@id":"https:\/\/infoecos.com.ar\/#organization"},"image":{"@id":"https:\/\/infoecos.com.ar\/index.php\/una-cifra-que-duele-mucho-392-de-pobreza\/#primaryimage"},"thumbnailUrl":"https:\/\/infoecos.com.ar\/wp-content\/uploads\/2023\/03\/image-84.png","keywords":["informe del indec"],"articleSection":["Bloque inferior - 2"],"inLanguage":"es"},{"@type":"WebPage","@id":"https:\/\/infoecos.com.ar\/index.php\/una-cifra-que-duele-mucho-392-de-pobreza\/","url":"https:\/\/infoecos.com.ar\/index.php\/una-cifra-que-duele-mucho-392-de-pobreza\/","name":"Una cifra que duele mucho: 39,2 % de pobreza - Infoecos","isPartOf":{"@id":"https:\/\/infoecos.com.ar\/#website"},"primaryImageOfPage":{"@id":"https:\/\/infoecos.com.ar\/index.php\/una-cifra-que-duele-mucho-392-de-pobreza\/#primaryimage"},"image":{"@id":"https:\/\/infoecos.com.ar\/index.php\/una-cifra-que-duele-mucho-392-de-pobreza\/#primaryimage"},"thumbnailUrl":"https:\/\/infoecos.com.ar\/wp-content\/uploads\/2023\/03\/image-84.png","datePublished":"2023-03-31T05:20:07+00:00","dateModified":"2023-04-03T04:32:36+00:00","breadcrumb":{"@id":"https:\/\/infoecos.com.ar\/index.php\/una-cifra-que-duele-mucho-392-de-pobreza\/#breadcrumb"},"inLanguage":"es","potentialAction":[{"@type":"ReadAction","target":["https:\/\/infoecos.com.ar\/index.php\/una-cifra-que-duele-mucho-392-de-pobreza\/"]}]},{"@type":"ImageObject","inLanguage":"es","@id":"https:\/\/infoecos.com.ar\/index.php\/una-cifra-que-duele-mucho-392-de-pobreza\/#primaryimage","url":"https:\/\/infoecos.com.ar\/wp-content\/uploads\/2023\/03\/image-84.png","contentUrl":"https:\/\/infoecos.com.ar\/wp-content\/uploads\/2023\/03\/image-84.png","width":953,"height":1024},{"@type":"BreadcrumbList","@id":"https:\/\/infoecos.com.ar\/index.php\/una-cifra-que-duele-mucho-392-de-pobreza\/#breadcrumb","itemListElement":[{"@type":"ListItem","position":1,"name":"Portada","item":"https:\/\/infoecos.com.ar\/"},{"@type":"ListItem","position":2,"name":"Una cifra que duele mucho: 39,2 % de pobreza"}]},{"@type":"WebSite","@id":"https:\/\/infoecos.com.ar\/#website","url":"https:\/\/infoecos.com.ar\/","name":"Infoecos","description":"Noticias de trenque lauquen y la zona","publisher":{"@id":"https:\/\/infoecos.com.ar\/#organization"},"alternateName":"Noticias","potentialAction":[{"@type":"SearchAction","target":{"@type":"EntryPoint","urlTemplate":"https:\/\/infoecos.com.ar\/?s={search_term_string}"},"query-input":{"@type":"PropertyValueSpecification","valueRequired":true,"valueName":"search_term_string"}}],"inLanguage":"es"},{"@type":"Organization","@id":"https:\/\/infoecos.com.ar\/#organization","name":"Infoecos","alternateName":"Noticias","url":"https:\/\/infoecos.com.ar\/","logo":{"@type":"ImageObject","inLanguage":"es","@id":"https:\/\/infoecos.com.ar\/#\/schema\/logo\/image\/","url":"https:\/\/infoecos.com.ar\/wp-content\/uploads\/2024\/03\/cropped-logo.png","contentUrl":"https:\/\/infoecos.com.ar\/wp-content\/uploads\/2024\/03\/cropped-logo.png","width":374,"height":90,"caption":"Infoecos"},"image":{"@id":"https:\/\/infoecos.com.ar\/#\/schema\/logo\/image\/"},"sameAs":["https:\/\/www.facebook.com\/profile.php?id=100063200290284","https:\/\/x.com\/infoecos"]},{"@type":"Person","@id":"https:\/\/infoecos.com.ar\/#\/schema\/person\/8f5ace5ce73b4b4aac4b7245aee6f191","name":"Jorge Matheus","url":"https:\/\/infoecos.com.ar\/index.php\/author\/jomatheus\/"}]}},"featured_image_urls":{"full":["https:\/\/infoecos.com.ar\/wp-content\/uploads\/2023\/03\/image-84.png",953,1024,false],"thumbnail":["https:\/\/infoecos.com.ar\/wp-content\/uploads\/2023\/03\/image-84-300x150.png",300,150,true],"medium":["https:\/\/infoecos.com.ar\/wp-content\/uploads\/2023\/03\/image-84-745x800.png",745,800,true],"medium_large":["https:\/\/infoecos.com.ar\/wp-content\/uploads\/2023\/03\/image-84-768x825.png",640,688,true],"large":["https:\/\/infoecos.com.ar\/wp-content\/uploads\/2023\/03\/image-84.png",640,688,false],"1536x1536":["https:\/\/infoecos.com.ar\/wp-content\/uploads\/2023\/03\/image-84.png",953,1024,false],"2048x2048":["https:\/\/infoecos.com.ar\/wp-content\/uploads\/2023\/03\/image-84.png",953,1024,false],"covernews-slider-full":["https:\/\/infoecos.com.ar\/wp-content\/uploads\/2023\/03\/image-84-953x1020.png",668,715,true],"covernews-slider-center":["https:\/\/infoecos.com.ar\/wp-content\/uploads\/2023\/03\/image-84-936x897.png",522,500,true],"covernews-featured":["https:\/\/infoecos.com.ar\/wp-content\/uploads\/2023\/03\/image-84.png",953,1024,false],"covernews-medium":["https:\/\/infoecos.com.ar\/wp-content\/uploads\/2023\/03\/image-84-720x380.png",540,285,true],"covernews-medium-square":["https:\/\/infoecos.com.ar\/wp-content\/uploads\/2023\/03\/image-84-675x450.png",375,250,true]},"author_info":{"info":["Jorge Matheus"]},"category_info":"<a href=\"https:\/\/infoecos.com.ar\/index.php\/category\/inferior2\/\" rel=\"category tag\">Bloque inferior - 2<\/a>","tag_info":"Bloque inferior - 2","comment_count":"0","_links":{"self":[{"href":"https:\/\/infoecos.com.ar\/index.php\/wp-json\/wp\/v2\/posts\/103309"}],"collection":[{"href":"https:\/\/infoecos.com.ar\/index.php\/wp-json\/wp\/v2\/posts"}],"about":[{"href":"https:\/\/infoecos.com.ar\/index.php\/wp-json\/wp\/v2\/types\/post"}],"author":[{"embeddable":true,"href":"https:\/\/infoecos.com.ar\/index.php\/wp-json\/wp\/v2\/users\/2"}],"replies":[{"embeddable":true,"href":"https:\/\/infoecos.com.ar\/index.php\/wp-json\/wp\/v2\/comments?post=103309"}],"version-history":[{"count":1,"href":"https:\/\/infoecos.com.ar\/index.php\/wp-json\/wp\/v2\/posts\/103309\/revisions"}],"predecessor-version":[{"id":103311,"href":"https:\/\/infoecos.com.ar\/index.php\/wp-json\/wp\/v2\/posts\/103309\/revisions\/103311"}],"wp:featuredmedia":[{"embeddable":true,"href":"https:\/\/infoecos.com.ar\/index.php\/wp-json\/wp\/v2\/media\/103310"}],"wp:attachment":[{"href":"https:\/\/infoecos.com.ar\/index.php\/wp-json\/wp\/v2\/media?parent=103309"}],"wp:term":[{"taxonomy":"category","embeddable":true,"href":"https:\/\/infoecos.com.ar\/index.php\/wp-json\/wp\/v2\/categories?post=103309"},{"taxonomy":"post_tag","embeddable":true,"href":"https:\/\/infoecos.com.ar\/index.php\/wp-json\/wp\/v2\/tags?post=103309"}],"curies":[{"name":"wp","href":"https:\/\/api.w.org\/{rel}","templated":true}]}}