{"id":103312,"date":"2023-04-01T00:37:17","date_gmt":"2023-04-01T03:37:17","guid":{"rendered":"https:\/\/infoecos.com.ar\/?p=103312"},"modified":"2023-04-03T01:32:06","modified_gmt":"2023-04-03T04:32:06","slug":"una-nina-de-11-anos-oriunda-de-catrilo-fallecio-a-raiz-de-un-accidente-domestico","status":"publish","type":"post","link":"https:\/\/infoecos.com.ar\/index.php\/una-nina-de-11-anos-oriunda-de-catrilo-fallecio-a-raiz-de-un-accidente-domestico\/","title":{"rendered":"Una ni\u00f1a de 11 a\u00f1os, oriunda de Catril\u00f3, falleci\u00f3 a ra\u00edz de un accidente dom\u00e9stico"},"content":{"rendered":"\n<p>Una ni\u00f1a de 11 a\u00f1os, oriunda de Catril\u00f3, falleci\u00f3 este viernes por la ma\u00f1ana en Santa Rosa, tras ingerir un \u00abbol\u00f3n\u00bb que le provoc\u00f3 una obstrucci\u00f3n en las v\u00edas respiratorias.&nbsp;<\/p>\n\n\n\n<p>La menor se trag\u00f3 una bolita de gran tama\u00f1o mientras se encontraba jugando en su casa, el pasado jueves por la noche. Inmediatamente, fue trasladada de urgencia desde Catril\u00f3 hacia el hospital Lucio Molas de Santa Rosa.&nbsp;<\/p>\n\n\n\n<p>La derivaci\u00f3n se realiz\u00f3 por la obstrucci\u00f3n en las v\u00edas respiratorias, que le produjeron la muerte en las primeras horas de la ma\u00f1ana de este viernes.<\/p>\n\n\n\n<p>Fuente: eldiariodelapampa.com.ar<\/p>\n","protected":false},"excerpt":{"rendered":"<p>La menor se trag\u00f3 una bolita de gran tama\u00f1o mientras se encontraba jugando en su casa, el pasado jueves por la noche. Inmediatamente, fue trasladada de urgencia desde Catril\u00f3 hacia el hospital Lucio Molas de Santa Rosa<\/p>\n","protected":false},"author":2,"featured_media":65070,"comment_status":"closed","ping_status":"open","sticky":false,"template":"","format":"standard","meta":{"footnotes":""},"categories":[40],"tags":[7600],"class_list":["post-103312","post","type-post","status-publish","format-standard","has-post-thumbnail","hentry","category-inferior1","tag-habia-sido-trasladada-a-santa-rosa"],"yoast_head":"<!-- This site is optimized with the Yoast SEO plugin v23.4 - https:\/\/yoast.com\/wordpress\/plugins\/seo\/ -->\n<title>Una ni\u00f1a de 11 a\u00f1os, oriunda de Catril\u00f3, falleci\u00f3 a ra\u00edz de un accidente dom\u00e9stico - Infoecos<\/title>\n<meta name=\"robots\" content=\"index, follow, max-snippet:-1, max-image-preview:large, max-video-preview:-1\" \/>\n<link rel=\"canonical\" href=\"https:\/\/infoecos.com.ar\/index.php\/una-nina-de-11-anos-oriunda-de-catrilo-fallecio-a-raiz-de-un-accidente-domestico\/\" \/>\n<meta property=\"og:locale\" content=\"es_ES\" \/>\n<meta property=\"og:type\" content=\"article\" \/>\n<meta property=\"og:title\" content=\"Una ni\u00f1a de 11 a\u00f1os, oriunda de Catril\u00f3, falleci\u00f3 a ra\u00edz de un accidente dom\u00e9stico - Infoecos\" \/>\n<meta property=\"og:description\" content=\"La menor se trag\u00f3 una bolita de gran tama\u00f1o mientras se encontraba jugando en su casa, el pasado jueves por la noche. Inmediatamente, fue trasladada de urgencia desde Catril\u00f3 hacia el hospital Lucio Molas de Santa Rosa\" \/>\n<meta property=\"og:url\" content=\"https:\/\/infoecos.com.ar\/index.php\/una-nina-de-11-anos-oriunda-de-catrilo-fallecio-a-raiz-de-un-accidente-domestico\/\" \/>\n<meta property=\"og:site_name\" content=\"Infoecos\" \/>\n<meta property=\"article:publisher\" content=\"https:\/\/www.facebook.com\/profile.php?id=100063200290284\" \/>\n<meta property=\"article:published_time\" content=\"2023-04-01T03:37:17+00:00\" \/>\n<meta property=\"article:modified_time\" content=\"2023-04-03T04:32:06+00:00\" \/>\n<meta property=\"og:image\" content=\"https:\/\/infoecos.com.ar\/wp-content\/uploads\/catrilodc4da96a.jpg\" \/>\n\t<meta property=\"og:image:width\" content=\"696\" \/>\n\t<meta property=\"og:image:height\" content=\"392\" \/>\n\t<meta property=\"og:image:type\" content=\"image\/jpeg\" \/>\n<meta name=\"author\" content=\"Jorge Matheus\" \/>\n<meta name=\"twitter:card\" content=\"summary_large_image\" \/>\n<meta name=\"twitter:creator\" content=\"@infoecos\" \/>\n<meta name=\"twitter:site\" content=\"@infoecos\" \/>\n<meta name=\"twitter:label1\" content=\"Escrito por\" \/>\n\t<meta name=\"twitter:data1\" content=\"Jorge Matheus\" \/>\n\t<meta name=\"twitter:label2\" content=\"Tiempo de lectura\" \/>\n\t<meta name=\"twitter:data2\" content=\"1 minuto\" \/>\n<script type=\"application\/ld+json\" class=\"yoast-schema-graph\">{\"@context\":\"https:\/\/schema.org\",\"@graph\":[{\"@type\":\"Article\",\"@id\":\"https:\/\/infoecos.com.ar\/index.php\/una-nina-de-11-anos-oriunda-de-catrilo-fallecio-a-raiz-de-un-accidente-domestico\/#article\",\"isPartOf\":{\"@id\":\"https:\/\/infoecos.com.ar\/index.php\/una-nina-de-11-anos-oriunda-de-catrilo-fallecio-a-raiz-de-un-accidente-domestico\/\"},\"author\":{\"name\":\"Jorge Matheus\",\"@id\":\"https:\/\/infoecos.com.ar\/#\/schema\/person\/8f5ace5ce73b4b4aac4b7245aee6f191\"},\"headline\":\"Una ni\u00f1a de 11 a\u00f1os, oriunda de Catril\u00f3, falleci\u00f3 a ra\u00edz de un accidente dom\u00e9stico\",\"datePublished\":\"2023-04-01T03:37:17+00:00\",\"dateModified\":\"2023-04-03T04:32:06+00:00\",\"mainEntityOfPage\":{\"@id\":\"https:\/\/infoecos.com.ar\/index.php\/una-nina-de-11-anos-oriunda-de-catrilo-fallecio-a-raiz-de-un-accidente-domestico\/\"},\"wordCount\":127,\"publisher\":{\"@id\":\"https:\/\/infoecos.com.ar\/#organization\"},\"image\":{\"@id\":\"https:\/\/infoecos.com.ar\/index.php\/una-nina-de-11-anos-oriunda-de-catrilo-fallecio-a-raiz-de-un-accidente-domestico\/#primaryimage\"},\"thumbnailUrl\":\"https:\/\/infoecos.com.ar\/wp-content\/uploads\/catrilodc4da96a.jpg\",\"keywords\":[\"hab\u00eda sido trasladada a Santa Rosa\"],\"articleSection\":[\"Bloque inferior - 1\"],\"inLanguage\":\"es\"},{\"@type\":\"WebPage\",\"@id\":\"https:\/\/infoecos.com.ar\/index.php\/una-nina-de-11-anos-oriunda-de-catrilo-fallecio-a-raiz-de-un-accidente-domestico\/\",\"url\":\"https:\/\/infoecos.com.ar\/index.php\/una-nina-de-11-anos-oriunda-de-catrilo-fallecio-a-raiz-de-un-accidente-domestico\/\",\"name\":\"Una ni\u00f1a de 11 a\u00f1os, oriunda de Catril\u00f3, falleci\u00f3 a ra\u00edz de un accidente dom\u00e9stico - Infoecos\",\"isPartOf\":{\"@id\":\"https:\/\/infoecos.com.ar\/#website\"},\"primaryImageOfPage\":{\"@id\":\"https:\/\/infoecos.com.ar\/index.php\/una-nina-de-11-anos-oriunda-de-catrilo-fallecio-a-raiz-de-un-accidente-domestico\/#primaryimage\"},\"image\":{\"@id\":\"https:\/\/infoecos.com.ar\/index.php\/una-nina-de-11-anos-oriunda-de-catrilo-fallecio-a-raiz-de-un-accidente-domestico\/#primaryimage\"},\"thumbnailUrl\":\"https:\/\/infoecos.com.ar\/wp-content\/uploads\/catrilodc4da96a.jpg\",\"datePublished\":\"2023-04-01T03:37:17+00:00\",\"dateModified\":\"2023-04-03T04:32:06+00:00\",\"breadcrumb\":{\"@id\":\"https:\/\/infoecos.com.ar\/index.php\/una-nina-de-11-anos-oriunda-de-catrilo-fallecio-a-raiz-de-un-accidente-domestico\/#breadcrumb\"},\"inLanguage\":\"es\",\"potentialAction\":[{\"@type\":\"ReadAction\",\"target\":[\"https:\/\/infoecos.com.ar\/index.php\/una-nina-de-11-anos-oriunda-de-catrilo-fallecio-a-raiz-de-un-accidente-domestico\/\"]}]},{\"@type\":\"ImageObject\",\"inLanguage\":\"es\",\"@id\":\"https:\/\/infoecos.com.ar\/index.php\/una-nina-de-11-anos-oriunda-de-catrilo-fallecio-a-raiz-de-un-accidente-domestico\/#primaryimage\",\"url\":\"https:\/\/infoecos.com.ar\/wp-content\/uploads\/catrilodc4da96a.jpg\",\"contentUrl\":\"https:\/\/infoecos.com.ar\/wp-content\/uploads\/catrilodc4da96a.jpg\",\"width\":696,\"height\":392},{\"@type\":\"BreadcrumbList\",\"@id\":\"https:\/\/infoecos.com.ar\/index.php\/una-nina-de-11-anos-oriunda-de-catrilo-fallecio-a-raiz-de-un-accidente-domestico\/#breadcrumb\",\"itemListElement\":[{\"@type\":\"ListItem\",\"position\":1,\"name\":\"Portada\",\"item\":\"https:\/\/infoecos.com.ar\/\"},{\"@type\":\"ListItem\",\"position\":2,\"name\":\"Una ni\u00f1a de 11 a\u00f1os, oriunda de Catril\u00f3, falleci\u00f3 a ra\u00edz de un accidente dom\u00e9stico\"}]},{\"@type\":\"WebSite\",\"@id\":\"https:\/\/infoecos.com.ar\/#website\",\"url\":\"https:\/\/infoecos.com.ar\/\",\"name\":\"Infoecos\",\"description\":\"Noticias de trenque lauquen y la zona\",\"publisher\":{\"@id\":\"https:\/\/infoecos.com.ar\/#organization\"},\"alternateName\":\"Noticias\",\"potentialAction\":[{\"@type\":\"SearchAction\",\"target\":{\"@type\":\"EntryPoint\",\"urlTemplate\":\"https:\/\/infoecos.com.ar\/?s={search_term_string}\"},\"query-input\":{\"@type\":\"PropertyValueSpecification\",\"valueRequired\":true,\"valueName\":\"search_term_string\"}}],\"inLanguage\":\"es\"},{\"@type\":\"Organization\",\"@id\":\"https:\/\/infoecos.com.ar\/#organization\",\"name\":\"Infoecos\",\"alternateName\":\"Noticias\",\"url\":\"https:\/\/infoecos.com.ar\/\",\"logo\":{\"@type\":\"ImageObject\",\"inLanguage\":\"es\",\"@id\":\"https:\/\/infoecos.com.ar\/#\/schema\/logo\/image\/\",\"url\":\"https:\/\/infoecos.com.ar\/wp-content\/uploads\/2024\/03\/cropped-logo.png\",\"contentUrl\":\"https:\/\/infoecos.com.ar\/wp-content\/uploads\/2024\/03\/cropped-logo.png\",\"width\":374,\"height\":90,\"caption\":\"Infoecos\"},\"image\":{\"@id\":\"https:\/\/infoecos.com.ar\/#\/schema\/logo\/image\/\"},\"sameAs\":[\"https:\/\/www.facebook.com\/profile.php?id=100063200290284\",\"https:\/\/x.com\/infoecos\"]},{\"@type\":\"Person\",\"@id\":\"https:\/\/infoecos.com.ar\/#\/schema\/person\/8f5ace5ce73b4b4aac4b7245aee6f191\",\"name\":\"Jorge Matheus\",\"url\":\"https:\/\/infoecos.com.ar\/index.php\/author\/jomatheus\/\"}]}<\/script>\n<!-- \/ Yoast SEO plugin. -->","yoast_head_json":{"title":"Una ni\u00f1a de 11 a\u00f1os, oriunda de Catril\u00f3, falleci\u00f3 a ra\u00edz de un accidente dom\u00e9stico - Infoecos","robots":{"index":"index","follow":"follow","max-snippet":"max-snippet:-1","max-image-preview":"max-image-preview:large","max-video-preview":"max-video-preview:-1"},"canonical":"https:\/\/infoecos.com.ar\/index.php\/una-nina-de-11-anos-oriunda-de-catrilo-fallecio-a-raiz-de-un-accidente-domestico\/","og_locale":"es_ES","og_type":"article","og_title":"Una ni\u00f1a de 11 a\u00f1os, oriunda de Catril\u00f3, falleci\u00f3 a ra\u00edz de un accidente dom\u00e9stico - Infoecos","og_description":"La menor se trag\u00f3 una bolita de gran tama\u00f1o mientras se encontraba jugando en su casa, el pasado jueves por la noche. Inmediatamente, fue trasladada de urgencia desde Catril\u00f3 hacia el hospital Lucio Molas de Santa Rosa","og_url":"https:\/\/infoecos.com.ar\/index.php\/una-nina-de-11-anos-oriunda-de-catrilo-fallecio-a-raiz-de-un-accidente-domestico\/","og_site_name":"Infoecos","article_publisher":"https:\/\/www.facebook.com\/profile.php?id=100063200290284","article_published_time":"2023-04-01T03:37:17+00:00","article_modified_time":"2023-04-03T04:32:06+00:00","og_image":[{"width":696,"height":392,"url":"https:\/\/infoecos.com.ar\/wp-content\/uploads\/catrilodc4da96a.jpg","type":"image\/jpeg"}],"author":"Jorge Matheus","twitter_card":"summary_large_image","twitter_creator":"@infoecos","twitter_site":"@infoecos","twitter_misc":{"Escrito por":"Jorge Matheus","Tiempo de lectura":"1 minuto"},"schema":{"@context":"https:\/\/schema.org","@graph":[{"@type":"Article","@id":"https:\/\/infoecos.com.ar\/index.php\/una-nina-de-11-anos-oriunda-de-catrilo-fallecio-a-raiz-de-un-accidente-domestico\/#article","isPartOf":{"@id":"https:\/\/infoecos.com.ar\/index.php\/una-nina-de-11-anos-oriunda-de-catrilo-fallecio-a-raiz-de-un-accidente-domestico\/"},"author":{"name":"Jorge Matheus","@id":"https:\/\/infoecos.com.ar\/#\/schema\/person\/8f5ace5ce73b4b4aac4b7245aee6f191"},"headline":"Una ni\u00f1a de 11 a\u00f1os, oriunda de Catril\u00f3, falleci\u00f3 a ra\u00edz de un accidente dom\u00e9stico","datePublished":"2023-04-01T03:37:17+00:00","dateModified":"2023-04-03T04:32:06+00:00","mainEntityOfPage":{"@id":"https:\/\/infoecos.com.ar\/index.php\/una-nina-de-11-anos-oriunda-de-catrilo-fallecio-a-raiz-de-un-accidente-domestico\/"},"wordCount":127,"publisher":{"@id":"https:\/\/infoecos.com.ar\/#organization"},"image":{"@id":"https:\/\/infoecos.com.ar\/index.php\/una-nina-de-11-anos-oriunda-de-catrilo-fallecio-a-raiz-de-un-accidente-domestico\/#primaryimage"},"thumbnailUrl":"https:\/\/infoecos.com.ar\/wp-content\/uploads\/catrilodc4da96a.jpg","keywords":["hab\u00eda sido trasladada a Santa Rosa"],"articleSection":["Bloque inferior - 1"],"inLanguage":"es"},{"@type":"WebPage","@id":"https:\/\/infoecos.com.ar\/index.php\/una-nina-de-11-anos-oriunda-de-catrilo-fallecio-a-raiz-de-un-accidente-domestico\/","url":"https:\/\/infoecos.com.ar\/index.php\/una-nina-de-11-anos-oriunda-de-catrilo-fallecio-a-raiz-de-un-accidente-domestico\/","name":"Una ni\u00f1a de 11 a\u00f1os, oriunda de Catril\u00f3, falleci\u00f3 a ra\u00edz de un accidente dom\u00e9stico - Infoecos","isPartOf":{"@id":"https:\/\/infoecos.com.ar\/#website"},"primaryImageOfPage":{"@id":"https:\/\/infoecos.com.ar\/index.php\/una-nina-de-11-anos-oriunda-de-catrilo-fallecio-a-raiz-de-un-accidente-domestico\/#primaryimage"},"image":{"@id":"https:\/\/infoecos.com.ar\/index.php\/una-nina-de-11-anos-oriunda-de-catrilo-fallecio-a-raiz-de-un-accidente-domestico\/#primaryimage"},"thumbnailUrl":"https:\/\/infoecos.com.ar\/wp-content\/uploads\/catrilodc4da96a.jpg","datePublished":"2023-04-01T03:37:17+00:00","dateModified":"2023-04-03T04:32:06+00:00","breadcrumb":{"@id":"https:\/\/infoecos.com.ar\/index.php\/una-nina-de-11-anos-oriunda-de-catrilo-fallecio-a-raiz-de-un-accidente-domestico\/#breadcrumb"},"inLanguage":"es","potentialAction":[{"@type":"ReadAction","target":["https:\/\/infoecos.com.ar\/index.php\/una-nina-de-11-anos-oriunda-de-catrilo-fallecio-a-raiz-de-un-accidente-domestico\/"]}]},{"@type":"ImageObject","inLanguage":"es","@id":"https:\/\/infoecos.com.ar\/index.php\/una-nina-de-11-anos-oriunda-de-catrilo-fallecio-a-raiz-de-un-accidente-domestico\/#primaryimage","url":"https:\/\/infoecos.com.ar\/wp-content\/uploads\/catrilodc4da96a.jpg","contentUrl":"https:\/\/infoecos.com.ar\/wp-content\/uploads\/catrilodc4da96a.jpg","width":696,"height":392},{"@type":"BreadcrumbList","@id":"https:\/\/infoecos.com.ar\/index.php\/una-nina-de-11-anos-oriunda-de-catrilo-fallecio-a-raiz-de-un-accidente-domestico\/#breadcrumb","itemListElement":[{"@type":"ListItem","position":1,"name":"Portada","item":"https:\/\/infoecos.com.ar\/"},{"@type":"ListItem","position":2,"name":"Una ni\u00f1a de 11 a\u00f1os, oriunda de Catril\u00f3, falleci\u00f3 a ra\u00edz de un accidente dom\u00e9stico"}]},{"@type":"WebSite","@id":"https:\/\/infoecos.com.ar\/#website","url":"https:\/\/infoecos.com.ar\/","name":"Infoecos","description":"Noticias de trenque lauquen y la zona","publisher":{"@id":"https:\/\/infoecos.com.ar\/#organization"},"alternateName":"Noticias","potentialAction":[{"@type":"SearchAction","target":{"@type":"EntryPoint","urlTemplate":"https:\/\/infoecos.com.ar\/?s={search_term_string}"},"query-input":{"@type":"PropertyValueSpecification","valueRequired":true,"valueName":"search_term_string"}}],"inLanguage":"es"},{"@type":"Organization","@id":"https:\/\/infoecos.com.ar\/#organization","name":"Infoecos","alternateName":"Noticias","url":"https:\/\/infoecos.com.ar\/","logo":{"@type":"ImageObject","inLanguage":"es","@id":"https:\/\/infoecos.com.ar\/#\/schema\/logo\/image\/","url":"https:\/\/infoecos.com.ar\/wp-content\/uploads\/2024\/03\/cropped-logo.png","contentUrl":"https:\/\/infoecos.com.ar\/wp-content\/uploads\/2024\/03\/cropped-logo.png","width":374,"height":90,"caption":"Infoecos"},"image":{"@id":"https:\/\/infoecos.com.ar\/#\/schema\/logo\/image\/"},"sameAs":["https:\/\/www.facebook.com\/profile.php?id=100063200290284","https:\/\/x.com\/infoecos"]},{"@type":"Person","@id":"https:\/\/infoecos.com.ar\/#\/schema\/person\/8f5ace5ce73b4b4aac4b7245aee6f191","name":"Jorge Matheus","url":"https:\/\/infoecos.com.ar\/index.php\/author\/jomatheus\/"}]}},"featured_image_urls":{"full":["https:\/\/infoecos.com.ar\/wp-content\/uploads\/catrilodc4da96a.jpg",696,392,false],"thumbnail":["https:\/\/infoecos.com.ar\/wp-content\/uploads\/catrilodc4da96a-150x150.jpg",150,150,true],"medium":["https:\/\/infoecos.com.ar\/wp-content\/uploads\/catrilodc4da96a-460x259.jpg",460,259,true],"medium_large":["https:\/\/infoecos.com.ar\/wp-content\/uploads\/catrilodc4da96a.jpg",640,360,false],"large":["https:\/\/infoecos.com.ar\/wp-content\/uploads\/catrilodc4da96a.jpg",640,360,false],"1536x1536":["https:\/\/infoecos.com.ar\/wp-content\/uploads\/catrilodc4da96a.jpg",696,392,false],"2048x2048":["https:\/\/infoecos.com.ar\/wp-content\/uploads\/catrilodc4da96a.jpg",696,392,false],"covernews-slider-full":["https:\/\/infoecos.com.ar\/wp-content\/uploads\/catrilodc4da96a.jpg",696,392,false],"covernews-slider-center":["https:\/\/infoecos.com.ar\/wp-content\/uploads\/catrilodc4da96a.jpg",696,392,false],"covernews-featured":["https:\/\/infoecos.com.ar\/wp-content\/uploads\/catrilodc4da96a.jpg",696,392,false],"covernews-medium":["https:\/\/infoecos.com.ar\/wp-content\/uploads\/catrilodc4da96a-696x380.jpg",540,295,true],"covernews-medium-square":["https:\/\/infoecos.com.ar\/wp-content\/uploads\/catrilodc4da96a-675x392.jpg",400,232,true]},"author_info":{"info":["Jorge Matheus"]},"category_info":"<a href=\"https:\/\/infoecos.com.ar\/index.php\/category\/inferior1\/\" rel=\"category tag\">Bloque inferior - 1<\/a>","tag_info":"Bloque inferior - 1","comment_count":"0","_links":{"self":[{"href":"https:\/\/infoecos.com.ar\/index.php\/wp-json\/wp\/v2\/posts\/103312"}],"collection":[{"href":"https:\/\/infoecos.com.ar\/index.php\/wp-json\/wp\/v2\/posts"}],"about":[{"href":"https:\/\/infoecos.com.ar\/index.php\/wp-json\/wp\/v2\/types\/post"}],"author":[{"embeddable":true,"href":"https:\/\/infoecos.com.ar\/index.php\/wp-json\/wp\/v2\/users\/2"}],"replies":[{"embeddable":true,"href":"https:\/\/infoecos.com.ar\/index.php\/wp-json\/wp\/v2\/comments?post=103312"}],"version-history":[{"count":2,"href":"https:\/\/infoecos.com.ar\/index.php\/wp-json\/wp\/v2\/posts\/103312\/revisions"}],"predecessor-version":[{"id":103314,"href":"https:\/\/infoecos.com.ar\/index.php\/wp-json\/wp\/v2\/posts\/103312\/revisions\/103314"}],"wp:featuredmedia":[{"embeddable":true,"href":"https:\/\/infoecos.com.ar\/index.php\/wp-json\/wp\/v2\/media\/65070"}],"wp:attachment":[{"href":"https:\/\/infoecos.com.ar\/index.php\/wp-json\/wp\/v2\/media?parent=103312"}],"wp:term":[{"taxonomy":"category","embeddable":true,"href":"https:\/\/infoecos.com.ar\/index.php\/wp-json\/wp\/v2\/categories?post=103312"},{"taxonomy":"post_tag","embeddable":true,"href":"https:\/\/infoecos.com.ar\/index.php\/wp-json\/wp\/v2\/tags?post=103312"}],"curies":[{"name":"wp","href":"https:\/\/api.w.org\/{rel}","templated":true}]}}