{"id":103387,"date":"2023-04-03T15:53:16","date_gmt":"2023-04-03T18:53:16","guid":{"rendered":"https:\/\/infoecos.com.ar\/?p=103387"},"modified":"2023-04-04T01:12:00","modified_gmt":"2023-04-04T04:12:00","slug":"asesinaron-un-colectivero-en-la-matanza-y-sus-companeros-reaccionaron-contra-sergio-berni","status":"publish","type":"post","link":"https:\/\/infoecos.com.ar\/index.php\/asesinaron-un-colectivero-en-la-matanza-y-sus-companeros-reaccionaron-contra-sergio-berni\/","title":{"rendered":"Asesinaron un colectivero en La Matanza y sus compa\u00f1eros reaccionaron contra Sergio Berni"},"content":{"rendered":"\n<p>El ministro de Seguridad de la provincia de Buenos Aires, Sergio Berni, fue agredido, trompeado e insultado en un piquete en Lomas del Mirador que realizaban colectiveros, compa\u00f1eros del chofer asesinado en La Matanza, Daniel Barrientos.<\/p>\n\n\n\n<figure class=\"wp-block-image aligncenter size-full is-resized\"><img loading=\"lazy\" decoding=\"async\" src=\"https:\/\/infoecos.com.ar\/wp-content\/uploads\/2023\/04\/FszIAsyWYAMBNuz.jpg\" alt=\"\" class=\"wp-image-103388\" width=\"364\" height=\"187\"\/><figcaption class=\"wp-element-caption\">Berni &#8211; Agresi\u00f3n <\/figcaption><\/figure>\n\n\n\n<p>El funcionario recibi\u00f3 golpes de pu\u00f1o, patadas y piedrazos. El hecho se produjo en la intersecci\u00f3n de General Paz y Ruta 5.<\/p>\n\n\n\n<figure class=\"wp-block-image aligncenter size-full is-resized\"><img loading=\"lazy\" decoding=\"async\" src=\"https:\/\/infoecos.com.ar\/wp-content\/uploads\/2023\/04\/FszMGC-X0AAOSJG.jpg\" alt=\"\" class=\"wp-image-103389\" width=\"347\" height=\"425\"\/><figcaption class=\"wp-element-caption\">Berni &#8211; Agresi\u00f3n <\/figcaption><\/figure>\n\n\n\n<p>Berni&nbsp;termin\u00f3 con heridas importantes en su nariz, con un moret\u00f3n en el p\u00f3mulo e internado en el Hospital Churruca, donde ya le dieron el alta.<\/p>\n\n\n\n<figure class=\"wp-block-image aligncenter size-full is-resized\"><img loading=\"lazy\" decoding=\"async\" src=\"https:\/\/infoecos.com.ar\/wp-content\/uploads\/2023\/04\/FszOrz5XgAE-Tnf-1.jpg\" alt=\"\" class=\"wp-image-103390\" width=\"341\" height=\"235\"\/><figcaption class=\"wp-element-caption\">Berni &#8211; Agresi\u00f3n <\/figcaption><\/figure>\n\n\n\n<p>El ministro de Seguridad bonaerense brind\u00f3 una conferencia de prensa donde dijo que \u00abNuestra responsabilidad es seguir trabajando para solucionar los problemas\u00bb, se\u00f1alando a la vez que \u00abentiende\u00bb el enojo de los choferes de la l\u00ednea 620.<\/p>\n\n\n\n<figure class=\"wp-block-image aligncenter size-full is-resized\"><img loading=\"lazy\" decoding=\"async\" src=\"https:\/\/infoecos.com.ar\/wp-content\/uploads\/2023\/04\/Fszb-53WAAAhUzs.jpg\" alt=\"\" class=\"wp-image-103391\" width=\"328\" height=\"327\"\/><figcaption class=\"wp-element-caption\">Berni &#8211; Agresi\u00f3n <\/figcaption><\/figure>\n\n\n\n<p>\u00abYo siempre ando solo y nunca huyo del lugar. Lamentablemente la polic\u00eda us\u00f3 su protocolo, hizo lo que ten\u00eda que hacer pero se complicaron m\u00e1s las cosas. Hay tres sectores que disputan permanentemente pero nada justifica ni la violencia recibida. Todos compartimos la tristeza y el horror de un chofer asesinado\u00bb, a\u00f1adi\u00f3. <\/p>\n","protected":false},"excerpt":{"rendered":"<p>El funcionario recibi\u00f3 golpes de pu\u00f1o, patadas y piedrazos. El hecho se produjo en la intersecci\u00f3n de General Paz y Ruta 5<\/p>\n","protected":false},"author":2,"featured_media":103390,"comment_status":"closed","ping_status":"open","sticky":false,"template":"","format":"standard","meta":{"footnotes":""},"categories":[50],"tags":[7612],"class_list":["post-103387","post","type-post","status-publish","format-standard","has-post-thumbnail","hentry","category-c1nota4","tag-durisima-golpiza-a-sergio-berni"],"yoast_head":"<!-- This site is optimized with the Yoast SEO plugin v23.4 - https:\/\/yoast.com\/wordpress\/plugins\/seo\/ -->\n<title>Asesinaron un colectivero en La Matanza y sus compa\u00f1eros reaccionaron contra Sergio Berni - Infoecos<\/title>\n<meta name=\"robots\" content=\"index, follow, max-snippet:-1, max-image-preview:large, max-video-preview:-1\" \/>\n<link rel=\"canonical\" href=\"https:\/\/infoecos.com.ar\/index.php\/asesinaron-un-colectivero-en-la-matanza-y-sus-companeros-reaccionaron-contra-sergio-berni\/\" \/>\n<meta property=\"og:locale\" content=\"es_ES\" \/>\n<meta property=\"og:type\" content=\"article\" \/>\n<meta property=\"og:title\" content=\"Asesinaron un colectivero en La Matanza y sus compa\u00f1eros reaccionaron contra Sergio Berni - Infoecos\" \/>\n<meta property=\"og:description\" content=\"El funcionario recibi\u00f3 golpes de pu\u00f1o, patadas y piedrazos. El hecho se produjo en la intersecci\u00f3n de General Paz y Ruta 5\" \/>\n<meta property=\"og:url\" content=\"https:\/\/infoecos.com.ar\/index.php\/asesinaron-un-colectivero-en-la-matanza-y-sus-companeros-reaccionaron-contra-sergio-berni\/\" \/>\n<meta property=\"og:site_name\" content=\"Infoecos\" \/>\n<meta property=\"article:publisher\" content=\"https:\/\/www.facebook.com\/profile.php?id=100063200290284\" \/>\n<meta property=\"article:published_time\" content=\"2023-04-03T18:53:16+00:00\" \/>\n<meta property=\"article:modified_time\" content=\"2023-04-04T04:12:00+00:00\" \/>\n<meta property=\"og:image\" content=\"https:\/\/infoecos.com.ar\/wp-content\/uploads\/2023\/04\/FszOrz5XgAE-Tnf-1.jpg\" \/>\n\t<meta property=\"og:image:width\" content=\"680\" \/>\n\t<meta property=\"og:image:height\" content=\"469\" \/>\n\t<meta property=\"og:image:type\" content=\"image\/jpeg\" \/>\n<meta name=\"author\" content=\"Jorge Matheus\" \/>\n<meta name=\"twitter:card\" content=\"summary_large_image\" \/>\n<meta name=\"twitter:creator\" content=\"@infoecos\" \/>\n<meta name=\"twitter:site\" content=\"@infoecos\" \/>\n<meta name=\"twitter:label1\" content=\"Escrito por\" \/>\n\t<meta name=\"twitter:data1\" content=\"Jorge Matheus\" \/>\n\t<meta name=\"twitter:label2\" content=\"Tiempo de lectura\" \/>\n\t<meta name=\"twitter:data2\" content=\"2 minutos\" \/>\n<script type=\"application\/ld+json\" class=\"yoast-schema-graph\">{\"@context\":\"https:\/\/schema.org\",\"@graph\":[{\"@type\":\"Article\",\"@id\":\"https:\/\/infoecos.com.ar\/index.php\/asesinaron-un-colectivero-en-la-matanza-y-sus-companeros-reaccionaron-contra-sergio-berni\/#article\",\"isPartOf\":{\"@id\":\"https:\/\/infoecos.com.ar\/index.php\/asesinaron-un-colectivero-en-la-matanza-y-sus-companeros-reaccionaron-contra-sergio-berni\/\"},\"author\":{\"name\":\"Jorge Matheus\",\"@id\":\"https:\/\/infoecos.com.ar\/#\/schema\/person\/8f5ace5ce73b4b4aac4b7245aee6f191\"},\"headline\":\"Asesinaron un colectivero en La Matanza y sus compa\u00f1eros reaccionaron contra Sergio Berni\",\"datePublished\":\"2023-04-03T18:53:16+00:00\",\"dateModified\":\"2023-04-04T04:12:00+00:00\",\"mainEntityOfPage\":{\"@id\":\"https:\/\/infoecos.com.ar\/index.php\/asesinaron-un-colectivero-en-la-matanza-y-sus-companeros-reaccionaron-contra-sergio-berni\/\"},\"wordCount\":213,\"publisher\":{\"@id\":\"https:\/\/infoecos.com.ar\/#organization\"},\"image\":{\"@id\":\"https:\/\/infoecos.com.ar\/index.php\/asesinaron-un-colectivero-en-la-matanza-y-sus-companeros-reaccionaron-contra-sergio-berni\/#primaryimage\"},\"thumbnailUrl\":\"https:\/\/infoecos.com.ar\/wp-content\/uploads\/2023\/04\/FszOrz5XgAE-Tnf-1.jpg\",\"keywords\":[\"DUR\u00cdSIMA GOLPIZA A SERGIO BERNI\"],\"articleSection\":[\"C1 N4\"],\"inLanguage\":\"es\"},{\"@type\":\"WebPage\",\"@id\":\"https:\/\/infoecos.com.ar\/index.php\/asesinaron-un-colectivero-en-la-matanza-y-sus-companeros-reaccionaron-contra-sergio-berni\/\",\"url\":\"https:\/\/infoecos.com.ar\/index.php\/asesinaron-un-colectivero-en-la-matanza-y-sus-companeros-reaccionaron-contra-sergio-berni\/\",\"name\":\"Asesinaron un colectivero en La Matanza y sus compa\u00f1eros reaccionaron contra Sergio Berni - Infoecos\",\"isPartOf\":{\"@id\":\"https:\/\/infoecos.com.ar\/#website\"},\"primaryImageOfPage\":{\"@id\":\"https:\/\/infoecos.com.ar\/index.php\/asesinaron-un-colectivero-en-la-matanza-y-sus-companeros-reaccionaron-contra-sergio-berni\/#primaryimage\"},\"image\":{\"@id\":\"https:\/\/infoecos.com.ar\/index.php\/asesinaron-un-colectivero-en-la-matanza-y-sus-companeros-reaccionaron-contra-sergio-berni\/#primaryimage\"},\"thumbnailUrl\":\"https:\/\/infoecos.com.ar\/wp-content\/uploads\/2023\/04\/FszOrz5XgAE-Tnf-1.jpg\",\"datePublished\":\"2023-04-03T18:53:16+00:00\",\"dateModified\":\"2023-04-04T04:12:00+00:00\",\"breadcrumb\":{\"@id\":\"https:\/\/infoecos.com.ar\/index.php\/asesinaron-un-colectivero-en-la-matanza-y-sus-companeros-reaccionaron-contra-sergio-berni\/#breadcrumb\"},\"inLanguage\":\"es\",\"potentialAction\":[{\"@type\":\"ReadAction\",\"target\":[\"https:\/\/infoecos.com.ar\/index.php\/asesinaron-un-colectivero-en-la-matanza-y-sus-companeros-reaccionaron-contra-sergio-berni\/\"]}]},{\"@type\":\"ImageObject\",\"inLanguage\":\"es\",\"@id\":\"https:\/\/infoecos.com.ar\/index.php\/asesinaron-un-colectivero-en-la-matanza-y-sus-companeros-reaccionaron-contra-sergio-berni\/#primaryimage\",\"url\":\"https:\/\/infoecos.com.ar\/wp-content\/uploads\/2023\/04\/FszOrz5XgAE-Tnf-1.jpg\",\"contentUrl\":\"https:\/\/infoecos.com.ar\/wp-content\/uploads\/2023\/04\/FszOrz5XgAE-Tnf-1.jpg\",\"width\":680,\"height\":469},{\"@type\":\"BreadcrumbList\",\"@id\":\"https:\/\/infoecos.com.ar\/index.php\/asesinaron-un-colectivero-en-la-matanza-y-sus-companeros-reaccionaron-contra-sergio-berni\/#breadcrumb\",\"itemListElement\":[{\"@type\":\"ListItem\",\"position\":1,\"name\":\"Portada\",\"item\":\"https:\/\/infoecos.com.ar\/\"},{\"@type\":\"ListItem\",\"position\":2,\"name\":\"Asesinaron un colectivero en La Matanza y sus compa\u00f1eros reaccionaron contra Sergio Berni\"}]},{\"@type\":\"WebSite\",\"@id\":\"https:\/\/infoecos.com.ar\/#website\",\"url\":\"https:\/\/infoecos.com.ar\/\",\"name\":\"Infoecos\",\"description\":\"Noticias de trenque lauquen y la zona\",\"publisher\":{\"@id\":\"https:\/\/infoecos.com.ar\/#organization\"},\"alternateName\":\"Noticias\",\"potentialAction\":[{\"@type\":\"SearchAction\",\"target\":{\"@type\":\"EntryPoint\",\"urlTemplate\":\"https:\/\/infoecos.com.ar\/?s={search_term_string}\"},\"query-input\":{\"@type\":\"PropertyValueSpecification\",\"valueRequired\":true,\"valueName\":\"search_term_string\"}}],\"inLanguage\":\"es\"},{\"@type\":\"Organization\",\"@id\":\"https:\/\/infoecos.com.ar\/#organization\",\"name\":\"Infoecos\",\"alternateName\":\"Noticias\",\"url\":\"https:\/\/infoecos.com.ar\/\",\"logo\":{\"@type\":\"ImageObject\",\"inLanguage\":\"es\",\"@id\":\"https:\/\/infoecos.com.ar\/#\/schema\/logo\/image\/\",\"url\":\"https:\/\/infoecos.com.ar\/wp-content\/uploads\/2024\/03\/cropped-logo.png\",\"contentUrl\":\"https:\/\/infoecos.com.ar\/wp-content\/uploads\/2024\/03\/cropped-logo.png\",\"width\":374,\"height\":90,\"caption\":\"Infoecos\"},\"image\":{\"@id\":\"https:\/\/infoecos.com.ar\/#\/schema\/logo\/image\/\"},\"sameAs\":[\"https:\/\/www.facebook.com\/profile.php?id=100063200290284\",\"https:\/\/x.com\/infoecos\"]},{\"@type\":\"Person\",\"@id\":\"https:\/\/infoecos.com.ar\/#\/schema\/person\/8f5ace5ce73b4b4aac4b7245aee6f191\",\"name\":\"Jorge Matheus\",\"url\":\"https:\/\/infoecos.com.ar\/index.php\/author\/jomatheus\/\"}]}<\/script>\n<!-- \/ Yoast SEO plugin. -->","yoast_head_json":{"title":"Asesinaron un colectivero en La Matanza y sus compa\u00f1eros reaccionaron contra Sergio Berni - Infoecos","robots":{"index":"index","follow":"follow","max-snippet":"max-snippet:-1","max-image-preview":"max-image-preview:large","max-video-preview":"max-video-preview:-1"},"canonical":"https:\/\/infoecos.com.ar\/index.php\/asesinaron-un-colectivero-en-la-matanza-y-sus-companeros-reaccionaron-contra-sergio-berni\/","og_locale":"es_ES","og_type":"article","og_title":"Asesinaron un colectivero en La Matanza y sus compa\u00f1eros reaccionaron contra Sergio Berni - Infoecos","og_description":"El funcionario recibi\u00f3 golpes de pu\u00f1o, patadas y piedrazos. El hecho se produjo en la intersecci\u00f3n de General Paz y Ruta 5","og_url":"https:\/\/infoecos.com.ar\/index.php\/asesinaron-un-colectivero-en-la-matanza-y-sus-companeros-reaccionaron-contra-sergio-berni\/","og_site_name":"Infoecos","article_publisher":"https:\/\/www.facebook.com\/profile.php?id=100063200290284","article_published_time":"2023-04-03T18:53:16+00:00","article_modified_time":"2023-04-04T04:12:00+00:00","og_image":[{"width":680,"height":469,"url":"https:\/\/infoecos.com.ar\/wp-content\/uploads\/2023\/04\/FszOrz5XgAE-Tnf-1.jpg","type":"image\/jpeg"}],"author":"Jorge Matheus","twitter_card":"summary_large_image","twitter_creator":"@infoecos","twitter_site":"@infoecos","twitter_misc":{"Escrito por":"Jorge Matheus","Tiempo de lectura":"2 minutos"},"schema":{"@context":"https:\/\/schema.org","@graph":[{"@type":"Article","@id":"https:\/\/infoecos.com.ar\/index.php\/asesinaron-un-colectivero-en-la-matanza-y-sus-companeros-reaccionaron-contra-sergio-berni\/#article","isPartOf":{"@id":"https:\/\/infoecos.com.ar\/index.php\/asesinaron-un-colectivero-en-la-matanza-y-sus-companeros-reaccionaron-contra-sergio-berni\/"},"author":{"name":"Jorge Matheus","@id":"https:\/\/infoecos.com.ar\/#\/schema\/person\/8f5ace5ce73b4b4aac4b7245aee6f191"},"headline":"Asesinaron un colectivero en La Matanza y sus compa\u00f1eros reaccionaron contra Sergio Berni","datePublished":"2023-04-03T18:53:16+00:00","dateModified":"2023-04-04T04:12:00+00:00","mainEntityOfPage":{"@id":"https:\/\/infoecos.com.ar\/index.php\/asesinaron-un-colectivero-en-la-matanza-y-sus-companeros-reaccionaron-contra-sergio-berni\/"},"wordCount":213,"publisher":{"@id":"https:\/\/infoecos.com.ar\/#organization"},"image":{"@id":"https:\/\/infoecos.com.ar\/index.php\/asesinaron-un-colectivero-en-la-matanza-y-sus-companeros-reaccionaron-contra-sergio-berni\/#primaryimage"},"thumbnailUrl":"https:\/\/infoecos.com.ar\/wp-content\/uploads\/2023\/04\/FszOrz5XgAE-Tnf-1.jpg","keywords":["DUR\u00cdSIMA GOLPIZA A SERGIO BERNI"],"articleSection":["C1 N4"],"inLanguage":"es"},{"@type":"WebPage","@id":"https:\/\/infoecos.com.ar\/index.php\/asesinaron-un-colectivero-en-la-matanza-y-sus-companeros-reaccionaron-contra-sergio-berni\/","url":"https:\/\/infoecos.com.ar\/index.php\/asesinaron-un-colectivero-en-la-matanza-y-sus-companeros-reaccionaron-contra-sergio-berni\/","name":"Asesinaron un colectivero en La Matanza y sus compa\u00f1eros reaccionaron contra Sergio Berni - Infoecos","isPartOf":{"@id":"https:\/\/infoecos.com.ar\/#website"},"primaryImageOfPage":{"@id":"https:\/\/infoecos.com.ar\/index.php\/asesinaron-un-colectivero-en-la-matanza-y-sus-companeros-reaccionaron-contra-sergio-berni\/#primaryimage"},"image":{"@id":"https:\/\/infoecos.com.ar\/index.php\/asesinaron-un-colectivero-en-la-matanza-y-sus-companeros-reaccionaron-contra-sergio-berni\/#primaryimage"},"thumbnailUrl":"https:\/\/infoecos.com.ar\/wp-content\/uploads\/2023\/04\/FszOrz5XgAE-Tnf-1.jpg","datePublished":"2023-04-03T18:53:16+00:00","dateModified":"2023-04-04T04:12:00+00:00","breadcrumb":{"@id":"https:\/\/infoecos.com.ar\/index.php\/asesinaron-un-colectivero-en-la-matanza-y-sus-companeros-reaccionaron-contra-sergio-berni\/#breadcrumb"},"inLanguage":"es","potentialAction":[{"@type":"ReadAction","target":["https:\/\/infoecos.com.ar\/index.php\/asesinaron-un-colectivero-en-la-matanza-y-sus-companeros-reaccionaron-contra-sergio-berni\/"]}]},{"@type":"ImageObject","inLanguage":"es","@id":"https:\/\/infoecos.com.ar\/index.php\/asesinaron-un-colectivero-en-la-matanza-y-sus-companeros-reaccionaron-contra-sergio-berni\/#primaryimage","url":"https:\/\/infoecos.com.ar\/wp-content\/uploads\/2023\/04\/FszOrz5XgAE-Tnf-1.jpg","contentUrl":"https:\/\/infoecos.com.ar\/wp-content\/uploads\/2023\/04\/FszOrz5XgAE-Tnf-1.jpg","width":680,"height":469},{"@type":"BreadcrumbList","@id":"https:\/\/infoecos.com.ar\/index.php\/asesinaron-un-colectivero-en-la-matanza-y-sus-companeros-reaccionaron-contra-sergio-berni\/#breadcrumb","itemListElement":[{"@type":"ListItem","position":1,"name":"Portada","item":"https:\/\/infoecos.com.ar\/"},{"@type":"ListItem","position":2,"name":"Asesinaron un colectivero en La Matanza y sus compa\u00f1eros reaccionaron contra Sergio Berni"}]},{"@type":"WebSite","@id":"https:\/\/infoecos.com.ar\/#website","url":"https:\/\/infoecos.com.ar\/","name":"Infoecos","description":"Noticias de trenque lauquen y la zona","publisher":{"@id":"https:\/\/infoecos.com.ar\/#organization"},"alternateName":"Noticias","potentialAction":[{"@type":"SearchAction","target":{"@type":"EntryPoint","urlTemplate":"https:\/\/infoecos.com.ar\/?s={search_term_string}"},"query-input":{"@type":"PropertyValueSpecification","valueRequired":true,"valueName":"search_term_string"}}],"inLanguage":"es"},{"@type":"Organization","@id":"https:\/\/infoecos.com.ar\/#organization","name":"Infoecos","alternateName":"Noticias","url":"https:\/\/infoecos.com.ar\/","logo":{"@type":"ImageObject","inLanguage":"es","@id":"https:\/\/infoecos.com.ar\/#\/schema\/logo\/image\/","url":"https:\/\/infoecos.com.ar\/wp-content\/uploads\/2024\/03\/cropped-logo.png","contentUrl":"https:\/\/infoecos.com.ar\/wp-content\/uploads\/2024\/03\/cropped-logo.png","width":374,"height":90,"caption":"Infoecos"},"image":{"@id":"https:\/\/infoecos.com.ar\/#\/schema\/logo\/image\/"},"sameAs":["https:\/\/www.facebook.com\/profile.php?id=100063200290284","https:\/\/x.com\/infoecos"]},{"@type":"Person","@id":"https:\/\/infoecos.com.ar\/#\/schema\/person\/8f5ace5ce73b4b4aac4b7245aee6f191","name":"Jorge Matheus","url":"https:\/\/infoecos.com.ar\/index.php\/author\/jomatheus\/"}]}},"featured_image_urls":{"full":["https:\/\/infoecos.com.ar\/wp-content\/uploads\/2023\/04\/FszOrz5XgAE-Tnf-1.jpg",680,469,false],"thumbnail":["https:\/\/infoecos.com.ar\/wp-content\/uploads\/2023\/04\/FszOrz5XgAE-Tnf-1-300x150.jpg",300,150,true],"medium":["https:\/\/infoecos.com.ar\/wp-content\/uploads\/2023\/04\/FszOrz5XgAE-Tnf-1.jpg",680,469,false],"medium_large":["https:\/\/infoecos.com.ar\/wp-content\/uploads\/2023\/04\/FszOrz5XgAE-Tnf-1.jpg",640,441,false],"large":["https:\/\/infoecos.com.ar\/wp-content\/uploads\/2023\/04\/FszOrz5XgAE-Tnf-1.jpg",640,441,false],"1536x1536":["https:\/\/infoecos.com.ar\/wp-content\/uploads\/2023\/04\/FszOrz5XgAE-Tnf-1.jpg",680,469,false],"2048x2048":["https:\/\/infoecos.com.ar\/wp-content\/uploads\/2023\/04\/FszOrz5XgAE-Tnf-1.jpg",680,469,false],"covernews-slider-full":["https:\/\/infoecos.com.ar\/wp-content\/uploads\/2023\/04\/FszOrz5XgAE-Tnf-1.jpg",680,469,false],"covernews-slider-center":["https:\/\/infoecos.com.ar\/wp-content\/uploads\/2023\/04\/FszOrz5XgAE-Tnf-1.jpg",680,469,false],"covernews-featured":["https:\/\/infoecos.com.ar\/wp-content\/uploads\/2023\/04\/FszOrz5XgAE-Tnf-1.jpg",680,469,false],"covernews-medium":["https:\/\/infoecos.com.ar\/wp-content\/uploads\/2023\/04\/FszOrz5XgAE-Tnf-1-680x380.jpg",540,302,true],"covernews-medium-square":["https:\/\/infoecos.com.ar\/wp-content\/uploads\/2023\/04\/FszOrz5XgAE-Tnf-1-675x450.jpg",375,250,true]},"author_info":{"info":["Jorge Matheus"]},"category_info":"<a href=\"https:\/\/infoecos.com.ar\/index.php\/category\/c1nota4\/\" rel=\"category tag\">C1 N4<\/a>","tag_info":"C1 N4","comment_count":"0","_links":{"self":[{"href":"https:\/\/infoecos.com.ar\/index.php\/wp-json\/wp\/v2\/posts\/103387"}],"collection":[{"href":"https:\/\/infoecos.com.ar\/index.php\/wp-json\/wp\/v2\/posts"}],"about":[{"href":"https:\/\/infoecos.com.ar\/index.php\/wp-json\/wp\/v2\/types\/post"}],"author":[{"embeddable":true,"href":"https:\/\/infoecos.com.ar\/index.php\/wp-json\/wp\/v2\/users\/2"}],"replies":[{"embeddable":true,"href":"https:\/\/infoecos.com.ar\/index.php\/wp-json\/wp\/v2\/comments?post=103387"}],"version-history":[{"count":2,"href":"https:\/\/infoecos.com.ar\/index.php\/wp-json\/wp\/v2\/posts\/103387\/revisions"}],"predecessor-version":[{"id":103414,"href":"https:\/\/infoecos.com.ar\/index.php\/wp-json\/wp\/v2\/posts\/103387\/revisions\/103414"}],"wp:featuredmedia":[{"embeddable":true,"href":"https:\/\/infoecos.com.ar\/index.php\/wp-json\/wp\/v2\/media\/103390"}],"wp:attachment":[{"href":"https:\/\/infoecos.com.ar\/index.php\/wp-json\/wp\/v2\/media?parent=103387"}],"wp:term":[{"taxonomy":"category","embeddable":true,"href":"https:\/\/infoecos.com.ar\/index.php\/wp-json\/wp\/v2\/categories?post=103387"},{"taxonomy":"post_tag","embeddable":true,"href":"https:\/\/infoecos.com.ar\/index.php\/wp-json\/wp\/v2\/tags?post=103387"}],"curies":[{"name":"wp","href":"https:\/\/api.w.org\/{rel}","templated":true}]}}