{"id":103403,"date":"2023-04-04T00:20:39","date_gmt":"2023-04-04T03:20:39","guid":{"rendered":"https:\/\/infoecos.com.ar\/?p=103403"},"modified":"2023-04-05T00:18:49","modified_gmt":"2023-04-05T03:18:49","slug":"298-millones-de-pesos-para-trenque-lauquen-del-programa-municipios-a-la-obra","status":"publish","type":"post","link":"https:\/\/infoecos.com.ar\/index.php\/298-millones-de-pesos-para-trenque-lauquen-del-programa-municipios-a-la-obra\/","title":{"rendered":"298 millones de pesos para Trenque Lauquen del programa \u00abMunicipios a la Obra\u00bb"},"content":{"rendered":"\n<p>El Gobierno bonaerense a trav\u00e9s del programa \u201cMunicipios a la Obra\u201d dispondr\u00e1 298 millones de pesos para el distrito de Trenque Lauquen.<\/p>\n\n\n\n<figure class=\"wp-block-image alignright size-large is-resized\"><img loading=\"lazy\" decoding=\"async\" src=\"https:\/\/infoecos.com.ar\/wp-content\/uploads\/2023\/04\/DAE1330-1600x1180.jpg\" alt=\"\" class=\"wp-image-103404\" width=\"457\" height=\"337\" srcset=\"https:\/\/infoecos.com.ar\/wp-content\/uploads\/2023\/04\/DAE1330-1600x1180.jpg 1600w, https:\/\/infoecos.com.ar\/wp-content\/uploads\/2023\/04\/DAE1330-800x590.jpg 800w, https:\/\/infoecos.com.ar\/wp-content\/uploads\/2023\/04\/DAE1330-768x566.jpg 768w, https:\/\/infoecos.com.ar\/wp-content\/uploads\/2023\/04\/DAE1330-1536x1133.jpg 1536w, https:\/\/infoecos.com.ar\/wp-content\/uploads\/2023\/04\/DAE1330-2048x1510.jpg 2048w, https:\/\/infoecos.com.ar\/wp-content\/uploads\/2023\/04\/DAE1330-1024x755.jpg 1024w\" sizes=\"(max-width: 457px) 100vw, 457px\" \/><\/figure>\n\n\n\n<p>Este lunes en un acto que se concret\u00f3 en la Casa de Gobierno y que no tuvo la connotaci\u00f3n que seguramente esperaba el gobierno bonaerense a ra\u00edz de los acontecimientos que se produjeron en Virrey del Pino, se firm\u00f3 el convenio. El acto se realiz\u00f3 en el Sal\u00f3n Dorado de la Casa de Gobierno, estuvo encabezado por el gobernador dela Provincia, Axel Kicillof, y participaron tambi\u00e9n la vicegobernadora, Ver\u00f3nica Magario; la ministra de Gobierno, Cristina Alvarez Rodr\u00edguez; y Pablo L\u00f3pez, ministro de Hacienda y Finanzas<\/p>\n\n\n\n<p>Estuvo el intendente municipal, doctor Miguel Fern\u00e1ndez, y en la informaci\u00f3n oficial difundida en horas de la tarde se indic\u00f3 que el monto ser\u00e1 invertido en un plan de repavimentaci\u00f3n; en la ampliaci\u00f3n del Hogar Geri\u00e1trico Luis Alberto C\u00f3rdoba, de 30 de Agosto; en intervenciones en los accesos a la ciudad cabecera; y en obras de iluminaci\u00f3n para Trenque Lauquen y Beruti. Se agreg\u00f3 que del total de 298 millones de pesos a ejecutarse en las obras mencionadas, 98 millones estar\u00e1n destinados a un intenso plan de repavimentaci\u00f3n.<\/p>\n\n\n\n<p>Las intervenciones contempladas en el programa \u201cMunicipios a la obra\u201d se suman a otra serie de iniciativas proyectadas y contenidas en otros programas, y abarcan cord\u00f3n cuneta, 22 pozos de agua en Mari Lauquen, obras hidr\u00e1ulicas y de cloacas.<\/p>\n\n\n\n<p>El fondo del programa \u201cMunicipios a la obra\u201d se distribuye entre los 135 distritos de la Provincia de acuerdo a un coeficiente combinado, compuesto en un 50% aplicando el Coeficiente \u00danico de Distribuci\u00f3n Ley N\u00b0 10.559 para 2023 y el restante 50% conforme a los ingresos corrientes percibidos durante el Ejercicio 2019.<\/p>\n\n\n\n<p>Seg\u00fan lo establecido, la composici\u00f3n del dinero \u00abquedar\u00e1 garantizada con recursos de Rentas Generales y\/o cualquier otra fuente que al efecto determine la Autoridad de Aplicaci\u00f3n, estableci\u00e9ndose un 30% en concepto de anticipo antes del 31 de marzo de 2023 y el 70% restante de acuerdo a las disposiciones\u00bb establecidas.<\/p>\n","protected":false},"excerpt":{"rendered":"<p>En la informaci\u00f3n oficial difundida en horas de la tarde se indic\u00f3 que el monto ser\u00e1 invertido en un plan de repavimentaci\u00f3n; en la ampliaci\u00f3n del Hogar Geri\u00e1trico Luis Alberto C\u00f3rdoba, de 30 de Agosto; en intervenciones en los accesos a la ciudad cabecera; y en obras de iluminaci\u00f3n para Trenque Lauquen y Beruti<\/p>\n","protected":false},"author":2,"featured_media":103404,"comment_status":"closed","ping_status":"open","sticky":false,"template":"","format":"standard","meta":{"footnotes":""},"categories":[46],"tags":[7615],"class_list":["post-103403","post","type-post","status-publish","format-standard","has-post-thumbnail","hentry","category-c2nota2","tag-fernandez-firmo-el-convenio-2"],"yoast_head":"<!-- This site is optimized with the Yoast SEO plugin v23.4 - https:\/\/yoast.com\/wordpress\/plugins\/seo\/ -->\n<title>298 millones de pesos para Trenque Lauquen del programa &quot;Municipios a la Obra&quot; - Infoecos<\/title>\n<meta name=\"robots\" content=\"index, follow, max-snippet:-1, max-image-preview:large, max-video-preview:-1\" \/>\n<link rel=\"canonical\" href=\"https:\/\/infoecos.com.ar\/index.php\/298-millones-de-pesos-para-trenque-lauquen-del-programa-municipios-a-la-obra\/\" \/>\n<meta property=\"og:locale\" content=\"es_ES\" \/>\n<meta property=\"og:type\" content=\"article\" \/>\n<meta property=\"og:title\" content=\"298 millones de pesos para Trenque Lauquen del programa &quot;Municipios a la Obra&quot; - Infoecos\" \/>\n<meta property=\"og:description\" content=\"En la informaci\u00f3n oficial difundida en horas de la tarde se indic\u00f3 que el monto ser\u00e1 invertido en un plan de repavimentaci\u00f3n; en la ampliaci\u00f3n del Hogar Geri\u00e1trico Luis Alberto C\u00f3rdoba, de 30 de Agosto; en intervenciones en los accesos a la ciudad cabecera; y en obras de iluminaci\u00f3n para Trenque Lauquen y Beruti\" \/>\n<meta property=\"og:url\" content=\"https:\/\/infoecos.com.ar\/index.php\/298-millones-de-pesos-para-trenque-lauquen-del-programa-municipios-a-la-obra\/\" \/>\n<meta property=\"og:site_name\" content=\"Infoecos\" \/>\n<meta property=\"article:publisher\" content=\"https:\/\/www.facebook.com\/profile.php?id=100063200290284\" \/>\n<meta property=\"article:published_time\" content=\"2023-04-04T03:20:39+00:00\" \/>\n<meta property=\"article:modified_time\" content=\"2023-04-05T03:18:49+00:00\" \/>\n<meta property=\"og:image\" content=\"https:\/\/infoecos.com.ar\/wp-content\/uploads\/2023\/04\/DAE1330-scaled.jpg\" \/>\n\t<meta property=\"og:image:width\" content=\"2560\" \/>\n\t<meta property=\"og:image:height\" content=\"1888\" \/>\n\t<meta property=\"og:image:type\" content=\"image\/jpeg\" \/>\n<meta name=\"author\" content=\"Jorge Matheus\" \/>\n<meta name=\"twitter:card\" content=\"summary_large_image\" \/>\n<meta name=\"twitter:creator\" content=\"@infoecos\" \/>\n<meta name=\"twitter:site\" content=\"@infoecos\" \/>\n<meta name=\"twitter:label1\" content=\"Escrito por\" \/>\n\t<meta name=\"twitter:data1\" content=\"Jorge Matheus\" \/>\n\t<meta name=\"twitter:label2\" content=\"Tiempo de lectura\" \/>\n\t<meta name=\"twitter:data2\" content=\"2 minutos\" \/>\n<script type=\"application\/ld+json\" class=\"yoast-schema-graph\">{\"@context\":\"https:\/\/schema.org\",\"@graph\":[{\"@type\":\"Article\",\"@id\":\"https:\/\/infoecos.com.ar\/index.php\/298-millones-de-pesos-para-trenque-lauquen-del-programa-municipios-a-la-obra\/#article\",\"isPartOf\":{\"@id\":\"https:\/\/infoecos.com.ar\/index.php\/298-millones-de-pesos-para-trenque-lauquen-del-programa-municipios-a-la-obra\/\"},\"author\":{\"name\":\"Jorge Matheus\",\"@id\":\"https:\/\/infoecos.com.ar\/#\/schema\/person\/8f5ace5ce73b4b4aac4b7245aee6f191\"},\"headline\":\"298 millones de pesos para Trenque Lauquen del programa \u00abMunicipios a la Obra\u00bb\",\"datePublished\":\"2023-04-04T03:20:39+00:00\",\"dateModified\":\"2023-04-05T03:18:49+00:00\",\"mainEntityOfPage\":{\"@id\":\"https:\/\/infoecos.com.ar\/index.php\/298-millones-de-pesos-para-trenque-lauquen-del-programa-municipios-a-la-obra\/\"},\"wordCount\":358,\"publisher\":{\"@id\":\"https:\/\/infoecos.com.ar\/#organization\"},\"image\":{\"@id\":\"https:\/\/infoecos.com.ar\/index.php\/298-millones-de-pesos-para-trenque-lauquen-del-programa-municipios-a-la-obra\/#primaryimage\"},\"thumbnailUrl\":\"https:\/\/infoecos.com.ar\/wp-content\/uploads\/2023\/04\/DAE1330-scaled.jpg\",\"keywords\":[\"FERN\u00c1NDEZ FIRM\u00d3 EL CONVENIO\"],\"articleSection\":[\"C2 N2\"],\"inLanguage\":\"es\"},{\"@type\":\"WebPage\",\"@id\":\"https:\/\/infoecos.com.ar\/index.php\/298-millones-de-pesos-para-trenque-lauquen-del-programa-municipios-a-la-obra\/\",\"url\":\"https:\/\/infoecos.com.ar\/index.php\/298-millones-de-pesos-para-trenque-lauquen-del-programa-municipios-a-la-obra\/\",\"name\":\"298 millones de pesos para Trenque Lauquen del programa \\\"Municipios a la Obra\\\" - Infoecos\",\"isPartOf\":{\"@id\":\"https:\/\/infoecos.com.ar\/#website\"},\"primaryImageOfPage\":{\"@id\":\"https:\/\/infoecos.com.ar\/index.php\/298-millones-de-pesos-para-trenque-lauquen-del-programa-municipios-a-la-obra\/#primaryimage\"},\"image\":{\"@id\":\"https:\/\/infoecos.com.ar\/index.php\/298-millones-de-pesos-para-trenque-lauquen-del-programa-municipios-a-la-obra\/#primaryimage\"},\"thumbnailUrl\":\"https:\/\/infoecos.com.ar\/wp-content\/uploads\/2023\/04\/DAE1330-scaled.jpg\",\"datePublished\":\"2023-04-04T03:20:39+00:00\",\"dateModified\":\"2023-04-05T03:18:49+00:00\",\"breadcrumb\":{\"@id\":\"https:\/\/infoecos.com.ar\/index.php\/298-millones-de-pesos-para-trenque-lauquen-del-programa-municipios-a-la-obra\/#breadcrumb\"},\"inLanguage\":\"es\",\"potentialAction\":[{\"@type\":\"ReadAction\",\"target\":[\"https:\/\/infoecos.com.ar\/index.php\/298-millones-de-pesos-para-trenque-lauquen-del-programa-municipios-a-la-obra\/\"]}]},{\"@type\":\"ImageObject\",\"inLanguage\":\"es\",\"@id\":\"https:\/\/infoecos.com.ar\/index.php\/298-millones-de-pesos-para-trenque-lauquen-del-programa-municipios-a-la-obra\/#primaryimage\",\"url\":\"https:\/\/infoecos.com.ar\/wp-content\/uploads\/2023\/04\/DAE1330-scaled.jpg\",\"contentUrl\":\"https:\/\/infoecos.com.ar\/wp-content\/uploads\/2023\/04\/DAE1330-scaled.jpg\",\"width\":2560,\"height\":1888},{\"@type\":\"BreadcrumbList\",\"@id\":\"https:\/\/infoecos.com.ar\/index.php\/298-millones-de-pesos-para-trenque-lauquen-del-programa-municipios-a-la-obra\/#breadcrumb\",\"itemListElement\":[{\"@type\":\"ListItem\",\"position\":1,\"name\":\"Portada\",\"item\":\"https:\/\/infoecos.com.ar\/\"},{\"@type\":\"ListItem\",\"position\":2,\"name\":\"298 millones de pesos para Trenque Lauquen del programa \u00abMunicipios a la Obra\u00bb\"}]},{\"@type\":\"WebSite\",\"@id\":\"https:\/\/infoecos.com.ar\/#website\",\"url\":\"https:\/\/infoecos.com.ar\/\",\"name\":\"Infoecos\",\"description\":\"Noticias de trenque lauquen y la zona\",\"publisher\":{\"@id\":\"https:\/\/infoecos.com.ar\/#organization\"},\"alternateName\":\"Noticias\",\"potentialAction\":[{\"@type\":\"SearchAction\",\"target\":{\"@type\":\"EntryPoint\",\"urlTemplate\":\"https:\/\/infoecos.com.ar\/?s={search_term_string}\"},\"query-input\":{\"@type\":\"PropertyValueSpecification\",\"valueRequired\":true,\"valueName\":\"search_term_string\"}}],\"inLanguage\":\"es\"},{\"@type\":\"Organization\",\"@id\":\"https:\/\/infoecos.com.ar\/#organization\",\"name\":\"Infoecos\",\"alternateName\":\"Noticias\",\"url\":\"https:\/\/infoecos.com.ar\/\",\"logo\":{\"@type\":\"ImageObject\",\"inLanguage\":\"es\",\"@id\":\"https:\/\/infoecos.com.ar\/#\/schema\/logo\/image\/\",\"url\":\"https:\/\/infoecos.com.ar\/wp-content\/uploads\/2024\/03\/cropped-logo.png\",\"contentUrl\":\"https:\/\/infoecos.com.ar\/wp-content\/uploads\/2024\/03\/cropped-logo.png\",\"width\":374,\"height\":90,\"caption\":\"Infoecos\"},\"image\":{\"@id\":\"https:\/\/infoecos.com.ar\/#\/schema\/logo\/image\/\"},\"sameAs\":[\"https:\/\/www.facebook.com\/profile.php?id=100063200290284\",\"https:\/\/x.com\/infoecos\"]},{\"@type\":\"Person\",\"@id\":\"https:\/\/infoecos.com.ar\/#\/schema\/person\/8f5ace5ce73b4b4aac4b7245aee6f191\",\"name\":\"Jorge Matheus\",\"url\":\"https:\/\/infoecos.com.ar\/index.php\/author\/jomatheus\/\"}]}<\/script>\n<!-- \/ Yoast SEO plugin. -->","yoast_head_json":{"title":"298 millones de pesos para Trenque Lauquen del programa \"Municipios a la Obra\" - Infoecos","robots":{"index":"index","follow":"follow","max-snippet":"max-snippet:-1","max-image-preview":"max-image-preview:large","max-video-preview":"max-video-preview:-1"},"canonical":"https:\/\/infoecos.com.ar\/index.php\/298-millones-de-pesos-para-trenque-lauquen-del-programa-municipios-a-la-obra\/","og_locale":"es_ES","og_type":"article","og_title":"298 millones de pesos para Trenque Lauquen del programa \"Municipios a la Obra\" - Infoecos","og_description":"En la informaci\u00f3n oficial difundida en horas de la tarde se indic\u00f3 que el monto ser\u00e1 invertido en un plan de repavimentaci\u00f3n; en la ampliaci\u00f3n del Hogar Geri\u00e1trico Luis Alberto C\u00f3rdoba, de 30 de Agosto; en intervenciones en los accesos a la ciudad cabecera; y en obras de iluminaci\u00f3n para Trenque Lauquen y Beruti","og_url":"https:\/\/infoecos.com.ar\/index.php\/298-millones-de-pesos-para-trenque-lauquen-del-programa-municipios-a-la-obra\/","og_site_name":"Infoecos","article_publisher":"https:\/\/www.facebook.com\/profile.php?id=100063200290284","article_published_time":"2023-04-04T03:20:39+00:00","article_modified_time":"2023-04-05T03:18:49+00:00","og_image":[{"width":2560,"height":1888,"url":"https:\/\/infoecos.com.ar\/wp-content\/uploads\/2023\/04\/DAE1330-scaled.jpg","type":"image\/jpeg"}],"author":"Jorge Matheus","twitter_card":"summary_large_image","twitter_creator":"@infoecos","twitter_site":"@infoecos","twitter_misc":{"Escrito por":"Jorge Matheus","Tiempo de lectura":"2 minutos"},"schema":{"@context":"https:\/\/schema.org","@graph":[{"@type":"Article","@id":"https:\/\/infoecos.com.ar\/index.php\/298-millones-de-pesos-para-trenque-lauquen-del-programa-municipios-a-la-obra\/#article","isPartOf":{"@id":"https:\/\/infoecos.com.ar\/index.php\/298-millones-de-pesos-para-trenque-lauquen-del-programa-municipios-a-la-obra\/"},"author":{"name":"Jorge Matheus","@id":"https:\/\/infoecos.com.ar\/#\/schema\/person\/8f5ace5ce73b4b4aac4b7245aee6f191"},"headline":"298 millones de pesos para Trenque Lauquen del programa \u00abMunicipios a la Obra\u00bb","datePublished":"2023-04-04T03:20:39+00:00","dateModified":"2023-04-05T03:18:49+00:00","mainEntityOfPage":{"@id":"https:\/\/infoecos.com.ar\/index.php\/298-millones-de-pesos-para-trenque-lauquen-del-programa-municipios-a-la-obra\/"},"wordCount":358,"publisher":{"@id":"https:\/\/infoecos.com.ar\/#organization"},"image":{"@id":"https:\/\/infoecos.com.ar\/index.php\/298-millones-de-pesos-para-trenque-lauquen-del-programa-municipios-a-la-obra\/#primaryimage"},"thumbnailUrl":"https:\/\/infoecos.com.ar\/wp-content\/uploads\/2023\/04\/DAE1330-scaled.jpg","keywords":["FERN\u00c1NDEZ FIRM\u00d3 EL CONVENIO"],"articleSection":["C2 N2"],"inLanguage":"es"},{"@type":"WebPage","@id":"https:\/\/infoecos.com.ar\/index.php\/298-millones-de-pesos-para-trenque-lauquen-del-programa-municipios-a-la-obra\/","url":"https:\/\/infoecos.com.ar\/index.php\/298-millones-de-pesos-para-trenque-lauquen-del-programa-municipios-a-la-obra\/","name":"298 millones de pesos para Trenque Lauquen del programa \"Municipios a la Obra\" - Infoecos","isPartOf":{"@id":"https:\/\/infoecos.com.ar\/#website"},"primaryImageOfPage":{"@id":"https:\/\/infoecos.com.ar\/index.php\/298-millones-de-pesos-para-trenque-lauquen-del-programa-municipios-a-la-obra\/#primaryimage"},"image":{"@id":"https:\/\/infoecos.com.ar\/index.php\/298-millones-de-pesos-para-trenque-lauquen-del-programa-municipios-a-la-obra\/#primaryimage"},"thumbnailUrl":"https:\/\/infoecos.com.ar\/wp-content\/uploads\/2023\/04\/DAE1330-scaled.jpg","datePublished":"2023-04-04T03:20:39+00:00","dateModified":"2023-04-05T03:18:49+00:00","breadcrumb":{"@id":"https:\/\/infoecos.com.ar\/index.php\/298-millones-de-pesos-para-trenque-lauquen-del-programa-municipios-a-la-obra\/#breadcrumb"},"inLanguage":"es","potentialAction":[{"@type":"ReadAction","target":["https:\/\/infoecos.com.ar\/index.php\/298-millones-de-pesos-para-trenque-lauquen-del-programa-municipios-a-la-obra\/"]}]},{"@type":"ImageObject","inLanguage":"es","@id":"https:\/\/infoecos.com.ar\/index.php\/298-millones-de-pesos-para-trenque-lauquen-del-programa-municipios-a-la-obra\/#primaryimage","url":"https:\/\/infoecos.com.ar\/wp-content\/uploads\/2023\/04\/DAE1330-scaled.jpg","contentUrl":"https:\/\/infoecos.com.ar\/wp-content\/uploads\/2023\/04\/DAE1330-scaled.jpg","width":2560,"height":1888},{"@type":"BreadcrumbList","@id":"https:\/\/infoecos.com.ar\/index.php\/298-millones-de-pesos-para-trenque-lauquen-del-programa-municipios-a-la-obra\/#breadcrumb","itemListElement":[{"@type":"ListItem","position":1,"name":"Portada","item":"https:\/\/infoecos.com.ar\/"},{"@type":"ListItem","position":2,"name":"298 millones de pesos para Trenque Lauquen del programa \u00abMunicipios a la Obra\u00bb"}]},{"@type":"WebSite","@id":"https:\/\/infoecos.com.ar\/#website","url":"https:\/\/infoecos.com.ar\/","name":"Infoecos","description":"Noticias de trenque lauquen y la zona","publisher":{"@id":"https:\/\/infoecos.com.ar\/#organization"},"alternateName":"Noticias","potentialAction":[{"@type":"SearchAction","target":{"@type":"EntryPoint","urlTemplate":"https:\/\/infoecos.com.ar\/?s={search_term_string}"},"query-input":{"@type":"PropertyValueSpecification","valueRequired":true,"valueName":"search_term_string"}}],"inLanguage":"es"},{"@type":"Organization","@id":"https:\/\/infoecos.com.ar\/#organization","name":"Infoecos","alternateName":"Noticias","url":"https:\/\/infoecos.com.ar\/","logo":{"@type":"ImageObject","inLanguage":"es","@id":"https:\/\/infoecos.com.ar\/#\/schema\/logo\/image\/","url":"https:\/\/infoecos.com.ar\/wp-content\/uploads\/2024\/03\/cropped-logo.png","contentUrl":"https:\/\/infoecos.com.ar\/wp-content\/uploads\/2024\/03\/cropped-logo.png","width":374,"height":90,"caption":"Infoecos"},"image":{"@id":"https:\/\/infoecos.com.ar\/#\/schema\/logo\/image\/"},"sameAs":["https:\/\/www.facebook.com\/profile.php?id=100063200290284","https:\/\/x.com\/infoecos"]},{"@type":"Person","@id":"https:\/\/infoecos.com.ar\/#\/schema\/person\/8f5ace5ce73b4b4aac4b7245aee6f191","name":"Jorge Matheus","url":"https:\/\/infoecos.com.ar\/index.php\/author\/jomatheus\/"}]}},"featured_image_urls":{"full":["https:\/\/infoecos.com.ar\/wp-content\/uploads\/2023\/04\/DAE1330-scaled.jpg",2560,1888,false],"thumbnail":["https:\/\/infoecos.com.ar\/wp-content\/uploads\/2023\/04\/DAE1330-300x150.jpg",300,150,true],"medium":["https:\/\/infoecos.com.ar\/wp-content\/uploads\/2023\/04\/DAE1330-800x590.jpg",800,590,true],"medium_large":["https:\/\/infoecos.com.ar\/wp-content\/uploads\/2023\/04\/DAE1330-768x566.jpg",640,472,true],"large":["https:\/\/infoecos.com.ar\/wp-content\/uploads\/2023\/04\/DAE1330-1600x1180.jpg",640,472,true],"1536x1536":["https:\/\/infoecos.com.ar\/wp-content\/uploads\/2023\/04\/DAE1330-1536x1133.jpg",1536,1133,true],"2048x2048":["https:\/\/infoecos.com.ar\/wp-content\/uploads\/2023\/04\/DAE1330-2048x1510.jpg",2048,1510,true],"covernews-slider-full":["https:\/\/infoecos.com.ar\/wp-content\/uploads\/2023\/04\/DAE1330-1536x1020.jpg",1077,715,true],"covernews-slider-center":["https:\/\/infoecos.com.ar\/wp-content\/uploads\/2023\/04\/DAE1330-936x897.jpg",522,500,true],"covernews-featured":["https:\/\/infoecos.com.ar\/wp-content\/uploads\/2023\/04\/DAE1330-1024x755.jpg",1024,755,true],"covernews-medium":["https:\/\/infoecos.com.ar\/wp-content\/uploads\/2023\/04\/DAE1330-720x380.jpg",540,285,true],"covernews-medium-square":["https:\/\/infoecos.com.ar\/wp-content\/uploads\/2023\/04\/DAE1330-675x450.jpg",375,250,true]},"author_info":{"info":["Jorge Matheus"]},"category_info":"<a href=\"https:\/\/infoecos.com.ar\/index.php\/category\/c2nota2\/\" rel=\"category tag\">C2 N2<\/a>","tag_info":"C2 N2","comment_count":"0","_links":{"self":[{"href":"https:\/\/infoecos.com.ar\/index.php\/wp-json\/wp\/v2\/posts\/103403"}],"collection":[{"href":"https:\/\/infoecos.com.ar\/index.php\/wp-json\/wp\/v2\/posts"}],"about":[{"href":"https:\/\/infoecos.com.ar\/index.php\/wp-json\/wp\/v2\/types\/post"}],"author":[{"embeddable":true,"href":"https:\/\/infoecos.com.ar\/index.php\/wp-json\/wp\/v2\/users\/2"}],"replies":[{"embeddable":true,"href":"https:\/\/infoecos.com.ar\/index.php\/wp-json\/wp\/v2\/comments?post=103403"}],"version-history":[{"count":1,"href":"https:\/\/infoecos.com.ar\/index.php\/wp-json\/wp\/v2\/posts\/103403\/revisions"}],"predecessor-version":[{"id":103405,"href":"https:\/\/infoecos.com.ar\/index.php\/wp-json\/wp\/v2\/posts\/103403\/revisions\/103405"}],"wp:featuredmedia":[{"embeddable":true,"href":"https:\/\/infoecos.com.ar\/index.php\/wp-json\/wp\/v2\/media\/103404"}],"wp:attachment":[{"href":"https:\/\/infoecos.com.ar\/index.php\/wp-json\/wp\/v2\/media?parent=103403"}],"wp:term":[{"taxonomy":"category","embeddable":true,"href":"https:\/\/infoecos.com.ar\/index.php\/wp-json\/wp\/v2\/categories?post=103403"},{"taxonomy":"post_tag","embeddable":true,"href":"https:\/\/infoecos.com.ar\/index.php\/wp-json\/wp\/v2\/tags?post=103403"}],"curies":[{"name":"wp","href":"https:\/\/api.w.org\/{rel}","templated":true}]}}