{"id":103476,"date":"2023-04-04T23:23:27","date_gmt":"2023-04-05T02:23:27","guid":{"rendered":"https:\/\/infoecos.com.ar\/?p=103476"},"modified":"2023-04-06T03:03:46","modified_gmt":"2023-04-06T06:03:46","slug":"la-pampa-vota-el-14-de-mayo-y-ya-quedaron-oficializadas-las-listas-de-candidatos","status":"publish","type":"post","link":"https:\/\/infoecos.com.ar\/index.php\/la-pampa-vota-el-14-de-mayo-y-ya-quedaron-oficializadas-las-listas-de-candidatos\/","title":{"rendered":"La Pampa vota el 14 de Mayo y ya quedaron oficializadas las listas de candidatos"},"content":{"rendered":"\n<p>El Tribunal Electoral de la Provincia de La Pampa oficializ\u00f3 las listas de candidatos\/as que participar\u00e1n de las elecciones provinciales del domingo 14 mayo, en las que se elegir\u00e1n gobernador, vicegobernadora, diputados\/as, intendentes\/as, concejales\/as, jueces y juezas de paz, presidentes\/as de comisiones de fomento y vocales\/as.<\/p>\n\n\n\n<figure class=\"wp-block-image alignright size-large is-resized\"><img loading=\"lazy\" decoding=\"async\" src=\"https:\/\/infoecos.com.ar\/wp-content\/uploads\/2021\/07\/eleccionesurnas-920x395.png\" alt=\"\" class=\"wp-image-81973\" width=\"436\" height=\"186\" srcset=\"https:\/\/infoecos.com.ar\/wp-content\/uploads\/2021\/07\/eleccionesurnas-920x395.png 920w, https:\/\/infoecos.com.ar\/wp-content\/uploads\/2021\/07\/eleccionesurnas-768x330.png 768w, https:\/\/infoecos.com.ar\/wp-content\/uploads\/2021\/07\/eleccionesurnas-1024x440.png 1024w, https:\/\/infoecos.com.ar\/wp-content\/uploads\/2021\/07\/eleccionesurnas.png 1278w\" sizes=\"(max-width: 436px) 100vw, 436px\" \/><\/figure>\n\n\n\n<p>Esta ser\u00e1 la primera vez que en una elecci\u00f3n provincial \u2013el \u00fanico antecedente fueron las elecciones internas abiertas, obligatorias y simult\u00e1neas del pasado 12 de febrero\u2013 regir\u00e1 la ley 3259 que garantiza la paridad de g\u00e9nero en las candidaturas a cargos p\u00fablicos electivos, tanto en el orden provincial como en el municipal y en las comisiones de fomento.<\/p>\n\n\n\n<p>Para la gobernaci\u00f3n habr\u00e1 seis f\u00f3rmulas: <\/p>\n\n\n\n<ul class=\"wp-block-list\">\n<li>Frente Justicialista Pampeano (Sergio Ziliotto-Alicia Mayoral) <\/li>\n\n\n\n<li>Frente Juntos por el Cambio-La Pampa (Mart\u00edn Berhongaray-Patricia Clelia Testa) <\/li>\n\n\n\n<li>Frente de Izquierda y de Trabajadores-Unidad (Luciano Gonz\u00e1lez Cabiati-Sof\u00eda Mercedes Fern\u00e1ndez)<\/li>\n\n\n\n<li> Movimiento Federalista Pampeano (H\u00e9ctor Claudio Fazzini-Sonia Anal\u00eda Wisner) <\/li>\n\n\n\n<li>Desde el Pie (Claudio Alejandro Acosta-Mar\u00eda Laura Gonz\u00e1lez) <\/li>\n\n\n\n<li>Comunidad Organizada (Juan Carlos Tierno-Viviana Winschel)<\/li>\n<\/ul>\n\n\n\n<p>Para ingresar la Legislatura fueron oficializadas ocho listas. <\/p>\n\n\n\n<p>El Frejupa presentar\u00e1 listas en 59 intendencias y en 15 comisiones de fomento; el Frente Juntos por el Cambio-La Pampa tendr\u00e1 candidatos\/as en 52 municipalidades y en 10 comisiones de fomento, presentando solamente listas para concejales en Lonquimay, Luan Toro, Metileo y Rol\u00f3n. <\/p>\n","protected":false},"excerpt":{"rendered":"<p>Para la gobernaci\u00f3n habr\u00e1 seis f\u00f3rmulas. Para ingresar la Legislatura fueron oficializadas ocho listas<\/p>\n","protected":false},"author":2,"featured_media":18884,"comment_status":"closed","ping_status":"open","sticky":false,"template":"","format":"standard","meta":{"footnotes":""},"categories":[49],"tags":[6789],"class_list":["post-103476","post","type-post","status-publish","format-standard","has-post-thumbnail","hentry","category-c3nota3","tag-elecciones-2023"],"yoast_head":"<!-- This site is optimized with the Yoast SEO plugin v23.4 - https:\/\/yoast.com\/wordpress\/plugins\/seo\/ -->\n<title>La Pampa vota el 14 de Mayo y ya quedaron oficializadas las listas de candidatos - Infoecos<\/title>\n<meta name=\"robots\" content=\"index, follow, max-snippet:-1, max-image-preview:large, max-video-preview:-1\" \/>\n<link rel=\"canonical\" href=\"https:\/\/infoecos.com.ar\/index.php\/la-pampa-vota-el-14-de-mayo-y-ya-quedaron-oficializadas-las-listas-de-candidatos\/\" \/>\n<meta property=\"og:locale\" content=\"es_ES\" \/>\n<meta property=\"og:type\" content=\"article\" \/>\n<meta property=\"og:title\" content=\"La Pampa vota el 14 de Mayo y ya quedaron oficializadas las listas de candidatos - Infoecos\" \/>\n<meta property=\"og:description\" content=\"Para la gobernaci\u00f3n habr\u00e1 seis f\u00f3rmulas. Para ingresar la Legislatura fueron oficializadas ocho listas\" \/>\n<meta property=\"og:url\" content=\"https:\/\/infoecos.com.ar\/index.php\/la-pampa-vota-el-14-de-mayo-y-ya-quedaron-oficializadas-las-listas-de-candidatos\/\" \/>\n<meta property=\"og:site_name\" content=\"Infoecos\" \/>\n<meta property=\"article:publisher\" content=\"https:\/\/www.facebook.com\/profile.php?id=100063200290284\" \/>\n<meta property=\"article:published_time\" content=\"2023-04-05T02:23:27+00:00\" \/>\n<meta property=\"article:modified_time\" content=\"2023-04-06T06:03:46+00:00\" \/>\n<meta property=\"og:image\" content=\"https:\/\/infoecos.com.ar\/wp-content\/uploads\/URNA-3-e1502769652391.jpg\" \/>\n\t<meta property=\"og:image:width\" content=\"400\" \/>\n\t<meta property=\"og:image:height\" content=\"346\" \/>\n\t<meta property=\"og:image:type\" content=\"image\/jpeg\" \/>\n<meta name=\"author\" content=\"Jorge Matheus\" \/>\n<meta name=\"twitter:card\" content=\"summary_large_image\" \/>\n<meta name=\"twitter:creator\" content=\"@infoecos\" \/>\n<meta name=\"twitter:site\" content=\"@infoecos\" \/>\n<meta name=\"twitter:label1\" content=\"Escrito por\" \/>\n\t<meta name=\"twitter:data1\" content=\"Jorge Matheus\" \/>\n\t<meta name=\"twitter:label2\" content=\"Tiempo de lectura\" \/>\n\t<meta name=\"twitter:data2\" content=\"2 minutos\" \/>\n<script type=\"application\/ld+json\" class=\"yoast-schema-graph\">{\"@context\":\"https:\/\/schema.org\",\"@graph\":[{\"@type\":\"Article\",\"@id\":\"https:\/\/infoecos.com.ar\/index.php\/la-pampa-vota-el-14-de-mayo-y-ya-quedaron-oficializadas-las-listas-de-candidatos\/#article\",\"isPartOf\":{\"@id\":\"https:\/\/infoecos.com.ar\/index.php\/la-pampa-vota-el-14-de-mayo-y-ya-quedaron-oficializadas-las-listas-de-candidatos\/\"},\"author\":{\"name\":\"Jorge Matheus\",\"@id\":\"https:\/\/infoecos.com.ar\/#\/schema\/person\/8f5ace5ce73b4b4aac4b7245aee6f191\"},\"headline\":\"La Pampa vota el 14 de Mayo y ya quedaron oficializadas las listas de candidatos\",\"datePublished\":\"2023-04-05T02:23:27+00:00\",\"dateModified\":\"2023-04-06T06:03:46+00:00\",\"mainEntityOfPage\":{\"@id\":\"https:\/\/infoecos.com.ar\/index.php\/la-pampa-vota-el-14-de-mayo-y-ya-quedaron-oficializadas-las-listas-de-candidatos\/\"},\"wordCount\":241,\"publisher\":{\"@id\":\"https:\/\/infoecos.com.ar\/#organization\"},\"image\":{\"@id\":\"https:\/\/infoecos.com.ar\/index.php\/la-pampa-vota-el-14-de-mayo-y-ya-quedaron-oficializadas-las-listas-de-candidatos\/#primaryimage\"},\"thumbnailUrl\":\"\",\"keywords\":[\"elecciones 2023\"],\"articleSection\":[\"C3 N3\"],\"inLanguage\":\"es\"},{\"@type\":\"WebPage\",\"@id\":\"https:\/\/infoecos.com.ar\/index.php\/la-pampa-vota-el-14-de-mayo-y-ya-quedaron-oficializadas-las-listas-de-candidatos\/\",\"url\":\"https:\/\/infoecos.com.ar\/index.php\/la-pampa-vota-el-14-de-mayo-y-ya-quedaron-oficializadas-las-listas-de-candidatos\/\",\"name\":\"La Pampa vota el 14 de Mayo y ya quedaron oficializadas las listas de candidatos - Infoecos\",\"isPartOf\":{\"@id\":\"https:\/\/infoecos.com.ar\/#website\"},\"primaryImageOfPage\":{\"@id\":\"https:\/\/infoecos.com.ar\/index.php\/la-pampa-vota-el-14-de-mayo-y-ya-quedaron-oficializadas-las-listas-de-candidatos\/#primaryimage\"},\"image\":{\"@id\":\"https:\/\/infoecos.com.ar\/index.php\/la-pampa-vota-el-14-de-mayo-y-ya-quedaron-oficializadas-las-listas-de-candidatos\/#primaryimage\"},\"thumbnailUrl\":\"\",\"datePublished\":\"2023-04-05T02:23:27+00:00\",\"dateModified\":\"2023-04-06T06:03:46+00:00\",\"breadcrumb\":{\"@id\":\"https:\/\/infoecos.com.ar\/index.php\/la-pampa-vota-el-14-de-mayo-y-ya-quedaron-oficializadas-las-listas-de-candidatos\/#breadcrumb\"},\"inLanguage\":\"es\",\"potentialAction\":[{\"@type\":\"ReadAction\",\"target\":[\"https:\/\/infoecos.com.ar\/index.php\/la-pampa-vota-el-14-de-mayo-y-ya-quedaron-oficializadas-las-listas-de-candidatos\/\"]}]},{\"@type\":\"ImageObject\",\"inLanguage\":\"es\",\"@id\":\"https:\/\/infoecos.com.ar\/index.php\/la-pampa-vota-el-14-de-mayo-y-ya-quedaron-oficializadas-las-listas-de-candidatos\/#primaryimage\",\"url\":\"\",\"contentUrl\":\"\"},{\"@type\":\"BreadcrumbList\",\"@id\":\"https:\/\/infoecos.com.ar\/index.php\/la-pampa-vota-el-14-de-mayo-y-ya-quedaron-oficializadas-las-listas-de-candidatos\/#breadcrumb\",\"itemListElement\":[{\"@type\":\"ListItem\",\"position\":1,\"name\":\"Portada\",\"item\":\"https:\/\/infoecos.com.ar\/\"},{\"@type\":\"ListItem\",\"position\":2,\"name\":\"La Pampa vota el 14 de Mayo y ya quedaron oficializadas las listas de candidatos\"}]},{\"@type\":\"WebSite\",\"@id\":\"https:\/\/infoecos.com.ar\/#website\",\"url\":\"https:\/\/infoecos.com.ar\/\",\"name\":\"Infoecos\",\"description\":\"Noticias de trenque lauquen y la zona\",\"publisher\":{\"@id\":\"https:\/\/infoecos.com.ar\/#organization\"},\"alternateName\":\"Noticias\",\"potentialAction\":[{\"@type\":\"SearchAction\",\"target\":{\"@type\":\"EntryPoint\",\"urlTemplate\":\"https:\/\/infoecos.com.ar\/?s={search_term_string}\"},\"query-input\":{\"@type\":\"PropertyValueSpecification\",\"valueRequired\":true,\"valueName\":\"search_term_string\"}}],\"inLanguage\":\"es\"},{\"@type\":\"Organization\",\"@id\":\"https:\/\/infoecos.com.ar\/#organization\",\"name\":\"Infoecos\",\"alternateName\":\"Noticias\",\"url\":\"https:\/\/infoecos.com.ar\/\",\"logo\":{\"@type\":\"ImageObject\",\"inLanguage\":\"es\",\"@id\":\"https:\/\/infoecos.com.ar\/#\/schema\/logo\/image\/\",\"url\":\"https:\/\/infoecos.com.ar\/wp-content\/uploads\/2024\/03\/cropped-logo.png\",\"contentUrl\":\"https:\/\/infoecos.com.ar\/wp-content\/uploads\/2024\/03\/cropped-logo.png\",\"width\":374,\"height\":90,\"caption\":\"Infoecos\"},\"image\":{\"@id\":\"https:\/\/infoecos.com.ar\/#\/schema\/logo\/image\/\"},\"sameAs\":[\"https:\/\/www.facebook.com\/profile.php?id=100063200290284\",\"https:\/\/x.com\/infoecos\"]},{\"@type\":\"Person\",\"@id\":\"https:\/\/infoecos.com.ar\/#\/schema\/person\/8f5ace5ce73b4b4aac4b7245aee6f191\",\"name\":\"Jorge Matheus\",\"url\":\"https:\/\/infoecos.com.ar\/index.php\/author\/jomatheus\/\"}]}<\/script>\n<!-- \/ Yoast SEO plugin. -->","yoast_head_json":{"title":"La Pampa vota el 14 de Mayo y ya quedaron oficializadas las listas de candidatos - Infoecos","robots":{"index":"index","follow":"follow","max-snippet":"max-snippet:-1","max-image-preview":"max-image-preview:large","max-video-preview":"max-video-preview:-1"},"canonical":"https:\/\/infoecos.com.ar\/index.php\/la-pampa-vota-el-14-de-mayo-y-ya-quedaron-oficializadas-las-listas-de-candidatos\/","og_locale":"es_ES","og_type":"article","og_title":"La Pampa vota el 14 de Mayo y ya quedaron oficializadas las listas de candidatos - Infoecos","og_description":"Para la gobernaci\u00f3n habr\u00e1 seis f\u00f3rmulas. Para ingresar la Legislatura fueron oficializadas ocho listas","og_url":"https:\/\/infoecos.com.ar\/index.php\/la-pampa-vota-el-14-de-mayo-y-ya-quedaron-oficializadas-las-listas-de-candidatos\/","og_site_name":"Infoecos","article_publisher":"https:\/\/www.facebook.com\/profile.php?id=100063200290284","article_published_time":"2023-04-05T02:23:27+00:00","article_modified_time":"2023-04-06T06:03:46+00:00","og_image":[{"width":400,"height":346,"url":"https:\/\/infoecos.com.ar\/wp-content\/uploads\/URNA-3-e1502769652391.jpg","type":"image\/jpeg"}],"author":"Jorge Matheus","twitter_card":"summary_large_image","twitter_creator":"@infoecos","twitter_site":"@infoecos","twitter_misc":{"Escrito por":"Jorge Matheus","Tiempo de lectura":"2 minutos"},"schema":{"@context":"https:\/\/schema.org","@graph":[{"@type":"Article","@id":"https:\/\/infoecos.com.ar\/index.php\/la-pampa-vota-el-14-de-mayo-y-ya-quedaron-oficializadas-las-listas-de-candidatos\/#article","isPartOf":{"@id":"https:\/\/infoecos.com.ar\/index.php\/la-pampa-vota-el-14-de-mayo-y-ya-quedaron-oficializadas-las-listas-de-candidatos\/"},"author":{"name":"Jorge Matheus","@id":"https:\/\/infoecos.com.ar\/#\/schema\/person\/8f5ace5ce73b4b4aac4b7245aee6f191"},"headline":"La Pampa vota el 14 de Mayo y ya quedaron oficializadas las listas de candidatos","datePublished":"2023-04-05T02:23:27+00:00","dateModified":"2023-04-06T06:03:46+00:00","mainEntityOfPage":{"@id":"https:\/\/infoecos.com.ar\/index.php\/la-pampa-vota-el-14-de-mayo-y-ya-quedaron-oficializadas-las-listas-de-candidatos\/"},"wordCount":241,"publisher":{"@id":"https:\/\/infoecos.com.ar\/#organization"},"image":{"@id":"https:\/\/infoecos.com.ar\/index.php\/la-pampa-vota-el-14-de-mayo-y-ya-quedaron-oficializadas-las-listas-de-candidatos\/#primaryimage"},"thumbnailUrl":"","keywords":["elecciones 2023"],"articleSection":["C3 N3"],"inLanguage":"es"},{"@type":"WebPage","@id":"https:\/\/infoecos.com.ar\/index.php\/la-pampa-vota-el-14-de-mayo-y-ya-quedaron-oficializadas-las-listas-de-candidatos\/","url":"https:\/\/infoecos.com.ar\/index.php\/la-pampa-vota-el-14-de-mayo-y-ya-quedaron-oficializadas-las-listas-de-candidatos\/","name":"La Pampa vota el 14 de Mayo y ya quedaron oficializadas las listas de candidatos - Infoecos","isPartOf":{"@id":"https:\/\/infoecos.com.ar\/#website"},"primaryImageOfPage":{"@id":"https:\/\/infoecos.com.ar\/index.php\/la-pampa-vota-el-14-de-mayo-y-ya-quedaron-oficializadas-las-listas-de-candidatos\/#primaryimage"},"image":{"@id":"https:\/\/infoecos.com.ar\/index.php\/la-pampa-vota-el-14-de-mayo-y-ya-quedaron-oficializadas-las-listas-de-candidatos\/#primaryimage"},"thumbnailUrl":"","datePublished":"2023-04-05T02:23:27+00:00","dateModified":"2023-04-06T06:03:46+00:00","breadcrumb":{"@id":"https:\/\/infoecos.com.ar\/index.php\/la-pampa-vota-el-14-de-mayo-y-ya-quedaron-oficializadas-las-listas-de-candidatos\/#breadcrumb"},"inLanguage":"es","potentialAction":[{"@type":"ReadAction","target":["https:\/\/infoecos.com.ar\/index.php\/la-pampa-vota-el-14-de-mayo-y-ya-quedaron-oficializadas-las-listas-de-candidatos\/"]}]},{"@type":"ImageObject","inLanguage":"es","@id":"https:\/\/infoecos.com.ar\/index.php\/la-pampa-vota-el-14-de-mayo-y-ya-quedaron-oficializadas-las-listas-de-candidatos\/#primaryimage","url":"","contentUrl":""},{"@type":"BreadcrumbList","@id":"https:\/\/infoecos.com.ar\/index.php\/la-pampa-vota-el-14-de-mayo-y-ya-quedaron-oficializadas-las-listas-de-candidatos\/#breadcrumb","itemListElement":[{"@type":"ListItem","position":1,"name":"Portada","item":"https:\/\/infoecos.com.ar\/"},{"@type":"ListItem","position":2,"name":"La Pampa vota el 14 de Mayo y ya quedaron oficializadas las listas de candidatos"}]},{"@type":"WebSite","@id":"https:\/\/infoecos.com.ar\/#website","url":"https:\/\/infoecos.com.ar\/","name":"Infoecos","description":"Noticias de trenque lauquen y la zona","publisher":{"@id":"https:\/\/infoecos.com.ar\/#organization"},"alternateName":"Noticias","potentialAction":[{"@type":"SearchAction","target":{"@type":"EntryPoint","urlTemplate":"https:\/\/infoecos.com.ar\/?s={search_term_string}"},"query-input":{"@type":"PropertyValueSpecification","valueRequired":true,"valueName":"search_term_string"}}],"inLanguage":"es"},{"@type":"Organization","@id":"https:\/\/infoecos.com.ar\/#organization","name":"Infoecos","alternateName":"Noticias","url":"https:\/\/infoecos.com.ar\/","logo":{"@type":"ImageObject","inLanguage":"es","@id":"https:\/\/infoecos.com.ar\/#\/schema\/logo\/image\/","url":"https:\/\/infoecos.com.ar\/wp-content\/uploads\/2024\/03\/cropped-logo.png","contentUrl":"https:\/\/infoecos.com.ar\/wp-content\/uploads\/2024\/03\/cropped-logo.png","width":374,"height":90,"caption":"Infoecos"},"image":{"@id":"https:\/\/infoecos.com.ar\/#\/schema\/logo\/image\/"},"sameAs":["https:\/\/www.facebook.com\/profile.php?id=100063200290284","https:\/\/x.com\/infoecos"]},{"@type":"Person","@id":"https:\/\/infoecos.com.ar\/#\/schema\/person\/8f5ace5ce73b4b4aac4b7245aee6f191","name":"Jorge Matheus","url":"https:\/\/infoecos.com.ar\/index.php\/author\/jomatheus\/"}]}},"featured_image_urls":{"full":"","thumbnail":"","medium":"","medium_large":"","large":"","1536x1536":"","2048x2048":"","covernews-slider-full":"","covernews-slider-center":"","covernews-featured":"","covernews-medium":"","covernews-medium-square":""},"author_info":{"info":["Jorge Matheus"]},"category_info":"<a href=\"https:\/\/infoecos.com.ar\/index.php\/category\/c3nota3\/\" rel=\"category tag\">C3 N3<\/a>","tag_info":"C3 N3","comment_count":"0","_links":{"self":[{"href":"https:\/\/infoecos.com.ar\/index.php\/wp-json\/wp\/v2\/posts\/103476"}],"collection":[{"href":"https:\/\/infoecos.com.ar\/index.php\/wp-json\/wp\/v2\/posts"}],"about":[{"href":"https:\/\/infoecos.com.ar\/index.php\/wp-json\/wp\/v2\/types\/post"}],"author":[{"embeddable":true,"href":"https:\/\/infoecos.com.ar\/index.php\/wp-json\/wp\/v2\/users\/2"}],"replies":[{"embeddable":true,"href":"https:\/\/infoecos.com.ar\/index.php\/wp-json\/wp\/v2\/comments?post=103476"}],"version-history":[{"count":1,"href":"https:\/\/infoecos.com.ar\/index.php\/wp-json\/wp\/v2\/posts\/103476\/revisions"}],"predecessor-version":[{"id":103477,"href":"https:\/\/infoecos.com.ar\/index.php\/wp-json\/wp\/v2\/posts\/103476\/revisions\/103477"}],"wp:featuredmedia":[{"embeddable":true,"href":"https:\/\/infoecos.com.ar\/index.php\/wp-json\/"}],"wp:attachment":[{"href":"https:\/\/infoecos.com.ar\/index.php\/wp-json\/wp\/v2\/media?parent=103476"}],"wp:term":[{"taxonomy":"category","embeddable":true,"href":"https:\/\/infoecos.com.ar\/index.php\/wp-json\/wp\/v2\/categories?post=103476"},{"taxonomy":"post_tag","embeddable":true,"href":"https:\/\/infoecos.com.ar\/index.php\/wp-json\/wp\/v2\/tags?post=103476"}],"curies":[{"name":"wp","href":"https:\/\/api.w.org\/{rel}","templated":true}]}}