{"id":103478,"date":"2023-04-04T23:31:19","date_gmt":"2023-04-05T02:31:19","guid":{"rendered":"https:\/\/infoecos.com.ar\/?p=103478"},"modified":"2023-04-04T23:31:20","modified_gmt":"2023-04-05T02:31:20","slug":"el-frente-de-todos-iria-a-las-paso-para-definir-sus-candidatos","status":"publish","type":"post","link":"https:\/\/infoecos.com.ar\/index.php\/el-frente-de-todos-iria-a-las-paso-para-definir-sus-candidatos\/","title":{"rendered":"El Frente de Todos ir\u00eda a las PASO para definir sus candidatos"},"content":{"rendered":"\n<p>Eduardo \u00abWado\u00bb De Pedro, el ministro del Interior que responde a Cristina Kirchner, confirm\u00f3 que el sector cristinista del Frente de Todos est\u00e1 dispuesto a ir una PASO contra Alberto Fern\u00e1ndez, pero responsabiliz\u00f3 al jefe de Estado por la situaci\u00f3n electoral en la que se encuentra el oficialismo.<\/p>\n\n\n\n<figure class=\"wp-block-image size-large\"><img loading=\"lazy\" decoding=\"async\" width=\"920\" height=\"518\" src=\"https:\/\/infoecos.com.ar\/wp-content\/uploads\/2021\/03\/depedro-920x518.jpg\" alt=\"\" class=\"wp-image-77181\" srcset=\"https:\/\/infoecos.com.ar\/wp-content\/uploads\/2021\/03\/depedro-920x518.jpg 920w, https:\/\/infoecos.com.ar\/wp-content\/uploads\/2021\/03\/depedro-460x259.jpg 460w, https:\/\/infoecos.com.ar\/wp-content\/uploads\/2021\/03\/depedro-768x432.jpg 768w, https:\/\/infoecos.com.ar\/wp-content\/uploads\/2021\/03\/depedro.jpg 1004w\" sizes=\"(max-width: 920px) 100vw, 920px\" \/><\/figure>\n\n\n\n<p>\u201cEl presidente defini\u00f3 una estrategia hace mucho tiempo, aunque muchos sectores del FdT le pidieron discutir parte de la estrategia. No existi\u00f3 el \u00e1mbito para discutirla, con lo cual la situaci\u00f3n que tenemos hoy fue producto de la decisi\u00f3n unipersonal del presidente que nos llev\u00f3 hasta ac\u00e1 con su decisi\u00f3n estrat\u00e9gica\u201d, indic\u00f3.<\/p>\n\n\n\n<p>Ante esto, el dirigente de La C\u00e1mpora afirm\u00f3 que \u201choy nos queda ir a una PASO, donde el presidente se va a presentar; es lo que tengo entendido\u201d.<\/p>\n","protected":false},"excerpt":{"rendered":"<p>Eduardo \u00abWado\u00bb De Pedro, el ministro del Interior que responde a Cristina Kirchner, confirm\u00f3 que el sector cristinista del Frente de Todos est\u00e1 dispuesto a ir una PASO contra Alberto Fern\u00e1ndez<\/p>\n","protected":false},"author":2,"featured_media":77181,"comment_status":"closed","ping_status":"open","sticky":false,"template":"","format":"standard","meta":{"footnotes":""},"categories":[1613],"tags":[6789],"class_list":["post-103478","post","type-post","status-publish","format-standard","has-post-thumbnail","hentry","category-noticia-secundaria","tag-elecciones-2023"],"yoast_head":"<!-- This site is optimized with the Yoast SEO plugin v23.4 - https:\/\/yoast.com\/wordpress\/plugins\/seo\/ -->\n<title>El Frente de Todos ir\u00eda a las PASO para definir sus candidatos - Infoecos<\/title>\n<meta name=\"robots\" content=\"index, follow, max-snippet:-1, max-image-preview:large, max-video-preview:-1\" \/>\n<link rel=\"canonical\" href=\"https:\/\/infoecos.com.ar\/index.php\/el-frente-de-todos-iria-a-las-paso-para-definir-sus-candidatos\/\" \/>\n<meta property=\"og:locale\" content=\"es_ES\" \/>\n<meta property=\"og:type\" content=\"article\" \/>\n<meta property=\"og:title\" content=\"El Frente de Todos ir\u00eda a las PASO para definir sus candidatos - Infoecos\" \/>\n<meta property=\"og:description\" content=\"Eduardo &quot;Wado&quot; De Pedro, el ministro del Interior que responde a Cristina Kirchner, confirm\u00f3 que el sector cristinista del Frente de Todos est\u00e1 dispuesto a ir una PASO contra Alberto Fern\u00e1ndez\" \/>\n<meta property=\"og:url\" content=\"https:\/\/infoecos.com.ar\/index.php\/el-frente-de-todos-iria-a-las-paso-para-definir-sus-candidatos\/\" \/>\n<meta property=\"og:site_name\" content=\"Infoecos\" \/>\n<meta property=\"article:publisher\" content=\"https:\/\/www.facebook.com\/profile.php?id=100063200290284\" \/>\n<meta property=\"article:published_time\" content=\"2023-04-05T02:31:19+00:00\" \/>\n<meta property=\"article:modified_time\" content=\"2023-04-05T02:31:20+00:00\" \/>\n<meta property=\"og:image\" content=\"https:\/\/infoecos.com.ar\/wp-content\/uploads\/2021\/03\/depedro.jpg\" \/>\n\t<meta property=\"og:image:width\" content=\"1004\" \/>\n\t<meta property=\"og:image:height\" content=\"565\" \/>\n\t<meta property=\"og:image:type\" content=\"image\/jpeg\" \/>\n<meta name=\"author\" content=\"Jorge Matheus\" \/>\n<meta name=\"twitter:card\" content=\"summary_large_image\" \/>\n<meta name=\"twitter:creator\" content=\"@infoecos\" \/>\n<meta name=\"twitter:site\" content=\"@infoecos\" \/>\n<meta name=\"twitter:label1\" content=\"Escrito por\" \/>\n\t<meta name=\"twitter:data1\" content=\"Jorge Matheus\" \/>\n\t<meta name=\"twitter:label2\" content=\"Tiempo de lectura\" \/>\n\t<meta name=\"twitter:data2\" content=\"1 minuto\" \/>\n<script type=\"application\/ld+json\" class=\"yoast-schema-graph\">{\"@context\":\"https:\/\/schema.org\",\"@graph\":[{\"@type\":\"Article\",\"@id\":\"https:\/\/infoecos.com.ar\/index.php\/el-frente-de-todos-iria-a-las-paso-para-definir-sus-candidatos\/#article\",\"isPartOf\":{\"@id\":\"https:\/\/infoecos.com.ar\/index.php\/el-frente-de-todos-iria-a-las-paso-para-definir-sus-candidatos\/\"},\"author\":{\"name\":\"Jorge Matheus\",\"@id\":\"https:\/\/infoecos.com.ar\/#\/schema\/person\/8f5ace5ce73b4b4aac4b7245aee6f191\"},\"headline\":\"El Frente de Todos ir\u00eda a las PASO para definir sus candidatos\",\"datePublished\":\"2023-04-05T02:31:19+00:00\",\"dateModified\":\"2023-04-05T02:31:20+00:00\",\"mainEntityOfPage\":{\"@id\":\"https:\/\/infoecos.com.ar\/index.php\/el-frente-de-todos-iria-a-las-paso-para-definir-sus-candidatos\/\"},\"wordCount\":148,\"publisher\":{\"@id\":\"https:\/\/infoecos.com.ar\/#organization\"},\"image\":{\"@id\":\"https:\/\/infoecos.com.ar\/index.php\/el-frente-de-todos-iria-a-las-paso-para-definir-sus-candidatos\/#primaryimage\"},\"thumbnailUrl\":\"https:\/\/infoecos.com.ar\/wp-content\/uploads\/2021\/03\/depedro.jpg\",\"keywords\":[\"elecciones 2023\"],\"articleSection\":[\"Noticia Secundaria\"],\"inLanguage\":\"es\"},{\"@type\":\"WebPage\",\"@id\":\"https:\/\/infoecos.com.ar\/index.php\/el-frente-de-todos-iria-a-las-paso-para-definir-sus-candidatos\/\",\"url\":\"https:\/\/infoecos.com.ar\/index.php\/el-frente-de-todos-iria-a-las-paso-para-definir-sus-candidatos\/\",\"name\":\"El Frente de Todos ir\u00eda a las PASO para definir sus candidatos - Infoecos\",\"isPartOf\":{\"@id\":\"https:\/\/infoecos.com.ar\/#website\"},\"primaryImageOfPage\":{\"@id\":\"https:\/\/infoecos.com.ar\/index.php\/el-frente-de-todos-iria-a-las-paso-para-definir-sus-candidatos\/#primaryimage\"},\"image\":{\"@id\":\"https:\/\/infoecos.com.ar\/index.php\/el-frente-de-todos-iria-a-las-paso-para-definir-sus-candidatos\/#primaryimage\"},\"thumbnailUrl\":\"https:\/\/infoecos.com.ar\/wp-content\/uploads\/2021\/03\/depedro.jpg\",\"datePublished\":\"2023-04-05T02:31:19+00:00\",\"dateModified\":\"2023-04-05T02:31:20+00:00\",\"breadcrumb\":{\"@id\":\"https:\/\/infoecos.com.ar\/index.php\/el-frente-de-todos-iria-a-las-paso-para-definir-sus-candidatos\/#breadcrumb\"},\"inLanguage\":\"es\",\"potentialAction\":[{\"@type\":\"ReadAction\",\"target\":[\"https:\/\/infoecos.com.ar\/index.php\/el-frente-de-todos-iria-a-las-paso-para-definir-sus-candidatos\/\"]}]},{\"@type\":\"ImageObject\",\"inLanguage\":\"es\",\"@id\":\"https:\/\/infoecos.com.ar\/index.php\/el-frente-de-todos-iria-a-las-paso-para-definir-sus-candidatos\/#primaryimage\",\"url\":\"https:\/\/infoecos.com.ar\/wp-content\/uploads\/2021\/03\/depedro.jpg\",\"contentUrl\":\"https:\/\/infoecos.com.ar\/wp-content\/uploads\/2021\/03\/depedro.jpg\",\"width\":1004,\"height\":565},{\"@type\":\"BreadcrumbList\",\"@id\":\"https:\/\/infoecos.com.ar\/index.php\/el-frente-de-todos-iria-a-las-paso-para-definir-sus-candidatos\/#breadcrumb\",\"itemListElement\":[{\"@type\":\"ListItem\",\"position\":1,\"name\":\"Portada\",\"item\":\"https:\/\/infoecos.com.ar\/\"},{\"@type\":\"ListItem\",\"position\":2,\"name\":\"El Frente de Todos ir\u00eda a las PASO para definir sus candidatos\"}]},{\"@type\":\"WebSite\",\"@id\":\"https:\/\/infoecos.com.ar\/#website\",\"url\":\"https:\/\/infoecos.com.ar\/\",\"name\":\"Infoecos\",\"description\":\"Noticias de trenque lauquen y la zona\",\"publisher\":{\"@id\":\"https:\/\/infoecos.com.ar\/#organization\"},\"alternateName\":\"Noticias\",\"potentialAction\":[{\"@type\":\"SearchAction\",\"target\":{\"@type\":\"EntryPoint\",\"urlTemplate\":\"https:\/\/infoecos.com.ar\/?s={search_term_string}\"},\"query-input\":{\"@type\":\"PropertyValueSpecification\",\"valueRequired\":true,\"valueName\":\"search_term_string\"}}],\"inLanguage\":\"es\"},{\"@type\":\"Organization\",\"@id\":\"https:\/\/infoecos.com.ar\/#organization\",\"name\":\"Infoecos\",\"alternateName\":\"Noticias\",\"url\":\"https:\/\/infoecos.com.ar\/\",\"logo\":{\"@type\":\"ImageObject\",\"inLanguage\":\"es\",\"@id\":\"https:\/\/infoecos.com.ar\/#\/schema\/logo\/image\/\",\"url\":\"https:\/\/infoecos.com.ar\/wp-content\/uploads\/2024\/03\/cropped-logo.png\",\"contentUrl\":\"https:\/\/infoecos.com.ar\/wp-content\/uploads\/2024\/03\/cropped-logo.png\",\"width\":374,\"height\":90,\"caption\":\"Infoecos\"},\"image\":{\"@id\":\"https:\/\/infoecos.com.ar\/#\/schema\/logo\/image\/\"},\"sameAs\":[\"https:\/\/www.facebook.com\/profile.php?id=100063200290284\",\"https:\/\/x.com\/infoecos\"]},{\"@type\":\"Person\",\"@id\":\"https:\/\/infoecos.com.ar\/#\/schema\/person\/8f5ace5ce73b4b4aac4b7245aee6f191\",\"name\":\"Jorge Matheus\",\"url\":\"https:\/\/infoecos.com.ar\/index.php\/author\/jomatheus\/\"}]}<\/script>\n<!-- \/ Yoast SEO plugin. -->","yoast_head_json":{"title":"El Frente de Todos ir\u00eda a las PASO para definir sus candidatos - Infoecos","robots":{"index":"index","follow":"follow","max-snippet":"max-snippet:-1","max-image-preview":"max-image-preview:large","max-video-preview":"max-video-preview:-1"},"canonical":"https:\/\/infoecos.com.ar\/index.php\/el-frente-de-todos-iria-a-las-paso-para-definir-sus-candidatos\/","og_locale":"es_ES","og_type":"article","og_title":"El Frente de Todos ir\u00eda a las PASO para definir sus candidatos - Infoecos","og_description":"Eduardo \"Wado\" De Pedro, el ministro del Interior que responde a Cristina Kirchner, confirm\u00f3 que el sector cristinista del Frente de Todos est\u00e1 dispuesto a ir una PASO contra Alberto Fern\u00e1ndez","og_url":"https:\/\/infoecos.com.ar\/index.php\/el-frente-de-todos-iria-a-las-paso-para-definir-sus-candidatos\/","og_site_name":"Infoecos","article_publisher":"https:\/\/www.facebook.com\/profile.php?id=100063200290284","article_published_time":"2023-04-05T02:31:19+00:00","article_modified_time":"2023-04-05T02:31:20+00:00","og_image":[{"width":1004,"height":565,"url":"https:\/\/infoecos.com.ar\/wp-content\/uploads\/2021\/03\/depedro.jpg","type":"image\/jpeg"}],"author":"Jorge Matheus","twitter_card":"summary_large_image","twitter_creator":"@infoecos","twitter_site":"@infoecos","twitter_misc":{"Escrito por":"Jorge Matheus","Tiempo de lectura":"1 minuto"},"schema":{"@context":"https:\/\/schema.org","@graph":[{"@type":"Article","@id":"https:\/\/infoecos.com.ar\/index.php\/el-frente-de-todos-iria-a-las-paso-para-definir-sus-candidatos\/#article","isPartOf":{"@id":"https:\/\/infoecos.com.ar\/index.php\/el-frente-de-todos-iria-a-las-paso-para-definir-sus-candidatos\/"},"author":{"name":"Jorge Matheus","@id":"https:\/\/infoecos.com.ar\/#\/schema\/person\/8f5ace5ce73b4b4aac4b7245aee6f191"},"headline":"El Frente de Todos ir\u00eda a las PASO para definir sus candidatos","datePublished":"2023-04-05T02:31:19+00:00","dateModified":"2023-04-05T02:31:20+00:00","mainEntityOfPage":{"@id":"https:\/\/infoecos.com.ar\/index.php\/el-frente-de-todos-iria-a-las-paso-para-definir-sus-candidatos\/"},"wordCount":148,"publisher":{"@id":"https:\/\/infoecos.com.ar\/#organization"},"image":{"@id":"https:\/\/infoecos.com.ar\/index.php\/el-frente-de-todos-iria-a-las-paso-para-definir-sus-candidatos\/#primaryimage"},"thumbnailUrl":"https:\/\/infoecos.com.ar\/wp-content\/uploads\/2021\/03\/depedro.jpg","keywords":["elecciones 2023"],"articleSection":["Noticia Secundaria"],"inLanguage":"es"},{"@type":"WebPage","@id":"https:\/\/infoecos.com.ar\/index.php\/el-frente-de-todos-iria-a-las-paso-para-definir-sus-candidatos\/","url":"https:\/\/infoecos.com.ar\/index.php\/el-frente-de-todos-iria-a-las-paso-para-definir-sus-candidatos\/","name":"El Frente de Todos ir\u00eda a las PASO para definir sus candidatos - Infoecos","isPartOf":{"@id":"https:\/\/infoecos.com.ar\/#website"},"primaryImageOfPage":{"@id":"https:\/\/infoecos.com.ar\/index.php\/el-frente-de-todos-iria-a-las-paso-para-definir-sus-candidatos\/#primaryimage"},"image":{"@id":"https:\/\/infoecos.com.ar\/index.php\/el-frente-de-todos-iria-a-las-paso-para-definir-sus-candidatos\/#primaryimage"},"thumbnailUrl":"https:\/\/infoecos.com.ar\/wp-content\/uploads\/2021\/03\/depedro.jpg","datePublished":"2023-04-05T02:31:19+00:00","dateModified":"2023-04-05T02:31:20+00:00","breadcrumb":{"@id":"https:\/\/infoecos.com.ar\/index.php\/el-frente-de-todos-iria-a-las-paso-para-definir-sus-candidatos\/#breadcrumb"},"inLanguage":"es","potentialAction":[{"@type":"ReadAction","target":["https:\/\/infoecos.com.ar\/index.php\/el-frente-de-todos-iria-a-las-paso-para-definir-sus-candidatos\/"]}]},{"@type":"ImageObject","inLanguage":"es","@id":"https:\/\/infoecos.com.ar\/index.php\/el-frente-de-todos-iria-a-las-paso-para-definir-sus-candidatos\/#primaryimage","url":"https:\/\/infoecos.com.ar\/wp-content\/uploads\/2021\/03\/depedro.jpg","contentUrl":"https:\/\/infoecos.com.ar\/wp-content\/uploads\/2021\/03\/depedro.jpg","width":1004,"height":565},{"@type":"BreadcrumbList","@id":"https:\/\/infoecos.com.ar\/index.php\/el-frente-de-todos-iria-a-las-paso-para-definir-sus-candidatos\/#breadcrumb","itemListElement":[{"@type":"ListItem","position":1,"name":"Portada","item":"https:\/\/infoecos.com.ar\/"},{"@type":"ListItem","position":2,"name":"El Frente de Todos ir\u00eda a las PASO para definir sus candidatos"}]},{"@type":"WebSite","@id":"https:\/\/infoecos.com.ar\/#website","url":"https:\/\/infoecos.com.ar\/","name":"Infoecos","description":"Noticias de trenque lauquen y la zona","publisher":{"@id":"https:\/\/infoecos.com.ar\/#organization"},"alternateName":"Noticias","potentialAction":[{"@type":"SearchAction","target":{"@type":"EntryPoint","urlTemplate":"https:\/\/infoecos.com.ar\/?s={search_term_string}"},"query-input":{"@type":"PropertyValueSpecification","valueRequired":true,"valueName":"search_term_string"}}],"inLanguage":"es"},{"@type":"Organization","@id":"https:\/\/infoecos.com.ar\/#organization","name":"Infoecos","alternateName":"Noticias","url":"https:\/\/infoecos.com.ar\/","logo":{"@type":"ImageObject","inLanguage":"es","@id":"https:\/\/infoecos.com.ar\/#\/schema\/logo\/image\/","url":"https:\/\/infoecos.com.ar\/wp-content\/uploads\/2024\/03\/cropped-logo.png","contentUrl":"https:\/\/infoecos.com.ar\/wp-content\/uploads\/2024\/03\/cropped-logo.png","width":374,"height":90,"caption":"Infoecos"},"image":{"@id":"https:\/\/infoecos.com.ar\/#\/schema\/logo\/image\/"},"sameAs":["https:\/\/www.facebook.com\/profile.php?id=100063200290284","https:\/\/x.com\/infoecos"]},{"@type":"Person","@id":"https:\/\/infoecos.com.ar\/#\/schema\/person\/8f5ace5ce73b4b4aac4b7245aee6f191","name":"Jorge Matheus","url":"https:\/\/infoecos.com.ar\/index.php\/author\/jomatheus\/"}]}},"featured_image_urls":{"full":["https:\/\/infoecos.com.ar\/wp-content\/uploads\/2021\/03\/depedro.jpg",1004,565,false],"thumbnail":["https:\/\/infoecos.com.ar\/wp-content\/uploads\/2021\/03\/depedro-150x150.jpg",150,150,true],"medium":["https:\/\/infoecos.com.ar\/wp-content\/uploads\/2021\/03\/depedro-460x259.jpg",460,259,true],"medium_large":["https:\/\/infoecos.com.ar\/wp-content\/uploads\/2021\/03\/depedro-768x432.jpg",640,360,true],"large":["https:\/\/infoecos.com.ar\/wp-content\/uploads\/2021\/03\/depedro-920x518.jpg",640,360,true],"1536x1536":["https:\/\/infoecos.com.ar\/wp-content\/uploads\/2021\/03\/depedro.jpg",1004,565,false],"2048x2048":["https:\/\/infoecos.com.ar\/wp-content\/uploads\/2021\/03\/depedro.jpg",1004,565,false],"covernews-slider-full":["https:\/\/infoecos.com.ar\/wp-content\/uploads\/2021\/03\/depedro.jpg",1004,565,false],"covernews-slider-center":["https:\/\/infoecos.com.ar\/wp-content\/uploads\/2021\/03\/depedro-936x565.jpg",800,483,true],"covernews-featured":["https:\/\/infoecos.com.ar\/wp-content\/uploads\/2021\/03\/depedro.jpg",1004,565,false],"covernews-medium":["https:\/\/infoecos.com.ar\/wp-content\/uploads\/2021\/03\/depedro-720x380.jpg",540,285,true],"covernews-medium-square":["https:\/\/infoecos.com.ar\/wp-content\/uploads\/2021\/03\/depedro-675x450.jpg",375,250,true]},"author_info":{"info":["Jorge Matheus"]},"category_info":"<a href=\"https:\/\/infoecos.com.ar\/index.php\/category\/noticia-secundaria\/\" rel=\"category tag\">Noticia Secundaria<\/a>","tag_info":"Noticia Secundaria","comment_count":"0","_links":{"self":[{"href":"https:\/\/infoecos.com.ar\/index.php\/wp-json\/wp\/v2\/posts\/103478"}],"collection":[{"href":"https:\/\/infoecos.com.ar\/index.php\/wp-json\/wp\/v2\/posts"}],"about":[{"href":"https:\/\/infoecos.com.ar\/index.php\/wp-json\/wp\/v2\/types\/post"}],"author":[{"embeddable":true,"href":"https:\/\/infoecos.com.ar\/index.php\/wp-json\/wp\/v2\/users\/2"}],"replies":[{"embeddable":true,"href":"https:\/\/infoecos.com.ar\/index.php\/wp-json\/wp\/v2\/comments?post=103478"}],"version-history":[{"count":1,"href":"https:\/\/infoecos.com.ar\/index.php\/wp-json\/wp\/v2\/posts\/103478\/revisions"}],"predecessor-version":[{"id":103479,"href":"https:\/\/infoecos.com.ar\/index.php\/wp-json\/wp\/v2\/posts\/103478\/revisions\/103479"}],"wp:featuredmedia":[{"embeddable":true,"href":"https:\/\/infoecos.com.ar\/index.php\/wp-json\/wp\/v2\/media\/77181"}],"wp:attachment":[{"href":"https:\/\/infoecos.com.ar\/index.php\/wp-json\/wp\/v2\/media?parent=103478"}],"wp:term":[{"taxonomy":"category","embeddable":true,"href":"https:\/\/infoecos.com.ar\/index.php\/wp-json\/wp\/v2\/categories?post=103478"},{"taxonomy":"post_tag","embeddable":true,"href":"https:\/\/infoecos.com.ar\/index.php\/wp-json\/wp\/v2\/tags?post=103478"}],"curies":[{"name":"wp","href":"https:\/\/api.w.org\/{rel}","templated":true}]}}