{"id":103492,"date":"2023-04-05T01:35:52","date_gmt":"2023-04-05T04:35:52","guid":{"rendered":"https:\/\/infoecos.com.ar\/?p=103492"},"modified":"2023-04-05T01:35:53","modified_gmt":"2023-04-05T04:35:53","slug":"el-ministro-de-economia-sergio-massa-lanzara-hoy-el-denominado-dolar-agro","status":"publish","type":"post","link":"https:\/\/infoecos.com.ar\/index.php\/el-ministro-de-economia-sergio-massa-lanzara-hoy-el-denominado-dolar-agro\/","title":{"rendered":"El ministro de Econom\u00eda, Sergio Massa, lanzar\u00e1 hoy el denominado \u00abd\u00f3lar agro\u00bb"},"content":{"rendered":"\n<p>El ministro de Econom\u00eda, Sergio Massa,\u00a0lanzar\u00e1 hoy el\u00a0<strong>nuevo programa para la promoci\u00f3n de exportaciones denominado \u00abd\u00f3lar agro\u00bb , con el que buscar\u00e1 acceder a unos U$S 15.000 millones para reforzar las reservas del Banco Central.\u00a0<\/strong><\/p>\n\n\n\n<p>Massa brindar\u00e1 los detalles de su nueva apuesta, en medio de la renovada presi\u00f3n del Fondo Monetario Internacional (FMI): en un inusual informe con los detalles de la \u00faltima revisi\u00f3n sobre el programa comprometido por el gobierno de Alberto Fern\u00e1ndez,&nbsp;<strong>los integrantes del board del organismo exigieron profundizar el ajuste para equilibrar las cuentas p\u00fablicas.<\/strong><\/p>\n\n\n\n<p>El martes tambi\u00e9n se conocieron las proyecciones del Banco Mundial con un diagn\u00f3stico sombr\u00edo para la econom\u00eda de la Argentina:&nbsp;<strong>la entidad estim\u00f3 que el pa\u00eds no crecer\u00e1 en 2023<\/strong>&nbsp;y tambi\u00e9n le envi\u00f3 una sugerencia al Gobierno nacional para tratar de torcer el rumbo.<\/p>\n\n\n\n<p>En ese contexto,&nbsp;<strong>Massa presentar\u00e1 el \u201cd\u00f3lar agro\u201d, una versi\u00f3n ampliada del \u201cd\u00f3lar soja\u201d<\/strong>&nbsp;que adem\u00e1s del complejo sojero incluir\u00e1 a algunas econom\u00edas regionales que exporten productos y servicios. Una de las grandes novedades del esquema es que contemplar\u00e1 la simplificaci\u00f3n de los tipos de cambios para facilitar la operatoria de algunos sectores.<\/p>\n\n\n\n<p>Todas las miradas se centrar\u00e1n en la cotizaci\u00f3n que informe Massa para ingresar al nuevo programa. En Econom\u00eda aseguraron que ese n\u00famero se defini\u00f3 durante las m\u00faltiples gestiones que se desarrollaron en los \u00faltimos d\u00edas.<\/p>\n\n\n\n<p>Sin embargo, con la referencia del tipo de cambio del d\u00f3lar soja 2 a $ 230, que estuvo vigente hasta el 31 de diciembre de 2022,&nbsp;<strong>se podr\u00eda prever que la cotizaci\u00f3n tendr\u00eda que estar en torno a los $ 300 para acompa\u00f1ar la evoluci\u00f3n de la inflaci\u00f3n.<\/strong><\/p>\n\n\n\n<p>El \u201cd\u00f3lar agro\u201d contemplar\u00e1 una primera etapa, que se extender\u00eda hasta el 31 de mayo para que se sumen los exportadores de soja. Luego, tal como se inform\u00f3 en Econom\u00eda, se iniciar\u00eda un plazo de 90 d\u00edas para sumar a los exportadores de econom\u00edas regionales, como los que integran el sector vitivin\u00edcola.<\/p>\n\n\n\n<p>En su reciente reporte, el Fondo bendijo la nueva jugada de Massa al se\u00f1alar que apuntar\u00e1 a \u201cfortalecer la balanza comercial\u201d y \u201cmejorar la administraci\u00f3n y el cumplimiento de las importaciones para limitar la sobrefacturaci\u00f3n, el almacenamiento y otras irregularidades, especialmente en el frente de los servicios\u201d.<\/p>\n\n\n\n<p>\u201cLa aplicaci\u00f3n oportuna de estas medidas apoyar\u00e1 cr\u00edticamente la acumulaci\u00f3n de reservas y los objetivos asociados del programa, aunque se requerir\u00e1n esfuerzos continuos para reducir las distorsiones a lo largo del tiempo. El personal evaluar\u00e1 si estas medidas prospectivas dan lugar a una nueva Pr\u00e1ctica de Tipos de Cambio M\u00faltiples o a una restricci\u00f3n cambiaria (&#8230;). En caso afirmativo, no deber\u00edan constituir una amenaza para la estabilidad macroecon\u00f3mica. De ser as\u00ed, no deber\u00edan sustituir a unas pol\u00edticas macroecon\u00f3micas s\u00f3lidas y su eliminaci\u00f3n deber\u00eda tener lugar a lo largo del per\u00edodo del acuerdo, a medida que las condiciones lo permitan\u201d, dijeron los integrantes del staff del FMI en su evaluaci\u00f3n.<\/p>\n\n\n\n<p>En el extenso informe, de 111 p\u00e1ginas, se incluyeron reclamos directos para la administraci\u00f3n de Alberto Fern\u00e1ndez para cumplir con el programa que se defini\u00f3 a cambio de refinanciar la deuda de alrededor de U$S 45.000 millones que solicit\u00f3 Mauricio Macri.<\/p>\n\n\n\n<p>\u201cEl cumplimiento de los objetivos fiscales requerir\u00e1 la implementaci\u00f3n oportuna de medidas de alta calidad. Lograr el objetivo de d\u00e9ficit fiscal primario del 1,9 por ciento del PBI en 2023 requerir\u00e1 esfuerzos decisivos para fortalecer el cumplimiento tributario, los controles del gasto y la focalizaci\u00f3n de los subsidios energ\u00e9ticos y la asistencia social. Tambi\u00e9n se requerir\u00e1n esfuerzos para abordar el mandato no financiado creado por la nueva moratoria de pensiones, incluso mediante la implementaci\u00f3n de regulaciones destinadas a garantizar que el esquema se dirija a los jubilados con mayor necesidad. Estas acciones son necesarias para salvaguardar la estabilidad y la sostenibilidad de la deuda a mediano plazo, al tiempo que proporcionan espacio para el gasto en infraestructura prioritaria, especialmente los gasoductos\u201d, apunt\u00f3 el Fondo.<\/p>\n\n\n\n<p>En la v\u00edspera de los anuncios oficiales,&nbsp;<strong>el Banco Central volvi\u00f3 a perder reservas: vendi\u00f3 U$S 49 millones para satisfacer la demanda del mercado.<\/strong>&nbsp;En tanto, el d\u00f3lar CCL avanz\u00f3 0,7%, a $409,8; mientras que el MEP avanz\u00f3 1,4% y qued\u00f3 en 402,4 pesos por unidad.<\/p>\n\n\n\n<p>En la plaza informal, el denominado\u00a0<strong>d\u00f3lar \u201cblue\u201d cerr\u00f3 con un incremento de un peso, a $393 por unidad.<\/strong><\/p>\n\n\n\n<p><strong>Fuente: viapais.com.ar<\/strong><\/p>\n","protected":false},"excerpt":{"rendered":"<p>En la v\u00edspera de los anuncios oficiales,\u00a0el Banco Central volvi\u00f3 a perder reservas: vendi\u00f3 U$S 49 millones para satisfacer la demanda del mercado<\/p>\n","protected":false},"author":2,"featured_media":95414,"comment_status":"closed","ping_status":"open","sticky":false,"template":"","format":"standard","meta":{"footnotes":""},"categories":[24],"tags":[7633],"class_list":["post-103492","post","type-post","status-publish","format-standard","has-post-thumbnail","hentry","category-c1nota3","tag-para-reforzar-las-reservas-2"],"yoast_head":"<!-- This site is optimized with the Yoast SEO plugin v23.4 - https:\/\/yoast.com\/wordpress\/plugins\/seo\/ -->\n<title>El ministro de Econom\u00eda, Sergio Massa, lanzar\u00e1 hoy el denominado &quot;d\u00f3lar agro&quot; - Infoecos<\/title>\n<meta name=\"robots\" content=\"index, follow, max-snippet:-1, max-image-preview:large, max-video-preview:-1\" \/>\n<link rel=\"canonical\" href=\"https:\/\/infoecos.com.ar\/index.php\/el-ministro-de-economia-sergio-massa-lanzara-hoy-el-denominado-dolar-agro\/\" \/>\n<meta property=\"og:locale\" content=\"es_ES\" \/>\n<meta property=\"og:type\" content=\"article\" \/>\n<meta property=\"og:title\" content=\"El ministro de Econom\u00eda, Sergio Massa, lanzar\u00e1 hoy el denominado &quot;d\u00f3lar agro&quot; - Infoecos\" \/>\n<meta property=\"og:description\" content=\"En la v\u00edspera de los anuncios oficiales,\u00a0el Banco Central volvi\u00f3 a perder reservas: vendi\u00f3 U$S 49 millones para satisfacer la demanda del mercado\" \/>\n<meta property=\"og:url\" content=\"https:\/\/infoecos.com.ar\/index.php\/el-ministro-de-economia-sergio-massa-lanzara-hoy-el-denominado-dolar-agro\/\" \/>\n<meta property=\"og:site_name\" content=\"Infoecos\" \/>\n<meta property=\"article:publisher\" content=\"https:\/\/www.facebook.com\/profile.php?id=100063200290284\" \/>\n<meta property=\"article:published_time\" content=\"2023-04-05T04:35:52+00:00\" \/>\n<meta property=\"article:modified_time\" content=\"2023-04-05T04:35:53+00:00\" \/>\n<meta property=\"og:image\" content=\"https:\/\/infoecos.com.ar\/wp-content\/uploads\/2022\/08\/massasergio.jpg\" \/>\n\t<meta property=\"og:image:width\" content=\"655\" \/>\n\t<meta property=\"og:image:height\" content=\"368\" \/>\n\t<meta property=\"og:image:type\" content=\"image\/jpeg\" \/>\n<meta name=\"author\" content=\"Jorge Matheus\" \/>\n<meta name=\"twitter:card\" content=\"summary_large_image\" \/>\n<meta name=\"twitter:creator\" content=\"@infoecos\" \/>\n<meta name=\"twitter:site\" content=\"@infoecos\" \/>\n<meta name=\"twitter:label1\" content=\"Escrito por\" \/>\n\t<meta name=\"twitter:data1\" content=\"Jorge Matheus\" \/>\n\t<meta name=\"twitter:label2\" content=\"Tiempo de lectura\" \/>\n\t<meta name=\"twitter:data2\" content=\"4 minutos\" \/>\n<script type=\"application\/ld+json\" class=\"yoast-schema-graph\">{\"@context\":\"https:\/\/schema.org\",\"@graph\":[{\"@type\":\"Article\",\"@id\":\"https:\/\/infoecos.com.ar\/index.php\/el-ministro-de-economia-sergio-massa-lanzara-hoy-el-denominado-dolar-agro\/#article\",\"isPartOf\":{\"@id\":\"https:\/\/infoecos.com.ar\/index.php\/el-ministro-de-economia-sergio-massa-lanzara-hoy-el-denominado-dolar-agro\/\"},\"author\":{\"name\":\"Jorge Matheus\",\"@id\":\"https:\/\/infoecos.com.ar\/#\/schema\/person\/8f5ace5ce73b4b4aac4b7245aee6f191\"},\"headline\":\"El ministro de Econom\u00eda, Sergio Massa, lanzar\u00e1 hoy el denominado \u00abd\u00f3lar agro\u00bb\",\"datePublished\":\"2023-04-05T04:35:52+00:00\",\"dateModified\":\"2023-04-05T04:35:53+00:00\",\"mainEntityOfPage\":{\"@id\":\"https:\/\/infoecos.com.ar\/index.php\/el-ministro-de-economia-sergio-massa-lanzara-hoy-el-denominado-dolar-agro\/\"},\"wordCount\":789,\"publisher\":{\"@id\":\"https:\/\/infoecos.com.ar\/#organization\"},\"image\":{\"@id\":\"https:\/\/infoecos.com.ar\/index.php\/el-ministro-de-economia-sergio-massa-lanzara-hoy-el-denominado-dolar-agro\/#primaryimage\"},\"thumbnailUrl\":\"https:\/\/infoecos.com.ar\/wp-content\/uploads\/2022\/08\/massasergio.jpg\",\"keywords\":[\"PARA REFORZAR LAS RESERVAS\"],\"articleSection\":[\"C1 N3\"],\"inLanguage\":\"es\"},{\"@type\":\"WebPage\",\"@id\":\"https:\/\/infoecos.com.ar\/index.php\/el-ministro-de-economia-sergio-massa-lanzara-hoy-el-denominado-dolar-agro\/\",\"url\":\"https:\/\/infoecos.com.ar\/index.php\/el-ministro-de-economia-sergio-massa-lanzara-hoy-el-denominado-dolar-agro\/\",\"name\":\"El ministro de Econom\u00eda, Sergio Massa, lanzar\u00e1 hoy el denominado \\\"d\u00f3lar agro\\\" - Infoecos\",\"isPartOf\":{\"@id\":\"https:\/\/infoecos.com.ar\/#website\"},\"primaryImageOfPage\":{\"@id\":\"https:\/\/infoecos.com.ar\/index.php\/el-ministro-de-economia-sergio-massa-lanzara-hoy-el-denominado-dolar-agro\/#primaryimage\"},\"image\":{\"@id\":\"https:\/\/infoecos.com.ar\/index.php\/el-ministro-de-economia-sergio-massa-lanzara-hoy-el-denominado-dolar-agro\/#primaryimage\"},\"thumbnailUrl\":\"https:\/\/infoecos.com.ar\/wp-content\/uploads\/2022\/08\/massasergio.jpg\",\"datePublished\":\"2023-04-05T04:35:52+00:00\",\"dateModified\":\"2023-04-05T04:35:53+00:00\",\"breadcrumb\":{\"@id\":\"https:\/\/infoecos.com.ar\/index.php\/el-ministro-de-economia-sergio-massa-lanzara-hoy-el-denominado-dolar-agro\/#breadcrumb\"},\"inLanguage\":\"es\",\"potentialAction\":[{\"@type\":\"ReadAction\",\"target\":[\"https:\/\/infoecos.com.ar\/index.php\/el-ministro-de-economia-sergio-massa-lanzara-hoy-el-denominado-dolar-agro\/\"]}]},{\"@type\":\"ImageObject\",\"inLanguage\":\"es\",\"@id\":\"https:\/\/infoecos.com.ar\/index.php\/el-ministro-de-economia-sergio-massa-lanzara-hoy-el-denominado-dolar-agro\/#primaryimage\",\"url\":\"https:\/\/infoecos.com.ar\/wp-content\/uploads\/2022\/08\/massasergio.jpg\",\"contentUrl\":\"https:\/\/infoecos.com.ar\/wp-content\/uploads\/2022\/08\/massasergio.jpg\",\"width\":655,\"height\":368},{\"@type\":\"BreadcrumbList\",\"@id\":\"https:\/\/infoecos.com.ar\/index.php\/el-ministro-de-economia-sergio-massa-lanzara-hoy-el-denominado-dolar-agro\/#breadcrumb\",\"itemListElement\":[{\"@type\":\"ListItem\",\"position\":1,\"name\":\"Portada\",\"item\":\"https:\/\/infoecos.com.ar\/\"},{\"@type\":\"ListItem\",\"position\":2,\"name\":\"El ministro de Econom\u00eda, Sergio Massa, lanzar\u00e1 hoy el denominado \u00abd\u00f3lar agro\u00bb\"}]},{\"@type\":\"WebSite\",\"@id\":\"https:\/\/infoecos.com.ar\/#website\",\"url\":\"https:\/\/infoecos.com.ar\/\",\"name\":\"Infoecos\",\"description\":\"Noticias de trenque lauquen y la zona\",\"publisher\":{\"@id\":\"https:\/\/infoecos.com.ar\/#organization\"},\"alternateName\":\"Noticias\",\"potentialAction\":[{\"@type\":\"SearchAction\",\"target\":{\"@type\":\"EntryPoint\",\"urlTemplate\":\"https:\/\/infoecos.com.ar\/?s={search_term_string}\"},\"query-input\":{\"@type\":\"PropertyValueSpecification\",\"valueRequired\":true,\"valueName\":\"search_term_string\"}}],\"inLanguage\":\"es\"},{\"@type\":\"Organization\",\"@id\":\"https:\/\/infoecos.com.ar\/#organization\",\"name\":\"Infoecos\",\"alternateName\":\"Noticias\",\"url\":\"https:\/\/infoecos.com.ar\/\",\"logo\":{\"@type\":\"ImageObject\",\"inLanguage\":\"es\",\"@id\":\"https:\/\/infoecos.com.ar\/#\/schema\/logo\/image\/\",\"url\":\"https:\/\/infoecos.com.ar\/wp-content\/uploads\/2024\/03\/cropped-logo.png\",\"contentUrl\":\"https:\/\/infoecos.com.ar\/wp-content\/uploads\/2024\/03\/cropped-logo.png\",\"width\":374,\"height\":90,\"caption\":\"Infoecos\"},\"image\":{\"@id\":\"https:\/\/infoecos.com.ar\/#\/schema\/logo\/image\/\"},\"sameAs\":[\"https:\/\/www.facebook.com\/profile.php?id=100063200290284\",\"https:\/\/x.com\/infoecos\"]},{\"@type\":\"Person\",\"@id\":\"https:\/\/infoecos.com.ar\/#\/schema\/person\/8f5ace5ce73b4b4aac4b7245aee6f191\",\"name\":\"Jorge Matheus\",\"url\":\"https:\/\/infoecos.com.ar\/index.php\/author\/jomatheus\/\"}]}<\/script>\n<!-- \/ Yoast SEO plugin. -->","yoast_head_json":{"title":"El ministro de Econom\u00eda, Sergio Massa, lanzar\u00e1 hoy el denominado \"d\u00f3lar agro\" - Infoecos","robots":{"index":"index","follow":"follow","max-snippet":"max-snippet:-1","max-image-preview":"max-image-preview:large","max-video-preview":"max-video-preview:-1"},"canonical":"https:\/\/infoecos.com.ar\/index.php\/el-ministro-de-economia-sergio-massa-lanzara-hoy-el-denominado-dolar-agro\/","og_locale":"es_ES","og_type":"article","og_title":"El ministro de Econom\u00eda, Sergio Massa, lanzar\u00e1 hoy el denominado \"d\u00f3lar agro\" - Infoecos","og_description":"En la v\u00edspera de los anuncios oficiales,\u00a0el Banco Central volvi\u00f3 a perder reservas: vendi\u00f3 U$S 49 millones para satisfacer la demanda del mercado","og_url":"https:\/\/infoecos.com.ar\/index.php\/el-ministro-de-economia-sergio-massa-lanzara-hoy-el-denominado-dolar-agro\/","og_site_name":"Infoecos","article_publisher":"https:\/\/www.facebook.com\/profile.php?id=100063200290284","article_published_time":"2023-04-05T04:35:52+00:00","article_modified_time":"2023-04-05T04:35:53+00:00","og_image":[{"width":655,"height":368,"url":"https:\/\/infoecos.com.ar\/wp-content\/uploads\/2022\/08\/massasergio.jpg","type":"image\/jpeg"}],"author":"Jorge Matheus","twitter_card":"summary_large_image","twitter_creator":"@infoecos","twitter_site":"@infoecos","twitter_misc":{"Escrito por":"Jorge Matheus","Tiempo de lectura":"4 minutos"},"schema":{"@context":"https:\/\/schema.org","@graph":[{"@type":"Article","@id":"https:\/\/infoecos.com.ar\/index.php\/el-ministro-de-economia-sergio-massa-lanzara-hoy-el-denominado-dolar-agro\/#article","isPartOf":{"@id":"https:\/\/infoecos.com.ar\/index.php\/el-ministro-de-economia-sergio-massa-lanzara-hoy-el-denominado-dolar-agro\/"},"author":{"name":"Jorge Matheus","@id":"https:\/\/infoecos.com.ar\/#\/schema\/person\/8f5ace5ce73b4b4aac4b7245aee6f191"},"headline":"El ministro de Econom\u00eda, Sergio Massa, lanzar\u00e1 hoy el denominado \u00abd\u00f3lar agro\u00bb","datePublished":"2023-04-05T04:35:52+00:00","dateModified":"2023-04-05T04:35:53+00:00","mainEntityOfPage":{"@id":"https:\/\/infoecos.com.ar\/index.php\/el-ministro-de-economia-sergio-massa-lanzara-hoy-el-denominado-dolar-agro\/"},"wordCount":789,"publisher":{"@id":"https:\/\/infoecos.com.ar\/#organization"},"image":{"@id":"https:\/\/infoecos.com.ar\/index.php\/el-ministro-de-economia-sergio-massa-lanzara-hoy-el-denominado-dolar-agro\/#primaryimage"},"thumbnailUrl":"https:\/\/infoecos.com.ar\/wp-content\/uploads\/2022\/08\/massasergio.jpg","keywords":["PARA REFORZAR LAS RESERVAS"],"articleSection":["C1 N3"],"inLanguage":"es"},{"@type":"WebPage","@id":"https:\/\/infoecos.com.ar\/index.php\/el-ministro-de-economia-sergio-massa-lanzara-hoy-el-denominado-dolar-agro\/","url":"https:\/\/infoecos.com.ar\/index.php\/el-ministro-de-economia-sergio-massa-lanzara-hoy-el-denominado-dolar-agro\/","name":"El ministro de Econom\u00eda, Sergio Massa, lanzar\u00e1 hoy el denominado \"d\u00f3lar agro\" - Infoecos","isPartOf":{"@id":"https:\/\/infoecos.com.ar\/#website"},"primaryImageOfPage":{"@id":"https:\/\/infoecos.com.ar\/index.php\/el-ministro-de-economia-sergio-massa-lanzara-hoy-el-denominado-dolar-agro\/#primaryimage"},"image":{"@id":"https:\/\/infoecos.com.ar\/index.php\/el-ministro-de-economia-sergio-massa-lanzara-hoy-el-denominado-dolar-agro\/#primaryimage"},"thumbnailUrl":"https:\/\/infoecos.com.ar\/wp-content\/uploads\/2022\/08\/massasergio.jpg","datePublished":"2023-04-05T04:35:52+00:00","dateModified":"2023-04-05T04:35:53+00:00","breadcrumb":{"@id":"https:\/\/infoecos.com.ar\/index.php\/el-ministro-de-economia-sergio-massa-lanzara-hoy-el-denominado-dolar-agro\/#breadcrumb"},"inLanguage":"es","potentialAction":[{"@type":"ReadAction","target":["https:\/\/infoecos.com.ar\/index.php\/el-ministro-de-economia-sergio-massa-lanzara-hoy-el-denominado-dolar-agro\/"]}]},{"@type":"ImageObject","inLanguage":"es","@id":"https:\/\/infoecos.com.ar\/index.php\/el-ministro-de-economia-sergio-massa-lanzara-hoy-el-denominado-dolar-agro\/#primaryimage","url":"https:\/\/infoecos.com.ar\/wp-content\/uploads\/2022\/08\/massasergio.jpg","contentUrl":"https:\/\/infoecos.com.ar\/wp-content\/uploads\/2022\/08\/massasergio.jpg","width":655,"height":368},{"@type":"BreadcrumbList","@id":"https:\/\/infoecos.com.ar\/index.php\/el-ministro-de-economia-sergio-massa-lanzara-hoy-el-denominado-dolar-agro\/#breadcrumb","itemListElement":[{"@type":"ListItem","position":1,"name":"Portada","item":"https:\/\/infoecos.com.ar\/"},{"@type":"ListItem","position":2,"name":"El ministro de Econom\u00eda, Sergio Massa, lanzar\u00e1 hoy el denominado \u00abd\u00f3lar agro\u00bb"}]},{"@type":"WebSite","@id":"https:\/\/infoecos.com.ar\/#website","url":"https:\/\/infoecos.com.ar\/","name":"Infoecos","description":"Noticias de trenque lauquen y la zona","publisher":{"@id":"https:\/\/infoecos.com.ar\/#organization"},"alternateName":"Noticias","potentialAction":[{"@type":"SearchAction","target":{"@type":"EntryPoint","urlTemplate":"https:\/\/infoecos.com.ar\/?s={search_term_string}"},"query-input":{"@type":"PropertyValueSpecification","valueRequired":true,"valueName":"search_term_string"}}],"inLanguage":"es"},{"@type":"Organization","@id":"https:\/\/infoecos.com.ar\/#organization","name":"Infoecos","alternateName":"Noticias","url":"https:\/\/infoecos.com.ar\/","logo":{"@type":"ImageObject","inLanguage":"es","@id":"https:\/\/infoecos.com.ar\/#\/schema\/logo\/image\/","url":"https:\/\/infoecos.com.ar\/wp-content\/uploads\/2024\/03\/cropped-logo.png","contentUrl":"https:\/\/infoecos.com.ar\/wp-content\/uploads\/2024\/03\/cropped-logo.png","width":374,"height":90,"caption":"Infoecos"},"image":{"@id":"https:\/\/infoecos.com.ar\/#\/schema\/logo\/image\/"},"sameAs":["https:\/\/www.facebook.com\/profile.php?id=100063200290284","https:\/\/x.com\/infoecos"]},{"@type":"Person","@id":"https:\/\/infoecos.com.ar\/#\/schema\/person\/8f5ace5ce73b4b4aac4b7245aee6f191","name":"Jorge Matheus","url":"https:\/\/infoecos.com.ar\/index.php\/author\/jomatheus\/"}]}},"featured_image_urls":{"full":["https:\/\/infoecos.com.ar\/wp-content\/uploads\/2022\/08\/massasergio.jpg",655,368,false],"thumbnail":["https:\/\/infoecos.com.ar\/wp-content\/uploads\/2022\/08\/massasergio-150x150.jpg",150,150,true],"medium":["https:\/\/infoecos.com.ar\/wp-content\/uploads\/2022\/08\/massasergio-460x258.jpg",460,258,true],"medium_large":["https:\/\/infoecos.com.ar\/wp-content\/uploads\/2022\/08\/massasergio.jpg",640,360,false],"large":["https:\/\/infoecos.com.ar\/wp-content\/uploads\/2022\/08\/massasergio.jpg",640,360,false],"1536x1536":["https:\/\/infoecos.com.ar\/wp-content\/uploads\/2022\/08\/massasergio.jpg",655,368,false],"2048x2048":["https:\/\/infoecos.com.ar\/wp-content\/uploads\/2022\/08\/massasergio.jpg",655,368,false],"covernews-slider-full":["https:\/\/infoecos.com.ar\/wp-content\/uploads\/2022\/08\/massasergio.jpg",655,368,false],"covernews-slider-center":["https:\/\/infoecos.com.ar\/wp-content\/uploads\/2022\/08\/massasergio.jpg",655,368,false],"covernews-featured":["https:\/\/infoecos.com.ar\/wp-content\/uploads\/2022\/08\/massasergio.jpg",655,368,false],"covernews-medium":["https:\/\/infoecos.com.ar\/wp-content\/uploads\/2022\/08\/massasergio.jpg",540,303,false],"covernews-medium-square":["https:\/\/infoecos.com.ar\/wp-content\/uploads\/2022\/08\/massasergio.jpg",400,225,false]},"author_info":{"info":["Jorge Matheus"]},"category_info":"<a href=\"https:\/\/infoecos.com.ar\/index.php\/category\/c1nota3\/\" rel=\"category tag\">C1 N3<\/a>","tag_info":"C1 N3","comment_count":"0","_links":{"self":[{"href":"https:\/\/infoecos.com.ar\/index.php\/wp-json\/wp\/v2\/posts\/103492"}],"collection":[{"href":"https:\/\/infoecos.com.ar\/index.php\/wp-json\/wp\/v2\/posts"}],"about":[{"href":"https:\/\/infoecos.com.ar\/index.php\/wp-json\/wp\/v2\/types\/post"}],"author":[{"embeddable":true,"href":"https:\/\/infoecos.com.ar\/index.php\/wp-json\/wp\/v2\/users\/2"}],"replies":[{"embeddable":true,"href":"https:\/\/infoecos.com.ar\/index.php\/wp-json\/wp\/v2\/comments?post=103492"}],"version-history":[{"count":1,"href":"https:\/\/infoecos.com.ar\/index.php\/wp-json\/wp\/v2\/posts\/103492\/revisions"}],"predecessor-version":[{"id":103493,"href":"https:\/\/infoecos.com.ar\/index.php\/wp-json\/wp\/v2\/posts\/103492\/revisions\/103493"}],"wp:featuredmedia":[{"embeddable":true,"href":"https:\/\/infoecos.com.ar\/index.php\/wp-json\/wp\/v2\/media\/95414"}],"wp:attachment":[{"href":"https:\/\/infoecos.com.ar\/index.php\/wp-json\/wp\/v2\/media?parent=103492"}],"wp:term":[{"taxonomy":"category","embeddable":true,"href":"https:\/\/infoecos.com.ar\/index.php\/wp-json\/wp\/v2\/categories?post=103492"},{"taxonomy":"post_tag","embeddable":true,"href":"https:\/\/infoecos.com.ar\/index.php\/wp-json\/wp\/v2\/tags?post=103492"}],"curies":[{"name":"wp","href":"https:\/\/api.w.org\/{rel}","templated":true}]}}