{"id":103503,"date":"2023-04-06T00:03:19","date_gmt":"2023-04-06T03:03:19","guid":{"rendered":"https:\/\/infoecos.com.ar\/?p=103503"},"modified":"2023-04-06T00:22:04","modified_gmt":"2023-04-06T03:22:04","slug":"en-que-se-invertiran-los-casi-300-millones-del-programa-municipios-a-la-obra","status":"publish","type":"post","link":"https:\/\/infoecos.com.ar\/index.php\/en-que-se-invertiran-los-casi-300-millones-del-programa-municipios-a-la-obra\/","title":{"rendered":"En que se invertir\u00e1n los casi 300 millones del programa \u00abMunicipios a la Obra\u00bb"},"content":{"rendered":"\n<p>El intendente municipal de Trenque Lauquen, doctor Miguel Fern\u00e1ndez, habl\u00f3 con AM 1280, FM 88.5 y FM 93.1, en el transcurso del programa Zapping que conducen Miguel Gauna y Lautaro Mor\u00e1n. La entrevista que se extendi\u00f3 por espacio de poco m\u00e1s de 24 minutos, fue para hablar espec\u00edficamente de los aportes que por ley le corresponden al distrito para la realizaci\u00f3n de obras, pero se extendi\u00f3 a otras cuestiones del funcionamiento del municipio que generan inter\u00e9s en la comunidad.<\/p>\n\n\n\n<figure class=\"wp-block-image alignright size-large is-resized\"><img loading=\"lazy\" decoding=\"async\" src=\"https:\/\/infoecos.com.ar\/wp-content\/uploads\/2023\/04\/DAE1330-1600x1180.jpg\" alt=\"\" class=\"wp-image-103404\" width=\"452\" height=\"333\" srcset=\"https:\/\/infoecos.com.ar\/wp-content\/uploads\/2023\/04\/DAE1330-1600x1180.jpg 1600w, https:\/\/infoecos.com.ar\/wp-content\/uploads\/2023\/04\/DAE1330-800x590.jpg 800w, https:\/\/infoecos.com.ar\/wp-content\/uploads\/2023\/04\/DAE1330-768x566.jpg 768w, https:\/\/infoecos.com.ar\/wp-content\/uploads\/2023\/04\/DAE1330-1536x1133.jpg 1536w, https:\/\/infoecos.com.ar\/wp-content\/uploads\/2023\/04\/DAE1330-2048x1510.jpg 2048w, https:\/\/infoecos.com.ar\/wp-content\/uploads\/2023\/04\/DAE1330-1024x755.jpg 1024w\" sizes=\"(max-width: 452px) 100vw, 452px\" \/><\/figure>\n\n\n\n<p>Por decisi\u00f3n de la redacci\u00f3n se segmenta la nota.<\/p>\n\n\n\n<p><strong>Alcances del convenio sobre el programa \u201cMunicipios a la Obra\u201d<\/strong><\/p>\n\n\n\n<p><strong><mark style=\"background-color:rgba(0, 0, 0, 0)\" class=\"has-inline-color has-vivid-cyan-blue-color\">Fern\u00e1ndez<\/mark><\/strong>: <\/p>\n\n\n\n<p><em>\u201cLos casi 300 millones de pesos surgen como resultado de un acuerdo legislativo. Se institucionaliz\u00f3, en su momento, un fondo que se denominaba Fondo de Infraestructura y que ahora se llama Municipios a la Obra. Se repartieron 45 mil millones con el \u00edndice combinado de coparticipaci\u00f3n, Coeficiente \u00danico de Coparticipaci\u00f3n y un reparto de ingresos. A Trenque Lauquen le tocaron, de esos 45 mil, 248 millones\u201d<\/em>.<\/p>\n\n\n\n<p><em>\u201cPor razones vinculadas con la aprobaci\u00f3n de los presupuestos, tanto municipal, como provincial, los montos que nos corresponden no est\u00e1n incluidos en nuestro presupuesto. Son estos casi 300 millones, y 75 millones de seguridad, dispuestos por la provincia para este a\u00f1o\u201d<\/em><\/p>\n\n\n\n<p><em>\u201cSabemos que no alcanza para todo lo que pretendemos. Por eso insistimos. en la inversi\u00f3n municipal. Es una discusi\u00f3n bizantina, si la plata te la mand\u00f3 provincia. Nosotros lo agradecemos siempre, porque es de buena gente hacerlo, pero la inflaci\u00f3n interfiere. De hecho estuvimos discutiendo cuatro meses el valor del cord\u00f3n cuneta. Cuanto terminemos la obra, seguramente no alcanza\u201d<\/em>.<\/p>\n\n\n\n<p><em>\u201cVamos a aplicar unos 98 millones de pesos en la repavimentaci\u00f3n. No, en la pavimentaci\u00f3n. Hicimos un relevamiento de la ciudad. Establecimos un orden de 1 a 4 y se llega a ese monto. Nivel 1, no hay que hacer nada. Nivel 2, hay que sellar. Con los fondos provinciales vamos a repavimentar, algo as\u00ed como treinta y pico de cuadras\u201d.<\/em><\/p>\n\n\n\n<p><em>\u201cRepartiremos para 30 de Agosto un 2,8 por ciento. Hospital y Hogar de esa comunidad. Intervenci\u00f3n en los accesos a Trenque Lauquen, en el Complejo Deportivo y en la Estaci\u00f3n de Beruti. Tambi\u00e9n, en el museo de artes visuales de la estaci\u00f3n\u201d.<\/em><\/p>\n","protected":false},"excerpt":{"rendered":"<p>\u201cLos casi 300 millones de pesos surgen como resultado de un acuerdo legislativo. Se institucionaliz\u00f3, en su momento, un fondo que se denominaba Fondo de Infraestructura y que ahora se llama Municipios a la Obra. Se repartieron 45 mil millones con el \u00edndice combinado de coparticipaci\u00f3n, Coeficiente \u00danico de Coparticipaci\u00f3n y un reparto de ingresos. A Trenque Lauquen le tocaron, de esos 45 mil, 248 millones\u201d<\/p>\n","protected":false},"author":2,"featured_media":103404,"comment_status":"closed","ping_status":"open","sticky":false,"template":"","format":"standard","meta":{"footnotes":""},"categories":[1613],"tags":[7636],"class_list":["post-103503","post","type-post","status-publish","format-standard","has-post-thumbnail","hentry","category-noticia-secundaria","tag-fernandez-en-am-1280-fm-88-5-y-93-1"],"yoast_head":"<!-- This site is optimized with the Yoast SEO plugin v23.4 - https:\/\/yoast.com\/wordpress\/plugins\/seo\/ -->\n<title>En que se invertir\u00e1n los casi 300 millones del programa &quot;Municipios a la Obra&quot; - Infoecos<\/title>\n<meta name=\"robots\" content=\"index, follow, max-snippet:-1, max-image-preview:large, max-video-preview:-1\" \/>\n<link rel=\"canonical\" href=\"https:\/\/infoecos.com.ar\/index.php\/en-que-se-invertiran-los-casi-300-millones-del-programa-municipios-a-la-obra\/\" \/>\n<meta property=\"og:locale\" content=\"es_ES\" \/>\n<meta property=\"og:type\" content=\"article\" \/>\n<meta property=\"og:title\" content=\"En que se invertir\u00e1n los casi 300 millones del programa &quot;Municipios a la Obra&quot; - Infoecos\" \/>\n<meta property=\"og:description\" content=\"\u201cLos casi 300 millones de pesos surgen como resultado de un acuerdo legislativo. Se institucionaliz\u00f3, en su momento, un fondo que se denominaba Fondo de Infraestructura y que ahora se llama Municipios a la Obra. Se repartieron 45 mil millones con el \u00edndice combinado de coparticipaci\u00f3n, Coeficiente \u00danico de Coparticipaci\u00f3n y un reparto de ingresos. A Trenque Lauquen le tocaron, de esos 45 mil, 248 millones\u201d\" \/>\n<meta property=\"og:url\" content=\"https:\/\/infoecos.com.ar\/index.php\/en-que-se-invertiran-los-casi-300-millones-del-programa-municipios-a-la-obra\/\" \/>\n<meta property=\"og:site_name\" content=\"Infoecos\" \/>\n<meta property=\"article:publisher\" content=\"https:\/\/www.facebook.com\/profile.php?id=100063200290284\" \/>\n<meta property=\"article:published_time\" content=\"2023-04-06T03:03:19+00:00\" \/>\n<meta property=\"article:modified_time\" content=\"2023-04-06T03:22:04+00:00\" \/>\n<meta property=\"og:image\" content=\"https:\/\/infoecos.com.ar\/wp-content\/uploads\/2023\/04\/DAE1330-scaled.jpg\" \/>\n\t<meta property=\"og:image:width\" content=\"2560\" \/>\n\t<meta property=\"og:image:height\" content=\"1888\" \/>\n\t<meta property=\"og:image:type\" content=\"image\/jpeg\" \/>\n<meta name=\"author\" content=\"Jorge Matheus\" \/>\n<meta name=\"twitter:card\" content=\"summary_large_image\" \/>\n<meta name=\"twitter:creator\" content=\"@infoecos\" \/>\n<meta name=\"twitter:site\" content=\"@infoecos\" \/>\n<meta name=\"twitter:label1\" content=\"Escrito por\" \/>\n\t<meta name=\"twitter:data1\" content=\"Jorge Matheus\" \/>\n\t<meta name=\"twitter:label2\" content=\"Tiempo de lectura\" \/>\n\t<meta name=\"twitter:data2\" content=\"2 minutos\" \/>\n<script type=\"application\/ld+json\" class=\"yoast-schema-graph\">{\"@context\":\"https:\/\/schema.org\",\"@graph\":[{\"@type\":\"Article\",\"@id\":\"https:\/\/infoecos.com.ar\/index.php\/en-que-se-invertiran-los-casi-300-millones-del-programa-municipios-a-la-obra\/#article\",\"isPartOf\":{\"@id\":\"https:\/\/infoecos.com.ar\/index.php\/en-que-se-invertiran-los-casi-300-millones-del-programa-municipios-a-la-obra\/\"},\"author\":{\"name\":\"Jorge Matheus\",\"@id\":\"https:\/\/infoecos.com.ar\/#\/schema\/person\/8f5ace5ce73b4b4aac4b7245aee6f191\"},\"headline\":\"En que se invertir\u00e1n los casi 300 millones del programa \u00abMunicipios a la Obra\u00bb\",\"datePublished\":\"2023-04-06T03:03:19+00:00\",\"dateModified\":\"2023-04-06T03:22:04+00:00\",\"mainEntityOfPage\":{\"@id\":\"https:\/\/infoecos.com.ar\/index.php\/en-que-se-invertiran-los-casi-300-millones-del-programa-municipios-a-la-obra\/\"},\"wordCount\":389,\"publisher\":{\"@id\":\"https:\/\/infoecos.com.ar\/#organization\"},\"image\":{\"@id\":\"https:\/\/infoecos.com.ar\/index.php\/en-que-se-invertiran-los-casi-300-millones-del-programa-municipios-a-la-obra\/#primaryimage\"},\"thumbnailUrl\":\"https:\/\/infoecos.com.ar\/wp-content\/uploads\/2023\/04\/DAE1330-scaled.jpg\",\"keywords\":[\"FERN\u00c1NDEZ EN AM 1280-FM 88.5 Y 93.1\"],\"articleSection\":[\"Noticia Secundaria\"],\"inLanguage\":\"es\"},{\"@type\":\"WebPage\",\"@id\":\"https:\/\/infoecos.com.ar\/index.php\/en-que-se-invertiran-los-casi-300-millones-del-programa-municipios-a-la-obra\/\",\"url\":\"https:\/\/infoecos.com.ar\/index.php\/en-que-se-invertiran-los-casi-300-millones-del-programa-municipios-a-la-obra\/\",\"name\":\"En que se invertir\u00e1n los casi 300 millones del programa \\\"Municipios a la Obra\\\" - Infoecos\",\"isPartOf\":{\"@id\":\"https:\/\/infoecos.com.ar\/#website\"},\"primaryImageOfPage\":{\"@id\":\"https:\/\/infoecos.com.ar\/index.php\/en-que-se-invertiran-los-casi-300-millones-del-programa-municipios-a-la-obra\/#primaryimage\"},\"image\":{\"@id\":\"https:\/\/infoecos.com.ar\/index.php\/en-que-se-invertiran-los-casi-300-millones-del-programa-municipios-a-la-obra\/#primaryimage\"},\"thumbnailUrl\":\"https:\/\/infoecos.com.ar\/wp-content\/uploads\/2023\/04\/DAE1330-scaled.jpg\",\"datePublished\":\"2023-04-06T03:03:19+00:00\",\"dateModified\":\"2023-04-06T03:22:04+00:00\",\"breadcrumb\":{\"@id\":\"https:\/\/infoecos.com.ar\/index.php\/en-que-se-invertiran-los-casi-300-millones-del-programa-municipios-a-la-obra\/#breadcrumb\"},\"inLanguage\":\"es\",\"potentialAction\":[{\"@type\":\"ReadAction\",\"target\":[\"https:\/\/infoecos.com.ar\/index.php\/en-que-se-invertiran-los-casi-300-millones-del-programa-municipios-a-la-obra\/\"]}]},{\"@type\":\"ImageObject\",\"inLanguage\":\"es\",\"@id\":\"https:\/\/infoecos.com.ar\/index.php\/en-que-se-invertiran-los-casi-300-millones-del-programa-municipios-a-la-obra\/#primaryimage\",\"url\":\"https:\/\/infoecos.com.ar\/wp-content\/uploads\/2023\/04\/DAE1330-scaled.jpg\",\"contentUrl\":\"https:\/\/infoecos.com.ar\/wp-content\/uploads\/2023\/04\/DAE1330-scaled.jpg\",\"width\":2560,\"height\":1888},{\"@type\":\"BreadcrumbList\",\"@id\":\"https:\/\/infoecos.com.ar\/index.php\/en-que-se-invertiran-los-casi-300-millones-del-programa-municipios-a-la-obra\/#breadcrumb\",\"itemListElement\":[{\"@type\":\"ListItem\",\"position\":1,\"name\":\"Portada\",\"item\":\"https:\/\/infoecos.com.ar\/\"},{\"@type\":\"ListItem\",\"position\":2,\"name\":\"En que se invertir\u00e1n los casi 300 millones del programa \u00abMunicipios a la Obra\u00bb\"}]},{\"@type\":\"WebSite\",\"@id\":\"https:\/\/infoecos.com.ar\/#website\",\"url\":\"https:\/\/infoecos.com.ar\/\",\"name\":\"Infoecos\",\"description\":\"Noticias de trenque lauquen y la zona\",\"publisher\":{\"@id\":\"https:\/\/infoecos.com.ar\/#organization\"},\"alternateName\":\"Noticias\",\"potentialAction\":[{\"@type\":\"SearchAction\",\"target\":{\"@type\":\"EntryPoint\",\"urlTemplate\":\"https:\/\/infoecos.com.ar\/?s={search_term_string}\"},\"query-input\":{\"@type\":\"PropertyValueSpecification\",\"valueRequired\":true,\"valueName\":\"search_term_string\"}}],\"inLanguage\":\"es\"},{\"@type\":\"Organization\",\"@id\":\"https:\/\/infoecos.com.ar\/#organization\",\"name\":\"Infoecos\",\"alternateName\":\"Noticias\",\"url\":\"https:\/\/infoecos.com.ar\/\",\"logo\":{\"@type\":\"ImageObject\",\"inLanguage\":\"es\",\"@id\":\"https:\/\/infoecos.com.ar\/#\/schema\/logo\/image\/\",\"url\":\"https:\/\/infoecos.com.ar\/wp-content\/uploads\/2024\/03\/cropped-logo.png\",\"contentUrl\":\"https:\/\/infoecos.com.ar\/wp-content\/uploads\/2024\/03\/cropped-logo.png\",\"width\":374,\"height\":90,\"caption\":\"Infoecos\"},\"image\":{\"@id\":\"https:\/\/infoecos.com.ar\/#\/schema\/logo\/image\/\"},\"sameAs\":[\"https:\/\/www.facebook.com\/profile.php?id=100063200290284\",\"https:\/\/x.com\/infoecos\"]},{\"@type\":\"Person\",\"@id\":\"https:\/\/infoecos.com.ar\/#\/schema\/person\/8f5ace5ce73b4b4aac4b7245aee6f191\",\"name\":\"Jorge Matheus\",\"url\":\"https:\/\/infoecos.com.ar\/index.php\/author\/jomatheus\/\"}]}<\/script>\n<!-- \/ Yoast SEO plugin. -->","yoast_head_json":{"title":"En que se invertir\u00e1n los casi 300 millones del programa \"Municipios a la Obra\" - Infoecos","robots":{"index":"index","follow":"follow","max-snippet":"max-snippet:-1","max-image-preview":"max-image-preview:large","max-video-preview":"max-video-preview:-1"},"canonical":"https:\/\/infoecos.com.ar\/index.php\/en-que-se-invertiran-los-casi-300-millones-del-programa-municipios-a-la-obra\/","og_locale":"es_ES","og_type":"article","og_title":"En que se invertir\u00e1n los casi 300 millones del programa \"Municipios a la Obra\" - Infoecos","og_description":"\u201cLos casi 300 millones de pesos surgen como resultado de un acuerdo legislativo. Se institucionaliz\u00f3, en su momento, un fondo que se denominaba Fondo de Infraestructura y que ahora se llama Municipios a la Obra. Se repartieron 45 mil millones con el \u00edndice combinado de coparticipaci\u00f3n, Coeficiente \u00danico de Coparticipaci\u00f3n y un reparto de ingresos. A Trenque Lauquen le tocaron, de esos 45 mil, 248 millones\u201d","og_url":"https:\/\/infoecos.com.ar\/index.php\/en-que-se-invertiran-los-casi-300-millones-del-programa-municipios-a-la-obra\/","og_site_name":"Infoecos","article_publisher":"https:\/\/www.facebook.com\/profile.php?id=100063200290284","article_published_time":"2023-04-06T03:03:19+00:00","article_modified_time":"2023-04-06T03:22:04+00:00","og_image":[{"width":2560,"height":1888,"url":"https:\/\/infoecos.com.ar\/wp-content\/uploads\/2023\/04\/DAE1330-scaled.jpg","type":"image\/jpeg"}],"author":"Jorge Matheus","twitter_card":"summary_large_image","twitter_creator":"@infoecos","twitter_site":"@infoecos","twitter_misc":{"Escrito por":"Jorge Matheus","Tiempo de lectura":"2 minutos"},"schema":{"@context":"https:\/\/schema.org","@graph":[{"@type":"Article","@id":"https:\/\/infoecos.com.ar\/index.php\/en-que-se-invertiran-los-casi-300-millones-del-programa-municipios-a-la-obra\/#article","isPartOf":{"@id":"https:\/\/infoecos.com.ar\/index.php\/en-que-se-invertiran-los-casi-300-millones-del-programa-municipios-a-la-obra\/"},"author":{"name":"Jorge Matheus","@id":"https:\/\/infoecos.com.ar\/#\/schema\/person\/8f5ace5ce73b4b4aac4b7245aee6f191"},"headline":"En que se invertir\u00e1n los casi 300 millones del programa \u00abMunicipios a la Obra\u00bb","datePublished":"2023-04-06T03:03:19+00:00","dateModified":"2023-04-06T03:22:04+00:00","mainEntityOfPage":{"@id":"https:\/\/infoecos.com.ar\/index.php\/en-que-se-invertiran-los-casi-300-millones-del-programa-municipios-a-la-obra\/"},"wordCount":389,"publisher":{"@id":"https:\/\/infoecos.com.ar\/#organization"},"image":{"@id":"https:\/\/infoecos.com.ar\/index.php\/en-que-se-invertiran-los-casi-300-millones-del-programa-municipios-a-la-obra\/#primaryimage"},"thumbnailUrl":"https:\/\/infoecos.com.ar\/wp-content\/uploads\/2023\/04\/DAE1330-scaled.jpg","keywords":["FERN\u00c1NDEZ EN AM 1280-FM 88.5 Y 93.1"],"articleSection":["Noticia Secundaria"],"inLanguage":"es"},{"@type":"WebPage","@id":"https:\/\/infoecos.com.ar\/index.php\/en-que-se-invertiran-los-casi-300-millones-del-programa-municipios-a-la-obra\/","url":"https:\/\/infoecos.com.ar\/index.php\/en-que-se-invertiran-los-casi-300-millones-del-programa-municipios-a-la-obra\/","name":"En que se invertir\u00e1n los casi 300 millones del programa \"Municipios a la Obra\" - Infoecos","isPartOf":{"@id":"https:\/\/infoecos.com.ar\/#website"},"primaryImageOfPage":{"@id":"https:\/\/infoecos.com.ar\/index.php\/en-que-se-invertiran-los-casi-300-millones-del-programa-municipios-a-la-obra\/#primaryimage"},"image":{"@id":"https:\/\/infoecos.com.ar\/index.php\/en-que-se-invertiran-los-casi-300-millones-del-programa-municipios-a-la-obra\/#primaryimage"},"thumbnailUrl":"https:\/\/infoecos.com.ar\/wp-content\/uploads\/2023\/04\/DAE1330-scaled.jpg","datePublished":"2023-04-06T03:03:19+00:00","dateModified":"2023-04-06T03:22:04+00:00","breadcrumb":{"@id":"https:\/\/infoecos.com.ar\/index.php\/en-que-se-invertiran-los-casi-300-millones-del-programa-municipios-a-la-obra\/#breadcrumb"},"inLanguage":"es","potentialAction":[{"@type":"ReadAction","target":["https:\/\/infoecos.com.ar\/index.php\/en-que-se-invertiran-los-casi-300-millones-del-programa-municipios-a-la-obra\/"]}]},{"@type":"ImageObject","inLanguage":"es","@id":"https:\/\/infoecos.com.ar\/index.php\/en-que-se-invertiran-los-casi-300-millones-del-programa-municipios-a-la-obra\/#primaryimage","url":"https:\/\/infoecos.com.ar\/wp-content\/uploads\/2023\/04\/DAE1330-scaled.jpg","contentUrl":"https:\/\/infoecos.com.ar\/wp-content\/uploads\/2023\/04\/DAE1330-scaled.jpg","width":2560,"height":1888},{"@type":"BreadcrumbList","@id":"https:\/\/infoecos.com.ar\/index.php\/en-que-se-invertiran-los-casi-300-millones-del-programa-municipios-a-la-obra\/#breadcrumb","itemListElement":[{"@type":"ListItem","position":1,"name":"Portada","item":"https:\/\/infoecos.com.ar\/"},{"@type":"ListItem","position":2,"name":"En que se invertir\u00e1n los casi 300 millones del programa \u00abMunicipios a la Obra\u00bb"}]},{"@type":"WebSite","@id":"https:\/\/infoecos.com.ar\/#website","url":"https:\/\/infoecos.com.ar\/","name":"Infoecos","description":"Noticias de trenque lauquen y la zona","publisher":{"@id":"https:\/\/infoecos.com.ar\/#organization"},"alternateName":"Noticias","potentialAction":[{"@type":"SearchAction","target":{"@type":"EntryPoint","urlTemplate":"https:\/\/infoecos.com.ar\/?s={search_term_string}"},"query-input":{"@type":"PropertyValueSpecification","valueRequired":true,"valueName":"search_term_string"}}],"inLanguage":"es"},{"@type":"Organization","@id":"https:\/\/infoecos.com.ar\/#organization","name":"Infoecos","alternateName":"Noticias","url":"https:\/\/infoecos.com.ar\/","logo":{"@type":"ImageObject","inLanguage":"es","@id":"https:\/\/infoecos.com.ar\/#\/schema\/logo\/image\/","url":"https:\/\/infoecos.com.ar\/wp-content\/uploads\/2024\/03\/cropped-logo.png","contentUrl":"https:\/\/infoecos.com.ar\/wp-content\/uploads\/2024\/03\/cropped-logo.png","width":374,"height":90,"caption":"Infoecos"},"image":{"@id":"https:\/\/infoecos.com.ar\/#\/schema\/logo\/image\/"},"sameAs":["https:\/\/www.facebook.com\/profile.php?id=100063200290284","https:\/\/x.com\/infoecos"]},{"@type":"Person","@id":"https:\/\/infoecos.com.ar\/#\/schema\/person\/8f5ace5ce73b4b4aac4b7245aee6f191","name":"Jorge Matheus","url":"https:\/\/infoecos.com.ar\/index.php\/author\/jomatheus\/"}]}},"featured_image_urls":{"full":["https:\/\/infoecos.com.ar\/wp-content\/uploads\/2023\/04\/DAE1330-scaled.jpg",2560,1888,false],"thumbnail":["https:\/\/infoecos.com.ar\/wp-content\/uploads\/2023\/04\/DAE1330-300x150.jpg",300,150,true],"medium":["https:\/\/infoecos.com.ar\/wp-content\/uploads\/2023\/04\/DAE1330-800x590.jpg",800,590,true],"medium_large":["https:\/\/infoecos.com.ar\/wp-content\/uploads\/2023\/04\/DAE1330-768x566.jpg",640,472,true],"large":["https:\/\/infoecos.com.ar\/wp-content\/uploads\/2023\/04\/DAE1330-1600x1180.jpg",640,472,true],"1536x1536":["https:\/\/infoecos.com.ar\/wp-content\/uploads\/2023\/04\/DAE1330-1536x1133.jpg",1536,1133,true],"2048x2048":["https:\/\/infoecos.com.ar\/wp-content\/uploads\/2023\/04\/DAE1330-2048x1510.jpg",2048,1510,true],"covernews-slider-full":["https:\/\/infoecos.com.ar\/wp-content\/uploads\/2023\/04\/DAE1330-1536x1020.jpg",1077,715,true],"covernews-slider-center":["https:\/\/infoecos.com.ar\/wp-content\/uploads\/2023\/04\/DAE1330-936x897.jpg",522,500,true],"covernews-featured":["https:\/\/infoecos.com.ar\/wp-content\/uploads\/2023\/04\/DAE1330-1024x755.jpg",1024,755,true],"covernews-medium":["https:\/\/infoecos.com.ar\/wp-content\/uploads\/2023\/04\/DAE1330-720x380.jpg",540,285,true],"covernews-medium-square":["https:\/\/infoecos.com.ar\/wp-content\/uploads\/2023\/04\/DAE1330-675x450.jpg",375,250,true]},"author_info":{"info":["Jorge Matheus"]},"category_info":"<a href=\"https:\/\/infoecos.com.ar\/index.php\/category\/noticia-secundaria\/\" rel=\"category tag\">Noticia Secundaria<\/a>","tag_info":"Noticia Secundaria","comment_count":"0","_links":{"self":[{"href":"https:\/\/infoecos.com.ar\/index.php\/wp-json\/wp\/v2\/posts\/103503"}],"collection":[{"href":"https:\/\/infoecos.com.ar\/index.php\/wp-json\/wp\/v2\/posts"}],"about":[{"href":"https:\/\/infoecos.com.ar\/index.php\/wp-json\/wp\/v2\/types\/post"}],"author":[{"embeddable":true,"href":"https:\/\/infoecos.com.ar\/index.php\/wp-json\/wp\/v2\/users\/2"}],"replies":[{"embeddable":true,"href":"https:\/\/infoecos.com.ar\/index.php\/wp-json\/wp\/v2\/comments?post=103503"}],"version-history":[{"count":1,"href":"https:\/\/infoecos.com.ar\/index.php\/wp-json\/wp\/v2\/posts\/103503\/revisions"}],"predecessor-version":[{"id":103504,"href":"https:\/\/infoecos.com.ar\/index.php\/wp-json\/wp\/v2\/posts\/103503\/revisions\/103504"}],"wp:featuredmedia":[{"embeddable":true,"href":"https:\/\/infoecos.com.ar\/index.php\/wp-json\/wp\/v2\/media\/103404"}],"wp:attachment":[{"href":"https:\/\/infoecos.com.ar\/index.php\/wp-json\/wp\/v2\/media?parent=103503"}],"wp:term":[{"taxonomy":"category","embeddable":true,"href":"https:\/\/infoecos.com.ar\/index.php\/wp-json\/wp\/v2\/categories?post=103503"},{"taxonomy":"post_tag","embeddable":true,"href":"https:\/\/infoecos.com.ar\/index.php\/wp-json\/wp\/v2\/tags?post=103503"}],"curies":[{"name":"wp","href":"https:\/\/api.w.org\/{rel}","templated":true}]}}