{"id":103505,"date":"2023-04-06T00:14:40","date_gmt":"2023-04-06T03:14:40","guid":{"rendered":"https:\/\/infoecos.com.ar\/?p=103505"},"modified":"2023-04-06T00:16:15","modified_gmt":"2023-04-06T03:16:15","slug":"violacion-robo-de-una-ambulancia-y-muerte-de-un-paciente-en-el-hospital-de-trenque-lauquen","status":"publish","type":"post","link":"https:\/\/infoecos.com.ar\/index.php\/violacion-robo-de-una-ambulancia-y-muerte-de-un-paciente-en-el-hospital-de-trenque-lauquen\/","title":{"rendered":"Violaci\u00f3n, robo de una ambulancia y muerte de un paciente en el Hospital"},"content":{"rendered":"\n<p>El intendente municipal de Trenque Lauquen, doctor Miguel Fern\u00e1ndez, habl\u00f3 con AM 1280, FM 88.5 y FM 93.1, en el transcurso del programa Zapping que conducen Miguel Gauna y Lautaro Mor\u00e1n. La entrevista que se extendi\u00f3 por espacio de poco m\u00e1s de 24 minutos, fue para hablar espec\u00edficamente de los aportes que por ley le corresponden al distrito para la realizaci\u00f3n de obras, pero se extendi\u00f3 a otras cuestiones del funcionamiento del municipio que generan inter\u00e9s en la comunidad.<\/p>\n\n\n\n<p>Por decisi\u00f3n de la redacci\u00f3n se segmenta la nota.<\/p>\n\n\n\n<p><strong>Los hechos ocurridos en el Hospital: una violaci\u00f3n, el robo de una ambulancia y la investigaci\u00f3n sobre la muerte de un paciente de 82 a\u00f1os.<\/strong> <\/p>\n\n\n\n<p><strong><mark style=\"background-color:rgba(0, 0, 0, 0)\" class=\"has-inline-color has-vivid-cyan-blue-color\">Fern\u00e1ndez: <\/mark><\/strong><\/p>\n\n\n\n<p><em>\u201cMe duele porque es, en alguna manera, cierta frustraci\u00f3n. Trabajamos e invertimos muchos recursos en salud. Uno espera no tener este tipo de inconvenientes. Los tres tienen un hilo conductor que son fallas humanas. El Hospital tiene un manual de procedimientos que es una gu\u00eda, m\u00e1s all\u00e1 que sab\u00e9s lo que ten\u00e9s que hacer. Esto pasa por no cumplir con los protocolos. Cuando pasan las cosas te das cuenta que hab\u00eda una falla de procedimientos. En el primero de los hechos, ten\u00eda que haber un guardia de seguridad y circunstancialmente no estaba. En el tema de la ambulancia es claramente un problema de procedimiento, nunca puede quedar con las llaves puestas. Y el \u00faltimo, es claramente un error de procedimiento y nosotros como funcionarios hicimos la denuncia porque estamos obligados a hacerlo.<\/em> <em>Los problemas descriptos no solo se arreglan con la colocaci\u00f3n de m\u00e1s c\u00e1maras y la limitaci\u00f3n de los accesos, como se ha hecho\u00bb<\/em>. <\/p>\n\n\n\n<p><strong>La muerte del colectivero de La Matanza y la agresi\u00f3n que sufri\u00f3 Berni.<\/strong><\/p>\n\n\n\n<p><strong><mark style=\"background-color:rgba(0, 0, 0, 0)\" class=\"has-inline-color has-vivid-cyan-blue-color\">Fern\u00e1ndez: <\/mark><\/strong><\/p>\n\n\n\n<p><em>\u201cEs tr\u00e1gico. No creo que esa sea la forma de solucionar el asesinato de una persona. Berni pag\u00f3 los platos rotos. De alguna manera fue a poner la cara. Eso s\u00ed, a la bartola, seg\u00fan mi criterio. Vi lo que sucedi\u00f3. Si \u00e9l se hubiese ca\u00eddo contra un cord\u00f3n, podr\u00eda haberse muerto. La gente hay que entenderla en el contexto. La gente est\u00e1 muy sensible y ello deriva en c\u00f3mo reacciona. La Justicia debe determinar lo que ocurri\u00f3 con el conductor del colectivo<\/em>, r\u00e1pidamente\u00bb<\/p>\n","protected":false},"excerpt":{"rendered":"<p>Tambi\u00e9n habl\u00f3 del asesinato del colectivero y la agresi\u00f3n al ministro de seguridad<\/p>\n","protected":false},"author":2,"featured_media":87163,"comment_status":"closed","ping_status":"open","sticky":false,"template":"","format":"standard","meta":{"footnotes":""},"categories":[1613],"tags":[7636],"class_list":["post-103505","post","type-post","status-publish","format-standard","has-post-thumbnail","hentry","category-noticia-secundaria","tag-fernandez-en-am-1280-fm-88-5-y-93-1"],"yoast_head":"<!-- This site is optimized with the Yoast SEO plugin v23.4 - https:\/\/yoast.com\/wordpress\/plugins\/seo\/ -->\n<title>Violaci\u00f3n, robo de una ambulancia y muerte de un paciente en el Hospital - Infoecos<\/title>\n<meta name=\"robots\" content=\"index, follow, max-snippet:-1, max-image-preview:large, max-video-preview:-1\" \/>\n<link rel=\"canonical\" href=\"https:\/\/infoecos.com.ar\/index.php\/violacion-robo-de-una-ambulancia-y-muerte-de-un-paciente-en-el-hospital-de-trenque-lauquen\/\" \/>\n<meta property=\"og:locale\" content=\"es_ES\" \/>\n<meta property=\"og:type\" content=\"article\" \/>\n<meta property=\"og:title\" content=\"Violaci\u00f3n, robo de una ambulancia y muerte de un paciente en el Hospital - Infoecos\" \/>\n<meta property=\"og:description\" content=\"Tambi\u00e9n habl\u00f3 del asesinato del colectivero y la agresi\u00f3n al ministro de seguridad\" \/>\n<meta property=\"og:url\" content=\"https:\/\/infoecos.com.ar\/index.php\/violacion-robo-de-una-ambulancia-y-muerte-de-un-paciente-en-el-hospital-de-trenque-lauquen\/\" \/>\n<meta property=\"og:site_name\" content=\"Infoecos\" \/>\n<meta property=\"article:publisher\" content=\"https:\/\/www.facebook.com\/profile.php?id=100063200290284\" \/>\n<meta property=\"article:published_time\" content=\"2023-04-06T03:14:40+00:00\" \/>\n<meta property=\"article:modified_time\" content=\"2023-04-06T03:16:15+00:00\" \/>\n<meta property=\"og:image\" content=\"https:\/\/infoecos.com.ar\/wp-content\/uploads\/2021\/09\/Hospital-Municipal.jpg\" \/>\n\t<meta property=\"og:image:width\" content=\"1280\" \/>\n\t<meta property=\"og:image:height\" content=\"787\" \/>\n\t<meta property=\"og:image:type\" content=\"image\/jpeg\" \/>\n<meta name=\"author\" content=\"Jorge Matheus\" \/>\n<meta name=\"twitter:card\" content=\"summary_large_image\" \/>\n<meta name=\"twitter:creator\" content=\"@infoecos\" \/>\n<meta name=\"twitter:site\" content=\"@infoecos\" \/>\n<meta name=\"twitter:label1\" content=\"Escrito por\" \/>\n\t<meta name=\"twitter:data1\" content=\"Jorge Matheus\" \/>\n\t<meta name=\"twitter:label2\" content=\"Tiempo de lectura\" \/>\n\t<meta name=\"twitter:data2\" content=\"2 minutos\" \/>\n<script type=\"application\/ld+json\" class=\"yoast-schema-graph\">{\"@context\":\"https:\/\/schema.org\",\"@graph\":[{\"@type\":\"Article\",\"@id\":\"https:\/\/infoecos.com.ar\/index.php\/violacion-robo-de-una-ambulancia-y-muerte-de-un-paciente-en-el-hospital-de-trenque-lauquen\/#article\",\"isPartOf\":{\"@id\":\"https:\/\/infoecos.com.ar\/index.php\/violacion-robo-de-una-ambulancia-y-muerte-de-un-paciente-en-el-hospital-de-trenque-lauquen\/\"},\"author\":{\"name\":\"Jorge Matheus\",\"@id\":\"https:\/\/infoecos.com.ar\/#\/schema\/person\/8f5ace5ce73b4b4aac4b7245aee6f191\"},\"headline\":\"Violaci\u00f3n, robo de una ambulancia y muerte de un paciente en el Hospital\",\"datePublished\":\"2023-04-06T03:14:40+00:00\",\"dateModified\":\"2023-04-06T03:16:15+00:00\",\"mainEntityOfPage\":{\"@id\":\"https:\/\/infoecos.com.ar\/index.php\/violacion-robo-de-una-ambulancia-y-muerte-de-un-paciente-en-el-hospital-de-trenque-lauquen\/\"},\"wordCount\":408,\"publisher\":{\"@id\":\"https:\/\/infoecos.com.ar\/#organization\"},\"image\":{\"@id\":\"https:\/\/infoecos.com.ar\/index.php\/violacion-robo-de-una-ambulancia-y-muerte-de-un-paciente-en-el-hospital-de-trenque-lauquen\/#primaryimage\"},\"thumbnailUrl\":\"https:\/\/infoecos.com.ar\/wp-content\/uploads\/2021\/09\/Hospital-Municipal.jpg\",\"keywords\":[\"FERN\u00c1NDEZ EN AM 1280-FM 88.5 Y 93.1\"],\"articleSection\":[\"Noticia Secundaria\"],\"inLanguage\":\"es\"},{\"@type\":\"WebPage\",\"@id\":\"https:\/\/infoecos.com.ar\/index.php\/violacion-robo-de-una-ambulancia-y-muerte-de-un-paciente-en-el-hospital-de-trenque-lauquen\/\",\"url\":\"https:\/\/infoecos.com.ar\/index.php\/violacion-robo-de-una-ambulancia-y-muerte-de-un-paciente-en-el-hospital-de-trenque-lauquen\/\",\"name\":\"Violaci\u00f3n, robo de una ambulancia y muerte de un paciente en el Hospital - Infoecos\",\"isPartOf\":{\"@id\":\"https:\/\/infoecos.com.ar\/#website\"},\"primaryImageOfPage\":{\"@id\":\"https:\/\/infoecos.com.ar\/index.php\/violacion-robo-de-una-ambulancia-y-muerte-de-un-paciente-en-el-hospital-de-trenque-lauquen\/#primaryimage\"},\"image\":{\"@id\":\"https:\/\/infoecos.com.ar\/index.php\/violacion-robo-de-una-ambulancia-y-muerte-de-un-paciente-en-el-hospital-de-trenque-lauquen\/#primaryimage\"},\"thumbnailUrl\":\"https:\/\/infoecos.com.ar\/wp-content\/uploads\/2021\/09\/Hospital-Municipal.jpg\",\"datePublished\":\"2023-04-06T03:14:40+00:00\",\"dateModified\":\"2023-04-06T03:16:15+00:00\",\"breadcrumb\":{\"@id\":\"https:\/\/infoecos.com.ar\/index.php\/violacion-robo-de-una-ambulancia-y-muerte-de-un-paciente-en-el-hospital-de-trenque-lauquen\/#breadcrumb\"},\"inLanguage\":\"es\",\"potentialAction\":[{\"@type\":\"ReadAction\",\"target\":[\"https:\/\/infoecos.com.ar\/index.php\/violacion-robo-de-una-ambulancia-y-muerte-de-un-paciente-en-el-hospital-de-trenque-lauquen\/\"]}]},{\"@type\":\"ImageObject\",\"inLanguage\":\"es\",\"@id\":\"https:\/\/infoecos.com.ar\/index.php\/violacion-robo-de-una-ambulancia-y-muerte-de-un-paciente-en-el-hospital-de-trenque-lauquen\/#primaryimage\",\"url\":\"https:\/\/infoecos.com.ar\/wp-content\/uploads\/2021\/09\/Hospital-Municipal.jpg\",\"contentUrl\":\"https:\/\/infoecos.com.ar\/wp-content\/uploads\/2021\/09\/Hospital-Municipal.jpg\",\"width\":1280,\"height\":787},{\"@type\":\"BreadcrumbList\",\"@id\":\"https:\/\/infoecos.com.ar\/index.php\/violacion-robo-de-una-ambulancia-y-muerte-de-un-paciente-en-el-hospital-de-trenque-lauquen\/#breadcrumb\",\"itemListElement\":[{\"@type\":\"ListItem\",\"position\":1,\"name\":\"Portada\",\"item\":\"https:\/\/infoecos.com.ar\/\"},{\"@type\":\"ListItem\",\"position\":2,\"name\":\"Violaci\u00f3n, robo de una ambulancia y muerte de un paciente en el Hospital\"}]},{\"@type\":\"WebSite\",\"@id\":\"https:\/\/infoecos.com.ar\/#website\",\"url\":\"https:\/\/infoecos.com.ar\/\",\"name\":\"Infoecos\",\"description\":\"Noticias de trenque lauquen y la zona\",\"publisher\":{\"@id\":\"https:\/\/infoecos.com.ar\/#organization\"},\"alternateName\":\"Noticias\",\"potentialAction\":[{\"@type\":\"SearchAction\",\"target\":{\"@type\":\"EntryPoint\",\"urlTemplate\":\"https:\/\/infoecos.com.ar\/?s={search_term_string}\"},\"query-input\":{\"@type\":\"PropertyValueSpecification\",\"valueRequired\":true,\"valueName\":\"search_term_string\"}}],\"inLanguage\":\"es\"},{\"@type\":\"Organization\",\"@id\":\"https:\/\/infoecos.com.ar\/#organization\",\"name\":\"Infoecos\",\"alternateName\":\"Noticias\",\"url\":\"https:\/\/infoecos.com.ar\/\",\"logo\":{\"@type\":\"ImageObject\",\"inLanguage\":\"es\",\"@id\":\"https:\/\/infoecos.com.ar\/#\/schema\/logo\/image\/\",\"url\":\"https:\/\/infoecos.com.ar\/wp-content\/uploads\/2024\/03\/cropped-logo.png\",\"contentUrl\":\"https:\/\/infoecos.com.ar\/wp-content\/uploads\/2024\/03\/cropped-logo.png\",\"width\":374,\"height\":90,\"caption\":\"Infoecos\"},\"image\":{\"@id\":\"https:\/\/infoecos.com.ar\/#\/schema\/logo\/image\/\"},\"sameAs\":[\"https:\/\/www.facebook.com\/profile.php?id=100063200290284\",\"https:\/\/x.com\/infoecos\"]},{\"@type\":\"Person\",\"@id\":\"https:\/\/infoecos.com.ar\/#\/schema\/person\/8f5ace5ce73b4b4aac4b7245aee6f191\",\"name\":\"Jorge Matheus\",\"url\":\"https:\/\/infoecos.com.ar\/index.php\/author\/jomatheus\/\"}]}<\/script>\n<!-- \/ Yoast SEO plugin. -->","yoast_head_json":{"title":"Violaci\u00f3n, robo de una ambulancia y muerte de un paciente en el Hospital - Infoecos","robots":{"index":"index","follow":"follow","max-snippet":"max-snippet:-1","max-image-preview":"max-image-preview:large","max-video-preview":"max-video-preview:-1"},"canonical":"https:\/\/infoecos.com.ar\/index.php\/violacion-robo-de-una-ambulancia-y-muerte-de-un-paciente-en-el-hospital-de-trenque-lauquen\/","og_locale":"es_ES","og_type":"article","og_title":"Violaci\u00f3n, robo de una ambulancia y muerte de un paciente en el Hospital - Infoecos","og_description":"Tambi\u00e9n habl\u00f3 del asesinato del colectivero y la agresi\u00f3n al ministro de seguridad","og_url":"https:\/\/infoecos.com.ar\/index.php\/violacion-robo-de-una-ambulancia-y-muerte-de-un-paciente-en-el-hospital-de-trenque-lauquen\/","og_site_name":"Infoecos","article_publisher":"https:\/\/www.facebook.com\/profile.php?id=100063200290284","article_published_time":"2023-04-06T03:14:40+00:00","article_modified_time":"2023-04-06T03:16:15+00:00","og_image":[{"width":1280,"height":787,"url":"https:\/\/infoecos.com.ar\/wp-content\/uploads\/2021\/09\/Hospital-Municipal.jpg","type":"image\/jpeg"}],"author":"Jorge Matheus","twitter_card":"summary_large_image","twitter_creator":"@infoecos","twitter_site":"@infoecos","twitter_misc":{"Escrito por":"Jorge Matheus","Tiempo de lectura":"2 minutos"},"schema":{"@context":"https:\/\/schema.org","@graph":[{"@type":"Article","@id":"https:\/\/infoecos.com.ar\/index.php\/violacion-robo-de-una-ambulancia-y-muerte-de-un-paciente-en-el-hospital-de-trenque-lauquen\/#article","isPartOf":{"@id":"https:\/\/infoecos.com.ar\/index.php\/violacion-robo-de-una-ambulancia-y-muerte-de-un-paciente-en-el-hospital-de-trenque-lauquen\/"},"author":{"name":"Jorge Matheus","@id":"https:\/\/infoecos.com.ar\/#\/schema\/person\/8f5ace5ce73b4b4aac4b7245aee6f191"},"headline":"Violaci\u00f3n, robo de una ambulancia y muerte de un paciente en el Hospital","datePublished":"2023-04-06T03:14:40+00:00","dateModified":"2023-04-06T03:16:15+00:00","mainEntityOfPage":{"@id":"https:\/\/infoecos.com.ar\/index.php\/violacion-robo-de-una-ambulancia-y-muerte-de-un-paciente-en-el-hospital-de-trenque-lauquen\/"},"wordCount":408,"publisher":{"@id":"https:\/\/infoecos.com.ar\/#organization"},"image":{"@id":"https:\/\/infoecos.com.ar\/index.php\/violacion-robo-de-una-ambulancia-y-muerte-de-un-paciente-en-el-hospital-de-trenque-lauquen\/#primaryimage"},"thumbnailUrl":"https:\/\/infoecos.com.ar\/wp-content\/uploads\/2021\/09\/Hospital-Municipal.jpg","keywords":["FERN\u00c1NDEZ EN AM 1280-FM 88.5 Y 93.1"],"articleSection":["Noticia Secundaria"],"inLanguage":"es"},{"@type":"WebPage","@id":"https:\/\/infoecos.com.ar\/index.php\/violacion-robo-de-una-ambulancia-y-muerte-de-un-paciente-en-el-hospital-de-trenque-lauquen\/","url":"https:\/\/infoecos.com.ar\/index.php\/violacion-robo-de-una-ambulancia-y-muerte-de-un-paciente-en-el-hospital-de-trenque-lauquen\/","name":"Violaci\u00f3n, robo de una ambulancia y muerte de un paciente en el Hospital - Infoecos","isPartOf":{"@id":"https:\/\/infoecos.com.ar\/#website"},"primaryImageOfPage":{"@id":"https:\/\/infoecos.com.ar\/index.php\/violacion-robo-de-una-ambulancia-y-muerte-de-un-paciente-en-el-hospital-de-trenque-lauquen\/#primaryimage"},"image":{"@id":"https:\/\/infoecos.com.ar\/index.php\/violacion-robo-de-una-ambulancia-y-muerte-de-un-paciente-en-el-hospital-de-trenque-lauquen\/#primaryimage"},"thumbnailUrl":"https:\/\/infoecos.com.ar\/wp-content\/uploads\/2021\/09\/Hospital-Municipal.jpg","datePublished":"2023-04-06T03:14:40+00:00","dateModified":"2023-04-06T03:16:15+00:00","breadcrumb":{"@id":"https:\/\/infoecos.com.ar\/index.php\/violacion-robo-de-una-ambulancia-y-muerte-de-un-paciente-en-el-hospital-de-trenque-lauquen\/#breadcrumb"},"inLanguage":"es","potentialAction":[{"@type":"ReadAction","target":["https:\/\/infoecos.com.ar\/index.php\/violacion-robo-de-una-ambulancia-y-muerte-de-un-paciente-en-el-hospital-de-trenque-lauquen\/"]}]},{"@type":"ImageObject","inLanguage":"es","@id":"https:\/\/infoecos.com.ar\/index.php\/violacion-robo-de-una-ambulancia-y-muerte-de-un-paciente-en-el-hospital-de-trenque-lauquen\/#primaryimage","url":"https:\/\/infoecos.com.ar\/wp-content\/uploads\/2021\/09\/Hospital-Municipal.jpg","contentUrl":"https:\/\/infoecos.com.ar\/wp-content\/uploads\/2021\/09\/Hospital-Municipal.jpg","width":1280,"height":787},{"@type":"BreadcrumbList","@id":"https:\/\/infoecos.com.ar\/index.php\/violacion-robo-de-una-ambulancia-y-muerte-de-un-paciente-en-el-hospital-de-trenque-lauquen\/#breadcrumb","itemListElement":[{"@type":"ListItem","position":1,"name":"Portada","item":"https:\/\/infoecos.com.ar\/"},{"@type":"ListItem","position":2,"name":"Violaci\u00f3n, robo de una ambulancia y muerte de un paciente en el Hospital"}]},{"@type":"WebSite","@id":"https:\/\/infoecos.com.ar\/#website","url":"https:\/\/infoecos.com.ar\/","name":"Infoecos","description":"Noticias de trenque lauquen y la zona","publisher":{"@id":"https:\/\/infoecos.com.ar\/#organization"},"alternateName":"Noticias","potentialAction":[{"@type":"SearchAction","target":{"@type":"EntryPoint","urlTemplate":"https:\/\/infoecos.com.ar\/?s={search_term_string}"},"query-input":{"@type":"PropertyValueSpecification","valueRequired":true,"valueName":"search_term_string"}}],"inLanguage":"es"},{"@type":"Organization","@id":"https:\/\/infoecos.com.ar\/#organization","name":"Infoecos","alternateName":"Noticias","url":"https:\/\/infoecos.com.ar\/","logo":{"@type":"ImageObject","inLanguage":"es","@id":"https:\/\/infoecos.com.ar\/#\/schema\/logo\/image\/","url":"https:\/\/infoecos.com.ar\/wp-content\/uploads\/2024\/03\/cropped-logo.png","contentUrl":"https:\/\/infoecos.com.ar\/wp-content\/uploads\/2024\/03\/cropped-logo.png","width":374,"height":90,"caption":"Infoecos"},"image":{"@id":"https:\/\/infoecos.com.ar\/#\/schema\/logo\/image\/"},"sameAs":["https:\/\/www.facebook.com\/profile.php?id=100063200290284","https:\/\/x.com\/infoecos"]},{"@type":"Person","@id":"https:\/\/infoecos.com.ar\/#\/schema\/person\/8f5ace5ce73b4b4aac4b7245aee6f191","name":"Jorge Matheus","url":"https:\/\/infoecos.com.ar\/index.php\/author\/jomatheus\/"}]}},"featured_image_urls":{"full":["https:\/\/infoecos.com.ar\/wp-content\/uploads\/2021\/09\/Hospital-Municipal.jpg",1280,787,false],"thumbnail":["https:\/\/infoecos.com.ar\/wp-content\/uploads\/2021\/09\/Hospital-Municipal-150x150.jpg",150,150,true],"medium":["https:\/\/infoecos.com.ar\/wp-content\/uploads\/2021\/09\/Hospital-Municipal-460x283.jpg",460,283,true],"medium_large":["https:\/\/infoecos.com.ar\/wp-content\/uploads\/2021\/09\/Hospital-Municipal-768x472.jpg",640,393,true],"large":["https:\/\/infoecos.com.ar\/wp-content\/uploads\/2021\/09\/Hospital-Municipal-920x566.jpg",640,394,true],"1536x1536":["https:\/\/infoecos.com.ar\/wp-content\/uploads\/2021\/09\/Hospital-Municipal.jpg",1280,787,false],"2048x2048":["https:\/\/infoecos.com.ar\/wp-content\/uploads\/2021\/09\/Hospital-Municipal.jpg",1280,787,false],"covernews-slider-full":["https:\/\/infoecos.com.ar\/wp-content\/uploads\/2021\/09\/Hospital-Municipal.jpg",1115,686,false],"covernews-slider-center":["https:\/\/infoecos.com.ar\/wp-content\/uploads\/2021\/09\/Hospital-Municipal-936x787.jpg",595,500,true],"covernews-featured":["https:\/\/infoecos.com.ar\/wp-content\/uploads\/2021\/09\/Hospital-Municipal-1024x630.jpg",1024,630,true],"covernews-medium":["https:\/\/infoecos.com.ar\/wp-content\/uploads\/2021\/09\/Hospital-Municipal-720x380.jpg",540,285,true],"covernews-medium-square":["https:\/\/infoecos.com.ar\/wp-content\/uploads\/2021\/09\/Hospital-Municipal-675x450.jpg",375,250,true]},"author_info":{"info":["Jorge Matheus"]},"category_info":"<a href=\"https:\/\/infoecos.com.ar\/index.php\/category\/noticia-secundaria\/\" rel=\"category tag\">Noticia Secundaria<\/a>","tag_info":"Noticia Secundaria","comment_count":"0","_links":{"self":[{"href":"https:\/\/infoecos.com.ar\/index.php\/wp-json\/wp\/v2\/posts\/103505"}],"collection":[{"href":"https:\/\/infoecos.com.ar\/index.php\/wp-json\/wp\/v2\/posts"}],"about":[{"href":"https:\/\/infoecos.com.ar\/index.php\/wp-json\/wp\/v2\/types\/post"}],"author":[{"embeddable":true,"href":"https:\/\/infoecos.com.ar\/index.php\/wp-json\/wp\/v2\/users\/2"}],"replies":[{"embeddable":true,"href":"https:\/\/infoecos.com.ar\/index.php\/wp-json\/wp\/v2\/comments?post=103505"}],"version-history":[{"count":2,"href":"https:\/\/infoecos.com.ar\/index.php\/wp-json\/wp\/v2\/posts\/103505\/revisions"}],"predecessor-version":[{"id":103507,"href":"https:\/\/infoecos.com.ar\/index.php\/wp-json\/wp\/v2\/posts\/103505\/revisions\/103507"}],"wp:featuredmedia":[{"embeddable":true,"href":"https:\/\/infoecos.com.ar\/index.php\/wp-json\/wp\/v2\/media\/87163"}],"wp:attachment":[{"href":"https:\/\/infoecos.com.ar\/index.php\/wp-json\/wp\/v2\/media?parent=103505"}],"wp:term":[{"taxonomy":"category","embeddable":true,"href":"https:\/\/infoecos.com.ar\/index.php\/wp-json\/wp\/v2\/categories?post=103505"},{"taxonomy":"post_tag","embeddable":true,"href":"https:\/\/infoecos.com.ar\/index.php\/wp-json\/wp\/v2\/tags?post=103505"}],"curies":[{"name":"wp","href":"https:\/\/api.w.org\/{rel}","templated":true}]}}