{"id":103538,"date":"2023-04-06T02:31:22","date_gmt":"2023-04-06T05:31:22","guid":{"rendered":"https:\/\/infoecos.com.ar\/?p=103538"},"modified":"2023-04-06T02:31:23","modified_gmt":"2023-04-06T05:31:23","slug":"guillermo-moreno-en-santa-rosa-cristina-hace-diez-anos-que-se-viene-equivocando","status":"publish","type":"post","link":"https:\/\/infoecos.com.ar\/index.php\/guillermo-moreno-en-santa-rosa-cristina-hace-diez-anos-que-se-viene-equivocando\/","title":{"rendered":"Guillermo Moreno en Santa Rosa: \u00abCristina hace diez a\u00f1os que se viene equivocando\u00bb"},"content":{"rendered":"\n<p> \u00abUn gobierno que hambrea el pueblo, no es peronista. No hay diferencia entre la pol\u00edtica econ\u00f3mica de Alberto y la de Macri\u00bb, afirm\u00f3 el ex secretario de Comercio,\u00a0<strong>Guillermo Moreno,<\/strong>\u00a0que visit\u00f3 este mi\u00e9rcoles Santa Rosa para presentar su plan econ\u00f3mico y afirmar que ser\u00e1 candidato a presidente en las pr\u00f3ximas elecciones.<\/p>\n\n\n\n<figure class=\"wp-block-image aligncenter size-full is-resized\"><img loading=\"lazy\" decoding=\"async\" src=\"https:\/\/infoecos.com.ar\/wp-content\/uploads\/2023\/04\/image-12.png\" alt=\"\" class=\"wp-image-103539\" width=\"460\" height=\"242\" srcset=\"https:\/\/infoecos.com.ar\/wp-content\/uploads\/2023\/04\/image-12.png 860w, https:\/\/infoecos.com.ar\/wp-content\/uploads\/2023\/04\/image-12-800x420.png 800w, https:\/\/infoecos.com.ar\/wp-content\/uploads\/2023\/04\/image-12-768x404.png 768w, https:\/\/infoecos.com.ar\/wp-content\/uploads\/2023\/04\/image-12-720x380.png 720w\" sizes=\"(max-width: 460px) 100vw, 460px\" \/><\/figure>\n\n\n\n<p>Moreno expres\u00f3 su hip\u00f3tesis seg\u00fan la cual la actual crisis econ\u00f3mica es parte de un ciclo que se remonta a la gesti\u00f3n de Axel Kicillof como ministro de Econom\u00eda, pasando por el gobierno de Macri hasta la actualidad, y de la cual Cristina Kirchner es la principal responsable.\u00a0\u00abSoy el \u00fanico candidato que tiene un plan econ\u00f3mico. Nos juntamos los economistas peronistas y estamos ofertando un plan\u00bb, dijo.<\/p>\n\n\n\n<p>\u00abEste ciclo comienza con la decisi\u00f3n de autorizar la devaluaci\u00f3n del 2014 de Axel Kicillof, que fue innecesaria. Este ciclo econ\u00f3mico comenz\u00f3 all\u00ed y termina con Massa, pero la pol\u00edtica econ\u00f3mica es la misma, por eso es una d\u00e9cada perdida\u00bb, describi\u00f3.<\/p>\n\n\n\n<p>Moreno se mostr\u00f3 cr\u00edtico a la gesti\u00f3n de Alberto Fern\u00e1ndez, a qui\u00e9n descalific\u00f3 como \u00abun socialdem\u00f3crata\u00bb que no es peronista. \u00abCristina tiene que tomar la decisi\u00f3n de qu\u00e9 har\u00e1 pol\u00edticamente. Le aconsejo a Cristina que acompa\u00f1e al candidato peronista, hace diez a\u00f1os que se viene equivocando.\u00a0Esta d\u00e9cada p\u00e9rdida tiene una responsable casi excluyente y es Cristina Kirchner\u00bb, afirm\u00f3.<\/p>\n\n\n\n<p>\u00abEl Frente de Todos va a perder las elecciones. Pero el problema es qui\u00e9n las va a ganar. Imag\u00ednense si las ganan los mismos que fracasaron en 2019. Es ir de Guatemala a Guatepeor. Por eso decimos que hay otra alternativa, peronista.\u00a0Somos los que presentamos este plan y le damos una alternativa de la econom\u00eda que no fracas\u00f3 en este siglo\u00bb, dijo.<\/p>\n\n\n\n<p><strong>Fuente: eldiariodelapampa.com.ar<\/strong><\/p>\n","protected":false},"excerpt":{"rendered":"<p>\u00abEl Frente de Todos va a perder las elecciones. Pero el problema es qui\u00e9n las va a ganar. Imag\u00ednense si las ganan los mismos que fracasaron en 2019. Es ir de Guatemala a Guatepeor\u00bb, se\u00f1al\u00f3 entre otras cosas<\/p>\n","protected":false},"author":2,"featured_media":103539,"comment_status":"closed","ping_status":"open","sticky":false,"template":"","format":"standard","meta":{"footnotes":""},"categories":[24],"tags":[7642],"class_list":["post-103538","post","type-post","status-publish","format-standard","has-post-thumbnail","hentry","category-c1nota3","tag-duras-criticas-al-gobierno-de-fernandez"],"yoast_head":"<!-- This site is optimized with the Yoast SEO plugin v23.4 - https:\/\/yoast.com\/wordpress\/plugins\/seo\/ -->\n<title>Guillermo Moreno en Santa Rosa: &quot;Cristina hace diez a\u00f1os que se viene equivocando&quot; - Infoecos<\/title>\n<meta name=\"robots\" content=\"index, follow, max-snippet:-1, max-image-preview:large, max-video-preview:-1\" \/>\n<link rel=\"canonical\" href=\"https:\/\/infoecos.com.ar\/index.php\/guillermo-moreno-en-santa-rosa-cristina-hace-diez-anos-que-se-viene-equivocando\/\" \/>\n<meta property=\"og:locale\" content=\"es_ES\" \/>\n<meta property=\"og:type\" content=\"article\" \/>\n<meta property=\"og:title\" content=\"Guillermo Moreno en Santa Rosa: &quot;Cristina hace diez a\u00f1os que se viene equivocando&quot; - Infoecos\" \/>\n<meta property=\"og:description\" content=\"&quot;El Frente de Todos va a perder las elecciones. Pero el problema es qui\u00e9n las va a ganar. Imag\u00ednense si las ganan los mismos que fracasaron en 2019. Es ir de Guatemala a Guatepeor&quot;, se\u00f1al\u00f3 entre otras cosas\" \/>\n<meta property=\"og:url\" content=\"https:\/\/infoecos.com.ar\/index.php\/guillermo-moreno-en-santa-rosa-cristina-hace-diez-anos-que-se-viene-equivocando\/\" \/>\n<meta property=\"og:site_name\" content=\"Infoecos\" \/>\n<meta property=\"article:publisher\" content=\"https:\/\/www.facebook.com\/profile.php?id=100063200290284\" \/>\n<meta property=\"article:published_time\" content=\"2023-04-06T05:31:22+00:00\" \/>\n<meta property=\"article:modified_time\" content=\"2023-04-06T05:31:23+00:00\" \/>\n<meta property=\"og:image\" content=\"https:\/\/infoecos.com.ar\/wp-content\/uploads\/2023\/04\/image-12.png\" \/>\n\t<meta property=\"og:image:width\" content=\"860\" \/>\n\t<meta property=\"og:image:height\" content=\"452\" \/>\n\t<meta property=\"og:image:type\" content=\"image\/png\" \/>\n<meta name=\"author\" content=\"Jorge Matheus\" \/>\n<meta name=\"twitter:card\" content=\"summary_large_image\" \/>\n<meta name=\"twitter:creator\" content=\"@infoecos\" \/>\n<meta name=\"twitter:site\" content=\"@infoecos\" \/>\n<meta name=\"twitter:label1\" content=\"Escrito por\" \/>\n\t<meta name=\"twitter:data1\" content=\"Jorge Matheus\" \/>\n\t<meta name=\"twitter:label2\" content=\"Tiempo de lectura\" \/>\n\t<meta name=\"twitter:data2\" content=\"2 minutos\" \/>\n<script type=\"application\/ld+json\" class=\"yoast-schema-graph\">{\"@context\":\"https:\/\/schema.org\",\"@graph\":[{\"@type\":\"Article\",\"@id\":\"https:\/\/infoecos.com.ar\/index.php\/guillermo-moreno-en-santa-rosa-cristina-hace-diez-anos-que-se-viene-equivocando\/#article\",\"isPartOf\":{\"@id\":\"https:\/\/infoecos.com.ar\/index.php\/guillermo-moreno-en-santa-rosa-cristina-hace-diez-anos-que-se-viene-equivocando\/\"},\"author\":{\"name\":\"Jorge Matheus\",\"@id\":\"https:\/\/infoecos.com.ar\/#\/schema\/person\/8f5ace5ce73b4b4aac4b7245aee6f191\"},\"headline\":\"Guillermo Moreno en Santa Rosa: \u00abCristina hace diez a\u00f1os que se viene equivocando\u00bb\",\"datePublished\":\"2023-04-06T05:31:22+00:00\",\"dateModified\":\"2023-04-06T05:31:23+00:00\",\"mainEntityOfPage\":{\"@id\":\"https:\/\/infoecos.com.ar\/index.php\/guillermo-moreno-en-santa-rosa-cristina-hace-diez-anos-que-se-viene-equivocando\/\"},\"wordCount\":330,\"publisher\":{\"@id\":\"https:\/\/infoecos.com.ar\/#organization\"},\"image\":{\"@id\":\"https:\/\/infoecos.com.ar\/index.php\/guillermo-moreno-en-santa-rosa-cristina-hace-diez-anos-que-se-viene-equivocando\/#primaryimage\"},\"thumbnailUrl\":\"https:\/\/infoecos.com.ar\/wp-content\/uploads\/2023\/04\/image-12.png\",\"keywords\":[\"DURAS CR\u00cdTICAS AL GOBIERNO DE FERN\u00c1NDEZ\"],\"articleSection\":[\"C1 N3\"],\"inLanguage\":\"es\"},{\"@type\":\"WebPage\",\"@id\":\"https:\/\/infoecos.com.ar\/index.php\/guillermo-moreno-en-santa-rosa-cristina-hace-diez-anos-que-se-viene-equivocando\/\",\"url\":\"https:\/\/infoecos.com.ar\/index.php\/guillermo-moreno-en-santa-rosa-cristina-hace-diez-anos-que-se-viene-equivocando\/\",\"name\":\"Guillermo Moreno en Santa Rosa: \\\"Cristina hace diez a\u00f1os que se viene equivocando\\\" - Infoecos\",\"isPartOf\":{\"@id\":\"https:\/\/infoecos.com.ar\/#website\"},\"primaryImageOfPage\":{\"@id\":\"https:\/\/infoecos.com.ar\/index.php\/guillermo-moreno-en-santa-rosa-cristina-hace-diez-anos-que-se-viene-equivocando\/#primaryimage\"},\"image\":{\"@id\":\"https:\/\/infoecos.com.ar\/index.php\/guillermo-moreno-en-santa-rosa-cristina-hace-diez-anos-que-se-viene-equivocando\/#primaryimage\"},\"thumbnailUrl\":\"https:\/\/infoecos.com.ar\/wp-content\/uploads\/2023\/04\/image-12.png\",\"datePublished\":\"2023-04-06T05:31:22+00:00\",\"dateModified\":\"2023-04-06T05:31:23+00:00\",\"breadcrumb\":{\"@id\":\"https:\/\/infoecos.com.ar\/index.php\/guillermo-moreno-en-santa-rosa-cristina-hace-diez-anos-que-se-viene-equivocando\/#breadcrumb\"},\"inLanguage\":\"es\",\"potentialAction\":[{\"@type\":\"ReadAction\",\"target\":[\"https:\/\/infoecos.com.ar\/index.php\/guillermo-moreno-en-santa-rosa-cristina-hace-diez-anos-que-se-viene-equivocando\/\"]}]},{\"@type\":\"ImageObject\",\"inLanguage\":\"es\",\"@id\":\"https:\/\/infoecos.com.ar\/index.php\/guillermo-moreno-en-santa-rosa-cristina-hace-diez-anos-que-se-viene-equivocando\/#primaryimage\",\"url\":\"https:\/\/infoecos.com.ar\/wp-content\/uploads\/2023\/04\/image-12.png\",\"contentUrl\":\"https:\/\/infoecos.com.ar\/wp-content\/uploads\/2023\/04\/image-12.png\",\"width\":860,\"height\":452},{\"@type\":\"BreadcrumbList\",\"@id\":\"https:\/\/infoecos.com.ar\/index.php\/guillermo-moreno-en-santa-rosa-cristina-hace-diez-anos-que-se-viene-equivocando\/#breadcrumb\",\"itemListElement\":[{\"@type\":\"ListItem\",\"position\":1,\"name\":\"Portada\",\"item\":\"https:\/\/infoecos.com.ar\/\"},{\"@type\":\"ListItem\",\"position\":2,\"name\":\"Guillermo Moreno en Santa Rosa: \u00abCristina hace diez a\u00f1os que se viene equivocando\u00bb\"}]},{\"@type\":\"WebSite\",\"@id\":\"https:\/\/infoecos.com.ar\/#website\",\"url\":\"https:\/\/infoecos.com.ar\/\",\"name\":\"Infoecos\",\"description\":\"Noticias de trenque lauquen y la zona\",\"publisher\":{\"@id\":\"https:\/\/infoecos.com.ar\/#organization\"},\"alternateName\":\"Noticias\",\"potentialAction\":[{\"@type\":\"SearchAction\",\"target\":{\"@type\":\"EntryPoint\",\"urlTemplate\":\"https:\/\/infoecos.com.ar\/?s={search_term_string}\"},\"query-input\":{\"@type\":\"PropertyValueSpecification\",\"valueRequired\":true,\"valueName\":\"search_term_string\"}}],\"inLanguage\":\"es\"},{\"@type\":\"Organization\",\"@id\":\"https:\/\/infoecos.com.ar\/#organization\",\"name\":\"Infoecos\",\"alternateName\":\"Noticias\",\"url\":\"https:\/\/infoecos.com.ar\/\",\"logo\":{\"@type\":\"ImageObject\",\"inLanguage\":\"es\",\"@id\":\"https:\/\/infoecos.com.ar\/#\/schema\/logo\/image\/\",\"url\":\"https:\/\/infoecos.com.ar\/wp-content\/uploads\/2024\/03\/cropped-logo.png\",\"contentUrl\":\"https:\/\/infoecos.com.ar\/wp-content\/uploads\/2024\/03\/cropped-logo.png\",\"width\":374,\"height\":90,\"caption\":\"Infoecos\"},\"image\":{\"@id\":\"https:\/\/infoecos.com.ar\/#\/schema\/logo\/image\/\"},\"sameAs\":[\"https:\/\/www.facebook.com\/profile.php?id=100063200290284\",\"https:\/\/x.com\/infoecos\"]},{\"@type\":\"Person\",\"@id\":\"https:\/\/infoecos.com.ar\/#\/schema\/person\/8f5ace5ce73b4b4aac4b7245aee6f191\",\"name\":\"Jorge Matheus\",\"url\":\"https:\/\/infoecos.com.ar\/index.php\/author\/jomatheus\/\"}]}<\/script>\n<!-- \/ Yoast SEO plugin. -->","yoast_head_json":{"title":"Guillermo Moreno en Santa Rosa: \"Cristina hace diez a\u00f1os que se viene equivocando\" - Infoecos","robots":{"index":"index","follow":"follow","max-snippet":"max-snippet:-1","max-image-preview":"max-image-preview:large","max-video-preview":"max-video-preview:-1"},"canonical":"https:\/\/infoecos.com.ar\/index.php\/guillermo-moreno-en-santa-rosa-cristina-hace-diez-anos-que-se-viene-equivocando\/","og_locale":"es_ES","og_type":"article","og_title":"Guillermo Moreno en Santa Rosa: \"Cristina hace diez a\u00f1os que se viene equivocando\" - Infoecos","og_description":"\"El Frente de Todos va a perder las elecciones. Pero el problema es qui\u00e9n las va a ganar. Imag\u00ednense si las ganan los mismos que fracasaron en 2019. Es ir de Guatemala a Guatepeor\", se\u00f1al\u00f3 entre otras cosas","og_url":"https:\/\/infoecos.com.ar\/index.php\/guillermo-moreno-en-santa-rosa-cristina-hace-diez-anos-que-se-viene-equivocando\/","og_site_name":"Infoecos","article_publisher":"https:\/\/www.facebook.com\/profile.php?id=100063200290284","article_published_time":"2023-04-06T05:31:22+00:00","article_modified_time":"2023-04-06T05:31:23+00:00","og_image":[{"width":860,"height":452,"url":"https:\/\/infoecos.com.ar\/wp-content\/uploads\/2023\/04\/image-12.png","type":"image\/png"}],"author":"Jorge Matheus","twitter_card":"summary_large_image","twitter_creator":"@infoecos","twitter_site":"@infoecos","twitter_misc":{"Escrito por":"Jorge Matheus","Tiempo de lectura":"2 minutos"},"schema":{"@context":"https:\/\/schema.org","@graph":[{"@type":"Article","@id":"https:\/\/infoecos.com.ar\/index.php\/guillermo-moreno-en-santa-rosa-cristina-hace-diez-anos-que-se-viene-equivocando\/#article","isPartOf":{"@id":"https:\/\/infoecos.com.ar\/index.php\/guillermo-moreno-en-santa-rosa-cristina-hace-diez-anos-que-se-viene-equivocando\/"},"author":{"name":"Jorge Matheus","@id":"https:\/\/infoecos.com.ar\/#\/schema\/person\/8f5ace5ce73b4b4aac4b7245aee6f191"},"headline":"Guillermo Moreno en Santa Rosa: \u00abCristina hace diez a\u00f1os que se viene equivocando\u00bb","datePublished":"2023-04-06T05:31:22+00:00","dateModified":"2023-04-06T05:31:23+00:00","mainEntityOfPage":{"@id":"https:\/\/infoecos.com.ar\/index.php\/guillermo-moreno-en-santa-rosa-cristina-hace-diez-anos-que-se-viene-equivocando\/"},"wordCount":330,"publisher":{"@id":"https:\/\/infoecos.com.ar\/#organization"},"image":{"@id":"https:\/\/infoecos.com.ar\/index.php\/guillermo-moreno-en-santa-rosa-cristina-hace-diez-anos-que-se-viene-equivocando\/#primaryimage"},"thumbnailUrl":"https:\/\/infoecos.com.ar\/wp-content\/uploads\/2023\/04\/image-12.png","keywords":["DURAS CR\u00cdTICAS AL GOBIERNO DE FERN\u00c1NDEZ"],"articleSection":["C1 N3"],"inLanguage":"es"},{"@type":"WebPage","@id":"https:\/\/infoecos.com.ar\/index.php\/guillermo-moreno-en-santa-rosa-cristina-hace-diez-anos-que-se-viene-equivocando\/","url":"https:\/\/infoecos.com.ar\/index.php\/guillermo-moreno-en-santa-rosa-cristina-hace-diez-anos-que-se-viene-equivocando\/","name":"Guillermo Moreno en Santa Rosa: \"Cristina hace diez a\u00f1os que se viene equivocando\" - Infoecos","isPartOf":{"@id":"https:\/\/infoecos.com.ar\/#website"},"primaryImageOfPage":{"@id":"https:\/\/infoecos.com.ar\/index.php\/guillermo-moreno-en-santa-rosa-cristina-hace-diez-anos-que-se-viene-equivocando\/#primaryimage"},"image":{"@id":"https:\/\/infoecos.com.ar\/index.php\/guillermo-moreno-en-santa-rosa-cristina-hace-diez-anos-que-se-viene-equivocando\/#primaryimage"},"thumbnailUrl":"https:\/\/infoecos.com.ar\/wp-content\/uploads\/2023\/04\/image-12.png","datePublished":"2023-04-06T05:31:22+00:00","dateModified":"2023-04-06T05:31:23+00:00","breadcrumb":{"@id":"https:\/\/infoecos.com.ar\/index.php\/guillermo-moreno-en-santa-rosa-cristina-hace-diez-anos-que-se-viene-equivocando\/#breadcrumb"},"inLanguage":"es","potentialAction":[{"@type":"ReadAction","target":["https:\/\/infoecos.com.ar\/index.php\/guillermo-moreno-en-santa-rosa-cristina-hace-diez-anos-que-se-viene-equivocando\/"]}]},{"@type":"ImageObject","inLanguage":"es","@id":"https:\/\/infoecos.com.ar\/index.php\/guillermo-moreno-en-santa-rosa-cristina-hace-diez-anos-que-se-viene-equivocando\/#primaryimage","url":"https:\/\/infoecos.com.ar\/wp-content\/uploads\/2023\/04\/image-12.png","contentUrl":"https:\/\/infoecos.com.ar\/wp-content\/uploads\/2023\/04\/image-12.png","width":860,"height":452},{"@type":"BreadcrumbList","@id":"https:\/\/infoecos.com.ar\/index.php\/guillermo-moreno-en-santa-rosa-cristina-hace-diez-anos-que-se-viene-equivocando\/#breadcrumb","itemListElement":[{"@type":"ListItem","position":1,"name":"Portada","item":"https:\/\/infoecos.com.ar\/"},{"@type":"ListItem","position":2,"name":"Guillermo Moreno en Santa Rosa: \u00abCristina hace diez a\u00f1os que se viene equivocando\u00bb"}]},{"@type":"WebSite","@id":"https:\/\/infoecos.com.ar\/#website","url":"https:\/\/infoecos.com.ar\/","name":"Infoecos","description":"Noticias de trenque lauquen y la zona","publisher":{"@id":"https:\/\/infoecos.com.ar\/#organization"},"alternateName":"Noticias","potentialAction":[{"@type":"SearchAction","target":{"@type":"EntryPoint","urlTemplate":"https:\/\/infoecos.com.ar\/?s={search_term_string}"},"query-input":{"@type":"PropertyValueSpecification","valueRequired":true,"valueName":"search_term_string"}}],"inLanguage":"es"},{"@type":"Organization","@id":"https:\/\/infoecos.com.ar\/#organization","name":"Infoecos","alternateName":"Noticias","url":"https:\/\/infoecos.com.ar\/","logo":{"@type":"ImageObject","inLanguage":"es","@id":"https:\/\/infoecos.com.ar\/#\/schema\/logo\/image\/","url":"https:\/\/infoecos.com.ar\/wp-content\/uploads\/2024\/03\/cropped-logo.png","contentUrl":"https:\/\/infoecos.com.ar\/wp-content\/uploads\/2024\/03\/cropped-logo.png","width":374,"height":90,"caption":"Infoecos"},"image":{"@id":"https:\/\/infoecos.com.ar\/#\/schema\/logo\/image\/"},"sameAs":["https:\/\/www.facebook.com\/profile.php?id=100063200290284","https:\/\/x.com\/infoecos"]},{"@type":"Person","@id":"https:\/\/infoecos.com.ar\/#\/schema\/person\/8f5ace5ce73b4b4aac4b7245aee6f191","name":"Jorge Matheus","url":"https:\/\/infoecos.com.ar\/index.php\/author\/jomatheus\/"}]}},"featured_image_urls":{"full":["https:\/\/infoecos.com.ar\/wp-content\/uploads\/2023\/04\/image-12.png",860,452,false],"thumbnail":["https:\/\/infoecos.com.ar\/wp-content\/uploads\/2023\/04\/image-12-300x150.png",300,150,true],"medium":["https:\/\/infoecos.com.ar\/wp-content\/uploads\/2023\/04\/image-12-800x420.png",800,420,true],"medium_large":["https:\/\/infoecos.com.ar\/wp-content\/uploads\/2023\/04\/image-12-768x404.png",640,337,true],"large":["https:\/\/infoecos.com.ar\/wp-content\/uploads\/2023\/04\/image-12.png",640,336,false],"1536x1536":["https:\/\/infoecos.com.ar\/wp-content\/uploads\/2023\/04\/image-12.png",860,452,false],"2048x2048":["https:\/\/infoecos.com.ar\/wp-content\/uploads\/2023\/04\/image-12.png",860,452,false],"covernews-slider-full":["https:\/\/infoecos.com.ar\/wp-content\/uploads\/2023\/04\/image-12.png",860,452,false],"covernews-slider-center":["https:\/\/infoecos.com.ar\/wp-content\/uploads\/2023\/04\/image-12.png",800,420,false],"covernews-featured":["https:\/\/infoecos.com.ar\/wp-content\/uploads\/2023\/04\/image-12.png",860,452,false],"covernews-medium":["https:\/\/infoecos.com.ar\/wp-content\/uploads\/2023\/04\/image-12-720x380.png",540,285,true],"covernews-medium-square":["https:\/\/infoecos.com.ar\/wp-content\/uploads\/2023\/04\/image-12-675x450.png",375,250,true]},"author_info":{"info":["Jorge Matheus"]},"category_info":"<a href=\"https:\/\/infoecos.com.ar\/index.php\/category\/c1nota3\/\" rel=\"category tag\">C1 N3<\/a>","tag_info":"C1 N3","comment_count":"0","_links":{"self":[{"href":"https:\/\/infoecos.com.ar\/index.php\/wp-json\/wp\/v2\/posts\/103538"}],"collection":[{"href":"https:\/\/infoecos.com.ar\/index.php\/wp-json\/wp\/v2\/posts"}],"about":[{"href":"https:\/\/infoecos.com.ar\/index.php\/wp-json\/wp\/v2\/types\/post"}],"author":[{"embeddable":true,"href":"https:\/\/infoecos.com.ar\/index.php\/wp-json\/wp\/v2\/users\/2"}],"replies":[{"embeddable":true,"href":"https:\/\/infoecos.com.ar\/index.php\/wp-json\/wp\/v2\/comments?post=103538"}],"version-history":[{"count":1,"href":"https:\/\/infoecos.com.ar\/index.php\/wp-json\/wp\/v2\/posts\/103538\/revisions"}],"predecessor-version":[{"id":103540,"href":"https:\/\/infoecos.com.ar\/index.php\/wp-json\/wp\/v2\/posts\/103538\/revisions\/103540"}],"wp:featuredmedia":[{"embeddable":true,"href":"https:\/\/infoecos.com.ar\/index.php\/wp-json\/wp\/v2\/media\/103539"}],"wp:attachment":[{"href":"https:\/\/infoecos.com.ar\/index.php\/wp-json\/wp\/v2\/media?parent=103538"}],"wp:term":[{"taxonomy":"category","embeddable":true,"href":"https:\/\/infoecos.com.ar\/index.php\/wp-json\/wp\/v2\/categories?post=103538"},{"taxonomy":"post_tag","embeddable":true,"href":"https:\/\/infoecos.com.ar\/index.php\/wp-json\/wp\/v2\/tags?post=103538"}],"curies":[{"name":"wp","href":"https:\/\/api.w.org\/{rel}","templated":true}]}}