{"id":103589,"date":"2023-04-10T00:50:23","date_gmt":"2023-04-10T03:50:23","guid":{"rendered":"https:\/\/infoecos.com.ar\/?p=103589"},"modified":"2023-04-11T02:57:00","modified_gmt":"2023-04-11T05:57:00","slug":"la-muerte-subita-de-benjamin-novoa-fue-reflejada-en-la-mayoria-de-los-medios-del-pais","status":"publish","type":"post","link":"https:\/\/infoecos.com.ar\/index.php\/la-muerte-subita-de-benjamin-novoa-fue-reflejada-en-la-mayoria-de-los-medios-del-pais\/","title":{"rendered":"La muerte s\u00fabita de Benjam\u00edn Novoa fue reflejada en la mayor\u00eda de los medios del pa\u00eds"},"content":{"rendered":"\n<p>Desgraciadamente el sitio <strong>clarin.com<\/strong> se hace eco de lo que sucede en Trenque Lauquen, con la muerte de Benjam\u00edn Novoa, ocurrida el viernes pasado. <\/p>\n\n\n\n<figure class=\"wp-block-image alignright size-full is-resized\"><img loading=\"lazy\" decoding=\"async\" src=\"https:\/\/infoecos.com.ar\/wp-content\/uploads\/2023\/04\/clarinlogo.png\" alt=\"\" class=\"wp-image-103590\" width=\"281\" height=\"281\"\/><\/figure>\n\n\n\n<p>La informaci\u00f3n de uno de los sitios m\u00e1s le\u00eddos del pa\u00eds en todas las latitudes, estuvo durante muchas horas del d\u00eda domingo, entre las m\u00e1s requeridas por los lectores, bajo este t\u00edtulo: <strong>Un ni\u00f1o de 13 a\u00f1os muri\u00f3 mientras jugaba un partido de f\u00fatbol de la liga de Trenque<\/strong> <strong>Lauquen.<\/strong><\/p>\n\n\n\n<p>El desarrollo de la noticia se puede seguir a trav\u00e9s del link que se\u00f1alamos: <\/p>\n\n\n\n<p>https:\/\/www.clarin.com\/sociedad\/nino-13-anos-murio-jugaba-partido-futbol-liga-trenque-lauquen_0_X6YZxDE6gZ.html<\/p>\n\n\n\n<p>Se\u00f1ala Clar\u00edn.com en una parte de la nota que: <\/p>\n\n\n\n<p><em>Juan Carlos Aguinaga, presidente de la Federaci\u00f3n Bonaerense Pampeana y tambi\u00e9n del Departamento de Federaciones de AFA, cargo que incluye a todas las federaciones del pa\u00eds, envi\u00f3 a todas las Ligas de la Argentina un comunicado.<\/em><\/p>\n\n\n\n<p><em>En este se detallaba: \u00ab<strong>Somos seres humanos con sentimientos<\/strong>, con coraz\u00f3n y como tales por un largo tiempo tendremos el dolor ante la partida de Benjamin Novoa (13 a\u00f1os) desde una de nuestras canchas\u00bb.<\/em><\/p>\n\n\n\n<p><em>\u00abSomos Dirigentes y a pesar y sobre el dolor que a\u00fan nos invade debemos&nbsp;<strong>encender todas las luces rojas<\/strong>&nbsp;en y desde nuestras ligas y Federaciones\u00bb, sigui\u00f3 el texto.<\/em><\/p>\n\n\n\n<p><em>\u00abTenemos la obligaci\u00f3n y la responsabilidad como organizadores de luchar para que en nuestras canchas haya ambulancia&nbsp;<strong>o al menos un m\u00e9dico, adquirir de a poco desfibriladores<\/strong>\u00ab, pidi\u00f3 en el comunicado<\/em>.<\/p>\n\n\n\n<p><em>\u00abTenemos la obligaci\u00f3n y responsabilidad como organizadores de contratar y o exigir que contraten<strong>&nbsp;seguros<\/strong>&nbsp;para jugadores, cuerpo t\u00e9cnico, traslados, espectador, controlar las p\u00f3lizas y sus correspondientes pagos al d\u00eda\u00bb, sigui\u00f3.<\/em><\/p>\n\n\n\n<p><em>Adem\u00e1s, explic\u00f3 tambi\u00e9n \u00abtomar de una vez por todas conciencia de que hoy sin personer\u00eda jur\u00eddica vigente las complicaciones son inmensas\u00bb. \u00abHacemos el Deporte que m\u00e1s gusta y convoca,&nbsp;<strong>hag\u00e1moslo responsablemente y cuidemos a todos los que asisten<\/strong>&nbsp;al campo de juego y a nuestras tribunas\u00bb, concluy\u00f3.<\/em><\/p>\n\n\n\n<p>Finalmente, el medio publica la carta de la docente Florencia Saavedra y que nuestro sitio tambi\u00e9n subi\u00f3, ocupando un lugar de privilegio durante muchas horas del d\u00eda domingo. <\/p>\n\n\n\n<p>NdR: enti\u00e9ndase que la palabra <strong>Desgraciadamente<\/strong> con la que arranca la nota no debe leerse como una cr\u00edtica a <strong><mark style=\"background-color:rgba(0, 0, 0, 0)\" class=\"has-inline-color has-vivid-red-color\">Clarin.com<\/mark><\/strong>. <\/p>\n","protected":false},"excerpt":{"rendered":"<p>El desarrollo de la noticia se puede seguir a trav\u00e9s del link que se\u00f1alamos: https:\/\/www.clarin.com\/sociedad\/nino-13-anos-murio-jugaba-partido-futbol-liga-trenque-lauquen_0_X6YZxDE6gZ.html<\/p>\n","protected":false},"author":2,"featured_media":103590,"comment_status":"closed","ping_status":"open","sticky":false,"template":"","format":"standard","meta":{"footnotes":""},"categories":[1331],"tags":[7654],"class_list":["post-103589","post","type-post","status-publish","format-standard","has-post-thumbnail","hentry","category-inferior11","tag-amplio-espacio-en-clarin-com"],"yoast_head":"<!-- This site is optimized with the Yoast SEO plugin v23.4 - https:\/\/yoast.com\/wordpress\/plugins\/seo\/ -->\n<title>La muerte s\u00fabita de Benjam\u00edn Novoa fue reflejada en la mayor\u00eda de los medios del pa\u00eds - Infoecos<\/title>\n<meta name=\"robots\" content=\"index, follow, max-snippet:-1, max-image-preview:large, max-video-preview:-1\" \/>\n<link rel=\"canonical\" href=\"https:\/\/infoecos.com.ar\/index.php\/la-muerte-subita-de-benjamin-novoa-fue-reflejada-en-la-mayoria-de-los-medios-del-pais\/\" \/>\n<meta property=\"og:locale\" content=\"es_ES\" \/>\n<meta property=\"og:type\" content=\"article\" \/>\n<meta property=\"og:title\" content=\"La muerte s\u00fabita de Benjam\u00edn Novoa fue reflejada en la mayor\u00eda de los medios del pa\u00eds - Infoecos\" \/>\n<meta property=\"og:description\" content=\"El desarrollo de la noticia se puede seguir a trav\u00e9s del link que se\u00f1alamos: https:\/\/www.clarin.com\/sociedad\/nino-13-anos-murio-jugaba-partido-futbol-liga-trenque-lauquen_0_X6YZxDE6gZ.html\" \/>\n<meta property=\"og:url\" content=\"https:\/\/infoecos.com.ar\/index.php\/la-muerte-subita-de-benjamin-novoa-fue-reflejada-en-la-mayoria-de-los-medios-del-pais\/\" \/>\n<meta property=\"og:site_name\" content=\"Infoecos\" \/>\n<meta property=\"article:publisher\" content=\"https:\/\/www.facebook.com\/profile.php?id=100063200290284\" \/>\n<meta property=\"article:published_time\" content=\"2023-04-10T03:50:23+00:00\" \/>\n<meta property=\"article:modified_time\" content=\"2023-04-11T05:57:00+00:00\" \/>\n<meta property=\"og:image\" content=\"https:\/\/infoecos.com.ar\/wp-content\/uploads\/2023\/04\/clarinlogo.png\" \/>\n\t<meta property=\"og:image:width\" content=\"400\" \/>\n\t<meta property=\"og:image:height\" content=\"400\" \/>\n\t<meta property=\"og:image:type\" content=\"image\/png\" \/>\n<meta name=\"author\" content=\"Jorge Matheus\" \/>\n<meta name=\"twitter:card\" content=\"summary_large_image\" \/>\n<meta name=\"twitter:creator\" content=\"@infoecos\" \/>\n<meta name=\"twitter:site\" content=\"@infoecos\" \/>\n<meta name=\"twitter:label1\" content=\"Escrito por\" \/>\n\t<meta name=\"twitter:data1\" content=\"Jorge Matheus\" \/>\n\t<meta name=\"twitter:label2\" content=\"Tiempo de lectura\" \/>\n\t<meta name=\"twitter:data2\" content=\"2 minutos\" \/>\n<script type=\"application\/ld+json\" class=\"yoast-schema-graph\">{\"@context\":\"https:\/\/schema.org\",\"@graph\":[{\"@type\":\"Article\",\"@id\":\"https:\/\/infoecos.com.ar\/index.php\/la-muerte-subita-de-benjamin-novoa-fue-reflejada-en-la-mayoria-de-los-medios-del-pais\/#article\",\"isPartOf\":{\"@id\":\"https:\/\/infoecos.com.ar\/index.php\/la-muerte-subita-de-benjamin-novoa-fue-reflejada-en-la-mayoria-de-los-medios-del-pais\/\"},\"author\":{\"name\":\"Jorge Matheus\",\"@id\":\"https:\/\/infoecos.com.ar\/#\/schema\/person\/8f5ace5ce73b4b4aac4b7245aee6f191\"},\"headline\":\"La muerte s\u00fabita de Benjam\u00edn Novoa fue reflejada en la mayor\u00eda de los medios del pa\u00eds\",\"datePublished\":\"2023-04-10T03:50:23+00:00\",\"dateModified\":\"2023-04-11T05:57:00+00:00\",\"mainEntityOfPage\":{\"@id\":\"https:\/\/infoecos.com.ar\/index.php\/la-muerte-subita-de-benjamin-novoa-fue-reflejada-en-la-mayoria-de-los-medios-del-pais\/\"},\"wordCount\":429,\"publisher\":{\"@id\":\"https:\/\/infoecos.com.ar\/#organization\"},\"image\":{\"@id\":\"https:\/\/infoecos.com.ar\/index.php\/la-muerte-subita-de-benjamin-novoa-fue-reflejada-en-la-mayoria-de-los-medios-del-pais\/#primaryimage\"},\"thumbnailUrl\":\"https:\/\/infoecos.com.ar\/wp-content\/uploads\/2023\/04\/clarinlogo.png\",\"keywords\":[\"AMPLIO ESPACIO EN CLARIN.COM\"],\"articleSection\":[\"Bloque inferior - 11\"],\"inLanguage\":\"es\"},{\"@type\":\"WebPage\",\"@id\":\"https:\/\/infoecos.com.ar\/index.php\/la-muerte-subita-de-benjamin-novoa-fue-reflejada-en-la-mayoria-de-los-medios-del-pais\/\",\"url\":\"https:\/\/infoecos.com.ar\/index.php\/la-muerte-subita-de-benjamin-novoa-fue-reflejada-en-la-mayoria-de-los-medios-del-pais\/\",\"name\":\"La muerte s\u00fabita de Benjam\u00edn Novoa fue reflejada en la mayor\u00eda de los medios del pa\u00eds - Infoecos\",\"isPartOf\":{\"@id\":\"https:\/\/infoecos.com.ar\/#website\"},\"primaryImageOfPage\":{\"@id\":\"https:\/\/infoecos.com.ar\/index.php\/la-muerte-subita-de-benjamin-novoa-fue-reflejada-en-la-mayoria-de-los-medios-del-pais\/#primaryimage\"},\"image\":{\"@id\":\"https:\/\/infoecos.com.ar\/index.php\/la-muerte-subita-de-benjamin-novoa-fue-reflejada-en-la-mayoria-de-los-medios-del-pais\/#primaryimage\"},\"thumbnailUrl\":\"https:\/\/infoecos.com.ar\/wp-content\/uploads\/2023\/04\/clarinlogo.png\",\"datePublished\":\"2023-04-10T03:50:23+00:00\",\"dateModified\":\"2023-04-11T05:57:00+00:00\",\"breadcrumb\":{\"@id\":\"https:\/\/infoecos.com.ar\/index.php\/la-muerte-subita-de-benjamin-novoa-fue-reflejada-en-la-mayoria-de-los-medios-del-pais\/#breadcrumb\"},\"inLanguage\":\"es\",\"potentialAction\":[{\"@type\":\"ReadAction\",\"target\":[\"https:\/\/infoecos.com.ar\/index.php\/la-muerte-subita-de-benjamin-novoa-fue-reflejada-en-la-mayoria-de-los-medios-del-pais\/\"]}]},{\"@type\":\"ImageObject\",\"inLanguage\":\"es\",\"@id\":\"https:\/\/infoecos.com.ar\/index.php\/la-muerte-subita-de-benjamin-novoa-fue-reflejada-en-la-mayoria-de-los-medios-del-pais\/#primaryimage\",\"url\":\"https:\/\/infoecos.com.ar\/wp-content\/uploads\/2023\/04\/clarinlogo.png\",\"contentUrl\":\"https:\/\/infoecos.com.ar\/wp-content\/uploads\/2023\/04\/clarinlogo.png\",\"width\":400,\"height\":400},{\"@type\":\"BreadcrumbList\",\"@id\":\"https:\/\/infoecos.com.ar\/index.php\/la-muerte-subita-de-benjamin-novoa-fue-reflejada-en-la-mayoria-de-los-medios-del-pais\/#breadcrumb\",\"itemListElement\":[{\"@type\":\"ListItem\",\"position\":1,\"name\":\"Portada\",\"item\":\"https:\/\/infoecos.com.ar\/\"},{\"@type\":\"ListItem\",\"position\":2,\"name\":\"La muerte s\u00fabita de Benjam\u00edn Novoa fue reflejada en la mayor\u00eda de los medios del pa\u00eds\"}]},{\"@type\":\"WebSite\",\"@id\":\"https:\/\/infoecos.com.ar\/#website\",\"url\":\"https:\/\/infoecos.com.ar\/\",\"name\":\"Infoecos\",\"description\":\"Noticias de trenque lauquen y la zona\",\"publisher\":{\"@id\":\"https:\/\/infoecos.com.ar\/#organization\"},\"alternateName\":\"Noticias\",\"potentialAction\":[{\"@type\":\"SearchAction\",\"target\":{\"@type\":\"EntryPoint\",\"urlTemplate\":\"https:\/\/infoecos.com.ar\/?s={search_term_string}\"},\"query-input\":{\"@type\":\"PropertyValueSpecification\",\"valueRequired\":true,\"valueName\":\"search_term_string\"}}],\"inLanguage\":\"es\"},{\"@type\":\"Organization\",\"@id\":\"https:\/\/infoecos.com.ar\/#organization\",\"name\":\"Infoecos\",\"alternateName\":\"Noticias\",\"url\":\"https:\/\/infoecos.com.ar\/\",\"logo\":{\"@type\":\"ImageObject\",\"inLanguage\":\"es\",\"@id\":\"https:\/\/infoecos.com.ar\/#\/schema\/logo\/image\/\",\"url\":\"https:\/\/infoecos.com.ar\/wp-content\/uploads\/2024\/03\/cropped-logo.png\",\"contentUrl\":\"https:\/\/infoecos.com.ar\/wp-content\/uploads\/2024\/03\/cropped-logo.png\",\"width\":374,\"height\":90,\"caption\":\"Infoecos\"},\"image\":{\"@id\":\"https:\/\/infoecos.com.ar\/#\/schema\/logo\/image\/\"},\"sameAs\":[\"https:\/\/www.facebook.com\/profile.php?id=100063200290284\",\"https:\/\/x.com\/infoecos\"]},{\"@type\":\"Person\",\"@id\":\"https:\/\/infoecos.com.ar\/#\/schema\/person\/8f5ace5ce73b4b4aac4b7245aee6f191\",\"name\":\"Jorge Matheus\",\"url\":\"https:\/\/infoecos.com.ar\/index.php\/author\/jomatheus\/\"}]}<\/script>\n<!-- \/ Yoast SEO plugin. -->","yoast_head_json":{"title":"La muerte s\u00fabita de Benjam\u00edn Novoa fue reflejada en la mayor\u00eda de los medios del pa\u00eds - Infoecos","robots":{"index":"index","follow":"follow","max-snippet":"max-snippet:-1","max-image-preview":"max-image-preview:large","max-video-preview":"max-video-preview:-1"},"canonical":"https:\/\/infoecos.com.ar\/index.php\/la-muerte-subita-de-benjamin-novoa-fue-reflejada-en-la-mayoria-de-los-medios-del-pais\/","og_locale":"es_ES","og_type":"article","og_title":"La muerte s\u00fabita de Benjam\u00edn Novoa fue reflejada en la mayor\u00eda de los medios del pa\u00eds - Infoecos","og_description":"El desarrollo de la noticia se puede seguir a trav\u00e9s del link que se\u00f1alamos: https:\/\/www.clarin.com\/sociedad\/nino-13-anos-murio-jugaba-partido-futbol-liga-trenque-lauquen_0_X6YZxDE6gZ.html","og_url":"https:\/\/infoecos.com.ar\/index.php\/la-muerte-subita-de-benjamin-novoa-fue-reflejada-en-la-mayoria-de-los-medios-del-pais\/","og_site_name":"Infoecos","article_publisher":"https:\/\/www.facebook.com\/profile.php?id=100063200290284","article_published_time":"2023-04-10T03:50:23+00:00","article_modified_time":"2023-04-11T05:57:00+00:00","og_image":[{"width":400,"height":400,"url":"https:\/\/infoecos.com.ar\/wp-content\/uploads\/2023\/04\/clarinlogo.png","type":"image\/png"}],"author":"Jorge Matheus","twitter_card":"summary_large_image","twitter_creator":"@infoecos","twitter_site":"@infoecos","twitter_misc":{"Escrito por":"Jorge Matheus","Tiempo de lectura":"2 minutos"},"schema":{"@context":"https:\/\/schema.org","@graph":[{"@type":"Article","@id":"https:\/\/infoecos.com.ar\/index.php\/la-muerte-subita-de-benjamin-novoa-fue-reflejada-en-la-mayoria-de-los-medios-del-pais\/#article","isPartOf":{"@id":"https:\/\/infoecos.com.ar\/index.php\/la-muerte-subita-de-benjamin-novoa-fue-reflejada-en-la-mayoria-de-los-medios-del-pais\/"},"author":{"name":"Jorge Matheus","@id":"https:\/\/infoecos.com.ar\/#\/schema\/person\/8f5ace5ce73b4b4aac4b7245aee6f191"},"headline":"La muerte s\u00fabita de Benjam\u00edn Novoa fue reflejada en la mayor\u00eda de los medios del pa\u00eds","datePublished":"2023-04-10T03:50:23+00:00","dateModified":"2023-04-11T05:57:00+00:00","mainEntityOfPage":{"@id":"https:\/\/infoecos.com.ar\/index.php\/la-muerte-subita-de-benjamin-novoa-fue-reflejada-en-la-mayoria-de-los-medios-del-pais\/"},"wordCount":429,"publisher":{"@id":"https:\/\/infoecos.com.ar\/#organization"},"image":{"@id":"https:\/\/infoecos.com.ar\/index.php\/la-muerte-subita-de-benjamin-novoa-fue-reflejada-en-la-mayoria-de-los-medios-del-pais\/#primaryimage"},"thumbnailUrl":"https:\/\/infoecos.com.ar\/wp-content\/uploads\/2023\/04\/clarinlogo.png","keywords":["AMPLIO ESPACIO EN CLARIN.COM"],"articleSection":["Bloque inferior - 11"],"inLanguage":"es"},{"@type":"WebPage","@id":"https:\/\/infoecos.com.ar\/index.php\/la-muerte-subita-de-benjamin-novoa-fue-reflejada-en-la-mayoria-de-los-medios-del-pais\/","url":"https:\/\/infoecos.com.ar\/index.php\/la-muerte-subita-de-benjamin-novoa-fue-reflejada-en-la-mayoria-de-los-medios-del-pais\/","name":"La muerte s\u00fabita de Benjam\u00edn Novoa fue reflejada en la mayor\u00eda de los medios del pa\u00eds - Infoecos","isPartOf":{"@id":"https:\/\/infoecos.com.ar\/#website"},"primaryImageOfPage":{"@id":"https:\/\/infoecos.com.ar\/index.php\/la-muerte-subita-de-benjamin-novoa-fue-reflejada-en-la-mayoria-de-los-medios-del-pais\/#primaryimage"},"image":{"@id":"https:\/\/infoecos.com.ar\/index.php\/la-muerte-subita-de-benjamin-novoa-fue-reflejada-en-la-mayoria-de-los-medios-del-pais\/#primaryimage"},"thumbnailUrl":"https:\/\/infoecos.com.ar\/wp-content\/uploads\/2023\/04\/clarinlogo.png","datePublished":"2023-04-10T03:50:23+00:00","dateModified":"2023-04-11T05:57:00+00:00","breadcrumb":{"@id":"https:\/\/infoecos.com.ar\/index.php\/la-muerte-subita-de-benjamin-novoa-fue-reflejada-en-la-mayoria-de-los-medios-del-pais\/#breadcrumb"},"inLanguage":"es","potentialAction":[{"@type":"ReadAction","target":["https:\/\/infoecos.com.ar\/index.php\/la-muerte-subita-de-benjamin-novoa-fue-reflejada-en-la-mayoria-de-los-medios-del-pais\/"]}]},{"@type":"ImageObject","inLanguage":"es","@id":"https:\/\/infoecos.com.ar\/index.php\/la-muerte-subita-de-benjamin-novoa-fue-reflejada-en-la-mayoria-de-los-medios-del-pais\/#primaryimage","url":"https:\/\/infoecos.com.ar\/wp-content\/uploads\/2023\/04\/clarinlogo.png","contentUrl":"https:\/\/infoecos.com.ar\/wp-content\/uploads\/2023\/04\/clarinlogo.png","width":400,"height":400},{"@type":"BreadcrumbList","@id":"https:\/\/infoecos.com.ar\/index.php\/la-muerte-subita-de-benjamin-novoa-fue-reflejada-en-la-mayoria-de-los-medios-del-pais\/#breadcrumb","itemListElement":[{"@type":"ListItem","position":1,"name":"Portada","item":"https:\/\/infoecos.com.ar\/"},{"@type":"ListItem","position":2,"name":"La muerte s\u00fabita de Benjam\u00edn Novoa fue reflejada en la mayor\u00eda de los medios del pa\u00eds"}]},{"@type":"WebSite","@id":"https:\/\/infoecos.com.ar\/#website","url":"https:\/\/infoecos.com.ar\/","name":"Infoecos","description":"Noticias de trenque lauquen y la zona","publisher":{"@id":"https:\/\/infoecos.com.ar\/#organization"},"alternateName":"Noticias","potentialAction":[{"@type":"SearchAction","target":{"@type":"EntryPoint","urlTemplate":"https:\/\/infoecos.com.ar\/?s={search_term_string}"},"query-input":{"@type":"PropertyValueSpecification","valueRequired":true,"valueName":"search_term_string"}}],"inLanguage":"es"},{"@type":"Organization","@id":"https:\/\/infoecos.com.ar\/#organization","name":"Infoecos","alternateName":"Noticias","url":"https:\/\/infoecos.com.ar\/","logo":{"@type":"ImageObject","inLanguage":"es","@id":"https:\/\/infoecos.com.ar\/#\/schema\/logo\/image\/","url":"https:\/\/infoecos.com.ar\/wp-content\/uploads\/2024\/03\/cropped-logo.png","contentUrl":"https:\/\/infoecos.com.ar\/wp-content\/uploads\/2024\/03\/cropped-logo.png","width":374,"height":90,"caption":"Infoecos"},"image":{"@id":"https:\/\/infoecos.com.ar\/#\/schema\/logo\/image\/"},"sameAs":["https:\/\/www.facebook.com\/profile.php?id=100063200290284","https:\/\/x.com\/infoecos"]},{"@type":"Person","@id":"https:\/\/infoecos.com.ar\/#\/schema\/person\/8f5ace5ce73b4b4aac4b7245aee6f191","name":"Jorge Matheus","url":"https:\/\/infoecos.com.ar\/index.php\/author\/jomatheus\/"}]}},"featured_image_urls":{"full":["https:\/\/infoecos.com.ar\/wp-content\/uploads\/2023\/04\/clarinlogo.png",400,400,false],"thumbnail":["https:\/\/infoecos.com.ar\/wp-content\/uploads\/2023\/04\/clarinlogo-300x150.png",300,150,true],"medium":["https:\/\/infoecos.com.ar\/wp-content\/uploads\/2023\/04\/clarinlogo.png",400,400,false],"medium_large":["https:\/\/infoecos.com.ar\/wp-content\/uploads\/2023\/04\/clarinlogo.png",400,400,false],"large":["https:\/\/infoecos.com.ar\/wp-content\/uploads\/2023\/04\/clarinlogo.png",400,400,false],"1536x1536":["https:\/\/infoecos.com.ar\/wp-content\/uploads\/2023\/04\/clarinlogo.png",400,400,false],"2048x2048":["https:\/\/infoecos.com.ar\/wp-content\/uploads\/2023\/04\/clarinlogo.png",400,400,false],"covernews-slider-full":["https:\/\/infoecos.com.ar\/wp-content\/uploads\/2023\/04\/clarinlogo.png",400,400,false],"covernews-slider-center":["https:\/\/infoecos.com.ar\/wp-content\/uploads\/2023\/04\/clarinlogo.png",400,400,false],"covernews-featured":["https:\/\/infoecos.com.ar\/wp-content\/uploads\/2023\/04\/clarinlogo.png",400,400,false],"covernews-medium":["https:\/\/infoecos.com.ar\/wp-content\/uploads\/2023\/04\/clarinlogo-400x380.png",358,340,true],"covernews-medium-square":["https:\/\/infoecos.com.ar\/wp-content\/uploads\/2023\/04\/clarinlogo.png",250,250,false]},"author_info":{"info":["Jorge Matheus"]},"category_info":"<a href=\"https:\/\/infoecos.com.ar\/index.php\/category\/inferior11\/\" rel=\"category tag\">Bloque inferior - 11<\/a>","tag_info":"Bloque inferior - 11","comment_count":"0","_links":{"self":[{"href":"https:\/\/infoecos.com.ar\/index.php\/wp-json\/wp\/v2\/posts\/103589"}],"collection":[{"href":"https:\/\/infoecos.com.ar\/index.php\/wp-json\/wp\/v2\/posts"}],"about":[{"href":"https:\/\/infoecos.com.ar\/index.php\/wp-json\/wp\/v2\/types\/post"}],"author":[{"embeddable":true,"href":"https:\/\/infoecos.com.ar\/index.php\/wp-json\/wp\/v2\/users\/2"}],"replies":[{"embeddable":true,"href":"https:\/\/infoecos.com.ar\/index.php\/wp-json\/wp\/v2\/comments?post=103589"}],"version-history":[{"count":2,"href":"https:\/\/infoecos.com.ar\/index.php\/wp-json\/wp\/v2\/posts\/103589\/revisions"}],"predecessor-version":[{"id":103678,"href":"https:\/\/infoecos.com.ar\/index.php\/wp-json\/wp\/v2\/posts\/103589\/revisions\/103678"}],"wp:featuredmedia":[{"embeddable":true,"href":"https:\/\/infoecos.com.ar\/index.php\/wp-json\/wp\/v2\/media\/103590"}],"wp:attachment":[{"href":"https:\/\/infoecos.com.ar\/index.php\/wp-json\/wp\/v2\/media?parent=103589"}],"wp:term":[{"taxonomy":"category","embeddable":true,"href":"https:\/\/infoecos.com.ar\/index.php\/wp-json\/wp\/v2\/categories?post=103589"},{"taxonomy":"post_tag","embeddable":true,"href":"https:\/\/infoecos.com.ar\/index.php\/wp-json\/wp\/v2\/tags?post=103589"}],"curies":[{"name":"wp","href":"https:\/\/api.w.org\/{rel}","templated":true}]}}