{"id":103598,"date":"2023-04-10T01:24:41","date_gmt":"2023-04-10T04:24:41","guid":{"rendered":"https:\/\/infoecos.com.ar\/?p=103598"},"modified":"2023-04-11T02:50:49","modified_gmt":"2023-04-11T05:50:49","slug":"delitos-rurales-en-la-pampa-se-crearan-cuatro-cargos-de-fiscales-para-investigacion","status":"publish","type":"post","link":"https:\/\/infoecos.com.ar\/index.php\/delitos-rurales-en-la-pampa-se-crearan-cuatro-cargos-de-fiscales-para-investigacion\/","title":{"rendered":"Delitos rurales en La Pampa: se crear\u00e1n cuatro cargos de fiscales para investigaci\u00f3n"},"content":{"rendered":"\n<p>El gobernador Sergio Ziliotto enviar\u00e1 la C\u00e1mara de Diputados el Proyecto de Ley que impulsar\u00e1 la creaci\u00f3n de cuatro cargos de fiscales en el Poder Judicial de La Pampa, asignados a cubrir Unidades Fiscales para la \u00abinvestigaci\u00f3n, promoci\u00f3n y ejercicio de la acci\u00f3n penal\u00bb en hechos delictivos ocurridos o relacionados con el \u00e1mbito rural y la actividad agraria.<\/p>\n\n\n\n<figure class=\"wp-block-image aligncenter size-full\"><img loading=\"lazy\" decoding=\"async\" width=\"640\" height=\"427\" src=\"https:\/\/infoecos.com.ar\/wp-content\/uploads\/2021\/08\/AF-lecheria-2.jpg\" alt=\"\" class=\"wp-image-82667\" srcset=\"https:\/\/infoecos.com.ar\/wp-content\/uploads\/2021\/08\/AF-lecheria-2.jpg 640w, https:\/\/infoecos.com.ar\/wp-content\/uploads\/2021\/08\/AF-lecheria-2-460x307.jpg 460w\" sizes=\"(max-width: 640px) 100vw, 640px\" \/><figcaption class=\"wp-element-caption\">Vacas <\/figcaption><\/figure>\n\n\n\n<p>Estas cuatro nuevas fiscal\u00edas tendr\u00e1n asiento en Santa Rosa, General Pico, General Acha y Victorica, mientras que la competencia territorial corresponder\u00e1 a la Primera, Segunda, Tercera y Cuarta Circunscripciones Judicial, respectivamente.<\/p>\n\n\n\n<p>Ziliotto hab\u00eda adelantado esta iniciativa para apoyar la labor policial sobre esta tem\u00e1tica en rutas, caminos vecinales e inmediaciones de predios rurales para evitar la comisi\u00f3n de delitos y contravenciones.<\/p>\n\n\n\n<p>Este Proyecto de Ley surge, adem\u00e1s, de m\u00faltiples reuniones mantenidas entre autoridades provinciales y entidades rurales en las que se abordaron inquietudes de productoras y productores en materia de seguridad rural, seg\u00fan detallaron desde Casa de Gobierno.<\/p>\n\n\n\n<p>\u00abComo resultado, las partes concordaron que resulta imperioso activar pol\u00edticas criminales y de prevenci\u00f3n que protejan e incentiven la instalaci\u00f3n y el mantenimiento de la familia en el campo\u00bb, indicaron.<\/p>\n","protected":false},"excerpt":{"rendered":"<p>Estas cuatro nuevas fiscal\u00edas tendr\u00e1n asiento en Santa Rosa, General Pico, General Acha y Victorica. Fuente: eldiariodelapampa.com.ar<\/p>\n","protected":false},"author":2,"featured_media":15288,"comment_status":"closed","ping_status":"open","sticky":false,"template":"","format":"standard","meta":{"footnotes":""},"categories":[42],"tags":[7657],"class_list":["post-103598","post","type-post","status-publish","format-standard","has-post-thumbnail","hentry","category-inferior3","tag-el-proyecto-va-hoy-a-diputados"],"yoast_head":"<!-- This site is optimized with the Yoast SEO plugin v23.4 - https:\/\/yoast.com\/wordpress\/plugins\/seo\/ -->\n<title>Delitos rurales en La Pampa: se crear\u00e1n cuatro cargos de fiscales para investigaci\u00f3n - Infoecos<\/title>\n<meta name=\"robots\" content=\"index, follow, max-snippet:-1, max-image-preview:large, max-video-preview:-1\" \/>\n<link rel=\"canonical\" href=\"https:\/\/infoecos.com.ar\/index.php\/delitos-rurales-en-la-pampa-se-crearan-cuatro-cargos-de-fiscales-para-investigacion\/\" \/>\n<meta property=\"og:locale\" content=\"es_ES\" \/>\n<meta property=\"og:type\" content=\"article\" \/>\n<meta property=\"og:title\" content=\"Delitos rurales en La Pampa: se crear\u00e1n cuatro cargos de fiscales para investigaci\u00f3n - Infoecos\" \/>\n<meta property=\"og:description\" content=\"Estas cuatro nuevas fiscal\u00edas tendr\u00e1n asiento en Santa Rosa, General Pico, General Acha y Victorica. Fuente: eldiariodelapampa.com.ar\" \/>\n<meta property=\"og:url\" content=\"https:\/\/infoecos.com.ar\/index.php\/delitos-rurales-en-la-pampa-se-crearan-cuatro-cargos-de-fiscales-para-investigacion\/\" \/>\n<meta property=\"og:site_name\" content=\"Infoecos\" \/>\n<meta property=\"article:publisher\" content=\"https:\/\/www.facebook.com\/profile.php?id=100063200290284\" \/>\n<meta property=\"article:published_time\" content=\"2023-04-10T04:24:41+00:00\" \/>\n<meta property=\"article:modified_time\" content=\"2023-04-11T05:50:49+00:00\" \/>\n<meta property=\"og:image\" content=\"https:\/\/infoecos.com.ar\/wp-content\/uploads\/holando.jpg\" \/>\n\t<meta property=\"og:image:width\" content=\"301\" \/>\n\t<meta property=\"og:image:height\" content=\"167\" \/>\n\t<meta property=\"og:image:type\" content=\"image\/jpeg\" \/>\n<meta name=\"author\" content=\"Jorge Matheus\" \/>\n<meta name=\"twitter:card\" content=\"summary_large_image\" \/>\n<meta name=\"twitter:creator\" content=\"@infoecos\" \/>\n<meta name=\"twitter:site\" content=\"@infoecos\" \/>\n<meta name=\"twitter:label1\" content=\"Escrito por\" \/>\n\t<meta name=\"twitter:data1\" content=\"Jorge Matheus\" \/>\n\t<meta name=\"twitter:label2\" content=\"Tiempo de lectura\" \/>\n\t<meta name=\"twitter:data2\" content=\"2 minutos\" \/>\n<script type=\"application\/ld+json\" class=\"yoast-schema-graph\">{\"@context\":\"https:\/\/schema.org\",\"@graph\":[{\"@type\":\"Article\",\"@id\":\"https:\/\/infoecos.com.ar\/index.php\/delitos-rurales-en-la-pampa-se-crearan-cuatro-cargos-de-fiscales-para-investigacion\/#article\",\"isPartOf\":{\"@id\":\"https:\/\/infoecos.com.ar\/index.php\/delitos-rurales-en-la-pampa-se-crearan-cuatro-cargos-de-fiscales-para-investigacion\/\"},\"author\":{\"name\":\"Jorge Matheus\",\"@id\":\"https:\/\/infoecos.com.ar\/#\/schema\/person\/8f5ace5ce73b4b4aac4b7245aee6f191\"},\"headline\":\"Delitos rurales en La Pampa: se crear\u00e1n cuatro cargos de fiscales para investigaci\u00f3n\",\"datePublished\":\"2023-04-10T04:24:41+00:00\",\"dateModified\":\"2023-04-11T05:50:49+00:00\",\"mainEntityOfPage\":{\"@id\":\"https:\/\/infoecos.com.ar\/index.php\/delitos-rurales-en-la-pampa-se-crearan-cuatro-cargos-de-fiscales-para-investigacion\/\"},\"wordCount\":218,\"publisher\":{\"@id\":\"https:\/\/infoecos.com.ar\/#organization\"},\"image\":{\"@id\":\"https:\/\/infoecos.com.ar\/index.php\/delitos-rurales-en-la-pampa-se-crearan-cuatro-cargos-de-fiscales-para-investigacion\/#primaryimage\"},\"thumbnailUrl\":\"\",\"keywords\":[\"el proyecto va hoy a diputados\"],\"articleSection\":[\"Bloque inferior - 3\"],\"inLanguage\":\"es\"},{\"@type\":\"WebPage\",\"@id\":\"https:\/\/infoecos.com.ar\/index.php\/delitos-rurales-en-la-pampa-se-crearan-cuatro-cargos-de-fiscales-para-investigacion\/\",\"url\":\"https:\/\/infoecos.com.ar\/index.php\/delitos-rurales-en-la-pampa-se-crearan-cuatro-cargos-de-fiscales-para-investigacion\/\",\"name\":\"Delitos rurales en La Pampa: se crear\u00e1n cuatro cargos de fiscales para investigaci\u00f3n - Infoecos\",\"isPartOf\":{\"@id\":\"https:\/\/infoecos.com.ar\/#website\"},\"primaryImageOfPage\":{\"@id\":\"https:\/\/infoecos.com.ar\/index.php\/delitos-rurales-en-la-pampa-se-crearan-cuatro-cargos-de-fiscales-para-investigacion\/#primaryimage\"},\"image\":{\"@id\":\"https:\/\/infoecos.com.ar\/index.php\/delitos-rurales-en-la-pampa-se-crearan-cuatro-cargos-de-fiscales-para-investigacion\/#primaryimage\"},\"thumbnailUrl\":\"\",\"datePublished\":\"2023-04-10T04:24:41+00:00\",\"dateModified\":\"2023-04-11T05:50:49+00:00\",\"breadcrumb\":{\"@id\":\"https:\/\/infoecos.com.ar\/index.php\/delitos-rurales-en-la-pampa-se-crearan-cuatro-cargos-de-fiscales-para-investigacion\/#breadcrumb\"},\"inLanguage\":\"es\",\"potentialAction\":[{\"@type\":\"ReadAction\",\"target\":[\"https:\/\/infoecos.com.ar\/index.php\/delitos-rurales-en-la-pampa-se-crearan-cuatro-cargos-de-fiscales-para-investigacion\/\"]}]},{\"@type\":\"ImageObject\",\"inLanguage\":\"es\",\"@id\":\"https:\/\/infoecos.com.ar\/index.php\/delitos-rurales-en-la-pampa-se-crearan-cuatro-cargos-de-fiscales-para-investigacion\/#primaryimage\",\"url\":\"\",\"contentUrl\":\"\"},{\"@type\":\"BreadcrumbList\",\"@id\":\"https:\/\/infoecos.com.ar\/index.php\/delitos-rurales-en-la-pampa-se-crearan-cuatro-cargos-de-fiscales-para-investigacion\/#breadcrumb\",\"itemListElement\":[{\"@type\":\"ListItem\",\"position\":1,\"name\":\"Portada\",\"item\":\"https:\/\/infoecos.com.ar\/\"},{\"@type\":\"ListItem\",\"position\":2,\"name\":\"Delitos rurales en La Pampa: se crear\u00e1n cuatro cargos de fiscales para investigaci\u00f3n\"}]},{\"@type\":\"WebSite\",\"@id\":\"https:\/\/infoecos.com.ar\/#website\",\"url\":\"https:\/\/infoecos.com.ar\/\",\"name\":\"Infoecos\",\"description\":\"Noticias de trenque lauquen y la zona\",\"publisher\":{\"@id\":\"https:\/\/infoecos.com.ar\/#organization\"},\"alternateName\":\"Noticias\",\"potentialAction\":[{\"@type\":\"SearchAction\",\"target\":{\"@type\":\"EntryPoint\",\"urlTemplate\":\"https:\/\/infoecos.com.ar\/?s={search_term_string}\"},\"query-input\":{\"@type\":\"PropertyValueSpecification\",\"valueRequired\":true,\"valueName\":\"search_term_string\"}}],\"inLanguage\":\"es\"},{\"@type\":\"Organization\",\"@id\":\"https:\/\/infoecos.com.ar\/#organization\",\"name\":\"Infoecos\",\"alternateName\":\"Noticias\",\"url\":\"https:\/\/infoecos.com.ar\/\",\"logo\":{\"@type\":\"ImageObject\",\"inLanguage\":\"es\",\"@id\":\"https:\/\/infoecos.com.ar\/#\/schema\/logo\/image\/\",\"url\":\"https:\/\/infoecos.com.ar\/wp-content\/uploads\/2024\/03\/cropped-logo.png\",\"contentUrl\":\"https:\/\/infoecos.com.ar\/wp-content\/uploads\/2024\/03\/cropped-logo.png\",\"width\":374,\"height\":90,\"caption\":\"Infoecos\"},\"image\":{\"@id\":\"https:\/\/infoecos.com.ar\/#\/schema\/logo\/image\/\"},\"sameAs\":[\"https:\/\/www.facebook.com\/profile.php?id=100063200290284\",\"https:\/\/x.com\/infoecos\"]},{\"@type\":\"Person\",\"@id\":\"https:\/\/infoecos.com.ar\/#\/schema\/person\/8f5ace5ce73b4b4aac4b7245aee6f191\",\"name\":\"Jorge Matheus\",\"url\":\"https:\/\/infoecos.com.ar\/index.php\/author\/jomatheus\/\"}]}<\/script>\n<!-- \/ Yoast SEO plugin. -->","yoast_head_json":{"title":"Delitos rurales en La Pampa: se crear\u00e1n cuatro cargos de fiscales para investigaci\u00f3n - Infoecos","robots":{"index":"index","follow":"follow","max-snippet":"max-snippet:-1","max-image-preview":"max-image-preview:large","max-video-preview":"max-video-preview:-1"},"canonical":"https:\/\/infoecos.com.ar\/index.php\/delitos-rurales-en-la-pampa-se-crearan-cuatro-cargos-de-fiscales-para-investigacion\/","og_locale":"es_ES","og_type":"article","og_title":"Delitos rurales en La Pampa: se crear\u00e1n cuatro cargos de fiscales para investigaci\u00f3n - Infoecos","og_description":"Estas cuatro nuevas fiscal\u00edas tendr\u00e1n asiento en Santa Rosa, General Pico, General Acha y Victorica. Fuente: eldiariodelapampa.com.ar","og_url":"https:\/\/infoecos.com.ar\/index.php\/delitos-rurales-en-la-pampa-se-crearan-cuatro-cargos-de-fiscales-para-investigacion\/","og_site_name":"Infoecos","article_publisher":"https:\/\/www.facebook.com\/profile.php?id=100063200290284","article_published_time":"2023-04-10T04:24:41+00:00","article_modified_time":"2023-04-11T05:50:49+00:00","og_image":[{"width":301,"height":167,"url":"https:\/\/infoecos.com.ar\/wp-content\/uploads\/holando.jpg","type":"image\/jpeg"}],"author":"Jorge Matheus","twitter_card":"summary_large_image","twitter_creator":"@infoecos","twitter_site":"@infoecos","twitter_misc":{"Escrito por":"Jorge Matheus","Tiempo de lectura":"2 minutos"},"schema":{"@context":"https:\/\/schema.org","@graph":[{"@type":"Article","@id":"https:\/\/infoecos.com.ar\/index.php\/delitos-rurales-en-la-pampa-se-crearan-cuatro-cargos-de-fiscales-para-investigacion\/#article","isPartOf":{"@id":"https:\/\/infoecos.com.ar\/index.php\/delitos-rurales-en-la-pampa-se-crearan-cuatro-cargos-de-fiscales-para-investigacion\/"},"author":{"name":"Jorge Matheus","@id":"https:\/\/infoecos.com.ar\/#\/schema\/person\/8f5ace5ce73b4b4aac4b7245aee6f191"},"headline":"Delitos rurales en La Pampa: se crear\u00e1n cuatro cargos de fiscales para investigaci\u00f3n","datePublished":"2023-04-10T04:24:41+00:00","dateModified":"2023-04-11T05:50:49+00:00","mainEntityOfPage":{"@id":"https:\/\/infoecos.com.ar\/index.php\/delitos-rurales-en-la-pampa-se-crearan-cuatro-cargos-de-fiscales-para-investigacion\/"},"wordCount":218,"publisher":{"@id":"https:\/\/infoecos.com.ar\/#organization"},"image":{"@id":"https:\/\/infoecos.com.ar\/index.php\/delitos-rurales-en-la-pampa-se-crearan-cuatro-cargos-de-fiscales-para-investigacion\/#primaryimage"},"thumbnailUrl":"","keywords":["el proyecto va hoy a diputados"],"articleSection":["Bloque inferior - 3"],"inLanguage":"es"},{"@type":"WebPage","@id":"https:\/\/infoecos.com.ar\/index.php\/delitos-rurales-en-la-pampa-se-crearan-cuatro-cargos-de-fiscales-para-investigacion\/","url":"https:\/\/infoecos.com.ar\/index.php\/delitos-rurales-en-la-pampa-se-crearan-cuatro-cargos-de-fiscales-para-investigacion\/","name":"Delitos rurales en La Pampa: se crear\u00e1n cuatro cargos de fiscales para investigaci\u00f3n - Infoecos","isPartOf":{"@id":"https:\/\/infoecos.com.ar\/#website"},"primaryImageOfPage":{"@id":"https:\/\/infoecos.com.ar\/index.php\/delitos-rurales-en-la-pampa-se-crearan-cuatro-cargos-de-fiscales-para-investigacion\/#primaryimage"},"image":{"@id":"https:\/\/infoecos.com.ar\/index.php\/delitos-rurales-en-la-pampa-se-crearan-cuatro-cargos-de-fiscales-para-investigacion\/#primaryimage"},"thumbnailUrl":"","datePublished":"2023-04-10T04:24:41+00:00","dateModified":"2023-04-11T05:50:49+00:00","breadcrumb":{"@id":"https:\/\/infoecos.com.ar\/index.php\/delitos-rurales-en-la-pampa-se-crearan-cuatro-cargos-de-fiscales-para-investigacion\/#breadcrumb"},"inLanguage":"es","potentialAction":[{"@type":"ReadAction","target":["https:\/\/infoecos.com.ar\/index.php\/delitos-rurales-en-la-pampa-se-crearan-cuatro-cargos-de-fiscales-para-investigacion\/"]}]},{"@type":"ImageObject","inLanguage":"es","@id":"https:\/\/infoecos.com.ar\/index.php\/delitos-rurales-en-la-pampa-se-crearan-cuatro-cargos-de-fiscales-para-investigacion\/#primaryimage","url":"","contentUrl":""},{"@type":"BreadcrumbList","@id":"https:\/\/infoecos.com.ar\/index.php\/delitos-rurales-en-la-pampa-se-crearan-cuatro-cargos-de-fiscales-para-investigacion\/#breadcrumb","itemListElement":[{"@type":"ListItem","position":1,"name":"Portada","item":"https:\/\/infoecos.com.ar\/"},{"@type":"ListItem","position":2,"name":"Delitos rurales en La Pampa: se crear\u00e1n cuatro cargos de fiscales para investigaci\u00f3n"}]},{"@type":"WebSite","@id":"https:\/\/infoecos.com.ar\/#website","url":"https:\/\/infoecos.com.ar\/","name":"Infoecos","description":"Noticias de trenque lauquen y la zona","publisher":{"@id":"https:\/\/infoecos.com.ar\/#organization"},"alternateName":"Noticias","potentialAction":[{"@type":"SearchAction","target":{"@type":"EntryPoint","urlTemplate":"https:\/\/infoecos.com.ar\/?s={search_term_string}"},"query-input":{"@type":"PropertyValueSpecification","valueRequired":true,"valueName":"search_term_string"}}],"inLanguage":"es"},{"@type":"Organization","@id":"https:\/\/infoecos.com.ar\/#organization","name":"Infoecos","alternateName":"Noticias","url":"https:\/\/infoecos.com.ar\/","logo":{"@type":"ImageObject","inLanguage":"es","@id":"https:\/\/infoecos.com.ar\/#\/schema\/logo\/image\/","url":"https:\/\/infoecos.com.ar\/wp-content\/uploads\/2024\/03\/cropped-logo.png","contentUrl":"https:\/\/infoecos.com.ar\/wp-content\/uploads\/2024\/03\/cropped-logo.png","width":374,"height":90,"caption":"Infoecos"},"image":{"@id":"https:\/\/infoecos.com.ar\/#\/schema\/logo\/image\/"},"sameAs":["https:\/\/www.facebook.com\/profile.php?id=100063200290284","https:\/\/x.com\/infoecos"]},{"@type":"Person","@id":"https:\/\/infoecos.com.ar\/#\/schema\/person\/8f5ace5ce73b4b4aac4b7245aee6f191","name":"Jorge Matheus","url":"https:\/\/infoecos.com.ar\/index.php\/author\/jomatheus\/"}]}},"featured_image_urls":{"full":"","thumbnail":"","medium":"","medium_large":"","large":"","1536x1536":"","2048x2048":"","covernews-slider-full":"","covernews-slider-center":"","covernews-featured":"","covernews-medium":"","covernews-medium-square":""},"author_info":{"info":["Jorge Matheus"]},"category_info":"<a href=\"https:\/\/infoecos.com.ar\/index.php\/category\/inferior3\/\" rel=\"category tag\">Bloque inferior - 3<\/a>","tag_info":"Bloque inferior - 3","comment_count":"0","_links":{"self":[{"href":"https:\/\/infoecos.com.ar\/index.php\/wp-json\/wp\/v2\/posts\/103598"}],"collection":[{"href":"https:\/\/infoecos.com.ar\/index.php\/wp-json\/wp\/v2\/posts"}],"about":[{"href":"https:\/\/infoecos.com.ar\/index.php\/wp-json\/wp\/v2\/types\/post"}],"author":[{"embeddable":true,"href":"https:\/\/infoecos.com.ar\/index.php\/wp-json\/wp\/v2\/users\/2"}],"replies":[{"embeddable":true,"href":"https:\/\/infoecos.com.ar\/index.php\/wp-json\/wp\/v2\/comments?post=103598"}],"version-history":[{"count":1,"href":"https:\/\/infoecos.com.ar\/index.php\/wp-json\/wp\/v2\/posts\/103598\/revisions"}],"predecessor-version":[{"id":103599,"href":"https:\/\/infoecos.com.ar\/index.php\/wp-json\/wp\/v2\/posts\/103598\/revisions\/103599"}],"wp:featuredmedia":[{"embeddable":true,"href":"https:\/\/infoecos.com.ar\/index.php\/wp-json\/"}],"wp:attachment":[{"href":"https:\/\/infoecos.com.ar\/index.php\/wp-json\/wp\/v2\/media?parent=103598"}],"wp:term":[{"taxonomy":"category","embeddable":true,"href":"https:\/\/infoecos.com.ar\/index.php\/wp-json\/wp\/v2\/categories?post=103598"},{"taxonomy":"post_tag","embeddable":true,"href":"https:\/\/infoecos.com.ar\/index.php\/wp-json\/wp\/v2\/tags?post=103598"}],"curies":[{"name":"wp","href":"https:\/\/api.w.org\/{rel}","templated":true}]}}