{"id":103608,"date":"2023-04-10T11:08:16","date_gmt":"2023-04-10T14:08:16","guid":{"rendered":"https:\/\/infoecos.com.ar\/?p=103608"},"modified":"2023-04-11T12:26:44","modified_gmt":"2023-04-11T15:26:44","slug":"el-accidente-que-produjo-heridas-graves-a-un-joven-de-24-anos-fue-corriendo-una-picada","status":"publish","type":"post","link":"https:\/\/infoecos.com.ar\/index.php\/el-accidente-que-produjo-heridas-graves-a-un-joven-de-24-anos-fue-corriendo-una-picada\/","title":{"rendered":"El accidente que produjo heridas graves a un joven de 24 a\u00f1os fue corriendo una picada"},"content":{"rendered":"\n<p>El joven accidentado, el domingo a la noche, de 24 a\u00f1os ven\u00eda en una moto prestada corriendo una picada con otra moto sobre ruta 5 y se habr\u00edan tocado entre ellos, se\u00f1ala un informe policial que se difundi\u00f3 este lunes a la ma\u00f1ana. Se agrega que todos huyeron del lugar dejando al joven accidentado. <\/p>\n\n\n\n<figure class=\"wp-block-image aligncenter size-full is-resized\"><img loading=\"lazy\" decoding=\"async\" src=\"https:\/\/infoecos.com.ar\/wp-content\/uploads\/2023\/04\/moto.jpg\" alt=\"\" class=\"wp-image-103609\" width=\"508\" height=\"406\" srcset=\"https:\/\/infoecos.com.ar\/wp-content\/uploads\/2023\/04\/moto.jpg 1280w, https:\/\/infoecos.com.ar\/wp-content\/uploads\/2023\/04\/moto-800x639.jpg 800w, https:\/\/infoecos.com.ar\/wp-content\/uploads\/2023\/04\/moto-768x614.jpg 768w, https:\/\/infoecos.com.ar\/wp-content\/uploads\/2023\/04\/moto-1024x818.jpg 1024w\" sizes=\"(max-width: 508px) 100vw, 508px\" \/><figcaption class=\"wp-element-caption\">Accidente &#8211; motos<\/figcaption><\/figure>\n\n\n\n<p>En lo que parece la narraci\u00f3n de un hecho protagonizado por delincuentes que conocen su peligrosidad, se se\u00f1ala que hasta el due\u00f1o de la moto en que circulaba el joven, agarr\u00f3 la moto y huy\u00f3.<\/p>\n\n\n\n<p>La v\u00edctima que se encuentra internado en grave estado en el Hospital de Trenque Lauquen, fue identificado como Juan Mat\u00edas Quintanilla, oriundo de 30 de Agosto.<\/p>\n\n\n\n<p>La polic\u00eda localiz\u00f3 e incaut\u00f3 la motocicleta conducida por la victima. Es una Honda CG Tit\u00e1n 150 sin dominio colocado. El propietario, Michael Mart\u00ednez, de 26 a\u00f1os, que hab\u00eda hu\u00eddo qued\u00f3 demorado. <\/p>\n\n\n\n<p>En el marco de las investigaciones la Polic\u00eda logr\u00f3 ubicar y aprehender al otro participante de la picada. Se trata de Facundo Ar\u00edas, de 19 a\u00f1os, oriundo de Salliquel\u00f3 que hab\u00eda escondido una Honda Tit\u00e1n CG entre los yuyos en la zona de Trelau. Se agrega que fue aprehendido en horas de la madrugada cuando era alzado por unos familiares que vinieron a buscarlo desde su ciudad de origen.   <br><\/p>\n","protected":false},"excerpt":{"rendered":"<p>El joven accidentado, el domingo a la noche, de 24 a\u00f1os ven\u00eda en una moto prestada corriendo una picada con otra moto sobre ruta 5 y se habr\u00edan tocado entre ellos, se\u00f1ala un informe policial que se difundi\u00f3 este lunes a la ma\u00f1ana<\/p>\n","protected":false},"author":2,"featured_media":103609,"comment_status":"closed","ping_status":"open","sticky":false,"template":"","format":"standard","meta":{"footnotes":""},"categories":[1341],"tags":[7670],"class_list":["post-103608","post","type-post","status-publish","format-standard","has-post-thumbnail","hentry","category-c1nota7","tag-el-domingo-en-t-lauquen"],"yoast_head":"<!-- This site is optimized with the Yoast SEO plugin v23.4 - https:\/\/yoast.com\/wordpress\/plugins\/seo\/ -->\n<title>El accidente que produjo heridas graves a un joven de 24 a\u00f1os fue corriendo una picada - Infoecos<\/title>\n<meta name=\"robots\" content=\"index, follow, max-snippet:-1, max-image-preview:large, max-video-preview:-1\" \/>\n<link rel=\"canonical\" href=\"https:\/\/infoecos.com.ar\/index.php\/el-accidente-que-produjo-heridas-graves-a-un-joven-de-24-anos-fue-corriendo-una-picada\/\" \/>\n<meta property=\"og:locale\" content=\"es_ES\" \/>\n<meta property=\"og:type\" content=\"article\" \/>\n<meta property=\"og:title\" content=\"El accidente que produjo heridas graves a un joven de 24 a\u00f1os fue corriendo una picada - Infoecos\" \/>\n<meta property=\"og:description\" content=\"El joven accidentado, el domingo a la noche, de 24 a\u00f1os ven\u00eda en una moto prestada corriendo una picada con otra moto sobre ruta 5 y se habr\u00edan tocado entre ellos, se\u00f1ala un informe policial que se difundi\u00f3 este lunes a la ma\u00f1ana\" \/>\n<meta property=\"og:url\" content=\"https:\/\/infoecos.com.ar\/index.php\/el-accidente-que-produjo-heridas-graves-a-un-joven-de-24-anos-fue-corriendo-una-picada\/\" \/>\n<meta property=\"og:site_name\" content=\"Infoecos\" \/>\n<meta property=\"article:publisher\" content=\"https:\/\/www.facebook.com\/profile.php?id=100063200290284\" \/>\n<meta property=\"article:published_time\" content=\"2023-04-10T14:08:16+00:00\" \/>\n<meta property=\"article:modified_time\" content=\"2023-04-11T15:26:44+00:00\" \/>\n<meta property=\"og:image\" content=\"https:\/\/infoecos.com.ar\/wp-content\/uploads\/2023\/04\/moto.jpg\" \/>\n\t<meta property=\"og:image:width\" content=\"1280\" \/>\n\t<meta property=\"og:image:height\" content=\"1023\" \/>\n\t<meta property=\"og:image:type\" content=\"image\/jpeg\" \/>\n<meta name=\"author\" content=\"Jorge Matheus\" \/>\n<meta name=\"twitter:card\" content=\"summary_large_image\" \/>\n<meta name=\"twitter:creator\" content=\"@infoecos\" \/>\n<meta name=\"twitter:site\" content=\"@infoecos\" \/>\n<meta name=\"twitter:label1\" content=\"Escrito por\" \/>\n\t<meta name=\"twitter:data1\" content=\"Jorge Matheus\" \/>\n\t<meta name=\"twitter:label2\" content=\"Tiempo de lectura\" \/>\n\t<meta name=\"twitter:data2\" content=\"2 minutos\" \/>\n<script type=\"application\/ld+json\" class=\"yoast-schema-graph\">{\"@context\":\"https:\/\/schema.org\",\"@graph\":[{\"@type\":\"Article\",\"@id\":\"https:\/\/infoecos.com.ar\/index.php\/el-accidente-que-produjo-heridas-graves-a-un-joven-de-24-anos-fue-corriendo-una-picada\/#article\",\"isPartOf\":{\"@id\":\"https:\/\/infoecos.com.ar\/index.php\/el-accidente-que-produjo-heridas-graves-a-un-joven-de-24-anos-fue-corriendo-una-picada\/\"},\"author\":{\"name\":\"Jorge Matheus\",\"@id\":\"https:\/\/infoecos.com.ar\/#\/schema\/person\/8f5ace5ce73b4b4aac4b7245aee6f191\"},\"headline\":\"El accidente que produjo heridas graves a un joven de 24 a\u00f1os fue corriendo una picada\",\"datePublished\":\"2023-04-10T14:08:16+00:00\",\"dateModified\":\"2023-04-11T15:26:44+00:00\",\"mainEntityOfPage\":{\"@id\":\"https:\/\/infoecos.com.ar\/index.php\/el-accidente-que-produjo-heridas-graves-a-un-joven-de-24-anos-fue-corriendo-una-picada\/\"},\"wordCount\":250,\"publisher\":{\"@id\":\"https:\/\/infoecos.com.ar\/#organization\"},\"image\":{\"@id\":\"https:\/\/infoecos.com.ar\/index.php\/el-accidente-que-produjo-heridas-graves-a-un-joven-de-24-anos-fue-corriendo-una-picada\/#primaryimage\"},\"thumbnailUrl\":\"https:\/\/infoecos.com.ar\/wp-content\/uploads\/2023\/04\/moto.jpg\",\"keywords\":[\"EL DOMINGO EN T.LAUQUEN\"],\"articleSection\":[\"C1 nota 7\"],\"inLanguage\":\"es\"},{\"@type\":\"WebPage\",\"@id\":\"https:\/\/infoecos.com.ar\/index.php\/el-accidente-que-produjo-heridas-graves-a-un-joven-de-24-anos-fue-corriendo-una-picada\/\",\"url\":\"https:\/\/infoecos.com.ar\/index.php\/el-accidente-que-produjo-heridas-graves-a-un-joven-de-24-anos-fue-corriendo-una-picada\/\",\"name\":\"El accidente que produjo heridas graves a un joven de 24 a\u00f1os fue corriendo una picada - Infoecos\",\"isPartOf\":{\"@id\":\"https:\/\/infoecos.com.ar\/#website\"},\"primaryImageOfPage\":{\"@id\":\"https:\/\/infoecos.com.ar\/index.php\/el-accidente-que-produjo-heridas-graves-a-un-joven-de-24-anos-fue-corriendo-una-picada\/#primaryimage\"},\"image\":{\"@id\":\"https:\/\/infoecos.com.ar\/index.php\/el-accidente-que-produjo-heridas-graves-a-un-joven-de-24-anos-fue-corriendo-una-picada\/#primaryimage\"},\"thumbnailUrl\":\"https:\/\/infoecos.com.ar\/wp-content\/uploads\/2023\/04\/moto.jpg\",\"datePublished\":\"2023-04-10T14:08:16+00:00\",\"dateModified\":\"2023-04-11T15:26:44+00:00\",\"breadcrumb\":{\"@id\":\"https:\/\/infoecos.com.ar\/index.php\/el-accidente-que-produjo-heridas-graves-a-un-joven-de-24-anos-fue-corriendo-una-picada\/#breadcrumb\"},\"inLanguage\":\"es\",\"potentialAction\":[{\"@type\":\"ReadAction\",\"target\":[\"https:\/\/infoecos.com.ar\/index.php\/el-accidente-que-produjo-heridas-graves-a-un-joven-de-24-anos-fue-corriendo-una-picada\/\"]}]},{\"@type\":\"ImageObject\",\"inLanguage\":\"es\",\"@id\":\"https:\/\/infoecos.com.ar\/index.php\/el-accidente-que-produjo-heridas-graves-a-un-joven-de-24-anos-fue-corriendo-una-picada\/#primaryimage\",\"url\":\"https:\/\/infoecos.com.ar\/wp-content\/uploads\/2023\/04\/moto.jpg\",\"contentUrl\":\"https:\/\/infoecos.com.ar\/wp-content\/uploads\/2023\/04\/moto.jpg\",\"width\":1280,\"height\":1023},{\"@type\":\"BreadcrumbList\",\"@id\":\"https:\/\/infoecos.com.ar\/index.php\/el-accidente-que-produjo-heridas-graves-a-un-joven-de-24-anos-fue-corriendo-una-picada\/#breadcrumb\",\"itemListElement\":[{\"@type\":\"ListItem\",\"position\":1,\"name\":\"Portada\",\"item\":\"https:\/\/infoecos.com.ar\/\"},{\"@type\":\"ListItem\",\"position\":2,\"name\":\"El accidente que produjo heridas graves a un joven de 24 a\u00f1os fue corriendo una picada\"}]},{\"@type\":\"WebSite\",\"@id\":\"https:\/\/infoecos.com.ar\/#website\",\"url\":\"https:\/\/infoecos.com.ar\/\",\"name\":\"Infoecos\",\"description\":\"Noticias de trenque lauquen y la zona\",\"publisher\":{\"@id\":\"https:\/\/infoecos.com.ar\/#organization\"},\"alternateName\":\"Noticias\",\"potentialAction\":[{\"@type\":\"SearchAction\",\"target\":{\"@type\":\"EntryPoint\",\"urlTemplate\":\"https:\/\/infoecos.com.ar\/?s={search_term_string}\"},\"query-input\":{\"@type\":\"PropertyValueSpecification\",\"valueRequired\":true,\"valueName\":\"search_term_string\"}}],\"inLanguage\":\"es\"},{\"@type\":\"Organization\",\"@id\":\"https:\/\/infoecos.com.ar\/#organization\",\"name\":\"Infoecos\",\"alternateName\":\"Noticias\",\"url\":\"https:\/\/infoecos.com.ar\/\",\"logo\":{\"@type\":\"ImageObject\",\"inLanguage\":\"es\",\"@id\":\"https:\/\/infoecos.com.ar\/#\/schema\/logo\/image\/\",\"url\":\"https:\/\/infoecos.com.ar\/wp-content\/uploads\/2024\/03\/cropped-logo.png\",\"contentUrl\":\"https:\/\/infoecos.com.ar\/wp-content\/uploads\/2024\/03\/cropped-logo.png\",\"width\":374,\"height\":90,\"caption\":\"Infoecos\"},\"image\":{\"@id\":\"https:\/\/infoecos.com.ar\/#\/schema\/logo\/image\/\"},\"sameAs\":[\"https:\/\/www.facebook.com\/profile.php?id=100063200290284\",\"https:\/\/x.com\/infoecos\"]},{\"@type\":\"Person\",\"@id\":\"https:\/\/infoecos.com.ar\/#\/schema\/person\/8f5ace5ce73b4b4aac4b7245aee6f191\",\"name\":\"Jorge Matheus\",\"url\":\"https:\/\/infoecos.com.ar\/index.php\/author\/jomatheus\/\"}]}<\/script>\n<!-- \/ Yoast SEO plugin. -->","yoast_head_json":{"title":"El accidente que produjo heridas graves a un joven de 24 a\u00f1os fue corriendo una picada - Infoecos","robots":{"index":"index","follow":"follow","max-snippet":"max-snippet:-1","max-image-preview":"max-image-preview:large","max-video-preview":"max-video-preview:-1"},"canonical":"https:\/\/infoecos.com.ar\/index.php\/el-accidente-que-produjo-heridas-graves-a-un-joven-de-24-anos-fue-corriendo-una-picada\/","og_locale":"es_ES","og_type":"article","og_title":"El accidente que produjo heridas graves a un joven de 24 a\u00f1os fue corriendo una picada - Infoecos","og_description":"El joven accidentado, el domingo a la noche, de 24 a\u00f1os ven\u00eda en una moto prestada corriendo una picada con otra moto sobre ruta 5 y se habr\u00edan tocado entre ellos, se\u00f1ala un informe policial que se difundi\u00f3 este lunes a la ma\u00f1ana","og_url":"https:\/\/infoecos.com.ar\/index.php\/el-accidente-que-produjo-heridas-graves-a-un-joven-de-24-anos-fue-corriendo-una-picada\/","og_site_name":"Infoecos","article_publisher":"https:\/\/www.facebook.com\/profile.php?id=100063200290284","article_published_time":"2023-04-10T14:08:16+00:00","article_modified_time":"2023-04-11T15:26:44+00:00","og_image":[{"width":1280,"height":1023,"url":"https:\/\/infoecos.com.ar\/wp-content\/uploads\/2023\/04\/moto.jpg","type":"image\/jpeg"}],"author":"Jorge Matheus","twitter_card":"summary_large_image","twitter_creator":"@infoecos","twitter_site":"@infoecos","twitter_misc":{"Escrito por":"Jorge Matheus","Tiempo de lectura":"2 minutos"},"schema":{"@context":"https:\/\/schema.org","@graph":[{"@type":"Article","@id":"https:\/\/infoecos.com.ar\/index.php\/el-accidente-que-produjo-heridas-graves-a-un-joven-de-24-anos-fue-corriendo-una-picada\/#article","isPartOf":{"@id":"https:\/\/infoecos.com.ar\/index.php\/el-accidente-que-produjo-heridas-graves-a-un-joven-de-24-anos-fue-corriendo-una-picada\/"},"author":{"name":"Jorge Matheus","@id":"https:\/\/infoecos.com.ar\/#\/schema\/person\/8f5ace5ce73b4b4aac4b7245aee6f191"},"headline":"El accidente que produjo heridas graves a un joven de 24 a\u00f1os fue corriendo una picada","datePublished":"2023-04-10T14:08:16+00:00","dateModified":"2023-04-11T15:26:44+00:00","mainEntityOfPage":{"@id":"https:\/\/infoecos.com.ar\/index.php\/el-accidente-que-produjo-heridas-graves-a-un-joven-de-24-anos-fue-corriendo-una-picada\/"},"wordCount":250,"publisher":{"@id":"https:\/\/infoecos.com.ar\/#organization"},"image":{"@id":"https:\/\/infoecos.com.ar\/index.php\/el-accidente-que-produjo-heridas-graves-a-un-joven-de-24-anos-fue-corriendo-una-picada\/#primaryimage"},"thumbnailUrl":"https:\/\/infoecos.com.ar\/wp-content\/uploads\/2023\/04\/moto.jpg","keywords":["EL DOMINGO EN T.LAUQUEN"],"articleSection":["C1 nota 7"],"inLanguage":"es"},{"@type":"WebPage","@id":"https:\/\/infoecos.com.ar\/index.php\/el-accidente-que-produjo-heridas-graves-a-un-joven-de-24-anos-fue-corriendo-una-picada\/","url":"https:\/\/infoecos.com.ar\/index.php\/el-accidente-que-produjo-heridas-graves-a-un-joven-de-24-anos-fue-corriendo-una-picada\/","name":"El accidente que produjo heridas graves a un joven de 24 a\u00f1os fue corriendo una picada - Infoecos","isPartOf":{"@id":"https:\/\/infoecos.com.ar\/#website"},"primaryImageOfPage":{"@id":"https:\/\/infoecos.com.ar\/index.php\/el-accidente-que-produjo-heridas-graves-a-un-joven-de-24-anos-fue-corriendo-una-picada\/#primaryimage"},"image":{"@id":"https:\/\/infoecos.com.ar\/index.php\/el-accidente-que-produjo-heridas-graves-a-un-joven-de-24-anos-fue-corriendo-una-picada\/#primaryimage"},"thumbnailUrl":"https:\/\/infoecos.com.ar\/wp-content\/uploads\/2023\/04\/moto.jpg","datePublished":"2023-04-10T14:08:16+00:00","dateModified":"2023-04-11T15:26:44+00:00","breadcrumb":{"@id":"https:\/\/infoecos.com.ar\/index.php\/el-accidente-que-produjo-heridas-graves-a-un-joven-de-24-anos-fue-corriendo-una-picada\/#breadcrumb"},"inLanguage":"es","potentialAction":[{"@type":"ReadAction","target":["https:\/\/infoecos.com.ar\/index.php\/el-accidente-que-produjo-heridas-graves-a-un-joven-de-24-anos-fue-corriendo-una-picada\/"]}]},{"@type":"ImageObject","inLanguage":"es","@id":"https:\/\/infoecos.com.ar\/index.php\/el-accidente-que-produjo-heridas-graves-a-un-joven-de-24-anos-fue-corriendo-una-picada\/#primaryimage","url":"https:\/\/infoecos.com.ar\/wp-content\/uploads\/2023\/04\/moto.jpg","contentUrl":"https:\/\/infoecos.com.ar\/wp-content\/uploads\/2023\/04\/moto.jpg","width":1280,"height":1023},{"@type":"BreadcrumbList","@id":"https:\/\/infoecos.com.ar\/index.php\/el-accidente-que-produjo-heridas-graves-a-un-joven-de-24-anos-fue-corriendo-una-picada\/#breadcrumb","itemListElement":[{"@type":"ListItem","position":1,"name":"Portada","item":"https:\/\/infoecos.com.ar\/"},{"@type":"ListItem","position":2,"name":"El accidente que produjo heridas graves a un joven de 24 a\u00f1os fue corriendo una picada"}]},{"@type":"WebSite","@id":"https:\/\/infoecos.com.ar\/#website","url":"https:\/\/infoecos.com.ar\/","name":"Infoecos","description":"Noticias de trenque lauquen y la zona","publisher":{"@id":"https:\/\/infoecos.com.ar\/#organization"},"alternateName":"Noticias","potentialAction":[{"@type":"SearchAction","target":{"@type":"EntryPoint","urlTemplate":"https:\/\/infoecos.com.ar\/?s={search_term_string}"},"query-input":{"@type":"PropertyValueSpecification","valueRequired":true,"valueName":"search_term_string"}}],"inLanguage":"es"},{"@type":"Organization","@id":"https:\/\/infoecos.com.ar\/#organization","name":"Infoecos","alternateName":"Noticias","url":"https:\/\/infoecos.com.ar\/","logo":{"@type":"ImageObject","inLanguage":"es","@id":"https:\/\/infoecos.com.ar\/#\/schema\/logo\/image\/","url":"https:\/\/infoecos.com.ar\/wp-content\/uploads\/2024\/03\/cropped-logo.png","contentUrl":"https:\/\/infoecos.com.ar\/wp-content\/uploads\/2024\/03\/cropped-logo.png","width":374,"height":90,"caption":"Infoecos"},"image":{"@id":"https:\/\/infoecos.com.ar\/#\/schema\/logo\/image\/"},"sameAs":["https:\/\/www.facebook.com\/profile.php?id=100063200290284","https:\/\/x.com\/infoecos"]},{"@type":"Person","@id":"https:\/\/infoecos.com.ar\/#\/schema\/person\/8f5ace5ce73b4b4aac4b7245aee6f191","name":"Jorge Matheus","url":"https:\/\/infoecos.com.ar\/index.php\/author\/jomatheus\/"}]}},"featured_image_urls":{"full":["https:\/\/infoecos.com.ar\/wp-content\/uploads\/2023\/04\/moto.jpg",1280,1023,false],"thumbnail":["https:\/\/infoecos.com.ar\/wp-content\/uploads\/2023\/04\/moto-300x150.jpg",300,150,true],"medium":["https:\/\/infoecos.com.ar\/wp-content\/uploads\/2023\/04\/moto-800x639.jpg",800,639,true],"medium_large":["https:\/\/infoecos.com.ar\/wp-content\/uploads\/2023\/04\/moto-768x614.jpg",640,512,true],"large":["https:\/\/infoecos.com.ar\/wp-content\/uploads\/2023\/04\/moto.jpg",640,512,false],"1536x1536":["https:\/\/infoecos.com.ar\/wp-content\/uploads\/2023\/04\/moto.jpg",1280,1023,false],"2048x2048":["https:\/\/infoecos.com.ar\/wp-content\/uploads\/2023\/04\/moto.jpg",1280,1023,false],"covernews-slider-full":["https:\/\/infoecos.com.ar\/wp-content\/uploads\/2023\/04\/moto-1280x1020.jpg",897,715,true],"covernews-slider-center":["https:\/\/infoecos.com.ar\/wp-content\/uploads\/2023\/04\/moto-936x897.jpg",522,500,true],"covernews-featured":["https:\/\/infoecos.com.ar\/wp-content\/uploads\/2023\/04\/moto-1024x818.jpg",1024,818,true],"covernews-medium":["https:\/\/infoecos.com.ar\/wp-content\/uploads\/2023\/04\/moto-720x380.jpg",540,285,true],"covernews-medium-square":["https:\/\/infoecos.com.ar\/wp-content\/uploads\/2023\/04\/moto-675x450.jpg",375,250,true]},"author_info":{"info":["Jorge Matheus"]},"category_info":"<a href=\"https:\/\/infoecos.com.ar\/index.php\/category\/c1nota7\/\" rel=\"category tag\">C1 nota 7<\/a>","tag_info":"C1 nota 7","comment_count":"0","_links":{"self":[{"href":"https:\/\/infoecos.com.ar\/index.php\/wp-json\/wp\/v2\/posts\/103608"}],"collection":[{"href":"https:\/\/infoecos.com.ar\/index.php\/wp-json\/wp\/v2\/posts"}],"about":[{"href":"https:\/\/infoecos.com.ar\/index.php\/wp-json\/wp\/v2\/types\/post"}],"author":[{"embeddable":true,"href":"https:\/\/infoecos.com.ar\/index.php\/wp-json\/wp\/v2\/users\/2"}],"replies":[{"embeddable":true,"href":"https:\/\/infoecos.com.ar\/index.php\/wp-json\/wp\/v2\/comments?post=103608"}],"version-history":[{"count":1,"href":"https:\/\/infoecos.com.ar\/index.php\/wp-json\/wp\/v2\/posts\/103608\/revisions"}],"predecessor-version":[{"id":103610,"href":"https:\/\/infoecos.com.ar\/index.php\/wp-json\/wp\/v2\/posts\/103608\/revisions\/103610"}],"wp:featuredmedia":[{"embeddable":true,"href":"https:\/\/infoecos.com.ar\/index.php\/wp-json\/wp\/v2\/media\/103609"}],"wp:attachment":[{"href":"https:\/\/infoecos.com.ar\/index.php\/wp-json\/wp\/v2\/media?parent=103608"}],"wp:term":[{"taxonomy":"category","embeddable":true,"href":"https:\/\/infoecos.com.ar\/index.php\/wp-json\/wp\/v2\/categories?post=103608"},{"taxonomy":"post_tag","embeddable":true,"href":"https:\/\/infoecos.com.ar\/index.php\/wp-json\/wp\/v2\/tags?post=103608"}],"curies":[{"name":"wp","href":"https:\/\/api.w.org\/{rel}","templated":true}]}}