{"id":103617,"date":"2023-04-10T23:14:37","date_gmt":"2023-04-11T02:14:37","guid":{"rendered":"https:\/\/infoecos.com.ar\/?p=103617"},"modified":"2023-04-12T01:38:43","modified_gmt":"2023-04-12T04:38:43","slug":"manana-miercoles-no-habra-recoleccion-de-residuos-en-la-ciudad-de-trenque-lauquen","status":"publish","type":"post","link":"https:\/\/infoecos.com.ar\/index.php\/manana-miercoles-no-habra-recoleccion-de-residuos-en-la-ciudad-de-trenque-lauquen\/","title":{"rendered":"Hoy no habr\u00e1 recolecci\u00f3n de residuos en la ciudad de Trenque Lauquen"},"content":{"rendered":"\n<p>La direcci\u00f3n de Higiene Urbana municipal de Trenque Lauquen inform\u00f3 que hoy, 12 de abril, asueto administrativo municipal por el 147\u00ba aniversario de la fundaci\u00f3n de Trenque Lauquen, no habr\u00e1 recolecci\u00f3n de residuos en la ciudad.<\/p>\n\n\n\n<figure class=\"wp-block-image aligncenter size-full\"><img loading=\"lazy\" decoding=\"async\" width=\"431\" height=\"242\" src=\"https:\/\/infoecos.com.ar\/wp-content\/uploads\/2023\/04\/recolectores.png\" alt=\"\" class=\"wp-image-103618\"\/><figcaption class=\"wp-element-caption\">Recolectores de residuos <\/figcaption><\/figure>\n\n\n\n<p>El servicio se retomar\u00e1 el jueves de acuerdo al cronograma habitual: en la Ampliaci\u00f3n Urbana y Zona de Quintas, a partir de las 6 hs. y en el \u00e1rea Urbana desde las 19.<\/p>\n","protected":false},"excerpt":{"rendered":"<p>El servicio se retomar\u00e1 el jueves de acuerdo al cronograma habitual<\/p>\n","protected":false},"author":2,"featured_media":103618,"comment_status":"closed","ping_status":"open","sticky":false,"template":"","format":"standard","meta":{"footnotes":""},"categories":[1613],"tags":[7661],"class_list":["post-103617","post","type-post","status-publish","format-standard","has-post-thumbnail","hentry","category-noticia-secundaria","tag-147-aniversario-t-lauquen"],"yoast_head":"<!-- This site is optimized with the Yoast SEO plugin v23.4 - https:\/\/yoast.com\/wordpress\/plugins\/seo\/ -->\n<title>Hoy no habr\u00e1 recolecci\u00f3n de residuos en la ciudad de Trenque Lauquen - Infoecos<\/title>\n<meta name=\"robots\" content=\"index, follow, max-snippet:-1, max-image-preview:large, max-video-preview:-1\" \/>\n<link rel=\"canonical\" href=\"https:\/\/infoecos.com.ar\/index.php\/manana-miercoles-no-habra-recoleccion-de-residuos-en-la-ciudad-de-trenque-lauquen\/\" \/>\n<meta property=\"og:locale\" content=\"es_ES\" \/>\n<meta property=\"og:type\" content=\"article\" \/>\n<meta property=\"og:title\" content=\"Hoy no habr\u00e1 recolecci\u00f3n de residuos en la ciudad de Trenque Lauquen - Infoecos\" \/>\n<meta property=\"og:description\" content=\"El servicio se retomar\u00e1 el jueves de acuerdo al cronograma habitual\" \/>\n<meta property=\"og:url\" content=\"https:\/\/infoecos.com.ar\/index.php\/manana-miercoles-no-habra-recoleccion-de-residuos-en-la-ciudad-de-trenque-lauquen\/\" \/>\n<meta property=\"og:site_name\" content=\"Infoecos\" \/>\n<meta property=\"article:publisher\" content=\"https:\/\/www.facebook.com\/profile.php?id=100063200290284\" \/>\n<meta property=\"article:published_time\" content=\"2023-04-11T02:14:37+00:00\" \/>\n<meta property=\"article:modified_time\" content=\"2023-04-12T04:38:43+00:00\" \/>\n<meta property=\"og:image\" content=\"https:\/\/infoecos.com.ar\/wp-content\/uploads\/2023\/04\/recolectores.png\" \/>\n\t<meta property=\"og:image:width\" content=\"431\" \/>\n\t<meta property=\"og:image:height\" content=\"242\" \/>\n\t<meta property=\"og:image:type\" content=\"image\/png\" \/>\n<meta name=\"author\" content=\"Jorge Matheus\" \/>\n<meta name=\"twitter:card\" content=\"summary_large_image\" \/>\n<meta name=\"twitter:creator\" content=\"@infoecos\" \/>\n<meta name=\"twitter:site\" content=\"@infoecos\" \/>\n<meta name=\"twitter:label1\" content=\"Escrito por\" \/>\n\t<meta name=\"twitter:data1\" content=\"Jorge Matheus\" \/>\n\t<meta name=\"twitter:label2\" content=\"Tiempo de lectura\" \/>\n\t<meta name=\"twitter:data2\" content=\"1 minuto\" \/>\n<script type=\"application\/ld+json\" class=\"yoast-schema-graph\">{\"@context\":\"https:\/\/schema.org\",\"@graph\":[{\"@type\":\"Article\",\"@id\":\"https:\/\/infoecos.com.ar\/index.php\/manana-miercoles-no-habra-recoleccion-de-residuos-en-la-ciudad-de-trenque-lauquen\/#article\",\"isPartOf\":{\"@id\":\"https:\/\/infoecos.com.ar\/index.php\/manana-miercoles-no-habra-recoleccion-de-residuos-en-la-ciudad-de-trenque-lauquen\/\"},\"author\":{\"name\":\"Jorge Matheus\",\"@id\":\"https:\/\/infoecos.com.ar\/#\/schema\/person\/8f5ace5ce73b4b4aac4b7245aee6f191\"},\"headline\":\"Hoy no habr\u00e1 recolecci\u00f3n de residuos en la ciudad de Trenque Lauquen\",\"datePublished\":\"2023-04-11T02:14:37+00:00\",\"dateModified\":\"2023-04-12T04:38:43+00:00\",\"mainEntityOfPage\":{\"@id\":\"https:\/\/infoecos.com.ar\/index.php\/manana-miercoles-no-habra-recoleccion-de-residuos-en-la-ciudad-de-trenque-lauquen\/\"},\"wordCount\":85,\"publisher\":{\"@id\":\"https:\/\/infoecos.com.ar\/#organization\"},\"image\":{\"@id\":\"https:\/\/infoecos.com.ar\/index.php\/manana-miercoles-no-habra-recoleccion-de-residuos-en-la-ciudad-de-trenque-lauquen\/#primaryimage\"},\"thumbnailUrl\":\"https:\/\/infoecos.com.ar\/wp-content\/uploads\/2023\/04\/recolectores.png\",\"keywords\":[\"147\u00b0 Aniversario T.Lauquen\"],\"articleSection\":[\"Noticia Secundaria\"],\"inLanguage\":\"es\"},{\"@type\":\"WebPage\",\"@id\":\"https:\/\/infoecos.com.ar\/index.php\/manana-miercoles-no-habra-recoleccion-de-residuos-en-la-ciudad-de-trenque-lauquen\/\",\"url\":\"https:\/\/infoecos.com.ar\/index.php\/manana-miercoles-no-habra-recoleccion-de-residuos-en-la-ciudad-de-trenque-lauquen\/\",\"name\":\"Hoy no habr\u00e1 recolecci\u00f3n de residuos en la ciudad de Trenque Lauquen - Infoecos\",\"isPartOf\":{\"@id\":\"https:\/\/infoecos.com.ar\/#website\"},\"primaryImageOfPage\":{\"@id\":\"https:\/\/infoecos.com.ar\/index.php\/manana-miercoles-no-habra-recoleccion-de-residuos-en-la-ciudad-de-trenque-lauquen\/#primaryimage\"},\"image\":{\"@id\":\"https:\/\/infoecos.com.ar\/index.php\/manana-miercoles-no-habra-recoleccion-de-residuos-en-la-ciudad-de-trenque-lauquen\/#primaryimage\"},\"thumbnailUrl\":\"https:\/\/infoecos.com.ar\/wp-content\/uploads\/2023\/04\/recolectores.png\",\"datePublished\":\"2023-04-11T02:14:37+00:00\",\"dateModified\":\"2023-04-12T04:38:43+00:00\",\"breadcrumb\":{\"@id\":\"https:\/\/infoecos.com.ar\/index.php\/manana-miercoles-no-habra-recoleccion-de-residuos-en-la-ciudad-de-trenque-lauquen\/#breadcrumb\"},\"inLanguage\":\"es\",\"potentialAction\":[{\"@type\":\"ReadAction\",\"target\":[\"https:\/\/infoecos.com.ar\/index.php\/manana-miercoles-no-habra-recoleccion-de-residuos-en-la-ciudad-de-trenque-lauquen\/\"]}]},{\"@type\":\"ImageObject\",\"inLanguage\":\"es\",\"@id\":\"https:\/\/infoecos.com.ar\/index.php\/manana-miercoles-no-habra-recoleccion-de-residuos-en-la-ciudad-de-trenque-lauquen\/#primaryimage\",\"url\":\"https:\/\/infoecos.com.ar\/wp-content\/uploads\/2023\/04\/recolectores.png\",\"contentUrl\":\"https:\/\/infoecos.com.ar\/wp-content\/uploads\/2023\/04\/recolectores.png\",\"width\":431,\"height\":242},{\"@type\":\"BreadcrumbList\",\"@id\":\"https:\/\/infoecos.com.ar\/index.php\/manana-miercoles-no-habra-recoleccion-de-residuos-en-la-ciudad-de-trenque-lauquen\/#breadcrumb\",\"itemListElement\":[{\"@type\":\"ListItem\",\"position\":1,\"name\":\"Portada\",\"item\":\"https:\/\/infoecos.com.ar\/\"},{\"@type\":\"ListItem\",\"position\":2,\"name\":\"Hoy no habr\u00e1 recolecci\u00f3n de residuos en la ciudad de Trenque Lauquen\"}]},{\"@type\":\"WebSite\",\"@id\":\"https:\/\/infoecos.com.ar\/#website\",\"url\":\"https:\/\/infoecos.com.ar\/\",\"name\":\"Infoecos\",\"description\":\"Noticias de trenque lauquen y la zona\",\"publisher\":{\"@id\":\"https:\/\/infoecos.com.ar\/#organization\"},\"alternateName\":\"Noticias\",\"potentialAction\":[{\"@type\":\"SearchAction\",\"target\":{\"@type\":\"EntryPoint\",\"urlTemplate\":\"https:\/\/infoecos.com.ar\/?s={search_term_string}\"},\"query-input\":{\"@type\":\"PropertyValueSpecification\",\"valueRequired\":true,\"valueName\":\"search_term_string\"}}],\"inLanguage\":\"es\"},{\"@type\":\"Organization\",\"@id\":\"https:\/\/infoecos.com.ar\/#organization\",\"name\":\"Infoecos\",\"alternateName\":\"Noticias\",\"url\":\"https:\/\/infoecos.com.ar\/\",\"logo\":{\"@type\":\"ImageObject\",\"inLanguage\":\"es\",\"@id\":\"https:\/\/infoecos.com.ar\/#\/schema\/logo\/image\/\",\"url\":\"https:\/\/infoecos.com.ar\/wp-content\/uploads\/2024\/03\/cropped-logo.png\",\"contentUrl\":\"https:\/\/infoecos.com.ar\/wp-content\/uploads\/2024\/03\/cropped-logo.png\",\"width\":374,\"height\":90,\"caption\":\"Infoecos\"},\"image\":{\"@id\":\"https:\/\/infoecos.com.ar\/#\/schema\/logo\/image\/\"},\"sameAs\":[\"https:\/\/www.facebook.com\/profile.php?id=100063200290284\",\"https:\/\/x.com\/infoecos\"]},{\"@type\":\"Person\",\"@id\":\"https:\/\/infoecos.com.ar\/#\/schema\/person\/8f5ace5ce73b4b4aac4b7245aee6f191\",\"name\":\"Jorge Matheus\",\"url\":\"https:\/\/infoecos.com.ar\/index.php\/author\/jomatheus\/\"}]}<\/script>\n<!-- \/ Yoast SEO plugin. -->","yoast_head_json":{"title":"Hoy no habr\u00e1 recolecci\u00f3n de residuos en la ciudad de Trenque Lauquen - Infoecos","robots":{"index":"index","follow":"follow","max-snippet":"max-snippet:-1","max-image-preview":"max-image-preview:large","max-video-preview":"max-video-preview:-1"},"canonical":"https:\/\/infoecos.com.ar\/index.php\/manana-miercoles-no-habra-recoleccion-de-residuos-en-la-ciudad-de-trenque-lauquen\/","og_locale":"es_ES","og_type":"article","og_title":"Hoy no habr\u00e1 recolecci\u00f3n de residuos en la ciudad de Trenque Lauquen - Infoecos","og_description":"El servicio se retomar\u00e1 el jueves de acuerdo al cronograma habitual","og_url":"https:\/\/infoecos.com.ar\/index.php\/manana-miercoles-no-habra-recoleccion-de-residuos-en-la-ciudad-de-trenque-lauquen\/","og_site_name":"Infoecos","article_publisher":"https:\/\/www.facebook.com\/profile.php?id=100063200290284","article_published_time":"2023-04-11T02:14:37+00:00","article_modified_time":"2023-04-12T04:38:43+00:00","og_image":[{"width":431,"height":242,"url":"https:\/\/infoecos.com.ar\/wp-content\/uploads\/2023\/04\/recolectores.png","type":"image\/png"}],"author":"Jorge Matheus","twitter_card":"summary_large_image","twitter_creator":"@infoecos","twitter_site":"@infoecos","twitter_misc":{"Escrito por":"Jorge Matheus","Tiempo de lectura":"1 minuto"},"schema":{"@context":"https:\/\/schema.org","@graph":[{"@type":"Article","@id":"https:\/\/infoecos.com.ar\/index.php\/manana-miercoles-no-habra-recoleccion-de-residuos-en-la-ciudad-de-trenque-lauquen\/#article","isPartOf":{"@id":"https:\/\/infoecos.com.ar\/index.php\/manana-miercoles-no-habra-recoleccion-de-residuos-en-la-ciudad-de-trenque-lauquen\/"},"author":{"name":"Jorge Matheus","@id":"https:\/\/infoecos.com.ar\/#\/schema\/person\/8f5ace5ce73b4b4aac4b7245aee6f191"},"headline":"Hoy no habr\u00e1 recolecci\u00f3n de residuos en la ciudad de Trenque Lauquen","datePublished":"2023-04-11T02:14:37+00:00","dateModified":"2023-04-12T04:38:43+00:00","mainEntityOfPage":{"@id":"https:\/\/infoecos.com.ar\/index.php\/manana-miercoles-no-habra-recoleccion-de-residuos-en-la-ciudad-de-trenque-lauquen\/"},"wordCount":85,"publisher":{"@id":"https:\/\/infoecos.com.ar\/#organization"},"image":{"@id":"https:\/\/infoecos.com.ar\/index.php\/manana-miercoles-no-habra-recoleccion-de-residuos-en-la-ciudad-de-trenque-lauquen\/#primaryimage"},"thumbnailUrl":"https:\/\/infoecos.com.ar\/wp-content\/uploads\/2023\/04\/recolectores.png","keywords":["147\u00b0 Aniversario T.Lauquen"],"articleSection":["Noticia Secundaria"],"inLanguage":"es"},{"@type":"WebPage","@id":"https:\/\/infoecos.com.ar\/index.php\/manana-miercoles-no-habra-recoleccion-de-residuos-en-la-ciudad-de-trenque-lauquen\/","url":"https:\/\/infoecos.com.ar\/index.php\/manana-miercoles-no-habra-recoleccion-de-residuos-en-la-ciudad-de-trenque-lauquen\/","name":"Hoy no habr\u00e1 recolecci\u00f3n de residuos en la ciudad de Trenque Lauquen - Infoecos","isPartOf":{"@id":"https:\/\/infoecos.com.ar\/#website"},"primaryImageOfPage":{"@id":"https:\/\/infoecos.com.ar\/index.php\/manana-miercoles-no-habra-recoleccion-de-residuos-en-la-ciudad-de-trenque-lauquen\/#primaryimage"},"image":{"@id":"https:\/\/infoecos.com.ar\/index.php\/manana-miercoles-no-habra-recoleccion-de-residuos-en-la-ciudad-de-trenque-lauquen\/#primaryimage"},"thumbnailUrl":"https:\/\/infoecos.com.ar\/wp-content\/uploads\/2023\/04\/recolectores.png","datePublished":"2023-04-11T02:14:37+00:00","dateModified":"2023-04-12T04:38:43+00:00","breadcrumb":{"@id":"https:\/\/infoecos.com.ar\/index.php\/manana-miercoles-no-habra-recoleccion-de-residuos-en-la-ciudad-de-trenque-lauquen\/#breadcrumb"},"inLanguage":"es","potentialAction":[{"@type":"ReadAction","target":["https:\/\/infoecos.com.ar\/index.php\/manana-miercoles-no-habra-recoleccion-de-residuos-en-la-ciudad-de-trenque-lauquen\/"]}]},{"@type":"ImageObject","inLanguage":"es","@id":"https:\/\/infoecos.com.ar\/index.php\/manana-miercoles-no-habra-recoleccion-de-residuos-en-la-ciudad-de-trenque-lauquen\/#primaryimage","url":"https:\/\/infoecos.com.ar\/wp-content\/uploads\/2023\/04\/recolectores.png","contentUrl":"https:\/\/infoecos.com.ar\/wp-content\/uploads\/2023\/04\/recolectores.png","width":431,"height":242},{"@type":"BreadcrumbList","@id":"https:\/\/infoecos.com.ar\/index.php\/manana-miercoles-no-habra-recoleccion-de-residuos-en-la-ciudad-de-trenque-lauquen\/#breadcrumb","itemListElement":[{"@type":"ListItem","position":1,"name":"Portada","item":"https:\/\/infoecos.com.ar\/"},{"@type":"ListItem","position":2,"name":"Hoy no habr\u00e1 recolecci\u00f3n de residuos en la ciudad de Trenque Lauquen"}]},{"@type":"WebSite","@id":"https:\/\/infoecos.com.ar\/#website","url":"https:\/\/infoecos.com.ar\/","name":"Infoecos","description":"Noticias de trenque lauquen y la zona","publisher":{"@id":"https:\/\/infoecos.com.ar\/#organization"},"alternateName":"Noticias","potentialAction":[{"@type":"SearchAction","target":{"@type":"EntryPoint","urlTemplate":"https:\/\/infoecos.com.ar\/?s={search_term_string}"},"query-input":{"@type":"PropertyValueSpecification","valueRequired":true,"valueName":"search_term_string"}}],"inLanguage":"es"},{"@type":"Organization","@id":"https:\/\/infoecos.com.ar\/#organization","name":"Infoecos","alternateName":"Noticias","url":"https:\/\/infoecos.com.ar\/","logo":{"@type":"ImageObject","inLanguage":"es","@id":"https:\/\/infoecos.com.ar\/#\/schema\/logo\/image\/","url":"https:\/\/infoecos.com.ar\/wp-content\/uploads\/2024\/03\/cropped-logo.png","contentUrl":"https:\/\/infoecos.com.ar\/wp-content\/uploads\/2024\/03\/cropped-logo.png","width":374,"height":90,"caption":"Infoecos"},"image":{"@id":"https:\/\/infoecos.com.ar\/#\/schema\/logo\/image\/"},"sameAs":["https:\/\/www.facebook.com\/profile.php?id=100063200290284","https:\/\/x.com\/infoecos"]},{"@type":"Person","@id":"https:\/\/infoecos.com.ar\/#\/schema\/person\/8f5ace5ce73b4b4aac4b7245aee6f191","name":"Jorge Matheus","url":"https:\/\/infoecos.com.ar\/index.php\/author\/jomatheus\/"}]}},"featured_image_urls":{"full":["https:\/\/infoecos.com.ar\/wp-content\/uploads\/2023\/04\/recolectores.png",431,242,false],"thumbnail":["https:\/\/infoecos.com.ar\/wp-content\/uploads\/2023\/04\/recolectores-300x150.png",300,150,true],"medium":["https:\/\/infoecos.com.ar\/wp-content\/uploads\/2023\/04\/recolectores.png",431,242,false],"medium_large":["https:\/\/infoecos.com.ar\/wp-content\/uploads\/2023\/04\/recolectores.png",431,242,false],"large":["https:\/\/infoecos.com.ar\/wp-content\/uploads\/2023\/04\/recolectores.png",431,242,false],"1536x1536":["https:\/\/infoecos.com.ar\/wp-content\/uploads\/2023\/04\/recolectores.png",431,242,false],"2048x2048":["https:\/\/infoecos.com.ar\/wp-content\/uploads\/2023\/04\/recolectores.png",431,242,false],"covernews-slider-full":["https:\/\/infoecos.com.ar\/wp-content\/uploads\/2023\/04\/recolectores.png",431,242,false],"covernews-slider-center":["https:\/\/infoecos.com.ar\/wp-content\/uploads\/2023\/04\/recolectores.png",431,242,false],"covernews-featured":["https:\/\/infoecos.com.ar\/wp-content\/uploads\/2023\/04\/recolectores.png",431,242,false],"covernews-medium":["https:\/\/infoecos.com.ar\/wp-content\/uploads\/2023\/04\/recolectores.png",431,242,false],"covernews-medium-square":["https:\/\/infoecos.com.ar\/wp-content\/uploads\/2023\/04\/recolectores.png",400,225,false]},"author_info":{"info":["Jorge Matheus"]},"category_info":"<a href=\"https:\/\/infoecos.com.ar\/index.php\/category\/noticia-secundaria\/\" rel=\"category tag\">Noticia Secundaria<\/a>","tag_info":"Noticia Secundaria","comment_count":"0","_links":{"self":[{"href":"https:\/\/infoecos.com.ar\/index.php\/wp-json\/wp\/v2\/posts\/103617"}],"collection":[{"href":"https:\/\/infoecos.com.ar\/index.php\/wp-json\/wp\/v2\/posts"}],"about":[{"href":"https:\/\/infoecos.com.ar\/index.php\/wp-json\/wp\/v2\/types\/post"}],"author":[{"embeddable":true,"href":"https:\/\/infoecos.com.ar\/index.php\/wp-json\/wp\/v2\/users\/2"}],"replies":[{"embeddable":true,"href":"https:\/\/infoecos.com.ar\/index.php\/wp-json\/wp\/v2\/comments?post=103617"}],"version-history":[{"count":2,"href":"https:\/\/infoecos.com.ar\/index.php\/wp-json\/wp\/v2\/posts\/103617\/revisions"}],"predecessor-version":[{"id":103688,"href":"https:\/\/infoecos.com.ar\/index.php\/wp-json\/wp\/v2\/posts\/103617\/revisions\/103688"}],"wp:featuredmedia":[{"embeddable":true,"href":"https:\/\/infoecos.com.ar\/index.php\/wp-json\/wp\/v2\/media\/103618"}],"wp:attachment":[{"href":"https:\/\/infoecos.com.ar\/index.php\/wp-json\/wp\/v2\/media?parent=103617"}],"wp:term":[{"taxonomy":"category","embeddable":true,"href":"https:\/\/infoecos.com.ar\/index.php\/wp-json\/wp\/v2\/categories?post=103617"},{"taxonomy":"post_tag","embeddable":true,"href":"https:\/\/infoecos.com.ar\/index.php\/wp-json\/wp\/v2\/tags?post=103617"}],"curies":[{"name":"wp","href":"https:\/\/api.w.org\/{rel}","templated":true}]}}