{"id":103622,"date":"2023-04-10T23:28:40","date_gmt":"2023-04-11T02:28:40","guid":{"rendered":"https:\/\/infoecos.com.ar\/?p=103622"},"modified":"2023-04-13T03:22:19","modified_gmt":"2023-04-13T06:22:19","slug":"el-programa-de-actividades-en-trenque-lauquen-desde-el-jueves-13-al-domingo-16","status":"publish","type":"post","link":"https:\/\/infoecos.com.ar\/index.php\/el-programa-de-actividades-en-trenque-lauquen-desde-el-jueves-13-al-domingo-16\/","title":{"rendered":"El programa de actividades en Trenque Lauquen, desde el jueves 13 al domingo 16"},"content":{"rendered":"\n<figure class=\"wp-block-image aligncenter size-full\"><img decoding=\"async\" src=\"https:\/\/infoecos.com.ar\/wp-content\/uploads\/10417569_1381759998790474_5632119003776061313_n.jpg\" alt=\"\" class=\"wp-image-16461\"\/><figcaption class=\"wp-element-caption\">Trenque Lauquen &#8211; Motocross<\/figcaption><\/figure>\n\n\n\n<p>.<strong>Jueves 13<\/strong><\/p>\n\n\n\n<p>&#8211; Taller de Telar, a cargo de Raquel Hansen. Inscripciones en la Biblioteca<\/p>\n\n\n\n<p>En la Biblioteca P\u00fablica Rivadavia de 10 a 12. Inscripciones en la Biblioteca.<\/p>\n\n\n\n<p><strong>. Viernes 14<\/strong><\/p>\n\n\n\n<p>-Pr\u00e1ctica de tango \u201cA-braza-dos\u201d, con actuaci\u00f3n musical del D\u00fao Moro-Maiza. Organiza Luna y Misterio.<\/p>\n\n\n\n<p>Desde las 21.30 en Casa de Fuego en San Mart\u00edn 223.-<\/p>\n\n\n\n<p>&#8211; Presentaci\u00f3n de + De lo Mismo &#8211; Mart\u00edn Oliver &#8211; JahCrew y gran cierre con Emmanuel Horvilleur.<\/p>\n\n\n\n<p>Desde las 19 horas en Plaza San Mart\u00edn.<\/p>\n\n\n\n<p>.<strong>S\u00e1bado 15<\/strong><\/p>\n\n\n\n<p>&#8211; Comienzo de la Liga Regional de Newcom.<\/p>\n\n\n\n<p>Desde las 8 en el Polideportivo Municipal.<\/p>\n\n\n\n<p>&#8211; Mixargentino, Campeonato Argentino de Motocross.<\/p>\n\n\n\n<p>Desde las 14 y hasta las 19 en eL Circuito 325.<\/p>\n\n\n\n<p>Acompa\u00f1a la Municipalidad de Trenque Lauquen.<\/p>\n\n\n\n<p>&#8211; Taller de Coro. Abierto a la comunidad. Participan Coro de Ni\u00f1os y Adultos de Beruti, en conjunto con el Coro Juvenil e Infantil de la Escuela Municipal de M\u00fasica.<\/p>\n\n\n\n<p>Desde las 16 en el Cine La Luisa de Beruti<\/p>\n\n\n\n<p>Organizan: Delegaci\u00f3n de Beruti y Municipalidad de Trenque Lauquen.<\/p>\n\n\n\n<p>&#8211; Espect\u00e1culo de circo \u00abRenacer\u00bb. Para toda la familia, a cargo de la Compa\u00f1\u00eda de Circo Bienvenir.<\/p>\n\n\n\n<p>Desde las 18 en Plaza San Mart\u00edn<\/p>\n\n\n\n<p>Organiza la Municipalidad de Trenque Lauquen.<\/p>\n\n\n\n<p>&#8211; Show Musical de Elvio Acu\u00f1a, Banda \u201cLos Diamantes\u201d (de Tres Lomas) y cierre musical de Rodrigo Tapari. Feria de artesanos y patio de comidas.<\/p>\n\n\n\n<p>En Plaza San Mart\u00edn desde las 19<\/p>\n\n\n\n<p>Organiza la Municipalidad de Trenque Lauquen.<\/p>\n\n\n\n<p>.<strong>Domingo 16<\/strong><\/p>\n\n\n\n<p>-Torneo de Bochas Campa\u00f1as al Desierto<\/p>\n\n\n\n<p>A las 9hs en el Club Sarmiento &#8211;<\/p>\n\n\n\n<p>Organiza Sub Comisi\u00f3n de Bochas.<\/p>\n\n\n\n<p>&#8211; Exposici\u00f3n de Autos y Motos, Paseo de artesanos, Patio de comidas, Juegos inflables y Maquillaje infantil. Cantina a cargo de Club Atl\u00e9tico Trenque Lauquen.<\/p>\n\n\n\n<p>Desde las 11 en la Sociedad Rural<\/p>\n\n\n\n<p>Organiza la Municipalidad de Trenque Lauquen.<\/p>\n\n\n\n<p>&#8211; Mixargentino, Campeonato Argentino de Motocross.<\/p>\n\n\n\n<p>A partir de las 12 horas en el Circuito 325<\/p>\n\n\n\n<p>Acompa\u00f1a: Municipalidad de Trenque Lauquen.<\/p>\n\n\n\n<p>&#8211; Gran Desfile Criollo desde el predio ferroviario hasta la Sociedad Rural. Se inicia a las 14.30<\/p>\n\n\n\n<p>&nbsp;Organiza: Municipalidad de Trenque Lauquen.<\/p>\n\n\n\n<p>&#8211; Espect\u00e1culo ecuestre, Escuadra \u201cPampa M\u00eda\u201d de Santa Rosa, con jinetes y bailarines. Destrezas Criollas. Tropillas, a cargo de Rosendo Botte, Marcelo Luengo y Juan Varela. Relator del evento Maxi Parada y acompa\u00f1amiento de Payadores. Presentaci\u00f3n del 31 Poemario, Centro de Escritores Domingo Cicoria.<\/p>\n\n\n\n<p>Desde las 16 en la Sociedad Rural<\/p>\n\n\n\n<p>Organiza: Municipalidad de Trenque Lauquen.<\/p>\n\n\n\n<p>&#8211; Espect\u00e1culo de circo para toda la familia, a cargo de la Compa\u00f1\u00eda de Circo Bienvenir.<\/p>\n\n\n\n<p>A las 17.30 en la Sociedad Rural<\/p>\n\n\n\n<p>Organiza: Municipalidad de Trenque Lauquen.<\/p>\n\n\n\n<p>&#8211; Espect\u00e1culo y Pe\u00f1a Bailable. Los Reyes de la Peluquer\u00eda, Grupo La Llave y cierre musical con el Cuervo Pajon, en formato trio.<\/p>\n\n\n\n<p>Desde las 18.30 en la Sociedad Rural<\/p>\n\n\n\n<p>Organiza: Municipalidad de Trenque Lauquen.<\/p>\n","protected":false},"excerpt":{"rendered":"<p>El domingo 16: Mixargentino, Campeonato Argentino de Motocross. A partir de las 12 horas en el Circuito 325<\/p>\n","protected":false},"author":2,"featured_media":16461,"comment_status":"closed","ping_status":"open","sticky":false,"template":"","format":"standard","meta":{"footnotes":""},"categories":[25],"tags":[7679],"class_list":["post-103622","post","type-post","status-publish","format-standard","has-post-thumbnail","hentry","category-c3nota1","tag-147-anos-de-trenque-lauquen"],"yoast_head":"<!-- This site is optimized with the Yoast SEO plugin v23.4 - https:\/\/yoast.com\/wordpress\/plugins\/seo\/ -->\n<title>El programa de actividades en Trenque Lauquen, desde el jueves 13 al domingo 16 - Infoecos<\/title>\n<meta name=\"robots\" content=\"index, follow, max-snippet:-1, max-image-preview:large, max-video-preview:-1\" \/>\n<link rel=\"canonical\" href=\"https:\/\/infoecos.com.ar\/index.php\/el-programa-de-actividades-en-trenque-lauquen-desde-el-jueves-13-al-domingo-16\/\" \/>\n<meta property=\"og:locale\" content=\"es_ES\" \/>\n<meta property=\"og:type\" content=\"article\" \/>\n<meta property=\"og:title\" content=\"El programa de actividades en Trenque Lauquen, desde el jueves 13 al domingo 16 - Infoecos\" \/>\n<meta property=\"og:description\" content=\"El domingo 16: Mixargentino, Campeonato Argentino de Motocross. A partir de las 12 horas en el Circuito 325\" \/>\n<meta property=\"og:url\" content=\"https:\/\/infoecos.com.ar\/index.php\/el-programa-de-actividades-en-trenque-lauquen-desde-el-jueves-13-al-domingo-16\/\" \/>\n<meta property=\"og:site_name\" content=\"Infoecos\" \/>\n<meta property=\"article:publisher\" content=\"https:\/\/www.facebook.com\/profile.php?id=100063200290284\" \/>\n<meta property=\"article:published_time\" content=\"2023-04-11T02:28:40+00:00\" \/>\n<meta property=\"article:modified_time\" content=\"2023-04-13T06:22:19+00:00\" \/>\n<meta property=\"og:image\" content=\"https:\/\/infoecos.com.ar\/wp-content\/uploads\/10417569_1381759998790474_5632119003776061313_n.jpg\" \/>\n\t<meta property=\"og:image:width\" content=\"480\" \/>\n\t<meta property=\"og:image:height\" content=\"480\" \/>\n\t<meta property=\"og:image:type\" content=\"image\/jpeg\" \/>\n<meta name=\"author\" content=\"Jorge Matheus\" \/>\n<meta name=\"twitter:card\" content=\"summary_large_image\" \/>\n<meta name=\"twitter:creator\" content=\"@infoecos\" \/>\n<meta name=\"twitter:site\" content=\"@infoecos\" \/>\n<meta name=\"twitter:label1\" content=\"Escrito por\" \/>\n\t<meta name=\"twitter:data1\" content=\"Jorge Matheus\" \/>\n\t<meta name=\"twitter:label2\" content=\"Tiempo de lectura\" \/>\n\t<meta name=\"twitter:data2\" content=\"3 minutos\" \/>\n<script type=\"application\/ld+json\" class=\"yoast-schema-graph\">{\"@context\":\"https:\/\/schema.org\",\"@graph\":[{\"@type\":\"Article\",\"@id\":\"https:\/\/infoecos.com.ar\/index.php\/el-programa-de-actividades-en-trenque-lauquen-desde-el-jueves-13-al-domingo-16\/#article\",\"isPartOf\":{\"@id\":\"https:\/\/infoecos.com.ar\/index.php\/el-programa-de-actividades-en-trenque-lauquen-desde-el-jueves-13-al-domingo-16\/\"},\"author\":{\"name\":\"Jorge Matheus\",\"@id\":\"https:\/\/infoecos.com.ar\/#\/schema\/person\/8f5ace5ce73b4b4aac4b7245aee6f191\"},\"headline\":\"El programa de actividades en Trenque Lauquen, desde el jueves 13 al domingo 16\",\"datePublished\":\"2023-04-11T02:28:40+00:00\",\"dateModified\":\"2023-04-13T06:22:19+00:00\",\"mainEntityOfPage\":{\"@id\":\"https:\/\/infoecos.com.ar\/index.php\/el-programa-de-actividades-en-trenque-lauquen-desde-el-jueves-13-al-domingo-16\/\"},\"wordCount\":484,\"publisher\":{\"@id\":\"https:\/\/infoecos.com.ar\/#organization\"},\"image\":{\"@id\":\"https:\/\/infoecos.com.ar\/index.php\/el-programa-de-actividades-en-trenque-lauquen-desde-el-jueves-13-al-domingo-16\/#primaryimage\"},\"thumbnailUrl\":\"\",\"keywords\":[\"147 a\u00f1os de Trenque Lauquen\"],\"articleSection\":[\"C3 N1\"],\"inLanguage\":\"es\"},{\"@type\":\"WebPage\",\"@id\":\"https:\/\/infoecos.com.ar\/index.php\/el-programa-de-actividades-en-trenque-lauquen-desde-el-jueves-13-al-domingo-16\/\",\"url\":\"https:\/\/infoecos.com.ar\/index.php\/el-programa-de-actividades-en-trenque-lauquen-desde-el-jueves-13-al-domingo-16\/\",\"name\":\"El programa de actividades en Trenque Lauquen, desde el jueves 13 al domingo 16 - Infoecos\",\"isPartOf\":{\"@id\":\"https:\/\/infoecos.com.ar\/#website\"},\"primaryImageOfPage\":{\"@id\":\"https:\/\/infoecos.com.ar\/index.php\/el-programa-de-actividades-en-trenque-lauquen-desde-el-jueves-13-al-domingo-16\/#primaryimage\"},\"image\":{\"@id\":\"https:\/\/infoecos.com.ar\/index.php\/el-programa-de-actividades-en-trenque-lauquen-desde-el-jueves-13-al-domingo-16\/#primaryimage\"},\"thumbnailUrl\":\"\",\"datePublished\":\"2023-04-11T02:28:40+00:00\",\"dateModified\":\"2023-04-13T06:22:19+00:00\",\"breadcrumb\":{\"@id\":\"https:\/\/infoecos.com.ar\/index.php\/el-programa-de-actividades-en-trenque-lauquen-desde-el-jueves-13-al-domingo-16\/#breadcrumb\"},\"inLanguage\":\"es\",\"potentialAction\":[{\"@type\":\"ReadAction\",\"target\":[\"https:\/\/infoecos.com.ar\/index.php\/el-programa-de-actividades-en-trenque-lauquen-desde-el-jueves-13-al-domingo-16\/\"]}]},{\"@type\":\"ImageObject\",\"inLanguage\":\"es\",\"@id\":\"https:\/\/infoecos.com.ar\/index.php\/el-programa-de-actividades-en-trenque-lauquen-desde-el-jueves-13-al-domingo-16\/#primaryimage\",\"url\":\"\",\"contentUrl\":\"\"},{\"@type\":\"BreadcrumbList\",\"@id\":\"https:\/\/infoecos.com.ar\/index.php\/el-programa-de-actividades-en-trenque-lauquen-desde-el-jueves-13-al-domingo-16\/#breadcrumb\",\"itemListElement\":[{\"@type\":\"ListItem\",\"position\":1,\"name\":\"Portada\",\"item\":\"https:\/\/infoecos.com.ar\/\"},{\"@type\":\"ListItem\",\"position\":2,\"name\":\"El programa de actividades en Trenque Lauquen, desde el jueves 13 al domingo 16\"}]},{\"@type\":\"WebSite\",\"@id\":\"https:\/\/infoecos.com.ar\/#website\",\"url\":\"https:\/\/infoecos.com.ar\/\",\"name\":\"Infoecos\",\"description\":\"Noticias de trenque lauquen y la zona\",\"publisher\":{\"@id\":\"https:\/\/infoecos.com.ar\/#organization\"},\"alternateName\":\"Noticias\",\"potentialAction\":[{\"@type\":\"SearchAction\",\"target\":{\"@type\":\"EntryPoint\",\"urlTemplate\":\"https:\/\/infoecos.com.ar\/?s={search_term_string}\"},\"query-input\":{\"@type\":\"PropertyValueSpecification\",\"valueRequired\":true,\"valueName\":\"search_term_string\"}}],\"inLanguage\":\"es\"},{\"@type\":\"Organization\",\"@id\":\"https:\/\/infoecos.com.ar\/#organization\",\"name\":\"Infoecos\",\"alternateName\":\"Noticias\",\"url\":\"https:\/\/infoecos.com.ar\/\",\"logo\":{\"@type\":\"ImageObject\",\"inLanguage\":\"es\",\"@id\":\"https:\/\/infoecos.com.ar\/#\/schema\/logo\/image\/\",\"url\":\"https:\/\/infoecos.com.ar\/wp-content\/uploads\/2024\/03\/cropped-logo.png\",\"contentUrl\":\"https:\/\/infoecos.com.ar\/wp-content\/uploads\/2024\/03\/cropped-logo.png\",\"width\":374,\"height\":90,\"caption\":\"Infoecos\"},\"image\":{\"@id\":\"https:\/\/infoecos.com.ar\/#\/schema\/logo\/image\/\"},\"sameAs\":[\"https:\/\/www.facebook.com\/profile.php?id=100063200290284\",\"https:\/\/x.com\/infoecos\"]},{\"@type\":\"Person\",\"@id\":\"https:\/\/infoecos.com.ar\/#\/schema\/person\/8f5ace5ce73b4b4aac4b7245aee6f191\",\"name\":\"Jorge Matheus\",\"url\":\"https:\/\/infoecos.com.ar\/index.php\/author\/jomatheus\/\"}]}<\/script>\n<!-- \/ Yoast SEO plugin. -->","yoast_head_json":{"title":"El programa de actividades en Trenque Lauquen, desde el jueves 13 al domingo 16 - Infoecos","robots":{"index":"index","follow":"follow","max-snippet":"max-snippet:-1","max-image-preview":"max-image-preview:large","max-video-preview":"max-video-preview:-1"},"canonical":"https:\/\/infoecos.com.ar\/index.php\/el-programa-de-actividades-en-trenque-lauquen-desde-el-jueves-13-al-domingo-16\/","og_locale":"es_ES","og_type":"article","og_title":"El programa de actividades en Trenque Lauquen, desde el jueves 13 al domingo 16 - Infoecos","og_description":"El domingo 16: Mixargentino, Campeonato Argentino de Motocross. A partir de las 12 horas en el Circuito 325","og_url":"https:\/\/infoecos.com.ar\/index.php\/el-programa-de-actividades-en-trenque-lauquen-desde-el-jueves-13-al-domingo-16\/","og_site_name":"Infoecos","article_publisher":"https:\/\/www.facebook.com\/profile.php?id=100063200290284","article_published_time":"2023-04-11T02:28:40+00:00","article_modified_time":"2023-04-13T06:22:19+00:00","og_image":[{"width":480,"height":480,"url":"https:\/\/infoecos.com.ar\/wp-content\/uploads\/10417569_1381759998790474_5632119003776061313_n.jpg","type":"image\/jpeg"}],"author":"Jorge Matheus","twitter_card":"summary_large_image","twitter_creator":"@infoecos","twitter_site":"@infoecos","twitter_misc":{"Escrito por":"Jorge Matheus","Tiempo de lectura":"3 minutos"},"schema":{"@context":"https:\/\/schema.org","@graph":[{"@type":"Article","@id":"https:\/\/infoecos.com.ar\/index.php\/el-programa-de-actividades-en-trenque-lauquen-desde-el-jueves-13-al-domingo-16\/#article","isPartOf":{"@id":"https:\/\/infoecos.com.ar\/index.php\/el-programa-de-actividades-en-trenque-lauquen-desde-el-jueves-13-al-domingo-16\/"},"author":{"name":"Jorge Matheus","@id":"https:\/\/infoecos.com.ar\/#\/schema\/person\/8f5ace5ce73b4b4aac4b7245aee6f191"},"headline":"El programa de actividades en Trenque Lauquen, desde el jueves 13 al domingo 16","datePublished":"2023-04-11T02:28:40+00:00","dateModified":"2023-04-13T06:22:19+00:00","mainEntityOfPage":{"@id":"https:\/\/infoecos.com.ar\/index.php\/el-programa-de-actividades-en-trenque-lauquen-desde-el-jueves-13-al-domingo-16\/"},"wordCount":484,"publisher":{"@id":"https:\/\/infoecos.com.ar\/#organization"},"image":{"@id":"https:\/\/infoecos.com.ar\/index.php\/el-programa-de-actividades-en-trenque-lauquen-desde-el-jueves-13-al-domingo-16\/#primaryimage"},"thumbnailUrl":"","keywords":["147 a\u00f1os de Trenque Lauquen"],"articleSection":["C3 N1"],"inLanguage":"es"},{"@type":"WebPage","@id":"https:\/\/infoecos.com.ar\/index.php\/el-programa-de-actividades-en-trenque-lauquen-desde-el-jueves-13-al-domingo-16\/","url":"https:\/\/infoecos.com.ar\/index.php\/el-programa-de-actividades-en-trenque-lauquen-desde-el-jueves-13-al-domingo-16\/","name":"El programa de actividades en Trenque Lauquen, desde el jueves 13 al domingo 16 - Infoecos","isPartOf":{"@id":"https:\/\/infoecos.com.ar\/#website"},"primaryImageOfPage":{"@id":"https:\/\/infoecos.com.ar\/index.php\/el-programa-de-actividades-en-trenque-lauquen-desde-el-jueves-13-al-domingo-16\/#primaryimage"},"image":{"@id":"https:\/\/infoecos.com.ar\/index.php\/el-programa-de-actividades-en-trenque-lauquen-desde-el-jueves-13-al-domingo-16\/#primaryimage"},"thumbnailUrl":"","datePublished":"2023-04-11T02:28:40+00:00","dateModified":"2023-04-13T06:22:19+00:00","breadcrumb":{"@id":"https:\/\/infoecos.com.ar\/index.php\/el-programa-de-actividades-en-trenque-lauquen-desde-el-jueves-13-al-domingo-16\/#breadcrumb"},"inLanguage":"es","potentialAction":[{"@type":"ReadAction","target":["https:\/\/infoecos.com.ar\/index.php\/el-programa-de-actividades-en-trenque-lauquen-desde-el-jueves-13-al-domingo-16\/"]}]},{"@type":"ImageObject","inLanguage":"es","@id":"https:\/\/infoecos.com.ar\/index.php\/el-programa-de-actividades-en-trenque-lauquen-desde-el-jueves-13-al-domingo-16\/#primaryimage","url":"","contentUrl":""},{"@type":"BreadcrumbList","@id":"https:\/\/infoecos.com.ar\/index.php\/el-programa-de-actividades-en-trenque-lauquen-desde-el-jueves-13-al-domingo-16\/#breadcrumb","itemListElement":[{"@type":"ListItem","position":1,"name":"Portada","item":"https:\/\/infoecos.com.ar\/"},{"@type":"ListItem","position":2,"name":"El programa de actividades en Trenque Lauquen, desde el jueves 13 al domingo 16"}]},{"@type":"WebSite","@id":"https:\/\/infoecos.com.ar\/#website","url":"https:\/\/infoecos.com.ar\/","name":"Infoecos","description":"Noticias de trenque lauquen y la zona","publisher":{"@id":"https:\/\/infoecos.com.ar\/#organization"},"alternateName":"Noticias","potentialAction":[{"@type":"SearchAction","target":{"@type":"EntryPoint","urlTemplate":"https:\/\/infoecos.com.ar\/?s={search_term_string}"},"query-input":{"@type":"PropertyValueSpecification","valueRequired":true,"valueName":"search_term_string"}}],"inLanguage":"es"},{"@type":"Organization","@id":"https:\/\/infoecos.com.ar\/#organization","name":"Infoecos","alternateName":"Noticias","url":"https:\/\/infoecos.com.ar\/","logo":{"@type":"ImageObject","inLanguage":"es","@id":"https:\/\/infoecos.com.ar\/#\/schema\/logo\/image\/","url":"https:\/\/infoecos.com.ar\/wp-content\/uploads\/2024\/03\/cropped-logo.png","contentUrl":"https:\/\/infoecos.com.ar\/wp-content\/uploads\/2024\/03\/cropped-logo.png","width":374,"height":90,"caption":"Infoecos"},"image":{"@id":"https:\/\/infoecos.com.ar\/#\/schema\/logo\/image\/"},"sameAs":["https:\/\/www.facebook.com\/profile.php?id=100063200290284","https:\/\/x.com\/infoecos"]},{"@type":"Person","@id":"https:\/\/infoecos.com.ar\/#\/schema\/person\/8f5ace5ce73b4b4aac4b7245aee6f191","name":"Jorge Matheus","url":"https:\/\/infoecos.com.ar\/index.php\/author\/jomatheus\/"}]}},"featured_image_urls":{"full":"","thumbnail":"","medium":"","medium_large":"","large":"","1536x1536":"","2048x2048":"","covernews-slider-full":"","covernews-slider-center":"","covernews-featured":"","covernews-medium":"","covernews-medium-square":""},"author_info":{"info":["Jorge Matheus"]},"category_info":"<a href=\"https:\/\/infoecos.com.ar\/index.php\/category\/c3nota1\/\" rel=\"category tag\">C3 N1<\/a>","tag_info":"C3 N1","comment_count":"0","_links":{"self":[{"href":"https:\/\/infoecos.com.ar\/index.php\/wp-json\/wp\/v2\/posts\/103622"}],"collection":[{"href":"https:\/\/infoecos.com.ar\/index.php\/wp-json\/wp\/v2\/posts"}],"about":[{"href":"https:\/\/infoecos.com.ar\/index.php\/wp-json\/wp\/v2\/types\/post"}],"author":[{"embeddable":true,"href":"https:\/\/infoecos.com.ar\/index.php\/wp-json\/wp\/v2\/users\/2"}],"replies":[{"embeddable":true,"href":"https:\/\/infoecos.com.ar\/index.php\/wp-json\/wp\/v2\/comments?post=103622"}],"version-history":[{"count":1,"href":"https:\/\/infoecos.com.ar\/index.php\/wp-json\/wp\/v2\/posts\/103622\/revisions"}],"predecessor-version":[{"id":103623,"href":"https:\/\/infoecos.com.ar\/index.php\/wp-json\/wp\/v2\/posts\/103622\/revisions\/103623"}],"wp:featuredmedia":[{"embeddable":true,"href":"https:\/\/infoecos.com.ar\/index.php\/wp-json\/"}],"wp:attachment":[{"href":"https:\/\/infoecos.com.ar\/index.php\/wp-json\/wp\/v2\/media?parent=103622"}],"wp:term":[{"taxonomy":"category","embeddable":true,"href":"https:\/\/infoecos.com.ar\/index.php\/wp-json\/wp\/v2\/categories?post=103622"},{"taxonomy":"post_tag","embeddable":true,"href":"https:\/\/infoecos.com.ar\/index.php\/wp-json\/wp\/v2\/tags?post=103622"}],"curies":[{"name":"wp","href":"https:\/\/api.w.org\/{rel}","templated":true}]}}