{"id":103631,"date":"2023-04-10T23:47:52","date_gmt":"2023-04-11T02:47:52","guid":{"rendered":"https:\/\/infoecos.com.ar\/?p=103631"},"modified":"2023-04-10T23:47:53","modified_gmt":"2023-04-11T02:47:53","slug":"numerosas-actividades-se-concretaron-el-domingo-frente-al-palacio-municipal","status":"publish","type":"post","link":"https:\/\/infoecos.com.ar\/index.php\/numerosas-actividades-se-concretaron-el-domingo-frente-al-palacio-municipal\/","title":{"rendered":"Numerosas actividades se concretaron el domingo frente al Palacio Municipal"},"content":{"rendered":"\n<p>Frente al Palacio Municipal, el domingo, se desplegaron numerosas actividades y propuestas en el marco de los festejos por el 147\u00ba aniversario de Trenque Lauquen.<\/p>\n\n\n\n<figure class=\"wp-block-image aligncenter size-large is-resized\"><img loading=\"lazy\" decoding=\"async\" src=\"https:\/\/infoecos.com.ar\/wp-content\/uploads\/2023\/04\/Actividades-en-el-centro-de-la-ciudad-1-1600x900.jpg\" alt=\"\" class=\"wp-image-103632\" width=\"485\" height=\"272\" srcset=\"https:\/\/infoecos.com.ar\/wp-content\/uploads\/2023\/04\/Actividades-en-el-centro-de-la-ciudad-1-1600x900.jpg 1600w, https:\/\/infoecos.com.ar\/wp-content\/uploads\/2023\/04\/Actividades-en-el-centro-de-la-ciudad-1-800x450.jpg 800w, https:\/\/infoecos.com.ar\/wp-content\/uploads\/2023\/04\/Actividades-en-el-centro-de-la-ciudad-1-768x432.jpg 768w, https:\/\/infoecos.com.ar\/wp-content\/uploads\/2023\/04\/Actividades-en-el-centro-de-la-ciudad-1-1536x864.jpg 1536w, https:\/\/infoecos.com.ar\/wp-content\/uploads\/2023\/04\/Actividades-en-el-centro-de-la-ciudad-1-1024x576.jpg 1024w, https:\/\/infoecos.com.ar\/wp-content\/uploads\/2023\/04\/Actividades-en-el-centro-de-la-ciudad-1.jpg 1920w\" sizes=\"(max-width: 485px) 100vw, 485px\" \/><\/figure>\n\n\n\n<p>Las actividades comenzaron a las 16 y se extendieron hasta las 20. A las distintas iniciativas impulsadas por la Municipalidad de Trenque Lauquen, se sum\u00f3 el stand itinerante del programa \u201cBA M\u00e1s Cerca\u201d del \u00e1rea de turismo del Gobierno de la Ciudad Aut\u00f3noma de Buenos Aires.<\/p>\n\n\n\n<figure class=\"wp-block-image aligncenter size-large is-resized\"><img loading=\"lazy\" decoding=\"async\" src=\"https:\/\/infoecos.com.ar\/wp-content\/uploads\/2023\/04\/Actividades-en-el-centro-de-la-ciudad-2-1600x900.jpg\" alt=\"\" class=\"wp-image-103633\" width=\"478\" height=\"269\" srcset=\"https:\/\/infoecos.com.ar\/wp-content\/uploads\/2023\/04\/Actividades-en-el-centro-de-la-ciudad-2-1600x900.jpg 1600w, https:\/\/infoecos.com.ar\/wp-content\/uploads\/2023\/04\/Actividades-en-el-centro-de-la-ciudad-2-800x450.jpg 800w, https:\/\/infoecos.com.ar\/wp-content\/uploads\/2023\/04\/Actividades-en-el-centro-de-la-ciudad-2-768x432.jpg 768w, https:\/\/infoecos.com.ar\/wp-content\/uploads\/2023\/04\/Actividades-en-el-centro-de-la-ciudad-2-1536x864.jpg 1536w, https:\/\/infoecos.com.ar\/wp-content\/uploads\/2023\/04\/Actividades-en-el-centro-de-la-ciudad-2-1024x576.jpg 1024w, https:\/\/infoecos.com.ar\/wp-content\/uploads\/2023\/04\/Actividades-en-el-centro-de-la-ciudad-2.jpg 1920w\" sizes=\"(max-width: 478px) 100vw, 478px\" \/><\/figure>\n\n\n\n<p>En el amplio espacio que tiene como escenario principal la Plaza San Mart\u00edn se encontraban los inflables de Ema Portela, los carritos de comidas y Food Trucks con todas sus variedades y la Pista Vial del \u00e1rea de Protecci\u00f3n Ciudadana municipal, a cargo de Mar\u00eda C\u00f3rdoba, donde muchos ni\u00f1os\/as pudieron participar con sus patines, bicicletas y monopatines propios, y con las bicicletas del municipio.<\/p>\n\n\n\n<figure class=\"wp-block-image aligncenter size-large is-resized\"><img loading=\"lazy\" decoding=\"async\" src=\"https:\/\/infoecos.com.ar\/wp-content\/uploads\/2023\/04\/Actividades-en-el-centro-de-la-ciudad-9-1600x900.jpg\" alt=\"\" class=\"wp-image-103634\" width=\"469\" height=\"263\" srcset=\"https:\/\/infoecos.com.ar\/wp-content\/uploads\/2023\/04\/Actividades-en-el-centro-de-la-ciudad-9-1600x900.jpg 1600w, https:\/\/infoecos.com.ar\/wp-content\/uploads\/2023\/04\/Actividades-en-el-centro-de-la-ciudad-9-800x450.jpg 800w, https:\/\/infoecos.com.ar\/wp-content\/uploads\/2023\/04\/Actividades-en-el-centro-de-la-ciudad-9-768x432.jpg 768w, https:\/\/infoecos.com.ar\/wp-content\/uploads\/2023\/04\/Actividades-en-el-centro-de-la-ciudad-9-1536x864.jpg 1536w, https:\/\/infoecos.com.ar\/wp-content\/uploads\/2023\/04\/Actividades-en-el-centro-de-la-ciudad-9-1024x576.jpg 1024w, https:\/\/infoecos.com.ar\/wp-content\/uploads\/2023\/04\/Actividades-en-el-centro-de-la-ciudad-9.jpg 1920w\" sizes=\"(max-width: 469px) 100vw, 469px\" \/><\/figure>\n\n\n\n<p>El cierre estuvo a cargo de las alumnas de GyMSoul en Motion, de la profesora Soledad Ocampo, que presentaron varias coreograf\u00edas de Reggaeton y la m\u00fasica del DJ Gast\u00f3n Garc\u00eda.<\/p>\n\n\n\n<figure class=\"wp-block-image aligncenter size-large is-resized\"><img loading=\"lazy\" decoding=\"async\" src=\"https:\/\/infoecos.com.ar\/wp-content\/uploads\/2023\/04\/Actividades-en-el-centro-de-la-ciudad-10-1600x900.jpg\" alt=\"\" class=\"wp-image-103635\" width=\"458\" height=\"257\" srcset=\"https:\/\/infoecos.com.ar\/wp-content\/uploads\/2023\/04\/Actividades-en-el-centro-de-la-ciudad-10-1600x900.jpg 1600w, https:\/\/infoecos.com.ar\/wp-content\/uploads\/2023\/04\/Actividades-en-el-centro-de-la-ciudad-10-800x450.jpg 800w, https:\/\/infoecos.com.ar\/wp-content\/uploads\/2023\/04\/Actividades-en-el-centro-de-la-ciudad-10-768x432.jpg 768w, https:\/\/infoecos.com.ar\/wp-content\/uploads\/2023\/04\/Actividades-en-el-centro-de-la-ciudad-10-1536x864.jpg 1536w, https:\/\/infoecos.com.ar\/wp-content\/uploads\/2023\/04\/Actividades-en-el-centro-de-la-ciudad-10-1024x576.jpg 1024w, https:\/\/infoecos.com.ar\/wp-content\/uploads\/2023\/04\/Actividades-en-el-centro-de-la-ciudad-10.jpg 1920w\" sizes=\"(max-width: 458px) 100vw, 458px\" \/><\/figure>\n\n\n\n<p>Las actividades fueron organizadas por la subsecretar\u00eda de Producci\u00f3n y Desarrollo Econ\u00f3mico, a trav\u00e9s de su titular, Alicia Ramudo y Emilia Pacho; Mar\u00eda C\u00f3rdoba del \u00e1rea de Protecci\u00f3n Ciudadana y de la oficina de Promoci\u00f3n Tur\u00edstica, a cargo de Mercedes de Castro.<\/p>\n\n\n\n<figure class=\"wp-block-image aligncenter size-large is-resized\"><img loading=\"lazy\" decoding=\"async\" src=\"https:\/\/infoecos.com.ar\/wp-content\/uploads\/2023\/04\/Actividades-en-el-centro-de-la-ciudad-11-1600x900.jpg\" alt=\"\" class=\"wp-image-103636\" width=\"452\" height=\"254\" srcset=\"https:\/\/infoecos.com.ar\/wp-content\/uploads\/2023\/04\/Actividades-en-el-centro-de-la-ciudad-11-1600x900.jpg 1600w, https:\/\/infoecos.com.ar\/wp-content\/uploads\/2023\/04\/Actividades-en-el-centro-de-la-ciudad-11-800x450.jpg 800w, https:\/\/infoecos.com.ar\/wp-content\/uploads\/2023\/04\/Actividades-en-el-centro-de-la-ciudad-11-768x432.jpg 768w, https:\/\/infoecos.com.ar\/wp-content\/uploads\/2023\/04\/Actividades-en-el-centro-de-la-ciudad-11-1536x864.jpg 1536w, https:\/\/infoecos.com.ar\/wp-content\/uploads\/2023\/04\/Actividades-en-el-centro-de-la-ciudad-11-1024x576.jpg 1024w, https:\/\/infoecos.com.ar\/wp-content\/uploads\/2023\/04\/Actividades-en-el-centro-de-la-ciudad-11.jpg 1920w\" sizes=\"(max-width: 452px) 100vw, 452px\" \/><\/figure>\n\n\n\n<p>En la Plaza San Mart\u00edn se vivi\u00f3 un grato momento cultural con motivo del D\u00eda de la Zamba, en una propuesta impulsada por la Academia de Danzas \u201cSentir Argentino\u201d, que dirige Julio Larrosa<\/p>\n","protected":false},"excerpt":{"rendered":"<p>Las actividades comenzaron a las 16 y se extendieron hasta las 20. A las distintas iniciativas impulsadas por la Municipalidad de Trenque Lauquen, se sum\u00f3 el stand itinerante del programa \u201cBA M\u00e1s Cerca\u201d del \u00e1rea de turismo del Gobierno de la Ciudad Aut\u00f3noma de Buenos Aires<\/p>\n","protected":false},"author":2,"featured_media":103635,"comment_status":"closed","ping_status":"open","sticky":false,"template":"","format":"standard","meta":{"footnotes":""},"categories":[198],"tags":[7661],"class_list":["post-103631","post","type-post","status-publish","format-standard","has-post-thumbnail","hentry","category-c1nota5","tag-147-aniversario-t-lauquen"],"yoast_head":"<!-- This site is optimized with the Yoast SEO plugin v23.4 - https:\/\/yoast.com\/wordpress\/plugins\/seo\/ -->\n<title>Numerosas actividades se concretaron el domingo frente al Palacio Municipal - Infoecos<\/title>\n<meta name=\"robots\" content=\"index, follow, max-snippet:-1, max-image-preview:large, max-video-preview:-1\" \/>\n<link rel=\"canonical\" href=\"https:\/\/infoecos.com.ar\/index.php\/numerosas-actividades-se-concretaron-el-domingo-frente-al-palacio-municipal\/\" \/>\n<meta property=\"og:locale\" content=\"es_ES\" \/>\n<meta property=\"og:type\" content=\"article\" \/>\n<meta property=\"og:title\" content=\"Numerosas actividades se concretaron el domingo frente al Palacio Municipal - Infoecos\" \/>\n<meta property=\"og:description\" content=\"Las actividades comenzaron a las 16 y se extendieron hasta las 20. A las distintas iniciativas impulsadas por la Municipalidad de Trenque Lauquen, se sum\u00f3 el stand itinerante del programa \u201cBA M\u00e1s Cerca\u201d del \u00e1rea de turismo del Gobierno de la Ciudad Aut\u00f3noma de Buenos Aires\" \/>\n<meta property=\"og:url\" content=\"https:\/\/infoecos.com.ar\/index.php\/numerosas-actividades-se-concretaron-el-domingo-frente-al-palacio-municipal\/\" \/>\n<meta property=\"og:site_name\" content=\"Infoecos\" \/>\n<meta property=\"article:publisher\" content=\"https:\/\/www.facebook.com\/profile.php?id=100063200290284\" \/>\n<meta property=\"article:published_time\" content=\"2023-04-11T02:47:52+00:00\" \/>\n<meta property=\"article:modified_time\" content=\"2023-04-11T02:47:53+00:00\" \/>\n<meta property=\"og:image\" content=\"https:\/\/infoecos.com.ar\/wp-content\/uploads\/2023\/04\/Actividades-en-el-centro-de-la-ciudad-10.jpg\" \/>\n\t<meta property=\"og:image:width\" content=\"1920\" \/>\n\t<meta property=\"og:image:height\" content=\"1080\" \/>\n\t<meta property=\"og:image:type\" content=\"image\/jpeg\" \/>\n<meta name=\"author\" content=\"Jorge Matheus\" \/>\n<meta name=\"twitter:card\" content=\"summary_large_image\" \/>\n<meta name=\"twitter:creator\" content=\"@infoecos\" \/>\n<meta name=\"twitter:site\" content=\"@infoecos\" \/>\n<meta name=\"twitter:label1\" content=\"Escrito por\" \/>\n\t<meta name=\"twitter:data1\" content=\"Jorge Matheus\" \/>\n\t<meta name=\"twitter:label2\" content=\"Tiempo de lectura\" \/>\n\t<meta name=\"twitter:data2\" content=\"3 minutos\" \/>\n<script type=\"application\/ld+json\" class=\"yoast-schema-graph\">{\"@context\":\"https:\/\/schema.org\",\"@graph\":[{\"@type\":\"Article\",\"@id\":\"https:\/\/infoecos.com.ar\/index.php\/numerosas-actividades-se-concretaron-el-domingo-frente-al-palacio-municipal\/#article\",\"isPartOf\":{\"@id\":\"https:\/\/infoecos.com.ar\/index.php\/numerosas-actividades-se-concretaron-el-domingo-frente-al-palacio-municipal\/\"},\"author\":{\"name\":\"Jorge Matheus\",\"@id\":\"https:\/\/infoecos.com.ar\/#\/schema\/person\/8f5ace5ce73b4b4aac4b7245aee6f191\"},\"headline\":\"Numerosas actividades se concretaron el domingo frente al Palacio Municipal\",\"datePublished\":\"2023-04-11T02:47:52+00:00\",\"dateModified\":\"2023-04-11T02:47:53+00:00\",\"mainEntityOfPage\":{\"@id\":\"https:\/\/infoecos.com.ar\/index.php\/numerosas-actividades-se-concretaron-el-domingo-frente-al-palacio-municipal\/\"},\"wordCount\":270,\"publisher\":{\"@id\":\"https:\/\/infoecos.com.ar\/#organization\"},\"image\":{\"@id\":\"https:\/\/infoecos.com.ar\/index.php\/numerosas-actividades-se-concretaron-el-domingo-frente-al-palacio-municipal\/#primaryimage\"},\"thumbnailUrl\":\"https:\/\/infoecos.com.ar\/wp-content\/uploads\/2023\/04\/Actividades-en-el-centro-de-la-ciudad-10.jpg\",\"keywords\":[\"147\u00b0 Aniversario T.Lauquen\"],\"articleSection\":[\"C1 nota 5\"],\"inLanguage\":\"es\"},{\"@type\":\"WebPage\",\"@id\":\"https:\/\/infoecos.com.ar\/index.php\/numerosas-actividades-se-concretaron-el-domingo-frente-al-palacio-municipal\/\",\"url\":\"https:\/\/infoecos.com.ar\/index.php\/numerosas-actividades-se-concretaron-el-domingo-frente-al-palacio-municipal\/\",\"name\":\"Numerosas actividades se concretaron el domingo frente al Palacio Municipal - Infoecos\",\"isPartOf\":{\"@id\":\"https:\/\/infoecos.com.ar\/#website\"},\"primaryImageOfPage\":{\"@id\":\"https:\/\/infoecos.com.ar\/index.php\/numerosas-actividades-se-concretaron-el-domingo-frente-al-palacio-municipal\/#primaryimage\"},\"image\":{\"@id\":\"https:\/\/infoecos.com.ar\/index.php\/numerosas-actividades-se-concretaron-el-domingo-frente-al-palacio-municipal\/#primaryimage\"},\"thumbnailUrl\":\"https:\/\/infoecos.com.ar\/wp-content\/uploads\/2023\/04\/Actividades-en-el-centro-de-la-ciudad-10.jpg\",\"datePublished\":\"2023-04-11T02:47:52+00:00\",\"dateModified\":\"2023-04-11T02:47:53+00:00\",\"breadcrumb\":{\"@id\":\"https:\/\/infoecos.com.ar\/index.php\/numerosas-actividades-se-concretaron-el-domingo-frente-al-palacio-municipal\/#breadcrumb\"},\"inLanguage\":\"es\",\"potentialAction\":[{\"@type\":\"ReadAction\",\"target\":[\"https:\/\/infoecos.com.ar\/index.php\/numerosas-actividades-se-concretaron-el-domingo-frente-al-palacio-municipal\/\"]}]},{\"@type\":\"ImageObject\",\"inLanguage\":\"es\",\"@id\":\"https:\/\/infoecos.com.ar\/index.php\/numerosas-actividades-se-concretaron-el-domingo-frente-al-palacio-municipal\/#primaryimage\",\"url\":\"https:\/\/infoecos.com.ar\/wp-content\/uploads\/2023\/04\/Actividades-en-el-centro-de-la-ciudad-10.jpg\",\"contentUrl\":\"https:\/\/infoecos.com.ar\/wp-content\/uploads\/2023\/04\/Actividades-en-el-centro-de-la-ciudad-10.jpg\",\"width\":1920,\"height\":1080},{\"@type\":\"BreadcrumbList\",\"@id\":\"https:\/\/infoecos.com.ar\/index.php\/numerosas-actividades-se-concretaron-el-domingo-frente-al-palacio-municipal\/#breadcrumb\",\"itemListElement\":[{\"@type\":\"ListItem\",\"position\":1,\"name\":\"Portada\",\"item\":\"https:\/\/infoecos.com.ar\/\"},{\"@type\":\"ListItem\",\"position\":2,\"name\":\"Numerosas actividades se concretaron el domingo frente al Palacio Municipal\"}]},{\"@type\":\"WebSite\",\"@id\":\"https:\/\/infoecos.com.ar\/#website\",\"url\":\"https:\/\/infoecos.com.ar\/\",\"name\":\"Infoecos\",\"description\":\"Noticias de trenque lauquen y la zona\",\"publisher\":{\"@id\":\"https:\/\/infoecos.com.ar\/#organization\"},\"alternateName\":\"Noticias\",\"potentialAction\":[{\"@type\":\"SearchAction\",\"target\":{\"@type\":\"EntryPoint\",\"urlTemplate\":\"https:\/\/infoecos.com.ar\/?s={search_term_string}\"},\"query-input\":{\"@type\":\"PropertyValueSpecification\",\"valueRequired\":true,\"valueName\":\"search_term_string\"}}],\"inLanguage\":\"es\"},{\"@type\":\"Organization\",\"@id\":\"https:\/\/infoecos.com.ar\/#organization\",\"name\":\"Infoecos\",\"alternateName\":\"Noticias\",\"url\":\"https:\/\/infoecos.com.ar\/\",\"logo\":{\"@type\":\"ImageObject\",\"inLanguage\":\"es\",\"@id\":\"https:\/\/infoecos.com.ar\/#\/schema\/logo\/image\/\",\"url\":\"https:\/\/infoecos.com.ar\/wp-content\/uploads\/2024\/03\/cropped-logo.png\",\"contentUrl\":\"https:\/\/infoecos.com.ar\/wp-content\/uploads\/2024\/03\/cropped-logo.png\",\"width\":374,\"height\":90,\"caption\":\"Infoecos\"},\"image\":{\"@id\":\"https:\/\/infoecos.com.ar\/#\/schema\/logo\/image\/\"},\"sameAs\":[\"https:\/\/www.facebook.com\/profile.php?id=100063200290284\",\"https:\/\/x.com\/infoecos\"]},{\"@type\":\"Person\",\"@id\":\"https:\/\/infoecos.com.ar\/#\/schema\/person\/8f5ace5ce73b4b4aac4b7245aee6f191\",\"name\":\"Jorge Matheus\",\"url\":\"https:\/\/infoecos.com.ar\/index.php\/author\/jomatheus\/\"}]}<\/script>\n<!-- \/ Yoast SEO plugin. -->","yoast_head_json":{"title":"Numerosas actividades se concretaron el domingo frente al Palacio Municipal - Infoecos","robots":{"index":"index","follow":"follow","max-snippet":"max-snippet:-1","max-image-preview":"max-image-preview:large","max-video-preview":"max-video-preview:-1"},"canonical":"https:\/\/infoecos.com.ar\/index.php\/numerosas-actividades-se-concretaron-el-domingo-frente-al-palacio-municipal\/","og_locale":"es_ES","og_type":"article","og_title":"Numerosas actividades se concretaron el domingo frente al Palacio Municipal - Infoecos","og_description":"Las actividades comenzaron a las 16 y se extendieron hasta las 20. A las distintas iniciativas impulsadas por la Municipalidad de Trenque Lauquen, se sum\u00f3 el stand itinerante del programa \u201cBA M\u00e1s Cerca\u201d del \u00e1rea de turismo del Gobierno de la Ciudad Aut\u00f3noma de Buenos Aires","og_url":"https:\/\/infoecos.com.ar\/index.php\/numerosas-actividades-se-concretaron-el-domingo-frente-al-palacio-municipal\/","og_site_name":"Infoecos","article_publisher":"https:\/\/www.facebook.com\/profile.php?id=100063200290284","article_published_time":"2023-04-11T02:47:52+00:00","article_modified_time":"2023-04-11T02:47:53+00:00","og_image":[{"width":1920,"height":1080,"url":"https:\/\/infoecos.com.ar\/wp-content\/uploads\/2023\/04\/Actividades-en-el-centro-de-la-ciudad-10.jpg","type":"image\/jpeg"}],"author":"Jorge Matheus","twitter_card":"summary_large_image","twitter_creator":"@infoecos","twitter_site":"@infoecos","twitter_misc":{"Escrito por":"Jorge Matheus","Tiempo de lectura":"3 minutos"},"schema":{"@context":"https:\/\/schema.org","@graph":[{"@type":"Article","@id":"https:\/\/infoecos.com.ar\/index.php\/numerosas-actividades-se-concretaron-el-domingo-frente-al-palacio-municipal\/#article","isPartOf":{"@id":"https:\/\/infoecos.com.ar\/index.php\/numerosas-actividades-se-concretaron-el-domingo-frente-al-palacio-municipal\/"},"author":{"name":"Jorge Matheus","@id":"https:\/\/infoecos.com.ar\/#\/schema\/person\/8f5ace5ce73b4b4aac4b7245aee6f191"},"headline":"Numerosas actividades se concretaron el domingo frente al Palacio Municipal","datePublished":"2023-04-11T02:47:52+00:00","dateModified":"2023-04-11T02:47:53+00:00","mainEntityOfPage":{"@id":"https:\/\/infoecos.com.ar\/index.php\/numerosas-actividades-se-concretaron-el-domingo-frente-al-palacio-municipal\/"},"wordCount":270,"publisher":{"@id":"https:\/\/infoecos.com.ar\/#organization"},"image":{"@id":"https:\/\/infoecos.com.ar\/index.php\/numerosas-actividades-se-concretaron-el-domingo-frente-al-palacio-municipal\/#primaryimage"},"thumbnailUrl":"https:\/\/infoecos.com.ar\/wp-content\/uploads\/2023\/04\/Actividades-en-el-centro-de-la-ciudad-10.jpg","keywords":["147\u00b0 Aniversario T.Lauquen"],"articleSection":["C1 nota 5"],"inLanguage":"es"},{"@type":"WebPage","@id":"https:\/\/infoecos.com.ar\/index.php\/numerosas-actividades-se-concretaron-el-domingo-frente-al-palacio-municipal\/","url":"https:\/\/infoecos.com.ar\/index.php\/numerosas-actividades-se-concretaron-el-domingo-frente-al-palacio-municipal\/","name":"Numerosas actividades se concretaron el domingo frente al Palacio Municipal - Infoecos","isPartOf":{"@id":"https:\/\/infoecos.com.ar\/#website"},"primaryImageOfPage":{"@id":"https:\/\/infoecos.com.ar\/index.php\/numerosas-actividades-se-concretaron-el-domingo-frente-al-palacio-municipal\/#primaryimage"},"image":{"@id":"https:\/\/infoecos.com.ar\/index.php\/numerosas-actividades-se-concretaron-el-domingo-frente-al-palacio-municipal\/#primaryimage"},"thumbnailUrl":"https:\/\/infoecos.com.ar\/wp-content\/uploads\/2023\/04\/Actividades-en-el-centro-de-la-ciudad-10.jpg","datePublished":"2023-04-11T02:47:52+00:00","dateModified":"2023-04-11T02:47:53+00:00","breadcrumb":{"@id":"https:\/\/infoecos.com.ar\/index.php\/numerosas-actividades-se-concretaron-el-domingo-frente-al-palacio-municipal\/#breadcrumb"},"inLanguage":"es","potentialAction":[{"@type":"ReadAction","target":["https:\/\/infoecos.com.ar\/index.php\/numerosas-actividades-se-concretaron-el-domingo-frente-al-palacio-municipal\/"]}]},{"@type":"ImageObject","inLanguage":"es","@id":"https:\/\/infoecos.com.ar\/index.php\/numerosas-actividades-se-concretaron-el-domingo-frente-al-palacio-municipal\/#primaryimage","url":"https:\/\/infoecos.com.ar\/wp-content\/uploads\/2023\/04\/Actividades-en-el-centro-de-la-ciudad-10.jpg","contentUrl":"https:\/\/infoecos.com.ar\/wp-content\/uploads\/2023\/04\/Actividades-en-el-centro-de-la-ciudad-10.jpg","width":1920,"height":1080},{"@type":"BreadcrumbList","@id":"https:\/\/infoecos.com.ar\/index.php\/numerosas-actividades-se-concretaron-el-domingo-frente-al-palacio-municipal\/#breadcrumb","itemListElement":[{"@type":"ListItem","position":1,"name":"Portada","item":"https:\/\/infoecos.com.ar\/"},{"@type":"ListItem","position":2,"name":"Numerosas actividades se concretaron el domingo frente al Palacio Municipal"}]},{"@type":"WebSite","@id":"https:\/\/infoecos.com.ar\/#website","url":"https:\/\/infoecos.com.ar\/","name":"Infoecos","description":"Noticias de trenque lauquen y la zona","publisher":{"@id":"https:\/\/infoecos.com.ar\/#organization"},"alternateName":"Noticias","potentialAction":[{"@type":"SearchAction","target":{"@type":"EntryPoint","urlTemplate":"https:\/\/infoecos.com.ar\/?s={search_term_string}"},"query-input":{"@type":"PropertyValueSpecification","valueRequired":true,"valueName":"search_term_string"}}],"inLanguage":"es"},{"@type":"Organization","@id":"https:\/\/infoecos.com.ar\/#organization","name":"Infoecos","alternateName":"Noticias","url":"https:\/\/infoecos.com.ar\/","logo":{"@type":"ImageObject","inLanguage":"es","@id":"https:\/\/infoecos.com.ar\/#\/schema\/logo\/image\/","url":"https:\/\/infoecos.com.ar\/wp-content\/uploads\/2024\/03\/cropped-logo.png","contentUrl":"https:\/\/infoecos.com.ar\/wp-content\/uploads\/2024\/03\/cropped-logo.png","width":374,"height":90,"caption":"Infoecos"},"image":{"@id":"https:\/\/infoecos.com.ar\/#\/schema\/logo\/image\/"},"sameAs":["https:\/\/www.facebook.com\/profile.php?id=100063200290284","https:\/\/x.com\/infoecos"]},{"@type":"Person","@id":"https:\/\/infoecos.com.ar\/#\/schema\/person\/8f5ace5ce73b4b4aac4b7245aee6f191","name":"Jorge Matheus","url":"https:\/\/infoecos.com.ar\/index.php\/author\/jomatheus\/"}]}},"featured_image_urls":{"full":["https:\/\/infoecos.com.ar\/wp-content\/uploads\/2023\/04\/Actividades-en-el-centro-de-la-ciudad-10.jpg",1920,1080,false],"thumbnail":["https:\/\/infoecos.com.ar\/wp-content\/uploads\/2023\/04\/Actividades-en-el-centro-de-la-ciudad-10-300x150.jpg",300,150,true],"medium":["https:\/\/infoecos.com.ar\/wp-content\/uploads\/2023\/04\/Actividades-en-el-centro-de-la-ciudad-10-800x450.jpg",800,450,true],"medium_large":["https:\/\/infoecos.com.ar\/wp-content\/uploads\/2023\/04\/Actividades-en-el-centro-de-la-ciudad-10-768x432.jpg",640,360,true],"large":["https:\/\/infoecos.com.ar\/wp-content\/uploads\/2023\/04\/Actividades-en-el-centro-de-la-ciudad-10-1600x900.jpg",640,360,true],"1536x1536":["https:\/\/infoecos.com.ar\/wp-content\/uploads\/2023\/04\/Actividades-en-el-centro-de-la-ciudad-10-1536x864.jpg",1536,864,true],"2048x2048":["https:\/\/infoecos.com.ar\/wp-content\/uploads\/2023\/04\/Actividades-en-el-centro-de-la-ciudad-10.jpg",1920,1080,false],"covernews-slider-full":["https:\/\/infoecos.com.ar\/wp-content\/uploads\/2023\/04\/Actividades-en-el-centro-de-la-ciudad-10-1536x1020.jpg",1077,715,true],"covernews-slider-center":["https:\/\/infoecos.com.ar\/wp-content\/uploads\/2023\/04\/Actividades-en-el-centro-de-la-ciudad-10-936x897.jpg",522,500,true],"covernews-featured":["https:\/\/infoecos.com.ar\/wp-content\/uploads\/2023\/04\/Actividades-en-el-centro-de-la-ciudad-10-1024x576.jpg",1024,576,true],"covernews-medium":["https:\/\/infoecos.com.ar\/wp-content\/uploads\/2023\/04\/Actividades-en-el-centro-de-la-ciudad-10-720x380.jpg",540,285,true],"covernews-medium-square":["https:\/\/infoecos.com.ar\/wp-content\/uploads\/2023\/04\/Actividades-en-el-centro-de-la-ciudad-10-675x450.jpg",375,250,true]},"author_info":{"info":["Jorge Matheus"]},"category_info":"<a href=\"https:\/\/infoecos.com.ar\/index.php\/category\/c1nota5\/\" rel=\"category tag\">C1 nota 5<\/a>","tag_info":"C1 nota 5","comment_count":"0","_links":{"self":[{"href":"https:\/\/infoecos.com.ar\/index.php\/wp-json\/wp\/v2\/posts\/103631"}],"collection":[{"href":"https:\/\/infoecos.com.ar\/index.php\/wp-json\/wp\/v2\/posts"}],"about":[{"href":"https:\/\/infoecos.com.ar\/index.php\/wp-json\/wp\/v2\/types\/post"}],"author":[{"embeddable":true,"href":"https:\/\/infoecos.com.ar\/index.php\/wp-json\/wp\/v2\/users\/2"}],"replies":[{"embeddable":true,"href":"https:\/\/infoecos.com.ar\/index.php\/wp-json\/wp\/v2\/comments?post=103631"}],"version-history":[{"count":1,"href":"https:\/\/infoecos.com.ar\/index.php\/wp-json\/wp\/v2\/posts\/103631\/revisions"}],"predecessor-version":[{"id":103637,"href":"https:\/\/infoecos.com.ar\/index.php\/wp-json\/wp\/v2\/posts\/103631\/revisions\/103637"}],"wp:featuredmedia":[{"embeddable":true,"href":"https:\/\/infoecos.com.ar\/index.php\/wp-json\/wp\/v2\/media\/103635"}],"wp:attachment":[{"href":"https:\/\/infoecos.com.ar\/index.php\/wp-json\/wp\/v2\/media?parent=103631"}],"wp:term":[{"taxonomy":"category","embeddable":true,"href":"https:\/\/infoecos.com.ar\/index.php\/wp-json\/wp\/v2\/categories?post=103631"},{"taxonomy":"post_tag","embeddable":true,"href":"https:\/\/infoecos.com.ar\/index.php\/wp-json\/wp\/v2\/tags?post=103631"}],"curies":[{"name":"wp","href":"https:\/\/api.w.org\/{rel}","templated":true}]}}