{"id":103650,"date":"2023-04-11T01:18:20","date_gmt":"2023-04-11T04:18:20","guid":{"rendered":"https:\/\/infoecos.com.ar\/?p=103650"},"modified":"2023-04-11T01:18:21","modified_gmt":"2023-04-11T04:18:21","slug":"una-de-las-abuelas-de-benjamin-novoa-publico-una-sentida-carta-en-quejas-trenque-lauquen","status":"publish","type":"post","link":"https:\/\/infoecos.com.ar\/index.php\/una-de-las-abuelas-de-benjamin-novoa-publico-una-sentida-carta-en-quejas-trenque-lauquen\/","title":{"rendered":"Una de las abuelas de Benjam\u00edn Novoa, public\u00f3 una sentida carta en Quejas Trenque Lauquen"},"content":{"rendered":"\n<p>La abuela de Benjam\u00edn Novoa, fallecido el viernes por muerte s\u00fabita en oportunidad del partido de divisiones inferiores Tres Llantas y Las Guasquitas Deportes, Sandra Toledo public\u00f3 una carta en el reconocido sitio QUEJAS TRENQUE LAUQUEN. En la misma desgrana su tristeza, pero destaca la actitud de muchas personas que colaboraron en el momento dif\u00edcil vivido. <\/p>\n\n\n\n<figure class=\"wp-block-image aligncenter size-full is-resized\"><img loading=\"lazy\" decoding=\"async\" src=\"https:\/\/infoecos.com.ar\/wp-content\/uploads\/2023\/04\/novoab.jpg\" alt=\"\" class=\"wp-image-103651\" width=\"360\" height=\"475\"\/><figcaption class=\"wp-element-caption\">Foto de Benjam\u00edn Novoa publicada en Quejas<\/figcaption><\/figure>\n\n\n\n<p><strong>El texto (sin haber establecido comunicaci\u00f3n alguna con Sandra, pero interpretando que el tema sigue sobre el tapete y vale seguirlo):<\/strong><\/p>\n\n\n\n<p><em>Quiero dar un agradecimiento !! Al hospital municipal Pedro t Orellana por todo el esfuerzo que hicieron para salvar a mi nieto Benjam\u00edn, al grupo de doctores y enfermeras, gracias por intentar hasta lo \u00faltimo para salvarlo <img loading=\"lazy\" decoding=\"async\" height=\"16\" width=\"16\" src=\"https:\/\/static.xx.fbcdn.net\/images\/emoji.php\/v9\/tca\/1.5\/16\/1f614.png\" alt=\"&#x1f614;\"> a todo el cuerpo t\u00e9cnico de Tres Llantas encabezado por su entrenador Pela !. A todos sus compa\u00f1eros de f\u00fatbol que jugaban con \u00e9l y otros del los otros equipos, Pap\u00e1s, Mam\u00e1s de sus compa\u00f1eros, gente del club Atl\u00e9tico donde jug\u00f3 el a\u00f1o pasado, amigos, familiares vecinos, conocidos, hermanos cristianos y chicas del f\u00fatbol femenino que se sumaron a la despedida con aplausos, mucha gente se sum\u00f3 ! <\/em><\/p>\n\n\n\n<p><em>Muchas gracias a todos!!. Los que estuvieron desde el primer momento en la guardia con nosotros acompa\u00f1ando en ese dif\u00edcil momento <img loading=\"lazy\" decoding=\"async\" height=\"16\" width=\"16\" src=\"https:\/\/static.xx.fbcdn.net\/images\/emoji.php\/v9\/tca\/1.5\/16\/1f614.png\" alt=\"&#x1f614;\"> y los que fueron a despedirlo y acompa\u00f1ar hasta su morada final!! Gracias a todos !. De parte de toda la familia Acu\u00f1a!. Nos sentimos muy acompa\u00f1ados realmente. EDra muy querido, mi nietito. Sembr\u00f3 una buena semilla. \u00c9l era un \u00c1ngel, aqu\u00ed en la tierra ! Y parti\u00f3 a la presencia del Se\u00f1or en paz, y haciendo lo que amaba que era jugar al f\u00fatbol !!<\/em><\/p>\n","protected":false},"excerpt":{"rendered":"<p>El texto (sin haber establecido comunicaci\u00f3n alguna con Sandra, pero interpretando que el tema sigue sobre el tapete y vale seguirlo)<\/p>\n","protected":false},"author":2,"featured_media":103651,"comment_status":"closed","ping_status":"open","sticky":false,"template":"","format":"standard","meta":{"footnotes":""},"categories":[45],"tags":[7662],"class_list":["post-103650","post","type-post","status-publish","format-standard","has-post-thumbnail","hentry","category-c1nota2","tag-por-la-muerte-de-su-nieto"],"yoast_head":"<!-- This site is optimized with the Yoast SEO plugin v23.4 - https:\/\/yoast.com\/wordpress\/plugins\/seo\/ -->\n<title>Una de las abuelas de Benjam\u00edn Novoa, public\u00f3 una sentida carta en Quejas Trenque Lauquen - Infoecos<\/title>\n<meta name=\"robots\" content=\"index, follow, max-snippet:-1, max-image-preview:large, max-video-preview:-1\" \/>\n<link rel=\"canonical\" href=\"https:\/\/infoecos.com.ar\/index.php\/una-de-las-abuelas-de-benjamin-novoa-publico-una-sentida-carta-en-quejas-trenque-lauquen\/\" \/>\n<meta property=\"og:locale\" content=\"es_ES\" \/>\n<meta property=\"og:type\" content=\"article\" \/>\n<meta property=\"og:title\" content=\"Una de las abuelas de Benjam\u00edn Novoa, public\u00f3 una sentida carta en Quejas Trenque Lauquen - Infoecos\" \/>\n<meta property=\"og:description\" content=\"El texto (sin haber establecido comunicaci\u00f3n alguna con Sandra, pero interpretando que el tema sigue sobre el tapete y vale seguirlo)\" \/>\n<meta property=\"og:url\" content=\"https:\/\/infoecos.com.ar\/index.php\/una-de-las-abuelas-de-benjamin-novoa-publico-una-sentida-carta-en-quejas-trenque-lauquen\/\" \/>\n<meta property=\"og:site_name\" content=\"Infoecos\" \/>\n<meta property=\"article:publisher\" content=\"https:\/\/www.facebook.com\/profile.php?id=100063200290284\" \/>\n<meta property=\"article:published_time\" content=\"2023-04-11T04:18:20+00:00\" \/>\n<meta property=\"article:modified_time\" content=\"2023-04-11T04:18:21+00:00\" \/>\n<meta property=\"og:image\" content=\"https:\/\/infoecos.com.ar\/wp-content\/uploads\/2023\/04\/novoab.jpg\" \/>\n\t<meta property=\"og:image:width\" content=\"495\" \/>\n\t<meta property=\"og:image:height\" content=\"653\" \/>\n\t<meta property=\"og:image:type\" content=\"image\/jpeg\" \/>\n<meta name=\"author\" content=\"Jorge Matheus\" \/>\n<meta name=\"twitter:card\" content=\"summary_large_image\" \/>\n<meta name=\"twitter:creator\" content=\"@infoecos\" \/>\n<meta name=\"twitter:site\" content=\"@infoecos\" \/>\n<meta name=\"twitter:label1\" content=\"Escrito por\" \/>\n\t<meta name=\"twitter:data1\" content=\"Jorge Matheus\" \/>\n\t<meta name=\"twitter:label2\" content=\"Tiempo de lectura\" \/>\n\t<meta name=\"twitter:data2\" content=\"2 minutos\" \/>\n<script type=\"application\/ld+json\" class=\"yoast-schema-graph\">{\"@context\":\"https:\/\/schema.org\",\"@graph\":[{\"@type\":\"Article\",\"@id\":\"https:\/\/infoecos.com.ar\/index.php\/una-de-las-abuelas-de-benjamin-novoa-publico-una-sentida-carta-en-quejas-trenque-lauquen\/#article\",\"isPartOf\":{\"@id\":\"https:\/\/infoecos.com.ar\/index.php\/una-de-las-abuelas-de-benjamin-novoa-publico-una-sentida-carta-en-quejas-trenque-lauquen\/\"},\"author\":{\"name\":\"Jorge Matheus\",\"@id\":\"https:\/\/infoecos.com.ar\/#\/schema\/person\/8f5ace5ce73b4b4aac4b7245aee6f191\"},\"headline\":\"Una de las abuelas de Benjam\u00edn Novoa, public\u00f3 una sentida carta en Quejas Trenque Lauquen\",\"datePublished\":\"2023-04-11T04:18:20+00:00\",\"dateModified\":\"2023-04-11T04:18:21+00:00\",\"mainEntityOfPage\":{\"@id\":\"https:\/\/infoecos.com.ar\/index.php\/una-de-las-abuelas-de-benjamin-novoa-publico-una-sentida-carta-en-quejas-trenque-lauquen\/\"},\"wordCount\":308,\"publisher\":{\"@id\":\"https:\/\/infoecos.com.ar\/#organization\"},\"image\":{\"@id\":\"https:\/\/infoecos.com.ar\/index.php\/una-de-las-abuelas-de-benjamin-novoa-publico-una-sentida-carta-en-quejas-trenque-lauquen\/#primaryimage\"},\"thumbnailUrl\":\"https:\/\/infoecos.com.ar\/wp-content\/uploads\/2023\/04\/novoab.jpg\",\"keywords\":[\"POR LA MUERTE DE SU NIETO\"],\"articleSection\":[\"C1 N2\"],\"inLanguage\":\"es\"},{\"@type\":\"WebPage\",\"@id\":\"https:\/\/infoecos.com.ar\/index.php\/una-de-las-abuelas-de-benjamin-novoa-publico-una-sentida-carta-en-quejas-trenque-lauquen\/\",\"url\":\"https:\/\/infoecos.com.ar\/index.php\/una-de-las-abuelas-de-benjamin-novoa-publico-una-sentida-carta-en-quejas-trenque-lauquen\/\",\"name\":\"Una de las abuelas de Benjam\u00edn Novoa, public\u00f3 una sentida carta en Quejas Trenque Lauquen - Infoecos\",\"isPartOf\":{\"@id\":\"https:\/\/infoecos.com.ar\/#website\"},\"primaryImageOfPage\":{\"@id\":\"https:\/\/infoecos.com.ar\/index.php\/una-de-las-abuelas-de-benjamin-novoa-publico-una-sentida-carta-en-quejas-trenque-lauquen\/#primaryimage\"},\"image\":{\"@id\":\"https:\/\/infoecos.com.ar\/index.php\/una-de-las-abuelas-de-benjamin-novoa-publico-una-sentida-carta-en-quejas-trenque-lauquen\/#primaryimage\"},\"thumbnailUrl\":\"https:\/\/infoecos.com.ar\/wp-content\/uploads\/2023\/04\/novoab.jpg\",\"datePublished\":\"2023-04-11T04:18:20+00:00\",\"dateModified\":\"2023-04-11T04:18:21+00:00\",\"breadcrumb\":{\"@id\":\"https:\/\/infoecos.com.ar\/index.php\/una-de-las-abuelas-de-benjamin-novoa-publico-una-sentida-carta-en-quejas-trenque-lauquen\/#breadcrumb\"},\"inLanguage\":\"es\",\"potentialAction\":[{\"@type\":\"ReadAction\",\"target\":[\"https:\/\/infoecos.com.ar\/index.php\/una-de-las-abuelas-de-benjamin-novoa-publico-una-sentida-carta-en-quejas-trenque-lauquen\/\"]}]},{\"@type\":\"ImageObject\",\"inLanguage\":\"es\",\"@id\":\"https:\/\/infoecos.com.ar\/index.php\/una-de-las-abuelas-de-benjamin-novoa-publico-una-sentida-carta-en-quejas-trenque-lauquen\/#primaryimage\",\"url\":\"https:\/\/infoecos.com.ar\/wp-content\/uploads\/2023\/04\/novoab.jpg\",\"contentUrl\":\"https:\/\/infoecos.com.ar\/wp-content\/uploads\/2023\/04\/novoab.jpg\",\"width\":495,\"height\":653},{\"@type\":\"BreadcrumbList\",\"@id\":\"https:\/\/infoecos.com.ar\/index.php\/una-de-las-abuelas-de-benjamin-novoa-publico-una-sentida-carta-en-quejas-trenque-lauquen\/#breadcrumb\",\"itemListElement\":[{\"@type\":\"ListItem\",\"position\":1,\"name\":\"Portada\",\"item\":\"https:\/\/infoecos.com.ar\/\"},{\"@type\":\"ListItem\",\"position\":2,\"name\":\"Una de las abuelas de Benjam\u00edn Novoa, public\u00f3 una sentida carta en Quejas Trenque Lauquen\"}]},{\"@type\":\"WebSite\",\"@id\":\"https:\/\/infoecos.com.ar\/#website\",\"url\":\"https:\/\/infoecos.com.ar\/\",\"name\":\"Infoecos\",\"description\":\"Noticias de trenque lauquen y la zona\",\"publisher\":{\"@id\":\"https:\/\/infoecos.com.ar\/#organization\"},\"alternateName\":\"Noticias\",\"potentialAction\":[{\"@type\":\"SearchAction\",\"target\":{\"@type\":\"EntryPoint\",\"urlTemplate\":\"https:\/\/infoecos.com.ar\/?s={search_term_string}\"},\"query-input\":{\"@type\":\"PropertyValueSpecification\",\"valueRequired\":true,\"valueName\":\"search_term_string\"}}],\"inLanguage\":\"es\"},{\"@type\":\"Organization\",\"@id\":\"https:\/\/infoecos.com.ar\/#organization\",\"name\":\"Infoecos\",\"alternateName\":\"Noticias\",\"url\":\"https:\/\/infoecos.com.ar\/\",\"logo\":{\"@type\":\"ImageObject\",\"inLanguage\":\"es\",\"@id\":\"https:\/\/infoecos.com.ar\/#\/schema\/logo\/image\/\",\"url\":\"https:\/\/infoecos.com.ar\/wp-content\/uploads\/2024\/03\/cropped-logo.png\",\"contentUrl\":\"https:\/\/infoecos.com.ar\/wp-content\/uploads\/2024\/03\/cropped-logo.png\",\"width\":374,\"height\":90,\"caption\":\"Infoecos\"},\"image\":{\"@id\":\"https:\/\/infoecos.com.ar\/#\/schema\/logo\/image\/\"},\"sameAs\":[\"https:\/\/www.facebook.com\/profile.php?id=100063200290284\",\"https:\/\/x.com\/infoecos\"]},{\"@type\":\"Person\",\"@id\":\"https:\/\/infoecos.com.ar\/#\/schema\/person\/8f5ace5ce73b4b4aac4b7245aee6f191\",\"name\":\"Jorge Matheus\",\"url\":\"https:\/\/infoecos.com.ar\/index.php\/author\/jomatheus\/\"}]}<\/script>\n<!-- \/ Yoast SEO plugin. -->","yoast_head_json":{"title":"Una de las abuelas de Benjam\u00edn Novoa, public\u00f3 una sentida carta en Quejas Trenque Lauquen - Infoecos","robots":{"index":"index","follow":"follow","max-snippet":"max-snippet:-1","max-image-preview":"max-image-preview:large","max-video-preview":"max-video-preview:-1"},"canonical":"https:\/\/infoecos.com.ar\/index.php\/una-de-las-abuelas-de-benjamin-novoa-publico-una-sentida-carta-en-quejas-trenque-lauquen\/","og_locale":"es_ES","og_type":"article","og_title":"Una de las abuelas de Benjam\u00edn Novoa, public\u00f3 una sentida carta en Quejas Trenque Lauquen - Infoecos","og_description":"El texto (sin haber establecido comunicaci\u00f3n alguna con Sandra, pero interpretando que el tema sigue sobre el tapete y vale seguirlo)","og_url":"https:\/\/infoecos.com.ar\/index.php\/una-de-las-abuelas-de-benjamin-novoa-publico-una-sentida-carta-en-quejas-trenque-lauquen\/","og_site_name":"Infoecos","article_publisher":"https:\/\/www.facebook.com\/profile.php?id=100063200290284","article_published_time":"2023-04-11T04:18:20+00:00","article_modified_time":"2023-04-11T04:18:21+00:00","og_image":[{"width":495,"height":653,"url":"https:\/\/infoecos.com.ar\/wp-content\/uploads\/2023\/04\/novoab.jpg","type":"image\/jpeg"}],"author":"Jorge Matheus","twitter_card":"summary_large_image","twitter_creator":"@infoecos","twitter_site":"@infoecos","twitter_misc":{"Escrito por":"Jorge Matheus","Tiempo de lectura":"2 minutos"},"schema":{"@context":"https:\/\/schema.org","@graph":[{"@type":"Article","@id":"https:\/\/infoecos.com.ar\/index.php\/una-de-las-abuelas-de-benjamin-novoa-publico-una-sentida-carta-en-quejas-trenque-lauquen\/#article","isPartOf":{"@id":"https:\/\/infoecos.com.ar\/index.php\/una-de-las-abuelas-de-benjamin-novoa-publico-una-sentida-carta-en-quejas-trenque-lauquen\/"},"author":{"name":"Jorge Matheus","@id":"https:\/\/infoecos.com.ar\/#\/schema\/person\/8f5ace5ce73b4b4aac4b7245aee6f191"},"headline":"Una de las abuelas de Benjam\u00edn Novoa, public\u00f3 una sentida carta en Quejas Trenque Lauquen","datePublished":"2023-04-11T04:18:20+00:00","dateModified":"2023-04-11T04:18:21+00:00","mainEntityOfPage":{"@id":"https:\/\/infoecos.com.ar\/index.php\/una-de-las-abuelas-de-benjamin-novoa-publico-una-sentida-carta-en-quejas-trenque-lauquen\/"},"wordCount":308,"publisher":{"@id":"https:\/\/infoecos.com.ar\/#organization"},"image":{"@id":"https:\/\/infoecos.com.ar\/index.php\/una-de-las-abuelas-de-benjamin-novoa-publico-una-sentida-carta-en-quejas-trenque-lauquen\/#primaryimage"},"thumbnailUrl":"https:\/\/infoecos.com.ar\/wp-content\/uploads\/2023\/04\/novoab.jpg","keywords":["POR LA MUERTE DE SU NIETO"],"articleSection":["C1 N2"],"inLanguage":"es"},{"@type":"WebPage","@id":"https:\/\/infoecos.com.ar\/index.php\/una-de-las-abuelas-de-benjamin-novoa-publico-una-sentida-carta-en-quejas-trenque-lauquen\/","url":"https:\/\/infoecos.com.ar\/index.php\/una-de-las-abuelas-de-benjamin-novoa-publico-una-sentida-carta-en-quejas-trenque-lauquen\/","name":"Una de las abuelas de Benjam\u00edn Novoa, public\u00f3 una sentida carta en Quejas Trenque Lauquen - Infoecos","isPartOf":{"@id":"https:\/\/infoecos.com.ar\/#website"},"primaryImageOfPage":{"@id":"https:\/\/infoecos.com.ar\/index.php\/una-de-las-abuelas-de-benjamin-novoa-publico-una-sentida-carta-en-quejas-trenque-lauquen\/#primaryimage"},"image":{"@id":"https:\/\/infoecos.com.ar\/index.php\/una-de-las-abuelas-de-benjamin-novoa-publico-una-sentida-carta-en-quejas-trenque-lauquen\/#primaryimage"},"thumbnailUrl":"https:\/\/infoecos.com.ar\/wp-content\/uploads\/2023\/04\/novoab.jpg","datePublished":"2023-04-11T04:18:20+00:00","dateModified":"2023-04-11T04:18:21+00:00","breadcrumb":{"@id":"https:\/\/infoecos.com.ar\/index.php\/una-de-las-abuelas-de-benjamin-novoa-publico-una-sentida-carta-en-quejas-trenque-lauquen\/#breadcrumb"},"inLanguage":"es","potentialAction":[{"@type":"ReadAction","target":["https:\/\/infoecos.com.ar\/index.php\/una-de-las-abuelas-de-benjamin-novoa-publico-una-sentida-carta-en-quejas-trenque-lauquen\/"]}]},{"@type":"ImageObject","inLanguage":"es","@id":"https:\/\/infoecos.com.ar\/index.php\/una-de-las-abuelas-de-benjamin-novoa-publico-una-sentida-carta-en-quejas-trenque-lauquen\/#primaryimage","url":"https:\/\/infoecos.com.ar\/wp-content\/uploads\/2023\/04\/novoab.jpg","contentUrl":"https:\/\/infoecos.com.ar\/wp-content\/uploads\/2023\/04\/novoab.jpg","width":495,"height":653},{"@type":"BreadcrumbList","@id":"https:\/\/infoecos.com.ar\/index.php\/una-de-las-abuelas-de-benjamin-novoa-publico-una-sentida-carta-en-quejas-trenque-lauquen\/#breadcrumb","itemListElement":[{"@type":"ListItem","position":1,"name":"Portada","item":"https:\/\/infoecos.com.ar\/"},{"@type":"ListItem","position":2,"name":"Una de las abuelas de Benjam\u00edn Novoa, public\u00f3 una sentida carta en Quejas Trenque Lauquen"}]},{"@type":"WebSite","@id":"https:\/\/infoecos.com.ar\/#website","url":"https:\/\/infoecos.com.ar\/","name":"Infoecos","description":"Noticias de trenque lauquen y la zona","publisher":{"@id":"https:\/\/infoecos.com.ar\/#organization"},"alternateName":"Noticias","potentialAction":[{"@type":"SearchAction","target":{"@type":"EntryPoint","urlTemplate":"https:\/\/infoecos.com.ar\/?s={search_term_string}"},"query-input":{"@type":"PropertyValueSpecification","valueRequired":true,"valueName":"search_term_string"}}],"inLanguage":"es"},{"@type":"Organization","@id":"https:\/\/infoecos.com.ar\/#organization","name":"Infoecos","alternateName":"Noticias","url":"https:\/\/infoecos.com.ar\/","logo":{"@type":"ImageObject","inLanguage":"es","@id":"https:\/\/infoecos.com.ar\/#\/schema\/logo\/image\/","url":"https:\/\/infoecos.com.ar\/wp-content\/uploads\/2024\/03\/cropped-logo.png","contentUrl":"https:\/\/infoecos.com.ar\/wp-content\/uploads\/2024\/03\/cropped-logo.png","width":374,"height":90,"caption":"Infoecos"},"image":{"@id":"https:\/\/infoecos.com.ar\/#\/schema\/logo\/image\/"},"sameAs":["https:\/\/www.facebook.com\/profile.php?id=100063200290284","https:\/\/x.com\/infoecos"]},{"@type":"Person","@id":"https:\/\/infoecos.com.ar\/#\/schema\/person\/8f5ace5ce73b4b4aac4b7245aee6f191","name":"Jorge Matheus","url":"https:\/\/infoecos.com.ar\/index.php\/author\/jomatheus\/"}]}},"featured_image_urls":{"full":["https:\/\/infoecos.com.ar\/wp-content\/uploads\/2023\/04\/novoab.jpg",495,653,false],"thumbnail":["https:\/\/infoecos.com.ar\/wp-content\/uploads\/2023\/04\/novoab-300x150.jpg",300,150,true],"medium":["https:\/\/infoecos.com.ar\/wp-content\/uploads\/2023\/04\/novoab.jpg",495,653,false],"medium_large":["https:\/\/infoecos.com.ar\/wp-content\/uploads\/2023\/04\/novoab.jpg",495,653,false],"large":["https:\/\/infoecos.com.ar\/wp-content\/uploads\/2023\/04\/novoab.jpg",495,653,false],"1536x1536":["https:\/\/infoecos.com.ar\/wp-content\/uploads\/2023\/04\/novoab.jpg",495,653,false],"2048x2048":["https:\/\/infoecos.com.ar\/wp-content\/uploads\/2023\/04\/novoab.jpg",495,653,false],"covernews-slider-full":["https:\/\/infoecos.com.ar\/wp-content\/uploads\/2023\/04\/novoab.jpg",495,653,false],"covernews-slider-center":["https:\/\/infoecos.com.ar\/wp-content\/uploads\/2023\/04\/novoab.jpg",379,500,false],"covernews-featured":["https:\/\/infoecos.com.ar\/wp-content\/uploads\/2023\/04\/novoab.jpg",495,653,false],"covernews-medium":["https:\/\/infoecos.com.ar\/wp-content\/uploads\/2023\/04\/novoab-495x380.jpg",443,340,true],"covernews-medium-square":["https:\/\/infoecos.com.ar\/wp-content\/uploads\/2023\/04\/novoab-495x450.jpg",275,250,true]},"author_info":{"info":["Jorge Matheus"]},"category_info":"<a href=\"https:\/\/infoecos.com.ar\/index.php\/category\/c1nota2\/\" rel=\"category tag\">C1 N2<\/a>","tag_info":"C1 N2","comment_count":"0","_links":{"self":[{"href":"https:\/\/infoecos.com.ar\/index.php\/wp-json\/wp\/v2\/posts\/103650"}],"collection":[{"href":"https:\/\/infoecos.com.ar\/index.php\/wp-json\/wp\/v2\/posts"}],"about":[{"href":"https:\/\/infoecos.com.ar\/index.php\/wp-json\/wp\/v2\/types\/post"}],"author":[{"embeddable":true,"href":"https:\/\/infoecos.com.ar\/index.php\/wp-json\/wp\/v2\/users\/2"}],"replies":[{"embeddable":true,"href":"https:\/\/infoecos.com.ar\/index.php\/wp-json\/wp\/v2\/comments?post=103650"}],"version-history":[{"count":1,"href":"https:\/\/infoecos.com.ar\/index.php\/wp-json\/wp\/v2\/posts\/103650\/revisions"}],"predecessor-version":[{"id":103652,"href":"https:\/\/infoecos.com.ar\/index.php\/wp-json\/wp\/v2\/posts\/103650\/revisions\/103652"}],"wp:featuredmedia":[{"embeddable":true,"href":"https:\/\/infoecos.com.ar\/index.php\/wp-json\/wp\/v2\/media\/103651"}],"wp:attachment":[{"href":"https:\/\/infoecos.com.ar\/index.php\/wp-json\/wp\/v2\/media?parent=103650"}],"wp:term":[{"taxonomy":"category","embeddable":true,"href":"https:\/\/infoecos.com.ar\/index.php\/wp-json\/wp\/v2\/categories?post=103650"},{"taxonomy":"post_tag","embeddable":true,"href":"https:\/\/infoecos.com.ar\/index.php\/wp-json\/wp\/v2\/tags?post=103650"}],"curies":[{"name":"wp","href":"https:\/\/api.w.org\/{rel}","templated":true}]}}