{"id":103711,"date":"2023-04-12T02:50:43","date_gmt":"2023-04-12T05:50:43","guid":{"rendered":"https:\/\/infoecos.com.ar\/?p=103711"},"modified":"2023-04-16T03:54:36","modified_gmt":"2023-04-16T06:54:36","slug":"america-tendra-el-primer-centro-academico-de-investigacion-agropecuaria","status":"publish","type":"post","link":"https:\/\/infoecos.com.ar\/index.php\/america-tendra-el-primer-centro-academico-de-investigacion-agropecuaria\/","title":{"rendered":"Am\u00e9rica tendr\u00e1 el primer Centro Acad\u00e9mico de Investigaci\u00f3n Agropecuaria"},"content":{"rendered":"\n<p>Luego de una reuni\u00f3n que mantuvo el Intendente Municipal Javier Reynoso acompa\u00f1ado por miembros de la Mesa de la Carrera de Agronom\u00eda del CES con la Decana de FAUBA, Ing. Agr. Adriana M. Rodr\u00edguez se logr\u00f3 que Am\u00e9rica tenga en el corto plazo el primer Centro Acad\u00e9mico de Investigaci\u00f3n Agropecuaria.<\/p>\n\n\n\n<figure class=\"wp-block-image aligncenter size-full is-resized\"><img loading=\"lazy\" decoding=\"async\" src=\"https:\/\/infoecos.com.ar\/wp-content\/uploads\/2023\/04\/image-20.png\" alt=\"\" class=\"wp-image-103712\" width=\"627\" height=\"292\"\/><\/figure>\n\n\n\n<p>El mandatario lo cont\u00f3 en sus redes sociales haciendo una semejanza, en cuanto a la importancia, con lo que fue hace 24 a\u00f1os atr\u00e1s la creaci\u00f3n del C.E.P.Ri en la ciudad de La Plata \u201cEste Domingo se cumplieron 24 a\u00f1os, que juntos un grupo de estudiantes que residimos en ese entonces, en la Ciudad de La Plata, creabamos el CEPRI (Centro de Estudiantes del Partido de Rivadavia ) porque quer\u00edamos que m\u00e1s Rivadavienses pudieran acceder a la Universidad, lo logramos, otros estudiantes siguieron y siguen a\u00fan en tan noble misi\u00f3n, Felicitaciones a todos ellos en un nuevo aniversario\u201d dijo.<\/p>\n\n\n\n<p>Reynoso mostr\u00f3 su orgullo por aquello logrado tiempo atr\u00e1s pero tambi\u00e9n por el presente \u201cHoy, no solo la Universidad ya est\u00e1 en nuestro Distrito, sino que en el d\u00eda de ayer, junto con miembros de la Mesa de la Carrera de Agronom\u00eda del CES,&nbsp;<strong>nos reunimos con la Decana de FAUBA, Ing. Agr. Adriana M. Rodr\u00edguez, en pos del primer Centro Acad\u00e9mico de Investigaci\u00f3n Agropecuaria, con interacci\u00f3n p\u00fablico\/privado del Pa\u00eds\u201d<\/strong><\/p>\n\n\n\n<p>\u201cAfortunadamente&nbsp;<strong>los Rivadavienses siempre tuvimos muy claro que la educaci\u00f3n y la ciencia juegan un papel fundamental en el desarrollo y crecimiento de una Comunidad<\/strong>, aportando al pa\u00eds, y donde el eje principal es el desarrollo humano basado en principios \u00e9ticos y morales que permitan a la sociedad convivir en un mundo mejor bajo los pilares de paz, equidad, desarrollo y educaci\u00f3n\u201d cerr\u00f3 el Jefe comunal.<\/p>\n\n\n\n<p><strong>En tiempos donde el tema educativo ha ganado espacios en los medios de comunicaci\u00f3n por algunos hechos de violencia en escuelas de Am\u00e9rica,<\/strong>&nbsp;esta noticia sin dudas vuelve a poner en valor la importancia de contar con un sistema educativo integral donde todos busquen la mejor formaci\u00f3n posible para nuestros ni\u00f1os y adolescentes.<\/p>\n\n\n\n<p><strong>Rivadavia demuestra una vez m\u00e1s en tiempos dif\u00edciles que apuesta fuertemente a la educaci\u00f3n, el pilar fundamental para salir adelante como sociedad y como pa\u00eds.<\/strong><\/p>\n\n\n\n<p><strong>Fuente textual: masternews.com.ar <\/strong><\/p>\n","protected":false},"excerpt":{"rendered":"<p>Fuente: masternews.com.ar. El intendente lo coment\u00f3 en las redes sociales<\/p>\n","protected":false},"author":2,"featured_media":103712,"comment_status":"closed","ping_status":"open","sticky":false,"template":"","format":"standard","meta":{"footnotes":""},"categories":[200],"tags":[7675],"class_list":["post-103711","post","type-post","status-publish","format-standard","has-post-thumbnail","hentry","category-inferior8","tag-relevante-anuncio-de-reynoso"],"yoast_head":"<!-- This site is optimized with the Yoast SEO plugin v23.4 - https:\/\/yoast.com\/wordpress\/plugins\/seo\/ -->\n<title>Am\u00e9rica tendr\u00e1 el primer Centro Acad\u00e9mico de Investigaci\u00f3n Agropecuaria - Infoecos<\/title>\n<meta name=\"robots\" content=\"index, follow, max-snippet:-1, max-image-preview:large, max-video-preview:-1\" \/>\n<link rel=\"canonical\" href=\"https:\/\/infoecos.com.ar\/index.php\/america-tendra-el-primer-centro-academico-de-investigacion-agropecuaria\/\" \/>\n<meta property=\"og:locale\" content=\"es_ES\" \/>\n<meta property=\"og:type\" content=\"article\" \/>\n<meta property=\"og:title\" content=\"Am\u00e9rica tendr\u00e1 el primer Centro Acad\u00e9mico de Investigaci\u00f3n Agropecuaria - Infoecos\" \/>\n<meta property=\"og:description\" content=\"Fuente: masternews.com.ar. El intendente lo coment\u00f3 en las redes sociales\" \/>\n<meta property=\"og:url\" content=\"https:\/\/infoecos.com.ar\/index.php\/america-tendra-el-primer-centro-academico-de-investigacion-agropecuaria\/\" \/>\n<meta property=\"og:site_name\" content=\"Infoecos\" \/>\n<meta property=\"article:publisher\" content=\"https:\/\/www.facebook.com\/profile.php?id=100063200290284\" \/>\n<meta property=\"article:published_time\" content=\"2023-04-12T05:50:43+00:00\" \/>\n<meta property=\"article:modified_time\" content=\"2023-04-16T06:54:36+00:00\" \/>\n<meta property=\"og:image\" content=\"https:\/\/infoecos.com.ar\/wp-content\/uploads\/2023\/04\/image-20.png\" \/>\n\t<meta property=\"og:image:width\" content=\"768\" \/>\n\t<meta property=\"og:image:height\" content=\"358\" \/>\n\t<meta property=\"og:image:type\" content=\"image\/png\" \/>\n<meta name=\"author\" content=\"Jorge Matheus\" \/>\n<meta name=\"twitter:card\" content=\"summary_large_image\" \/>\n<meta name=\"twitter:creator\" content=\"@infoecos\" \/>\n<meta name=\"twitter:site\" content=\"@infoecos\" \/>\n<meta name=\"twitter:label1\" content=\"Escrito por\" \/>\n\t<meta name=\"twitter:data1\" content=\"Jorge Matheus\" \/>\n\t<meta name=\"twitter:label2\" content=\"Tiempo de lectura\" \/>\n\t<meta name=\"twitter:data2\" content=\"2 minutos\" \/>\n<script type=\"application\/ld+json\" class=\"yoast-schema-graph\">{\"@context\":\"https:\/\/schema.org\",\"@graph\":[{\"@type\":\"Article\",\"@id\":\"https:\/\/infoecos.com.ar\/index.php\/america-tendra-el-primer-centro-academico-de-investigacion-agropecuaria\/#article\",\"isPartOf\":{\"@id\":\"https:\/\/infoecos.com.ar\/index.php\/america-tendra-el-primer-centro-academico-de-investigacion-agropecuaria\/\"},\"author\":{\"name\":\"Jorge Matheus\",\"@id\":\"https:\/\/infoecos.com.ar\/#\/schema\/person\/8f5ace5ce73b4b4aac4b7245aee6f191\"},\"headline\":\"Am\u00e9rica tendr\u00e1 el primer Centro Acad\u00e9mico de Investigaci\u00f3n Agropecuaria\",\"datePublished\":\"2023-04-12T05:50:43+00:00\",\"dateModified\":\"2023-04-16T06:54:36+00:00\",\"mainEntityOfPage\":{\"@id\":\"https:\/\/infoecos.com.ar\/index.php\/america-tendra-el-primer-centro-academico-de-investigacion-agropecuaria\/\"},\"wordCount\":420,\"publisher\":{\"@id\":\"https:\/\/infoecos.com.ar\/#organization\"},\"image\":{\"@id\":\"https:\/\/infoecos.com.ar\/index.php\/america-tendra-el-primer-centro-academico-de-investigacion-agropecuaria\/#primaryimage\"},\"thumbnailUrl\":\"https:\/\/infoecos.com.ar\/wp-content\/uploads\/2023\/04\/image-20.png\",\"keywords\":[\"RELEVANTE ANUNCIO DE REYNOSO\"],\"articleSection\":[\"Bloque inferior - 8\"],\"inLanguage\":\"es\"},{\"@type\":\"WebPage\",\"@id\":\"https:\/\/infoecos.com.ar\/index.php\/america-tendra-el-primer-centro-academico-de-investigacion-agropecuaria\/\",\"url\":\"https:\/\/infoecos.com.ar\/index.php\/america-tendra-el-primer-centro-academico-de-investigacion-agropecuaria\/\",\"name\":\"Am\u00e9rica tendr\u00e1 el primer Centro Acad\u00e9mico de Investigaci\u00f3n Agropecuaria - Infoecos\",\"isPartOf\":{\"@id\":\"https:\/\/infoecos.com.ar\/#website\"},\"primaryImageOfPage\":{\"@id\":\"https:\/\/infoecos.com.ar\/index.php\/america-tendra-el-primer-centro-academico-de-investigacion-agropecuaria\/#primaryimage\"},\"image\":{\"@id\":\"https:\/\/infoecos.com.ar\/index.php\/america-tendra-el-primer-centro-academico-de-investigacion-agropecuaria\/#primaryimage\"},\"thumbnailUrl\":\"https:\/\/infoecos.com.ar\/wp-content\/uploads\/2023\/04\/image-20.png\",\"datePublished\":\"2023-04-12T05:50:43+00:00\",\"dateModified\":\"2023-04-16T06:54:36+00:00\",\"breadcrumb\":{\"@id\":\"https:\/\/infoecos.com.ar\/index.php\/america-tendra-el-primer-centro-academico-de-investigacion-agropecuaria\/#breadcrumb\"},\"inLanguage\":\"es\",\"potentialAction\":[{\"@type\":\"ReadAction\",\"target\":[\"https:\/\/infoecos.com.ar\/index.php\/america-tendra-el-primer-centro-academico-de-investigacion-agropecuaria\/\"]}]},{\"@type\":\"ImageObject\",\"inLanguage\":\"es\",\"@id\":\"https:\/\/infoecos.com.ar\/index.php\/america-tendra-el-primer-centro-academico-de-investigacion-agropecuaria\/#primaryimage\",\"url\":\"https:\/\/infoecos.com.ar\/wp-content\/uploads\/2023\/04\/image-20.png\",\"contentUrl\":\"https:\/\/infoecos.com.ar\/wp-content\/uploads\/2023\/04\/image-20.png\",\"width\":768,\"height\":358},{\"@type\":\"BreadcrumbList\",\"@id\":\"https:\/\/infoecos.com.ar\/index.php\/america-tendra-el-primer-centro-academico-de-investigacion-agropecuaria\/#breadcrumb\",\"itemListElement\":[{\"@type\":\"ListItem\",\"position\":1,\"name\":\"Portada\",\"item\":\"https:\/\/infoecos.com.ar\/\"},{\"@type\":\"ListItem\",\"position\":2,\"name\":\"Am\u00e9rica tendr\u00e1 el primer Centro Acad\u00e9mico de Investigaci\u00f3n Agropecuaria\"}]},{\"@type\":\"WebSite\",\"@id\":\"https:\/\/infoecos.com.ar\/#website\",\"url\":\"https:\/\/infoecos.com.ar\/\",\"name\":\"Infoecos\",\"description\":\"Noticias de trenque lauquen y la zona\",\"publisher\":{\"@id\":\"https:\/\/infoecos.com.ar\/#organization\"},\"alternateName\":\"Noticias\",\"potentialAction\":[{\"@type\":\"SearchAction\",\"target\":{\"@type\":\"EntryPoint\",\"urlTemplate\":\"https:\/\/infoecos.com.ar\/?s={search_term_string}\"},\"query-input\":{\"@type\":\"PropertyValueSpecification\",\"valueRequired\":true,\"valueName\":\"search_term_string\"}}],\"inLanguage\":\"es\"},{\"@type\":\"Organization\",\"@id\":\"https:\/\/infoecos.com.ar\/#organization\",\"name\":\"Infoecos\",\"alternateName\":\"Noticias\",\"url\":\"https:\/\/infoecos.com.ar\/\",\"logo\":{\"@type\":\"ImageObject\",\"inLanguage\":\"es\",\"@id\":\"https:\/\/infoecos.com.ar\/#\/schema\/logo\/image\/\",\"url\":\"https:\/\/infoecos.com.ar\/wp-content\/uploads\/2024\/03\/cropped-logo.png\",\"contentUrl\":\"https:\/\/infoecos.com.ar\/wp-content\/uploads\/2024\/03\/cropped-logo.png\",\"width\":374,\"height\":90,\"caption\":\"Infoecos\"},\"image\":{\"@id\":\"https:\/\/infoecos.com.ar\/#\/schema\/logo\/image\/\"},\"sameAs\":[\"https:\/\/www.facebook.com\/profile.php?id=100063200290284\",\"https:\/\/x.com\/infoecos\"]},{\"@type\":\"Person\",\"@id\":\"https:\/\/infoecos.com.ar\/#\/schema\/person\/8f5ace5ce73b4b4aac4b7245aee6f191\",\"name\":\"Jorge Matheus\",\"url\":\"https:\/\/infoecos.com.ar\/index.php\/author\/jomatheus\/\"}]}<\/script>\n<!-- \/ Yoast SEO plugin. -->","yoast_head_json":{"title":"Am\u00e9rica tendr\u00e1 el primer Centro Acad\u00e9mico de Investigaci\u00f3n Agropecuaria - Infoecos","robots":{"index":"index","follow":"follow","max-snippet":"max-snippet:-1","max-image-preview":"max-image-preview:large","max-video-preview":"max-video-preview:-1"},"canonical":"https:\/\/infoecos.com.ar\/index.php\/america-tendra-el-primer-centro-academico-de-investigacion-agropecuaria\/","og_locale":"es_ES","og_type":"article","og_title":"Am\u00e9rica tendr\u00e1 el primer Centro Acad\u00e9mico de Investigaci\u00f3n Agropecuaria - Infoecos","og_description":"Fuente: masternews.com.ar. El intendente lo coment\u00f3 en las redes sociales","og_url":"https:\/\/infoecos.com.ar\/index.php\/america-tendra-el-primer-centro-academico-de-investigacion-agropecuaria\/","og_site_name":"Infoecos","article_publisher":"https:\/\/www.facebook.com\/profile.php?id=100063200290284","article_published_time":"2023-04-12T05:50:43+00:00","article_modified_time":"2023-04-16T06:54:36+00:00","og_image":[{"width":768,"height":358,"url":"https:\/\/infoecos.com.ar\/wp-content\/uploads\/2023\/04\/image-20.png","type":"image\/png"}],"author":"Jorge Matheus","twitter_card":"summary_large_image","twitter_creator":"@infoecos","twitter_site":"@infoecos","twitter_misc":{"Escrito por":"Jorge Matheus","Tiempo de lectura":"2 minutos"},"schema":{"@context":"https:\/\/schema.org","@graph":[{"@type":"Article","@id":"https:\/\/infoecos.com.ar\/index.php\/america-tendra-el-primer-centro-academico-de-investigacion-agropecuaria\/#article","isPartOf":{"@id":"https:\/\/infoecos.com.ar\/index.php\/america-tendra-el-primer-centro-academico-de-investigacion-agropecuaria\/"},"author":{"name":"Jorge Matheus","@id":"https:\/\/infoecos.com.ar\/#\/schema\/person\/8f5ace5ce73b4b4aac4b7245aee6f191"},"headline":"Am\u00e9rica tendr\u00e1 el primer Centro Acad\u00e9mico de Investigaci\u00f3n Agropecuaria","datePublished":"2023-04-12T05:50:43+00:00","dateModified":"2023-04-16T06:54:36+00:00","mainEntityOfPage":{"@id":"https:\/\/infoecos.com.ar\/index.php\/america-tendra-el-primer-centro-academico-de-investigacion-agropecuaria\/"},"wordCount":420,"publisher":{"@id":"https:\/\/infoecos.com.ar\/#organization"},"image":{"@id":"https:\/\/infoecos.com.ar\/index.php\/america-tendra-el-primer-centro-academico-de-investigacion-agropecuaria\/#primaryimage"},"thumbnailUrl":"https:\/\/infoecos.com.ar\/wp-content\/uploads\/2023\/04\/image-20.png","keywords":["RELEVANTE ANUNCIO DE REYNOSO"],"articleSection":["Bloque inferior - 8"],"inLanguage":"es"},{"@type":"WebPage","@id":"https:\/\/infoecos.com.ar\/index.php\/america-tendra-el-primer-centro-academico-de-investigacion-agropecuaria\/","url":"https:\/\/infoecos.com.ar\/index.php\/america-tendra-el-primer-centro-academico-de-investigacion-agropecuaria\/","name":"Am\u00e9rica tendr\u00e1 el primer Centro Acad\u00e9mico de Investigaci\u00f3n Agropecuaria - Infoecos","isPartOf":{"@id":"https:\/\/infoecos.com.ar\/#website"},"primaryImageOfPage":{"@id":"https:\/\/infoecos.com.ar\/index.php\/america-tendra-el-primer-centro-academico-de-investigacion-agropecuaria\/#primaryimage"},"image":{"@id":"https:\/\/infoecos.com.ar\/index.php\/america-tendra-el-primer-centro-academico-de-investigacion-agropecuaria\/#primaryimage"},"thumbnailUrl":"https:\/\/infoecos.com.ar\/wp-content\/uploads\/2023\/04\/image-20.png","datePublished":"2023-04-12T05:50:43+00:00","dateModified":"2023-04-16T06:54:36+00:00","breadcrumb":{"@id":"https:\/\/infoecos.com.ar\/index.php\/america-tendra-el-primer-centro-academico-de-investigacion-agropecuaria\/#breadcrumb"},"inLanguage":"es","potentialAction":[{"@type":"ReadAction","target":["https:\/\/infoecos.com.ar\/index.php\/america-tendra-el-primer-centro-academico-de-investigacion-agropecuaria\/"]}]},{"@type":"ImageObject","inLanguage":"es","@id":"https:\/\/infoecos.com.ar\/index.php\/america-tendra-el-primer-centro-academico-de-investigacion-agropecuaria\/#primaryimage","url":"https:\/\/infoecos.com.ar\/wp-content\/uploads\/2023\/04\/image-20.png","contentUrl":"https:\/\/infoecos.com.ar\/wp-content\/uploads\/2023\/04\/image-20.png","width":768,"height":358},{"@type":"BreadcrumbList","@id":"https:\/\/infoecos.com.ar\/index.php\/america-tendra-el-primer-centro-academico-de-investigacion-agropecuaria\/#breadcrumb","itemListElement":[{"@type":"ListItem","position":1,"name":"Portada","item":"https:\/\/infoecos.com.ar\/"},{"@type":"ListItem","position":2,"name":"Am\u00e9rica tendr\u00e1 el primer Centro Acad\u00e9mico de Investigaci\u00f3n Agropecuaria"}]},{"@type":"WebSite","@id":"https:\/\/infoecos.com.ar\/#website","url":"https:\/\/infoecos.com.ar\/","name":"Infoecos","description":"Noticias de trenque lauquen y la zona","publisher":{"@id":"https:\/\/infoecos.com.ar\/#organization"},"alternateName":"Noticias","potentialAction":[{"@type":"SearchAction","target":{"@type":"EntryPoint","urlTemplate":"https:\/\/infoecos.com.ar\/?s={search_term_string}"},"query-input":{"@type":"PropertyValueSpecification","valueRequired":true,"valueName":"search_term_string"}}],"inLanguage":"es"},{"@type":"Organization","@id":"https:\/\/infoecos.com.ar\/#organization","name":"Infoecos","alternateName":"Noticias","url":"https:\/\/infoecos.com.ar\/","logo":{"@type":"ImageObject","inLanguage":"es","@id":"https:\/\/infoecos.com.ar\/#\/schema\/logo\/image\/","url":"https:\/\/infoecos.com.ar\/wp-content\/uploads\/2024\/03\/cropped-logo.png","contentUrl":"https:\/\/infoecos.com.ar\/wp-content\/uploads\/2024\/03\/cropped-logo.png","width":374,"height":90,"caption":"Infoecos"},"image":{"@id":"https:\/\/infoecos.com.ar\/#\/schema\/logo\/image\/"},"sameAs":["https:\/\/www.facebook.com\/profile.php?id=100063200290284","https:\/\/x.com\/infoecos"]},{"@type":"Person","@id":"https:\/\/infoecos.com.ar\/#\/schema\/person\/8f5ace5ce73b4b4aac4b7245aee6f191","name":"Jorge Matheus","url":"https:\/\/infoecos.com.ar\/index.php\/author\/jomatheus\/"}]}},"featured_image_urls":{"full":["https:\/\/infoecos.com.ar\/wp-content\/uploads\/2023\/04\/image-20.png",768,358,false],"thumbnail":["https:\/\/infoecos.com.ar\/wp-content\/uploads\/2023\/04\/image-20-300x150.png",300,150,true],"medium":["https:\/\/infoecos.com.ar\/wp-content\/uploads\/2023\/04\/image-20.png",768,358,false],"medium_large":["https:\/\/infoecos.com.ar\/wp-content\/uploads\/2023\/04\/image-20.png",640,298,false],"large":["https:\/\/infoecos.com.ar\/wp-content\/uploads\/2023\/04\/image-20.png",640,298,false],"1536x1536":["https:\/\/infoecos.com.ar\/wp-content\/uploads\/2023\/04\/image-20.png",768,358,false],"2048x2048":["https:\/\/infoecos.com.ar\/wp-content\/uploads\/2023\/04\/image-20.png",768,358,false],"covernews-slider-full":["https:\/\/infoecos.com.ar\/wp-content\/uploads\/2023\/04\/image-20.png",768,358,false],"covernews-slider-center":["https:\/\/infoecos.com.ar\/wp-content\/uploads\/2023\/04\/image-20.png",768,358,false],"covernews-featured":["https:\/\/infoecos.com.ar\/wp-content\/uploads\/2023\/04\/image-20.png",768,358,false],"covernews-medium":["https:\/\/infoecos.com.ar\/wp-content\/uploads\/2023\/04\/image-20-720x358.png",540,269,true],"covernews-medium-square":["https:\/\/infoecos.com.ar\/wp-content\/uploads\/2023\/04\/image-20-675x358.png",400,212,true]},"author_info":{"info":["Jorge Matheus"]},"category_info":"<a href=\"https:\/\/infoecos.com.ar\/index.php\/category\/inferior8\/\" rel=\"category tag\">Bloque inferior - 8<\/a>","tag_info":"Bloque inferior - 8","comment_count":"0","_links":{"self":[{"href":"https:\/\/infoecos.com.ar\/index.php\/wp-json\/wp\/v2\/posts\/103711"}],"collection":[{"href":"https:\/\/infoecos.com.ar\/index.php\/wp-json\/wp\/v2\/posts"}],"about":[{"href":"https:\/\/infoecos.com.ar\/index.php\/wp-json\/wp\/v2\/types\/post"}],"author":[{"embeddable":true,"href":"https:\/\/infoecos.com.ar\/index.php\/wp-json\/wp\/v2\/users\/2"}],"replies":[{"embeddable":true,"href":"https:\/\/infoecos.com.ar\/index.php\/wp-json\/wp\/v2\/comments?post=103711"}],"version-history":[{"count":1,"href":"https:\/\/infoecos.com.ar\/index.php\/wp-json\/wp\/v2\/posts\/103711\/revisions"}],"predecessor-version":[{"id":103713,"href":"https:\/\/infoecos.com.ar\/index.php\/wp-json\/wp\/v2\/posts\/103711\/revisions\/103713"}],"wp:featuredmedia":[{"embeddable":true,"href":"https:\/\/infoecos.com.ar\/index.php\/wp-json\/wp\/v2\/media\/103712"}],"wp:attachment":[{"href":"https:\/\/infoecos.com.ar\/index.php\/wp-json\/wp\/v2\/media?parent=103711"}],"wp:term":[{"taxonomy":"category","embeddable":true,"href":"https:\/\/infoecos.com.ar\/index.php\/wp-json\/wp\/v2\/categories?post=103711"},{"taxonomy":"post_tag","embeddable":true,"href":"https:\/\/infoecos.com.ar\/index.php\/wp-json\/wp\/v2\/tags?post=103711"}],"curies":[{"name":"wp","href":"https:\/\/api.w.org\/{rel}","templated":true}]}}