{"id":103722,"date":"2023-04-12T23:38:35","date_gmt":"2023-04-13T02:38:35","guid":{"rendered":"https:\/\/infoecos.com.ar\/?p=103722"},"modified":"2023-04-16T03:53:35","modified_gmt":"2023-04-16T06:53:35","slug":"ana-pascual-fue-elegida-fortinera-trenquelauquenche-2023","status":"publish","type":"post","link":"https:\/\/infoecos.com.ar\/index.php\/ana-pascual-fue-elegida-fortinera-trenquelauquenche-2023\/","title":{"rendered":"Ana Pascual fue elegida Fortinera Trenquelauquenche 2023"},"content":{"rendered":"\n<p>\u201cDesde que me informaron hace algunas horas de este reconocimiento que iba a hacerme la Municipalidad y la sociedad trenquelauquense, tengo los sentimientos a flor de piel\u201d, se\u00f1al\u00f3 la flamante Fortinera Trenquelauquenche 2023, Ana Pascual, quien confes\u00f3 sentir una \u201cemoci\u00f3n que me desborda y una inmensa gratitud por esta comunidad que me recibi\u00f3 hace poco m\u00e1s de 20 a\u00f1os, me cobij\u00f3 y dio lugar a mis deseos de participar y de tener un rol social\u201d.<\/p>\n\n\n\n<figure class=\"wp-block-image aligncenter size-full is-resized\"><img loading=\"lazy\" decoding=\"async\" src=\"https:\/\/infoecos.com.ar\/wp-content\/uploads\/2023\/04\/Ana-Pascual-1-1080x675-1.jpg\" alt=\"\" class=\"wp-image-103723\" width=\"467\" height=\"292\" srcset=\"https:\/\/infoecos.com.ar\/wp-content\/uploads\/2023\/04\/Ana-Pascual-1-1080x675-1.jpg 1080w, https:\/\/infoecos.com.ar\/wp-content\/uploads\/2023\/04\/Ana-Pascual-1-1080x675-1-800x500.jpg 800w, https:\/\/infoecos.com.ar\/wp-content\/uploads\/2023\/04\/Ana-Pascual-1-1080x675-1-768x480.jpg 768w, https:\/\/infoecos.com.ar\/wp-content\/uploads\/2023\/04\/Ana-Pascual-1-1080x675-1-1024x640.jpg 1024w\" sizes=\"(max-width: 467px) 100vw, 467px\" \/><figcaption class=\"wp-element-caption\">Pascual, Ana <\/figcaption><\/figure>\n\n\n\n<p>\u201cDesde que vine a vivir a Trenque Lauquen en el 2001, la gente me contuvo y me brind\u00f3 ayuda desinteresada y afecto\u201d, manifest\u00f3 Ana, quien destac\u00f3 el trato amigable de los vecinos\/as de Trenque Lauquen.<\/p>\n\n\n\n<p>\u201cEs obvio que tengo un lugar preferido en esta ciudad: la Biblioteca Rivadavia, me acerqu\u00e9 a ella como lectora, despu\u00e9s pas\u00e9 a formar parte de la comisi\u00f3n directiva y despu\u00e9s casi sin quererlo me nombraron presidenta y desde entonces la Biblioteca se ha transformado en mi otro hogar, y donde soy feliz\u201d, se\u00f1al\u00f3.<\/p>\n\n\n\n<p>\u201cHa sido un desaf\u00edo gigantesco dirigir la Biblioteca, el inicio de mi gesti\u00f3n coincidi\u00f3 con una \u00e9poca muy dif\u00edcil para la instituci\u00f3n, sin embargo, gracias al acompa\u00f1amiento de los socios, bibliotecarias y miembros de la comisi\u00f3n directiva logramos que la Biblioteca se mantuviera de pie y el entusiasmo no ha disminuido\u201d, subray\u00f3.<\/p>\n\n\n\n<figure class=\"wp-block-image aligncenter size-full is-resized\"><img loading=\"lazy\" decoding=\"async\" src=\"https:\/\/infoecos.com.ar\/wp-content\/uploads\/2023\/04\/DSC_8954.jpg\" alt=\"\" class=\"wp-image-103724\" width=\"459\" height=\"306\" srcset=\"https:\/\/infoecos.com.ar\/wp-content\/uploads\/2023\/04\/DSC_8954.jpg 1241w, https:\/\/infoecos.com.ar\/wp-content\/uploads\/2023\/04\/DSC_8954-800x535.jpg 800w, https:\/\/infoecos.com.ar\/wp-content\/uploads\/2023\/04\/DSC_8954-768x514.jpg 768w, https:\/\/infoecos.com.ar\/wp-content\/uploads\/2023\/04\/DSC_8954-1024x685.jpg 1024w, https:\/\/infoecos.com.ar\/wp-content\/uploads\/2023\/04\/DSC_8954-675x450.jpg 675w\" sizes=\"(max-width: 459px) 100vw, 459px\" \/><figcaption class=\"wp-element-caption\">Pascual, Ana <\/figcaption><\/figure>\n\n\n\n<p>\u201cLes agradezco de coraz\u00f3n este reconocimiento que vivo como una caricia al alma\u201d, se\u00f1al\u00f3 Ana.<\/p>\n\n\n\n<p><\/p>\n\n\n\n<p>Fuente: Direcci\u00f3n de Prensa Municipalidad de Trenque Lauquen <\/p>\n","protected":false},"excerpt":{"rendered":"<p>\u201cDesde que vine a vivir a Trenque Lauquen en el 2001, la gente me contuvo y me brind\u00f3 ayuda desinteresada y afecto\u201d, manifest\u00f3 Ana, quien destac\u00f3 el trato amigable de los vecinos\/as de Trenque Lauquen<\/p>\n","protected":false},"author":2,"featured_media":103725,"comment_status":"closed","ping_status":"open","sticky":false,"template":"","format":"standard","meta":{"footnotes":""},"categories":[26],"tags":[7679],"class_list":["post-103722","post","type-post","status-publish","format-standard","has-post-thumbnail","hentry","category-inferior6","tag-147-anos-de-trenque-lauquen"],"yoast_head":"<!-- This site is optimized with the Yoast SEO plugin v23.4 - https:\/\/yoast.com\/wordpress\/plugins\/seo\/ -->\n<title>Ana Pascual fue elegida Fortinera Trenquelauquenche 2023 - Infoecos<\/title>\n<meta name=\"robots\" content=\"index, follow, max-snippet:-1, max-image-preview:large, max-video-preview:-1\" \/>\n<link rel=\"canonical\" href=\"https:\/\/infoecos.com.ar\/index.php\/ana-pascual-fue-elegida-fortinera-trenquelauquenche-2023\/\" \/>\n<meta property=\"og:locale\" content=\"es_ES\" \/>\n<meta property=\"og:type\" content=\"article\" \/>\n<meta property=\"og:title\" content=\"Ana Pascual fue elegida Fortinera Trenquelauquenche 2023 - Infoecos\" \/>\n<meta property=\"og:description\" content=\"\u201cDesde que vine a vivir a Trenque Lauquen en el 2001, la gente me contuvo y me brind\u00f3 ayuda desinteresada y afecto\u201d, manifest\u00f3 Ana, quien destac\u00f3 el trato amigable de los vecinos\/as de Trenque Lauquen\" \/>\n<meta property=\"og:url\" content=\"https:\/\/infoecos.com.ar\/index.php\/ana-pascual-fue-elegida-fortinera-trenquelauquenche-2023\/\" \/>\n<meta property=\"og:site_name\" content=\"Infoecos\" \/>\n<meta property=\"article:publisher\" content=\"https:\/\/www.facebook.com\/profile.php?id=100063200290284\" \/>\n<meta property=\"article:published_time\" content=\"2023-04-13T02:38:35+00:00\" \/>\n<meta property=\"article:modified_time\" content=\"2023-04-16T06:53:35+00:00\" \/>\n<meta property=\"og:image\" content=\"https:\/\/infoecos.com.ar\/wp-content\/uploads\/2023\/04\/DSC_8951.jpg\" \/>\n\t<meta property=\"og:image:width\" content=\"1241\" \/>\n\t<meta property=\"og:image:height\" content=\"830\" \/>\n\t<meta property=\"og:image:type\" content=\"image\/jpeg\" \/>\n<meta name=\"author\" content=\"Jorge Matheus\" \/>\n<meta name=\"twitter:card\" content=\"summary_large_image\" \/>\n<meta name=\"twitter:creator\" content=\"@infoecos\" \/>\n<meta name=\"twitter:site\" content=\"@infoecos\" \/>\n<meta name=\"twitter:label1\" content=\"Escrito por\" \/>\n\t<meta name=\"twitter:data1\" content=\"Jorge Matheus\" \/>\n\t<meta name=\"twitter:label2\" content=\"Tiempo de lectura\" \/>\n\t<meta name=\"twitter:data2\" content=\"2 minutos\" \/>\n<script type=\"application\/ld+json\" class=\"yoast-schema-graph\">{\"@context\":\"https:\/\/schema.org\",\"@graph\":[{\"@type\":\"Article\",\"@id\":\"https:\/\/infoecos.com.ar\/index.php\/ana-pascual-fue-elegida-fortinera-trenquelauquenche-2023\/#article\",\"isPartOf\":{\"@id\":\"https:\/\/infoecos.com.ar\/index.php\/ana-pascual-fue-elegida-fortinera-trenquelauquenche-2023\/\"},\"author\":{\"name\":\"Jorge Matheus\",\"@id\":\"https:\/\/infoecos.com.ar\/#\/schema\/person\/8f5ace5ce73b4b4aac4b7245aee6f191\"},\"headline\":\"Ana Pascual fue elegida Fortinera Trenquelauquenche 2023\",\"datePublished\":\"2023-04-13T02:38:35+00:00\",\"dateModified\":\"2023-04-16T06:53:35+00:00\",\"mainEntityOfPage\":{\"@id\":\"https:\/\/infoecos.com.ar\/index.php\/ana-pascual-fue-elegida-fortinera-trenquelauquenche-2023\/\"},\"wordCount\":263,\"publisher\":{\"@id\":\"https:\/\/infoecos.com.ar\/#organization\"},\"image\":{\"@id\":\"https:\/\/infoecos.com.ar\/index.php\/ana-pascual-fue-elegida-fortinera-trenquelauquenche-2023\/#primaryimage\"},\"thumbnailUrl\":\"https:\/\/infoecos.com.ar\/wp-content\/uploads\/2023\/04\/DSC_8951.jpg\",\"keywords\":[\"147 a\u00f1os de Trenque Lauquen\"],\"articleSection\":[\"Bloque inferior - 6\"],\"inLanguage\":\"es\"},{\"@type\":\"WebPage\",\"@id\":\"https:\/\/infoecos.com.ar\/index.php\/ana-pascual-fue-elegida-fortinera-trenquelauquenche-2023\/\",\"url\":\"https:\/\/infoecos.com.ar\/index.php\/ana-pascual-fue-elegida-fortinera-trenquelauquenche-2023\/\",\"name\":\"Ana Pascual fue elegida Fortinera Trenquelauquenche 2023 - Infoecos\",\"isPartOf\":{\"@id\":\"https:\/\/infoecos.com.ar\/#website\"},\"primaryImageOfPage\":{\"@id\":\"https:\/\/infoecos.com.ar\/index.php\/ana-pascual-fue-elegida-fortinera-trenquelauquenche-2023\/#primaryimage\"},\"image\":{\"@id\":\"https:\/\/infoecos.com.ar\/index.php\/ana-pascual-fue-elegida-fortinera-trenquelauquenche-2023\/#primaryimage\"},\"thumbnailUrl\":\"https:\/\/infoecos.com.ar\/wp-content\/uploads\/2023\/04\/DSC_8951.jpg\",\"datePublished\":\"2023-04-13T02:38:35+00:00\",\"dateModified\":\"2023-04-16T06:53:35+00:00\",\"breadcrumb\":{\"@id\":\"https:\/\/infoecos.com.ar\/index.php\/ana-pascual-fue-elegida-fortinera-trenquelauquenche-2023\/#breadcrumb\"},\"inLanguage\":\"es\",\"potentialAction\":[{\"@type\":\"ReadAction\",\"target\":[\"https:\/\/infoecos.com.ar\/index.php\/ana-pascual-fue-elegida-fortinera-trenquelauquenche-2023\/\"]}]},{\"@type\":\"ImageObject\",\"inLanguage\":\"es\",\"@id\":\"https:\/\/infoecos.com.ar\/index.php\/ana-pascual-fue-elegida-fortinera-trenquelauquenche-2023\/#primaryimage\",\"url\":\"https:\/\/infoecos.com.ar\/wp-content\/uploads\/2023\/04\/DSC_8951.jpg\",\"contentUrl\":\"https:\/\/infoecos.com.ar\/wp-content\/uploads\/2023\/04\/DSC_8951.jpg\",\"width\":1241,\"height\":830},{\"@type\":\"BreadcrumbList\",\"@id\":\"https:\/\/infoecos.com.ar\/index.php\/ana-pascual-fue-elegida-fortinera-trenquelauquenche-2023\/#breadcrumb\",\"itemListElement\":[{\"@type\":\"ListItem\",\"position\":1,\"name\":\"Portada\",\"item\":\"https:\/\/infoecos.com.ar\/\"},{\"@type\":\"ListItem\",\"position\":2,\"name\":\"Ana Pascual fue elegida Fortinera Trenquelauquenche 2023\"}]},{\"@type\":\"WebSite\",\"@id\":\"https:\/\/infoecos.com.ar\/#website\",\"url\":\"https:\/\/infoecos.com.ar\/\",\"name\":\"Infoecos\",\"description\":\"Noticias de trenque lauquen y la zona\",\"publisher\":{\"@id\":\"https:\/\/infoecos.com.ar\/#organization\"},\"alternateName\":\"Noticias\",\"potentialAction\":[{\"@type\":\"SearchAction\",\"target\":{\"@type\":\"EntryPoint\",\"urlTemplate\":\"https:\/\/infoecos.com.ar\/?s={search_term_string}\"},\"query-input\":{\"@type\":\"PropertyValueSpecification\",\"valueRequired\":true,\"valueName\":\"search_term_string\"}}],\"inLanguage\":\"es\"},{\"@type\":\"Organization\",\"@id\":\"https:\/\/infoecos.com.ar\/#organization\",\"name\":\"Infoecos\",\"alternateName\":\"Noticias\",\"url\":\"https:\/\/infoecos.com.ar\/\",\"logo\":{\"@type\":\"ImageObject\",\"inLanguage\":\"es\",\"@id\":\"https:\/\/infoecos.com.ar\/#\/schema\/logo\/image\/\",\"url\":\"https:\/\/infoecos.com.ar\/wp-content\/uploads\/2024\/03\/cropped-logo.png\",\"contentUrl\":\"https:\/\/infoecos.com.ar\/wp-content\/uploads\/2024\/03\/cropped-logo.png\",\"width\":374,\"height\":90,\"caption\":\"Infoecos\"},\"image\":{\"@id\":\"https:\/\/infoecos.com.ar\/#\/schema\/logo\/image\/\"},\"sameAs\":[\"https:\/\/www.facebook.com\/profile.php?id=100063200290284\",\"https:\/\/x.com\/infoecos\"]},{\"@type\":\"Person\",\"@id\":\"https:\/\/infoecos.com.ar\/#\/schema\/person\/8f5ace5ce73b4b4aac4b7245aee6f191\",\"name\":\"Jorge Matheus\",\"url\":\"https:\/\/infoecos.com.ar\/index.php\/author\/jomatheus\/\"}]}<\/script>\n<!-- \/ Yoast SEO plugin. -->","yoast_head_json":{"title":"Ana Pascual fue elegida Fortinera Trenquelauquenche 2023 - Infoecos","robots":{"index":"index","follow":"follow","max-snippet":"max-snippet:-1","max-image-preview":"max-image-preview:large","max-video-preview":"max-video-preview:-1"},"canonical":"https:\/\/infoecos.com.ar\/index.php\/ana-pascual-fue-elegida-fortinera-trenquelauquenche-2023\/","og_locale":"es_ES","og_type":"article","og_title":"Ana Pascual fue elegida Fortinera Trenquelauquenche 2023 - Infoecos","og_description":"\u201cDesde que vine a vivir a Trenque Lauquen en el 2001, la gente me contuvo y me brind\u00f3 ayuda desinteresada y afecto\u201d, manifest\u00f3 Ana, quien destac\u00f3 el trato amigable de los vecinos\/as de Trenque Lauquen","og_url":"https:\/\/infoecos.com.ar\/index.php\/ana-pascual-fue-elegida-fortinera-trenquelauquenche-2023\/","og_site_name":"Infoecos","article_publisher":"https:\/\/www.facebook.com\/profile.php?id=100063200290284","article_published_time":"2023-04-13T02:38:35+00:00","article_modified_time":"2023-04-16T06:53:35+00:00","og_image":[{"width":1241,"height":830,"url":"https:\/\/infoecos.com.ar\/wp-content\/uploads\/2023\/04\/DSC_8951.jpg","type":"image\/jpeg"}],"author":"Jorge Matheus","twitter_card":"summary_large_image","twitter_creator":"@infoecos","twitter_site":"@infoecos","twitter_misc":{"Escrito por":"Jorge Matheus","Tiempo de lectura":"2 minutos"},"schema":{"@context":"https:\/\/schema.org","@graph":[{"@type":"Article","@id":"https:\/\/infoecos.com.ar\/index.php\/ana-pascual-fue-elegida-fortinera-trenquelauquenche-2023\/#article","isPartOf":{"@id":"https:\/\/infoecos.com.ar\/index.php\/ana-pascual-fue-elegida-fortinera-trenquelauquenche-2023\/"},"author":{"name":"Jorge Matheus","@id":"https:\/\/infoecos.com.ar\/#\/schema\/person\/8f5ace5ce73b4b4aac4b7245aee6f191"},"headline":"Ana Pascual fue elegida Fortinera Trenquelauquenche 2023","datePublished":"2023-04-13T02:38:35+00:00","dateModified":"2023-04-16T06:53:35+00:00","mainEntityOfPage":{"@id":"https:\/\/infoecos.com.ar\/index.php\/ana-pascual-fue-elegida-fortinera-trenquelauquenche-2023\/"},"wordCount":263,"publisher":{"@id":"https:\/\/infoecos.com.ar\/#organization"},"image":{"@id":"https:\/\/infoecos.com.ar\/index.php\/ana-pascual-fue-elegida-fortinera-trenquelauquenche-2023\/#primaryimage"},"thumbnailUrl":"https:\/\/infoecos.com.ar\/wp-content\/uploads\/2023\/04\/DSC_8951.jpg","keywords":["147 a\u00f1os de Trenque Lauquen"],"articleSection":["Bloque inferior - 6"],"inLanguage":"es"},{"@type":"WebPage","@id":"https:\/\/infoecos.com.ar\/index.php\/ana-pascual-fue-elegida-fortinera-trenquelauquenche-2023\/","url":"https:\/\/infoecos.com.ar\/index.php\/ana-pascual-fue-elegida-fortinera-trenquelauquenche-2023\/","name":"Ana Pascual fue elegida Fortinera Trenquelauquenche 2023 - Infoecos","isPartOf":{"@id":"https:\/\/infoecos.com.ar\/#website"},"primaryImageOfPage":{"@id":"https:\/\/infoecos.com.ar\/index.php\/ana-pascual-fue-elegida-fortinera-trenquelauquenche-2023\/#primaryimage"},"image":{"@id":"https:\/\/infoecos.com.ar\/index.php\/ana-pascual-fue-elegida-fortinera-trenquelauquenche-2023\/#primaryimage"},"thumbnailUrl":"https:\/\/infoecos.com.ar\/wp-content\/uploads\/2023\/04\/DSC_8951.jpg","datePublished":"2023-04-13T02:38:35+00:00","dateModified":"2023-04-16T06:53:35+00:00","breadcrumb":{"@id":"https:\/\/infoecos.com.ar\/index.php\/ana-pascual-fue-elegida-fortinera-trenquelauquenche-2023\/#breadcrumb"},"inLanguage":"es","potentialAction":[{"@type":"ReadAction","target":["https:\/\/infoecos.com.ar\/index.php\/ana-pascual-fue-elegida-fortinera-trenquelauquenche-2023\/"]}]},{"@type":"ImageObject","inLanguage":"es","@id":"https:\/\/infoecos.com.ar\/index.php\/ana-pascual-fue-elegida-fortinera-trenquelauquenche-2023\/#primaryimage","url":"https:\/\/infoecos.com.ar\/wp-content\/uploads\/2023\/04\/DSC_8951.jpg","contentUrl":"https:\/\/infoecos.com.ar\/wp-content\/uploads\/2023\/04\/DSC_8951.jpg","width":1241,"height":830},{"@type":"BreadcrumbList","@id":"https:\/\/infoecos.com.ar\/index.php\/ana-pascual-fue-elegida-fortinera-trenquelauquenche-2023\/#breadcrumb","itemListElement":[{"@type":"ListItem","position":1,"name":"Portada","item":"https:\/\/infoecos.com.ar\/"},{"@type":"ListItem","position":2,"name":"Ana Pascual fue elegida Fortinera Trenquelauquenche 2023"}]},{"@type":"WebSite","@id":"https:\/\/infoecos.com.ar\/#website","url":"https:\/\/infoecos.com.ar\/","name":"Infoecos","description":"Noticias de trenque lauquen y la zona","publisher":{"@id":"https:\/\/infoecos.com.ar\/#organization"},"alternateName":"Noticias","potentialAction":[{"@type":"SearchAction","target":{"@type":"EntryPoint","urlTemplate":"https:\/\/infoecos.com.ar\/?s={search_term_string}"},"query-input":{"@type":"PropertyValueSpecification","valueRequired":true,"valueName":"search_term_string"}}],"inLanguage":"es"},{"@type":"Organization","@id":"https:\/\/infoecos.com.ar\/#organization","name":"Infoecos","alternateName":"Noticias","url":"https:\/\/infoecos.com.ar\/","logo":{"@type":"ImageObject","inLanguage":"es","@id":"https:\/\/infoecos.com.ar\/#\/schema\/logo\/image\/","url":"https:\/\/infoecos.com.ar\/wp-content\/uploads\/2024\/03\/cropped-logo.png","contentUrl":"https:\/\/infoecos.com.ar\/wp-content\/uploads\/2024\/03\/cropped-logo.png","width":374,"height":90,"caption":"Infoecos"},"image":{"@id":"https:\/\/infoecos.com.ar\/#\/schema\/logo\/image\/"},"sameAs":["https:\/\/www.facebook.com\/profile.php?id=100063200290284","https:\/\/x.com\/infoecos"]},{"@type":"Person","@id":"https:\/\/infoecos.com.ar\/#\/schema\/person\/8f5ace5ce73b4b4aac4b7245aee6f191","name":"Jorge Matheus","url":"https:\/\/infoecos.com.ar\/index.php\/author\/jomatheus\/"}]}},"featured_image_urls":{"full":["https:\/\/infoecos.com.ar\/wp-content\/uploads\/2023\/04\/DSC_8951.jpg",1241,830,false],"thumbnail":["https:\/\/infoecos.com.ar\/wp-content\/uploads\/2023\/04\/DSC_8951-300x150.jpg",300,150,true],"medium":["https:\/\/infoecos.com.ar\/wp-content\/uploads\/2023\/04\/DSC_8951-800x535.jpg",800,535,true],"medium_large":["https:\/\/infoecos.com.ar\/wp-content\/uploads\/2023\/04\/DSC_8951-768x514.jpg",640,428,true],"large":["https:\/\/infoecos.com.ar\/wp-content\/uploads\/2023\/04\/DSC_8951.jpg",640,428,false],"1536x1536":["https:\/\/infoecos.com.ar\/wp-content\/uploads\/2023\/04\/DSC_8951.jpg",1241,830,false],"2048x2048":["https:\/\/infoecos.com.ar\/wp-content\/uploads\/2023\/04\/DSC_8951.jpg",1241,830,false],"covernews-slider-full":["https:\/\/infoecos.com.ar\/wp-content\/uploads\/2023\/04\/DSC_8951.jpg",1069,715,false],"covernews-slider-center":["https:\/\/infoecos.com.ar\/wp-content\/uploads\/2023\/04\/DSC_8951-936x830.jpg",564,500,true],"covernews-featured":["https:\/\/infoecos.com.ar\/wp-content\/uploads\/2023\/04\/DSC_8951-1024x685.jpg",1024,685,true],"covernews-medium":["https:\/\/infoecos.com.ar\/wp-content\/uploads\/2023\/04\/DSC_8951-720x380.jpg",540,285,true],"covernews-medium-square":["https:\/\/infoecos.com.ar\/wp-content\/uploads\/2023\/04\/DSC_8951-675x450.jpg",375,250,true]},"author_info":{"info":["Jorge Matheus"]},"category_info":"<a href=\"https:\/\/infoecos.com.ar\/index.php\/category\/inferior6\/\" rel=\"category tag\">Bloque inferior - 6<\/a>","tag_info":"Bloque inferior - 6","comment_count":"0","_links":{"self":[{"href":"https:\/\/infoecos.com.ar\/index.php\/wp-json\/wp\/v2\/posts\/103722"}],"collection":[{"href":"https:\/\/infoecos.com.ar\/index.php\/wp-json\/wp\/v2\/posts"}],"about":[{"href":"https:\/\/infoecos.com.ar\/index.php\/wp-json\/wp\/v2\/types\/post"}],"author":[{"embeddable":true,"href":"https:\/\/infoecos.com.ar\/index.php\/wp-json\/wp\/v2\/users\/2"}],"replies":[{"embeddable":true,"href":"https:\/\/infoecos.com.ar\/index.php\/wp-json\/wp\/v2\/comments?post=103722"}],"version-history":[{"count":1,"href":"https:\/\/infoecos.com.ar\/index.php\/wp-json\/wp\/v2\/posts\/103722\/revisions"}],"predecessor-version":[{"id":103726,"href":"https:\/\/infoecos.com.ar\/index.php\/wp-json\/wp\/v2\/posts\/103722\/revisions\/103726"}],"wp:featuredmedia":[{"embeddable":true,"href":"https:\/\/infoecos.com.ar\/index.php\/wp-json\/wp\/v2\/media\/103725"}],"wp:attachment":[{"href":"https:\/\/infoecos.com.ar\/index.php\/wp-json\/wp\/v2\/media?parent=103722"}],"wp:term":[{"taxonomy":"category","embeddable":true,"href":"https:\/\/infoecos.com.ar\/index.php\/wp-json\/wp\/v2\/categories?post=103722"},{"taxonomy":"post_tag","embeddable":true,"href":"https:\/\/infoecos.com.ar\/index.php\/wp-json\/wp\/v2\/tags?post=103722"}],"curies":[{"name":"wp","href":"https:\/\/api.w.org\/{rel}","templated":true}]}}