{"id":103727,"date":"2023-04-12T23:50:54","date_gmt":"2023-04-13T02:50:54","guid":{"rendered":"https:\/\/infoecos.com.ar\/?p=103727"},"modified":"2023-04-16T03:52:24","modified_gmt":"2023-04-16T06:52:24","slug":"martin-urbaneja-convoco-a-seguir-profundizando-en-los-origenes","status":"publish","type":"post","link":"https:\/\/infoecos.com.ar\/index.php\/martin-urbaneja-convoco-a-seguir-profundizando-en-los-origenes\/","title":{"rendered":"Mart\u00edn Urbaneja convoc\u00f3 a seguir profundizando en los or\u00edgenes"},"content":{"rendered":"\n<p>El actor y director de teatro, Mart\u00edn Urbaneja pronunci\u00f3 el primer discurso en el acto central del aniversario de Trenque Lauquen. <\/p>\n\n\n\n<figure class=\"wp-block-image aligncenter size-full is-resized\"><img loading=\"lazy\" decoding=\"async\" src=\"https:\/\/infoecos.com.ar\/wp-content\/uploads\/2023\/04\/DSC_8930.jpg\" alt=\"\" class=\"wp-image-103728\" width=\"506\" height=\"338\" srcset=\"https:\/\/infoecos.com.ar\/wp-content\/uploads\/2023\/04\/DSC_8930.jpg 1241w, https:\/\/infoecos.com.ar\/wp-content\/uploads\/2023\/04\/DSC_8930-800x535.jpg 800w, https:\/\/infoecos.com.ar\/wp-content\/uploads\/2023\/04\/DSC_8930-768x514.jpg 768w, https:\/\/infoecos.com.ar\/wp-content\/uploads\/2023\/04\/DSC_8930-1024x685.jpg 1024w, https:\/\/infoecos.com.ar\/wp-content\/uploads\/2023\/04\/DSC_8930-675x450.jpg 675w\" sizes=\"(max-width: 506px) 100vw, 506px\" \/><figcaption class=\"wp-element-caption\">Urbaneja, Mart\u00edn <\/figcaption><\/figure>\n\n\n\n<p>\u201cSe cumplen hoy 147 a\u00f1os desde la fundaci\u00f3n. No son muchos si lo vemos desde una perspectiva hist\u00f3rica pero s\u00ed son lo suficientes para que la vida y las circunstancias nos hayan puesto a prueba como pueblo muchas veces\u201d, se\u00f1al\u00f3 en el inicio&nbsp;Urbaneja, nacido en Trenque Lauquen y de amplia trayectoria en el teatro.<\/p>\n\n\n\n<p>En su discurso el actor destac\u00f3&nbsp;\u201cla importancia que tienen los aniversarios y las conmemoraciones, ya que nos permiten ejercitar las memorias individuales y colectivas no solo para revisar cr\u00edticamente nuestro pasado sino para poder pensar en lo que vendr\u00e1\u201d.<\/p>\n\n\n\n<figure class=\"wp-block-image aligncenter size-full is-resized\"><img loading=\"lazy\" decoding=\"async\" src=\"https:\/\/infoecos.com.ar\/wp-content\/uploads\/2023\/04\/DSC_8933.jpg\" alt=\"\" class=\"wp-image-103729\" width=\"504\" height=\"336\" srcset=\"https:\/\/infoecos.com.ar\/wp-content\/uploads\/2023\/04\/DSC_8933.jpg 1241w, https:\/\/infoecos.com.ar\/wp-content\/uploads\/2023\/04\/DSC_8933-800x535.jpg 800w, https:\/\/infoecos.com.ar\/wp-content\/uploads\/2023\/04\/DSC_8933-768x514.jpg 768w, https:\/\/infoecos.com.ar\/wp-content\/uploads\/2023\/04\/DSC_8933-1024x685.jpg 1024w, https:\/\/infoecos.com.ar\/wp-content\/uploads\/2023\/04\/DSC_8933-675x450.jpg 675w\" sizes=\"(max-width: 504px) 100vw, 504px\" \/><figcaption class=\"wp-element-caption\">Urbaneja, Mart\u00edn <\/figcaption><\/figure>\n\n\n\n<p>El actor y director de teatro, Mart\u00edn Urbaneja se encarg\u00f3 del primer discurso. \u201cSe cumplen hoy 147 a\u00f1os desde la fundaci\u00f3n de nuestra ciudad, no son muchos si lo vemos desde una perspectiva hist\u00f3rica pero s\u00ed son lo suficientes para que la vida y las circunstancias nos hayan puesto a prueba como pueblo muchas veces\u201d, se\u00f1al\u00f3 en el inicio&nbsp;Urbaneja, nacido en Trenque Lauquen y de amplia trayectoria en el teatro.<\/p>\n\n\n\n<p>En otro tramo de su alocuci\u00f3n apunt\u00f3: \u201cDec\u00eda el artista y escritor John Berger las huellas no son solo lo que queda cuando algo ha desaparecido, sino que tambi\u00e9n pueden ser las marcas de algo que va a revelarse\u201d.<\/p>\n\n\n\n<p>\u201cSin lugar a dudas mirar retrospectivamente en la vida implica reconocer las huellas que han quedado marcadas en nuestro devenir hist\u00f3rico, pero tambi\u00e9n nos convoca el desaf\u00edo de recorrer juntos nuevos caminos en un mundo cada vez m\u00e1s complejo desafiante e incierto\u201d, subray\u00f3.<\/p>\n\n\n\n<p>\u201cEscribo esto para recordarme qui\u00e9n soy porque yo nac\u00ed sin saber qui\u00e9n era, escribo para que vuelva a brotar la memoria; Trenque Lauquen lleva desde su propia nomenclatura sangre aborigen, Trenque Lauquen, laguna redonda en lengua mapuche, ciudad donde nac\u00ed, crec\u00ed y a\u00fan sigo siendo parte de su frondosa y variada actividad cultural\u201d.<\/p>\n\n\n\n<p>Tras mencionar distintas expresiones art\u00edsticas, las que se desarrollan tambi\u00e9n en Trenque Lauquen, el actor consider\u00f3 que \u201cel arte restaura y sana, cura y en la medida en que podamos seguir plante\u00e1ndonos interrogantes vamos a ir respondi\u00e9ndonos aquellas preguntas que inquietan y duelen y de ese modo algo se acomoda dentro nuestro y de los espectadores o eso pretendemos al menos\u201d.<\/p>\n\n\n\n<p>\u201cSomos parte de un pa\u00eds que no est\u00e1 educado para reconocer su origen fundado sobre un genocidio, ser consciente de esto no significa resignaci\u00f3n; tanto los que est\u00e1n peleando por recuperar sus territorios como los artistas, los historiadores, los acad\u00e9micos, nuestros vecinos vamos construy\u00e9ndonos para empezar a entender nuestros or\u00edgenes y asumir sobre qu\u00e9 sangre se nos fund\u00f3\u201d, reflexion\u00f3 Urbaneja, para agregar que \u201ca partir de ah\u00ed, podemosreconocer que hay una reparaci\u00f3n que se debe llevar a cabo\u201d.<\/p>\n\n\n\n<p>El actor destac\u00f3 en este sentido \u201cla importancia que tienen los aniversarios y las conmemoraciones, ya que nos permiten ejercitar las memorias individuales y colectivas no solo para revisar cr\u00edticamente nuestro pasado sino para poder pensar en lo que vendr\u00e1\u201d.<\/p>\n\n\n\n<p>Para finalizar sostuvo: \u201cComo un tremendo viento, dicen que fue el Mal\u00f3n, un torbellino contra los d\u00edas y eso que los antiguos eran duros como rocas, firmes; ah\u00ed qued\u00f3 su sangre desparramada contaba mi abuela y tu recuerdo est\u00e1 en la tierra a la que abrazo para encontrarte para volver a ser tierra\u201d.<\/p>\n","protected":false},"excerpt":{"rendered":"<p>En su discurso el actor destac\u00f3\u00a0\u201cla importancia que tienen los aniversarios y las conmemoraciones, ya que nos permiten ejercitar las memorias individuales y colectivas no solo para revisar cr\u00edticamente nuestro pasado sino para poder pensar en lo que vendr\u00e1\u201d<\/p>\n","protected":false},"author":2,"featured_media":103728,"comment_status":"closed","ping_status":"open","sticky":false,"template":"","format":"standard","meta":{"footnotes":""},"categories":[43],"tags":[7679],"class_list":["post-103727","post","type-post","status-publish","format-standard","has-post-thumbnail","hentry","category-inferior4","tag-147-anos-de-trenque-lauquen"],"yoast_head":"<!-- This site is optimized with the Yoast SEO plugin v23.4 - https:\/\/yoast.com\/wordpress\/plugins\/seo\/ -->\n<title>Mart\u00edn Urbaneja convoc\u00f3 a seguir profundizando en los or\u00edgenes - Infoecos<\/title>\n<meta name=\"robots\" content=\"index, follow, max-snippet:-1, max-image-preview:large, max-video-preview:-1\" \/>\n<link rel=\"canonical\" href=\"https:\/\/infoecos.com.ar\/index.php\/martin-urbaneja-convoco-a-seguir-profundizando-en-los-origenes\/\" \/>\n<meta property=\"og:locale\" content=\"es_ES\" \/>\n<meta property=\"og:type\" content=\"article\" \/>\n<meta property=\"og:title\" content=\"Mart\u00edn Urbaneja convoc\u00f3 a seguir profundizando en los or\u00edgenes - Infoecos\" \/>\n<meta property=\"og:description\" content=\"En su discurso el actor destac\u00f3\u00a0\u201cla importancia que tienen los aniversarios y las conmemoraciones, ya que nos permiten ejercitar las memorias individuales y colectivas no solo para revisar cr\u00edticamente nuestro pasado sino para poder pensar en lo que vendr\u00e1\u201d\" \/>\n<meta property=\"og:url\" content=\"https:\/\/infoecos.com.ar\/index.php\/martin-urbaneja-convoco-a-seguir-profundizando-en-los-origenes\/\" \/>\n<meta property=\"og:site_name\" content=\"Infoecos\" \/>\n<meta property=\"article:publisher\" content=\"https:\/\/www.facebook.com\/profile.php?id=100063200290284\" \/>\n<meta property=\"article:published_time\" content=\"2023-04-13T02:50:54+00:00\" \/>\n<meta property=\"article:modified_time\" content=\"2023-04-16T06:52:24+00:00\" \/>\n<meta property=\"og:image\" content=\"https:\/\/infoecos.com.ar\/wp-content\/uploads\/2023\/04\/DSC_8930.jpg\" \/>\n\t<meta property=\"og:image:width\" content=\"1241\" \/>\n\t<meta property=\"og:image:height\" content=\"830\" \/>\n\t<meta property=\"og:image:type\" content=\"image\/jpeg\" \/>\n<meta name=\"author\" content=\"Jorge Matheus\" \/>\n<meta name=\"twitter:card\" content=\"summary_large_image\" \/>\n<meta name=\"twitter:creator\" content=\"@infoecos\" \/>\n<meta name=\"twitter:site\" content=\"@infoecos\" \/>\n<meta name=\"twitter:label1\" content=\"Escrito por\" \/>\n\t<meta name=\"twitter:data1\" content=\"Jorge Matheus\" \/>\n\t<meta name=\"twitter:label2\" content=\"Tiempo de lectura\" \/>\n\t<meta name=\"twitter:data2\" content=\"3 minutos\" \/>\n<script type=\"application\/ld+json\" class=\"yoast-schema-graph\">{\"@context\":\"https:\/\/schema.org\",\"@graph\":[{\"@type\":\"Article\",\"@id\":\"https:\/\/infoecos.com.ar\/index.php\/martin-urbaneja-convoco-a-seguir-profundizando-en-los-origenes\/#article\",\"isPartOf\":{\"@id\":\"https:\/\/infoecos.com.ar\/index.php\/martin-urbaneja-convoco-a-seguir-profundizando-en-los-origenes\/\"},\"author\":{\"name\":\"Jorge Matheus\",\"@id\":\"https:\/\/infoecos.com.ar\/#\/schema\/person\/8f5ace5ce73b4b4aac4b7245aee6f191\"},\"headline\":\"Mart\u00edn Urbaneja convoc\u00f3 a seguir profundizando en los or\u00edgenes\",\"datePublished\":\"2023-04-13T02:50:54+00:00\",\"dateModified\":\"2023-04-16T06:52:24+00:00\",\"mainEntityOfPage\":{\"@id\":\"https:\/\/infoecos.com.ar\/index.php\/martin-urbaneja-convoco-a-seguir-profundizando-en-los-origenes\/\"},\"wordCount\":607,\"publisher\":{\"@id\":\"https:\/\/infoecos.com.ar\/#organization\"},\"image\":{\"@id\":\"https:\/\/infoecos.com.ar\/index.php\/martin-urbaneja-convoco-a-seguir-profundizando-en-los-origenes\/#primaryimage\"},\"thumbnailUrl\":\"https:\/\/infoecos.com.ar\/wp-content\/uploads\/2023\/04\/DSC_8930.jpg\",\"keywords\":[\"147 a\u00f1os de Trenque Lauquen\"],\"articleSection\":[\"Bloque inferior - 4\"],\"inLanguage\":\"es\"},{\"@type\":\"WebPage\",\"@id\":\"https:\/\/infoecos.com.ar\/index.php\/martin-urbaneja-convoco-a-seguir-profundizando-en-los-origenes\/\",\"url\":\"https:\/\/infoecos.com.ar\/index.php\/martin-urbaneja-convoco-a-seguir-profundizando-en-los-origenes\/\",\"name\":\"Mart\u00edn Urbaneja convoc\u00f3 a seguir profundizando en los or\u00edgenes - Infoecos\",\"isPartOf\":{\"@id\":\"https:\/\/infoecos.com.ar\/#website\"},\"primaryImageOfPage\":{\"@id\":\"https:\/\/infoecos.com.ar\/index.php\/martin-urbaneja-convoco-a-seguir-profundizando-en-los-origenes\/#primaryimage\"},\"image\":{\"@id\":\"https:\/\/infoecos.com.ar\/index.php\/martin-urbaneja-convoco-a-seguir-profundizando-en-los-origenes\/#primaryimage\"},\"thumbnailUrl\":\"https:\/\/infoecos.com.ar\/wp-content\/uploads\/2023\/04\/DSC_8930.jpg\",\"datePublished\":\"2023-04-13T02:50:54+00:00\",\"dateModified\":\"2023-04-16T06:52:24+00:00\",\"breadcrumb\":{\"@id\":\"https:\/\/infoecos.com.ar\/index.php\/martin-urbaneja-convoco-a-seguir-profundizando-en-los-origenes\/#breadcrumb\"},\"inLanguage\":\"es\",\"potentialAction\":[{\"@type\":\"ReadAction\",\"target\":[\"https:\/\/infoecos.com.ar\/index.php\/martin-urbaneja-convoco-a-seguir-profundizando-en-los-origenes\/\"]}]},{\"@type\":\"ImageObject\",\"inLanguage\":\"es\",\"@id\":\"https:\/\/infoecos.com.ar\/index.php\/martin-urbaneja-convoco-a-seguir-profundizando-en-los-origenes\/#primaryimage\",\"url\":\"https:\/\/infoecos.com.ar\/wp-content\/uploads\/2023\/04\/DSC_8930.jpg\",\"contentUrl\":\"https:\/\/infoecos.com.ar\/wp-content\/uploads\/2023\/04\/DSC_8930.jpg\",\"width\":1241,\"height\":830},{\"@type\":\"BreadcrumbList\",\"@id\":\"https:\/\/infoecos.com.ar\/index.php\/martin-urbaneja-convoco-a-seguir-profundizando-en-los-origenes\/#breadcrumb\",\"itemListElement\":[{\"@type\":\"ListItem\",\"position\":1,\"name\":\"Portada\",\"item\":\"https:\/\/infoecos.com.ar\/\"},{\"@type\":\"ListItem\",\"position\":2,\"name\":\"Mart\u00edn Urbaneja convoc\u00f3 a seguir profundizando en los or\u00edgenes\"}]},{\"@type\":\"WebSite\",\"@id\":\"https:\/\/infoecos.com.ar\/#website\",\"url\":\"https:\/\/infoecos.com.ar\/\",\"name\":\"Infoecos\",\"description\":\"Noticias de trenque lauquen y la zona\",\"publisher\":{\"@id\":\"https:\/\/infoecos.com.ar\/#organization\"},\"alternateName\":\"Noticias\",\"potentialAction\":[{\"@type\":\"SearchAction\",\"target\":{\"@type\":\"EntryPoint\",\"urlTemplate\":\"https:\/\/infoecos.com.ar\/?s={search_term_string}\"},\"query-input\":{\"@type\":\"PropertyValueSpecification\",\"valueRequired\":true,\"valueName\":\"search_term_string\"}}],\"inLanguage\":\"es\"},{\"@type\":\"Organization\",\"@id\":\"https:\/\/infoecos.com.ar\/#organization\",\"name\":\"Infoecos\",\"alternateName\":\"Noticias\",\"url\":\"https:\/\/infoecos.com.ar\/\",\"logo\":{\"@type\":\"ImageObject\",\"inLanguage\":\"es\",\"@id\":\"https:\/\/infoecos.com.ar\/#\/schema\/logo\/image\/\",\"url\":\"https:\/\/infoecos.com.ar\/wp-content\/uploads\/2024\/03\/cropped-logo.png\",\"contentUrl\":\"https:\/\/infoecos.com.ar\/wp-content\/uploads\/2024\/03\/cropped-logo.png\",\"width\":374,\"height\":90,\"caption\":\"Infoecos\"},\"image\":{\"@id\":\"https:\/\/infoecos.com.ar\/#\/schema\/logo\/image\/\"},\"sameAs\":[\"https:\/\/www.facebook.com\/profile.php?id=100063200290284\",\"https:\/\/x.com\/infoecos\"]},{\"@type\":\"Person\",\"@id\":\"https:\/\/infoecos.com.ar\/#\/schema\/person\/8f5ace5ce73b4b4aac4b7245aee6f191\",\"name\":\"Jorge Matheus\",\"url\":\"https:\/\/infoecos.com.ar\/index.php\/author\/jomatheus\/\"}]}<\/script>\n<!-- \/ Yoast SEO plugin. -->","yoast_head_json":{"title":"Mart\u00edn Urbaneja convoc\u00f3 a seguir profundizando en los or\u00edgenes - Infoecos","robots":{"index":"index","follow":"follow","max-snippet":"max-snippet:-1","max-image-preview":"max-image-preview:large","max-video-preview":"max-video-preview:-1"},"canonical":"https:\/\/infoecos.com.ar\/index.php\/martin-urbaneja-convoco-a-seguir-profundizando-en-los-origenes\/","og_locale":"es_ES","og_type":"article","og_title":"Mart\u00edn Urbaneja convoc\u00f3 a seguir profundizando en los or\u00edgenes - Infoecos","og_description":"En su discurso el actor destac\u00f3\u00a0\u201cla importancia que tienen los aniversarios y las conmemoraciones, ya que nos permiten ejercitar las memorias individuales y colectivas no solo para revisar cr\u00edticamente nuestro pasado sino para poder pensar en lo que vendr\u00e1\u201d","og_url":"https:\/\/infoecos.com.ar\/index.php\/martin-urbaneja-convoco-a-seguir-profundizando-en-los-origenes\/","og_site_name":"Infoecos","article_publisher":"https:\/\/www.facebook.com\/profile.php?id=100063200290284","article_published_time":"2023-04-13T02:50:54+00:00","article_modified_time":"2023-04-16T06:52:24+00:00","og_image":[{"width":1241,"height":830,"url":"https:\/\/infoecos.com.ar\/wp-content\/uploads\/2023\/04\/DSC_8930.jpg","type":"image\/jpeg"}],"author":"Jorge Matheus","twitter_card":"summary_large_image","twitter_creator":"@infoecos","twitter_site":"@infoecos","twitter_misc":{"Escrito por":"Jorge Matheus","Tiempo de lectura":"3 minutos"},"schema":{"@context":"https:\/\/schema.org","@graph":[{"@type":"Article","@id":"https:\/\/infoecos.com.ar\/index.php\/martin-urbaneja-convoco-a-seguir-profundizando-en-los-origenes\/#article","isPartOf":{"@id":"https:\/\/infoecos.com.ar\/index.php\/martin-urbaneja-convoco-a-seguir-profundizando-en-los-origenes\/"},"author":{"name":"Jorge Matheus","@id":"https:\/\/infoecos.com.ar\/#\/schema\/person\/8f5ace5ce73b4b4aac4b7245aee6f191"},"headline":"Mart\u00edn Urbaneja convoc\u00f3 a seguir profundizando en los or\u00edgenes","datePublished":"2023-04-13T02:50:54+00:00","dateModified":"2023-04-16T06:52:24+00:00","mainEntityOfPage":{"@id":"https:\/\/infoecos.com.ar\/index.php\/martin-urbaneja-convoco-a-seguir-profundizando-en-los-origenes\/"},"wordCount":607,"publisher":{"@id":"https:\/\/infoecos.com.ar\/#organization"},"image":{"@id":"https:\/\/infoecos.com.ar\/index.php\/martin-urbaneja-convoco-a-seguir-profundizando-en-los-origenes\/#primaryimage"},"thumbnailUrl":"https:\/\/infoecos.com.ar\/wp-content\/uploads\/2023\/04\/DSC_8930.jpg","keywords":["147 a\u00f1os de Trenque Lauquen"],"articleSection":["Bloque inferior - 4"],"inLanguage":"es"},{"@type":"WebPage","@id":"https:\/\/infoecos.com.ar\/index.php\/martin-urbaneja-convoco-a-seguir-profundizando-en-los-origenes\/","url":"https:\/\/infoecos.com.ar\/index.php\/martin-urbaneja-convoco-a-seguir-profundizando-en-los-origenes\/","name":"Mart\u00edn Urbaneja convoc\u00f3 a seguir profundizando en los or\u00edgenes - Infoecos","isPartOf":{"@id":"https:\/\/infoecos.com.ar\/#website"},"primaryImageOfPage":{"@id":"https:\/\/infoecos.com.ar\/index.php\/martin-urbaneja-convoco-a-seguir-profundizando-en-los-origenes\/#primaryimage"},"image":{"@id":"https:\/\/infoecos.com.ar\/index.php\/martin-urbaneja-convoco-a-seguir-profundizando-en-los-origenes\/#primaryimage"},"thumbnailUrl":"https:\/\/infoecos.com.ar\/wp-content\/uploads\/2023\/04\/DSC_8930.jpg","datePublished":"2023-04-13T02:50:54+00:00","dateModified":"2023-04-16T06:52:24+00:00","breadcrumb":{"@id":"https:\/\/infoecos.com.ar\/index.php\/martin-urbaneja-convoco-a-seguir-profundizando-en-los-origenes\/#breadcrumb"},"inLanguage":"es","potentialAction":[{"@type":"ReadAction","target":["https:\/\/infoecos.com.ar\/index.php\/martin-urbaneja-convoco-a-seguir-profundizando-en-los-origenes\/"]}]},{"@type":"ImageObject","inLanguage":"es","@id":"https:\/\/infoecos.com.ar\/index.php\/martin-urbaneja-convoco-a-seguir-profundizando-en-los-origenes\/#primaryimage","url":"https:\/\/infoecos.com.ar\/wp-content\/uploads\/2023\/04\/DSC_8930.jpg","contentUrl":"https:\/\/infoecos.com.ar\/wp-content\/uploads\/2023\/04\/DSC_8930.jpg","width":1241,"height":830},{"@type":"BreadcrumbList","@id":"https:\/\/infoecos.com.ar\/index.php\/martin-urbaneja-convoco-a-seguir-profundizando-en-los-origenes\/#breadcrumb","itemListElement":[{"@type":"ListItem","position":1,"name":"Portada","item":"https:\/\/infoecos.com.ar\/"},{"@type":"ListItem","position":2,"name":"Mart\u00edn Urbaneja convoc\u00f3 a seguir profundizando en los or\u00edgenes"}]},{"@type":"WebSite","@id":"https:\/\/infoecos.com.ar\/#website","url":"https:\/\/infoecos.com.ar\/","name":"Infoecos","description":"Noticias de trenque lauquen y la zona","publisher":{"@id":"https:\/\/infoecos.com.ar\/#organization"},"alternateName":"Noticias","potentialAction":[{"@type":"SearchAction","target":{"@type":"EntryPoint","urlTemplate":"https:\/\/infoecos.com.ar\/?s={search_term_string}"},"query-input":{"@type":"PropertyValueSpecification","valueRequired":true,"valueName":"search_term_string"}}],"inLanguage":"es"},{"@type":"Organization","@id":"https:\/\/infoecos.com.ar\/#organization","name":"Infoecos","alternateName":"Noticias","url":"https:\/\/infoecos.com.ar\/","logo":{"@type":"ImageObject","inLanguage":"es","@id":"https:\/\/infoecos.com.ar\/#\/schema\/logo\/image\/","url":"https:\/\/infoecos.com.ar\/wp-content\/uploads\/2024\/03\/cropped-logo.png","contentUrl":"https:\/\/infoecos.com.ar\/wp-content\/uploads\/2024\/03\/cropped-logo.png","width":374,"height":90,"caption":"Infoecos"},"image":{"@id":"https:\/\/infoecos.com.ar\/#\/schema\/logo\/image\/"},"sameAs":["https:\/\/www.facebook.com\/profile.php?id=100063200290284","https:\/\/x.com\/infoecos"]},{"@type":"Person","@id":"https:\/\/infoecos.com.ar\/#\/schema\/person\/8f5ace5ce73b4b4aac4b7245aee6f191","name":"Jorge Matheus","url":"https:\/\/infoecos.com.ar\/index.php\/author\/jomatheus\/"}]}},"featured_image_urls":{"full":["https:\/\/infoecos.com.ar\/wp-content\/uploads\/2023\/04\/DSC_8930.jpg",1241,830,false],"thumbnail":["https:\/\/infoecos.com.ar\/wp-content\/uploads\/2023\/04\/DSC_8930-300x150.jpg",300,150,true],"medium":["https:\/\/infoecos.com.ar\/wp-content\/uploads\/2023\/04\/DSC_8930-800x535.jpg",800,535,true],"medium_large":["https:\/\/infoecos.com.ar\/wp-content\/uploads\/2023\/04\/DSC_8930-768x514.jpg",640,428,true],"large":["https:\/\/infoecos.com.ar\/wp-content\/uploads\/2023\/04\/DSC_8930.jpg",640,428,false],"1536x1536":["https:\/\/infoecos.com.ar\/wp-content\/uploads\/2023\/04\/DSC_8930.jpg",1241,830,false],"2048x2048":["https:\/\/infoecos.com.ar\/wp-content\/uploads\/2023\/04\/DSC_8930.jpg",1241,830,false],"covernews-slider-full":["https:\/\/infoecos.com.ar\/wp-content\/uploads\/2023\/04\/DSC_8930.jpg",1069,715,false],"covernews-slider-center":["https:\/\/infoecos.com.ar\/wp-content\/uploads\/2023\/04\/DSC_8930-936x830.jpg",564,500,true],"covernews-featured":["https:\/\/infoecos.com.ar\/wp-content\/uploads\/2023\/04\/DSC_8930-1024x685.jpg",1024,685,true],"covernews-medium":["https:\/\/infoecos.com.ar\/wp-content\/uploads\/2023\/04\/DSC_8930-720x380.jpg",540,285,true],"covernews-medium-square":["https:\/\/infoecos.com.ar\/wp-content\/uploads\/2023\/04\/DSC_8930-675x450.jpg",375,250,true]},"author_info":{"info":["Jorge Matheus"]},"category_info":"<a href=\"https:\/\/infoecos.com.ar\/index.php\/category\/inferior4\/\" rel=\"category tag\">Bloque inferior - 4<\/a>","tag_info":"Bloque inferior - 4","comment_count":"0","_links":{"self":[{"href":"https:\/\/infoecos.com.ar\/index.php\/wp-json\/wp\/v2\/posts\/103727"}],"collection":[{"href":"https:\/\/infoecos.com.ar\/index.php\/wp-json\/wp\/v2\/posts"}],"about":[{"href":"https:\/\/infoecos.com.ar\/index.php\/wp-json\/wp\/v2\/types\/post"}],"author":[{"embeddable":true,"href":"https:\/\/infoecos.com.ar\/index.php\/wp-json\/wp\/v2\/users\/2"}],"replies":[{"embeddable":true,"href":"https:\/\/infoecos.com.ar\/index.php\/wp-json\/wp\/v2\/comments?post=103727"}],"version-history":[{"count":2,"href":"https:\/\/infoecos.com.ar\/index.php\/wp-json\/wp\/v2\/posts\/103727\/revisions"}],"predecessor-version":[{"id":103847,"href":"https:\/\/infoecos.com.ar\/index.php\/wp-json\/wp\/v2\/posts\/103727\/revisions\/103847"}],"wp:featuredmedia":[{"embeddable":true,"href":"https:\/\/infoecos.com.ar\/index.php\/wp-json\/wp\/v2\/media\/103728"}],"wp:attachment":[{"href":"https:\/\/infoecos.com.ar\/index.php\/wp-json\/wp\/v2\/media?parent=103727"}],"wp:term":[{"taxonomy":"category","embeddable":true,"href":"https:\/\/infoecos.com.ar\/index.php\/wp-json\/wp\/v2\/categories?post=103727"},{"taxonomy":"post_tag","embeddable":true,"href":"https:\/\/infoecos.com.ar\/index.php\/wp-json\/wp\/v2\/tags?post=103727"}],"curies":[{"name":"wp","href":"https:\/\/api.w.org\/{rel}","templated":true}]}}