{"id":103731,"date":"2023-04-12T23:54:36","date_gmt":"2023-04-13T02:54:36","guid":{"rendered":"https:\/\/infoecos.com.ar\/?p=103731"},"modified":"2023-04-16T03:51:06","modified_gmt":"2023-04-16T06:51:06","slug":"revindicacion-de-los-pueblos-indigenas-en-el-acto-por-el-aniversario-de-la-ciudad","status":"publish","type":"post","link":"https:\/\/infoecos.com.ar\/index.php\/revindicacion-de-los-pueblos-indigenas-en-el-acto-por-el-aniversario-de-la-ciudad\/","title":{"rendered":"Revindicaci\u00f3n de los pueblos \u00edndigenas en el acto por el aniversario de la ciudad"},"content":{"rendered":"\n<p>Durante el acto central por el 147\u00b0 aniversario de Trenque Lauquen, se pudo escuchar el mensaje grabado de la presidenta de la Comunidad Mapuche Tehuelche Cacique Pinc\u00e9n, Isabel Araujo, quien no pudo estar presente por encontrarse en Mar del Plata, participando en el Congreso de Salud.<\/p>\n\n\n\n<figure class=\"wp-block-image aligncenter size-full is-resized\"><img loading=\"lazy\" decoding=\"async\" src=\"https:\/\/infoecos.com.ar\/wp-content\/uploads\/2023\/04\/DSC_8939.jpg\" alt=\"\" class=\"wp-image-103732\" width=\"538\" height=\"359\" srcset=\"https:\/\/infoecos.com.ar\/wp-content\/uploads\/2023\/04\/DSC_8939.jpg 1241w, https:\/\/infoecos.com.ar\/wp-content\/uploads\/2023\/04\/DSC_8939-800x535.jpg 800w, https:\/\/infoecos.com.ar\/wp-content\/uploads\/2023\/04\/DSC_8939-768x514.jpg 768w, https:\/\/infoecos.com.ar\/wp-content\/uploads\/2023\/04\/DSC_8939-1024x685.jpg 1024w, https:\/\/infoecos.com.ar\/wp-content\/uploads\/2023\/04\/DSC_8939-675x450.jpg 675w\" sizes=\"(max-width: 538px) 100vw, 538px\" \/><\/figure>\n\n\n\n<p>\u201cA 147 a\u00f1os de la fundaci\u00f3n de Trenque Lauquen, en este nuevo aniversario nuevamente tenemos la posibilidad de tener la voz de la otra cara de la historia, de una historia que tiene dos actores principales, primeramente mis ancestros\/as, el Lonko Pinc\u00e9n, quien habit\u00f3 y habitamos el territorio porque somos las generaciones vivas, como pueblos preexistentes a estos estados, y a la creaci\u00f3n de este distrito; y la contracara de quien fue en su momento el Coronel Villegas\u201d, comenz\u00f3 diciendo en su mensaje.<\/p>\n\n\n\n<p>Tras reflexionar sobre el proceso vivido por los pueblos originarios, Araujo destac\u00f3 el \u201cdi\u00e1logo\u201d, que existe con la Municipalidad de Trenque Lauquen, en la persona del Intendente Miguel Fern\u00e1ndez, y el trabajo que se viene realizando con la \u201cpreservaci\u00f3n del sitio arqueol\u00f3gico, sagrado, ancestral y espiritual que se encuentra en la Ampliaci\u00f3n Urbana\u201d. Al respecto se\u00f1al\u00f3 que \u201ces un patrimonio cultural ind\u00edgena, que pertenece a quienes hoy habitamos el territorio de la hoy, ciudad de Trenque Lauquen\u201d.<\/p>\n\n\n\n<figure class=\"wp-block-image aligncenter size-full is-resized\"><img loading=\"lazy\" decoding=\"async\" src=\"https:\/\/infoecos.com.ar\/wp-content\/uploads\/2023\/04\/DSC_8937.jpg\" alt=\"\" class=\"wp-image-103733\" width=\"582\" height=\"388\" srcset=\"https:\/\/infoecos.com.ar\/wp-content\/uploads\/2023\/04\/DSC_8937.jpg 1241w, https:\/\/infoecos.com.ar\/wp-content\/uploads\/2023\/04\/DSC_8937-800x535.jpg 800w, https:\/\/infoecos.com.ar\/wp-content\/uploads\/2023\/04\/DSC_8937-1024x685.jpg 1024w, https:\/\/infoecos.com.ar\/wp-content\/uploads\/2023\/04\/DSC_8937-675x450.jpg 675w\" sizes=\"(max-width: 582px) 100vw, 582px\" \/><\/figure>\n\n\n\n<p>A continuaci\u00f3n, se escuch\u00f3 el mensaje de Agustina Brizuela y Anah\u00ed Mansilla, integrantes de la Comunidad Mapuche Tehuelche.<\/p>\n\n\n\n<p>\u201cTrenque Lauquen es un lugar que contiene una historia milenaria, 8 mil a\u00f1os de preexistencia, ocupaci\u00f3n, y continuidad de grupos originarios habitando nuestro paisaje, porta en su nombre un v\u00ednculo profundo con su identidad ind\u00edgena\u201d, manifest\u00f3 Anah\u00ed Mansilla.<\/p>\n\n\n\n<p>Por su parte Agustina Brizuela se\u00f1al\u00f3 que \u201cnacimos y crecimos aqu\u00ed, somos parte de esta comunidad, buscamos valorizar nuestras ra\u00edces, or\u00edgenes e identidades a trav\u00e9s de los lenguajes art\u00edsticos que alojamos, puentes de reconexi\u00f3n, escucha y expresi\u00f3n con nuestra cultural ancestral; as\u00ed tuvimos la posibilidad de nutrirnos de un universo vasto, potente, silencioso y silenciado, pudiendo trascender la discriminaci\u00f3n, desvalorizaci\u00f3n y desconocimiento que cargan estas realidades con las que crecimos\u201d.<\/p>\n\n\n\n<p>Tambi\u00e9n se\u00f1al\u00f3 que reivindicar a los pueblos ind\u00edgenas \u201cnos permite ser y poner a la vida en el centro de la escena\u201d.<\/p>\n","protected":false},"excerpt":{"rendered":"<p>Se pudo escuchar el mensaje grabado de la presidenta de la Comunidad Mapuche Tehuelche Cacique Pinc\u00e9n, Isabel Araujo<\/p>\n","protected":false},"author":2,"featured_media":103732,"comment_status":"closed","ping_status":"open","sticky":false,"template":"","format":"standard","meta":{"footnotes":""},"categories":[41],"tags":[7679],"class_list":["post-103731","post","type-post","status-publish","format-standard","has-post-thumbnail","hentry","category-inferior2","tag-147-anos-de-trenque-lauquen"],"yoast_head":"<!-- This site is optimized with the Yoast SEO plugin v23.4 - https:\/\/yoast.com\/wordpress\/plugins\/seo\/ -->\n<title>Revindicaci\u00f3n de los pueblos \u00edndigenas en el acto por el aniversario de la ciudad - Infoecos<\/title>\n<meta name=\"robots\" content=\"index, follow, max-snippet:-1, max-image-preview:large, max-video-preview:-1\" \/>\n<link rel=\"canonical\" href=\"https:\/\/infoecos.com.ar\/index.php\/revindicacion-de-los-pueblos-indigenas-en-el-acto-por-el-aniversario-de-la-ciudad\/\" \/>\n<meta property=\"og:locale\" content=\"es_ES\" \/>\n<meta property=\"og:type\" content=\"article\" \/>\n<meta property=\"og:title\" content=\"Revindicaci\u00f3n de los pueblos \u00edndigenas en el acto por el aniversario de la ciudad - Infoecos\" \/>\n<meta property=\"og:description\" content=\"Se pudo escuchar el mensaje grabado de la presidenta de la Comunidad Mapuche Tehuelche Cacique Pinc\u00e9n, Isabel Araujo\" \/>\n<meta property=\"og:url\" content=\"https:\/\/infoecos.com.ar\/index.php\/revindicacion-de-los-pueblos-indigenas-en-el-acto-por-el-aniversario-de-la-ciudad\/\" \/>\n<meta property=\"og:site_name\" content=\"Infoecos\" \/>\n<meta property=\"article:publisher\" content=\"https:\/\/www.facebook.com\/profile.php?id=100063200290284\" \/>\n<meta property=\"article:published_time\" content=\"2023-04-13T02:54:36+00:00\" \/>\n<meta property=\"article:modified_time\" content=\"2023-04-16T06:51:06+00:00\" \/>\n<meta property=\"og:image\" content=\"https:\/\/infoecos.com.ar\/wp-content\/uploads\/2023\/04\/DSC_8939.jpg\" \/>\n\t<meta property=\"og:image:width\" content=\"1241\" \/>\n\t<meta property=\"og:image:height\" content=\"830\" \/>\n\t<meta property=\"og:image:type\" content=\"image\/jpeg\" \/>\n<meta name=\"author\" content=\"Jorge Matheus\" \/>\n<meta name=\"twitter:card\" content=\"summary_large_image\" \/>\n<meta name=\"twitter:creator\" content=\"@infoecos\" \/>\n<meta name=\"twitter:site\" content=\"@infoecos\" \/>\n<meta name=\"twitter:label1\" content=\"Escrito por\" \/>\n\t<meta name=\"twitter:data1\" content=\"Jorge Matheus\" \/>\n\t<meta name=\"twitter:label2\" content=\"Tiempo de lectura\" \/>\n\t<meta name=\"twitter:data2\" content=\"3 minutos\" \/>\n<script type=\"application\/ld+json\" class=\"yoast-schema-graph\">{\"@context\":\"https:\/\/schema.org\",\"@graph\":[{\"@type\":\"Article\",\"@id\":\"https:\/\/infoecos.com.ar\/index.php\/revindicacion-de-los-pueblos-indigenas-en-el-acto-por-el-aniversario-de-la-ciudad\/#article\",\"isPartOf\":{\"@id\":\"https:\/\/infoecos.com.ar\/index.php\/revindicacion-de-los-pueblos-indigenas-en-el-acto-por-el-aniversario-de-la-ciudad\/\"},\"author\":{\"name\":\"Jorge Matheus\",\"@id\":\"https:\/\/infoecos.com.ar\/#\/schema\/person\/8f5ace5ce73b4b4aac4b7245aee6f191\"},\"headline\":\"Revindicaci\u00f3n de los pueblos \u00edndigenas en el acto por el aniversario de la ciudad\",\"datePublished\":\"2023-04-13T02:54:36+00:00\",\"dateModified\":\"2023-04-16T06:51:06+00:00\",\"mainEntityOfPage\":{\"@id\":\"https:\/\/infoecos.com.ar\/index.php\/revindicacion-de-los-pueblos-indigenas-en-el-acto-por-el-aniversario-de-la-ciudad\/\"},\"wordCount\":396,\"publisher\":{\"@id\":\"https:\/\/infoecos.com.ar\/#organization\"},\"image\":{\"@id\":\"https:\/\/infoecos.com.ar\/index.php\/revindicacion-de-los-pueblos-indigenas-en-el-acto-por-el-aniversario-de-la-ciudad\/#primaryimage\"},\"thumbnailUrl\":\"https:\/\/infoecos.com.ar\/wp-content\/uploads\/2023\/04\/DSC_8939.jpg\",\"keywords\":[\"147 a\u00f1os de Trenque Lauquen\"],\"articleSection\":[\"Bloque inferior - 2\"],\"inLanguage\":\"es\"},{\"@type\":\"WebPage\",\"@id\":\"https:\/\/infoecos.com.ar\/index.php\/revindicacion-de-los-pueblos-indigenas-en-el-acto-por-el-aniversario-de-la-ciudad\/\",\"url\":\"https:\/\/infoecos.com.ar\/index.php\/revindicacion-de-los-pueblos-indigenas-en-el-acto-por-el-aniversario-de-la-ciudad\/\",\"name\":\"Revindicaci\u00f3n de los pueblos \u00edndigenas en el acto por el aniversario de la ciudad - Infoecos\",\"isPartOf\":{\"@id\":\"https:\/\/infoecos.com.ar\/#website\"},\"primaryImageOfPage\":{\"@id\":\"https:\/\/infoecos.com.ar\/index.php\/revindicacion-de-los-pueblos-indigenas-en-el-acto-por-el-aniversario-de-la-ciudad\/#primaryimage\"},\"image\":{\"@id\":\"https:\/\/infoecos.com.ar\/index.php\/revindicacion-de-los-pueblos-indigenas-en-el-acto-por-el-aniversario-de-la-ciudad\/#primaryimage\"},\"thumbnailUrl\":\"https:\/\/infoecos.com.ar\/wp-content\/uploads\/2023\/04\/DSC_8939.jpg\",\"datePublished\":\"2023-04-13T02:54:36+00:00\",\"dateModified\":\"2023-04-16T06:51:06+00:00\",\"breadcrumb\":{\"@id\":\"https:\/\/infoecos.com.ar\/index.php\/revindicacion-de-los-pueblos-indigenas-en-el-acto-por-el-aniversario-de-la-ciudad\/#breadcrumb\"},\"inLanguage\":\"es\",\"potentialAction\":[{\"@type\":\"ReadAction\",\"target\":[\"https:\/\/infoecos.com.ar\/index.php\/revindicacion-de-los-pueblos-indigenas-en-el-acto-por-el-aniversario-de-la-ciudad\/\"]}]},{\"@type\":\"ImageObject\",\"inLanguage\":\"es\",\"@id\":\"https:\/\/infoecos.com.ar\/index.php\/revindicacion-de-los-pueblos-indigenas-en-el-acto-por-el-aniversario-de-la-ciudad\/#primaryimage\",\"url\":\"https:\/\/infoecos.com.ar\/wp-content\/uploads\/2023\/04\/DSC_8939.jpg\",\"contentUrl\":\"https:\/\/infoecos.com.ar\/wp-content\/uploads\/2023\/04\/DSC_8939.jpg\",\"width\":1241,\"height\":830},{\"@type\":\"BreadcrumbList\",\"@id\":\"https:\/\/infoecos.com.ar\/index.php\/revindicacion-de-los-pueblos-indigenas-en-el-acto-por-el-aniversario-de-la-ciudad\/#breadcrumb\",\"itemListElement\":[{\"@type\":\"ListItem\",\"position\":1,\"name\":\"Portada\",\"item\":\"https:\/\/infoecos.com.ar\/\"},{\"@type\":\"ListItem\",\"position\":2,\"name\":\"Revindicaci\u00f3n de los pueblos \u00edndigenas en el acto por el aniversario de la ciudad\"}]},{\"@type\":\"WebSite\",\"@id\":\"https:\/\/infoecos.com.ar\/#website\",\"url\":\"https:\/\/infoecos.com.ar\/\",\"name\":\"Infoecos\",\"description\":\"Noticias de trenque lauquen y la zona\",\"publisher\":{\"@id\":\"https:\/\/infoecos.com.ar\/#organization\"},\"alternateName\":\"Noticias\",\"potentialAction\":[{\"@type\":\"SearchAction\",\"target\":{\"@type\":\"EntryPoint\",\"urlTemplate\":\"https:\/\/infoecos.com.ar\/?s={search_term_string}\"},\"query-input\":{\"@type\":\"PropertyValueSpecification\",\"valueRequired\":true,\"valueName\":\"search_term_string\"}}],\"inLanguage\":\"es\"},{\"@type\":\"Organization\",\"@id\":\"https:\/\/infoecos.com.ar\/#organization\",\"name\":\"Infoecos\",\"alternateName\":\"Noticias\",\"url\":\"https:\/\/infoecos.com.ar\/\",\"logo\":{\"@type\":\"ImageObject\",\"inLanguage\":\"es\",\"@id\":\"https:\/\/infoecos.com.ar\/#\/schema\/logo\/image\/\",\"url\":\"https:\/\/infoecos.com.ar\/wp-content\/uploads\/2024\/03\/cropped-logo.png\",\"contentUrl\":\"https:\/\/infoecos.com.ar\/wp-content\/uploads\/2024\/03\/cropped-logo.png\",\"width\":374,\"height\":90,\"caption\":\"Infoecos\"},\"image\":{\"@id\":\"https:\/\/infoecos.com.ar\/#\/schema\/logo\/image\/\"},\"sameAs\":[\"https:\/\/www.facebook.com\/profile.php?id=100063200290284\",\"https:\/\/x.com\/infoecos\"]},{\"@type\":\"Person\",\"@id\":\"https:\/\/infoecos.com.ar\/#\/schema\/person\/8f5ace5ce73b4b4aac4b7245aee6f191\",\"name\":\"Jorge Matheus\",\"url\":\"https:\/\/infoecos.com.ar\/index.php\/author\/jomatheus\/\"}]}<\/script>\n<!-- \/ Yoast SEO plugin. -->","yoast_head_json":{"title":"Revindicaci\u00f3n de los pueblos \u00edndigenas en el acto por el aniversario de la ciudad - Infoecos","robots":{"index":"index","follow":"follow","max-snippet":"max-snippet:-1","max-image-preview":"max-image-preview:large","max-video-preview":"max-video-preview:-1"},"canonical":"https:\/\/infoecos.com.ar\/index.php\/revindicacion-de-los-pueblos-indigenas-en-el-acto-por-el-aniversario-de-la-ciudad\/","og_locale":"es_ES","og_type":"article","og_title":"Revindicaci\u00f3n de los pueblos \u00edndigenas en el acto por el aniversario de la ciudad - Infoecos","og_description":"Se pudo escuchar el mensaje grabado de la presidenta de la Comunidad Mapuche Tehuelche Cacique Pinc\u00e9n, Isabel Araujo","og_url":"https:\/\/infoecos.com.ar\/index.php\/revindicacion-de-los-pueblos-indigenas-en-el-acto-por-el-aniversario-de-la-ciudad\/","og_site_name":"Infoecos","article_publisher":"https:\/\/www.facebook.com\/profile.php?id=100063200290284","article_published_time":"2023-04-13T02:54:36+00:00","article_modified_time":"2023-04-16T06:51:06+00:00","og_image":[{"width":1241,"height":830,"url":"https:\/\/infoecos.com.ar\/wp-content\/uploads\/2023\/04\/DSC_8939.jpg","type":"image\/jpeg"}],"author":"Jorge Matheus","twitter_card":"summary_large_image","twitter_creator":"@infoecos","twitter_site":"@infoecos","twitter_misc":{"Escrito por":"Jorge Matheus","Tiempo de lectura":"3 minutos"},"schema":{"@context":"https:\/\/schema.org","@graph":[{"@type":"Article","@id":"https:\/\/infoecos.com.ar\/index.php\/revindicacion-de-los-pueblos-indigenas-en-el-acto-por-el-aniversario-de-la-ciudad\/#article","isPartOf":{"@id":"https:\/\/infoecos.com.ar\/index.php\/revindicacion-de-los-pueblos-indigenas-en-el-acto-por-el-aniversario-de-la-ciudad\/"},"author":{"name":"Jorge Matheus","@id":"https:\/\/infoecos.com.ar\/#\/schema\/person\/8f5ace5ce73b4b4aac4b7245aee6f191"},"headline":"Revindicaci\u00f3n de los pueblos \u00edndigenas en el acto por el aniversario de la ciudad","datePublished":"2023-04-13T02:54:36+00:00","dateModified":"2023-04-16T06:51:06+00:00","mainEntityOfPage":{"@id":"https:\/\/infoecos.com.ar\/index.php\/revindicacion-de-los-pueblos-indigenas-en-el-acto-por-el-aniversario-de-la-ciudad\/"},"wordCount":396,"publisher":{"@id":"https:\/\/infoecos.com.ar\/#organization"},"image":{"@id":"https:\/\/infoecos.com.ar\/index.php\/revindicacion-de-los-pueblos-indigenas-en-el-acto-por-el-aniversario-de-la-ciudad\/#primaryimage"},"thumbnailUrl":"https:\/\/infoecos.com.ar\/wp-content\/uploads\/2023\/04\/DSC_8939.jpg","keywords":["147 a\u00f1os de Trenque Lauquen"],"articleSection":["Bloque inferior - 2"],"inLanguage":"es"},{"@type":"WebPage","@id":"https:\/\/infoecos.com.ar\/index.php\/revindicacion-de-los-pueblos-indigenas-en-el-acto-por-el-aniversario-de-la-ciudad\/","url":"https:\/\/infoecos.com.ar\/index.php\/revindicacion-de-los-pueblos-indigenas-en-el-acto-por-el-aniversario-de-la-ciudad\/","name":"Revindicaci\u00f3n de los pueblos \u00edndigenas en el acto por el aniversario de la ciudad - Infoecos","isPartOf":{"@id":"https:\/\/infoecos.com.ar\/#website"},"primaryImageOfPage":{"@id":"https:\/\/infoecos.com.ar\/index.php\/revindicacion-de-los-pueblos-indigenas-en-el-acto-por-el-aniversario-de-la-ciudad\/#primaryimage"},"image":{"@id":"https:\/\/infoecos.com.ar\/index.php\/revindicacion-de-los-pueblos-indigenas-en-el-acto-por-el-aniversario-de-la-ciudad\/#primaryimage"},"thumbnailUrl":"https:\/\/infoecos.com.ar\/wp-content\/uploads\/2023\/04\/DSC_8939.jpg","datePublished":"2023-04-13T02:54:36+00:00","dateModified":"2023-04-16T06:51:06+00:00","breadcrumb":{"@id":"https:\/\/infoecos.com.ar\/index.php\/revindicacion-de-los-pueblos-indigenas-en-el-acto-por-el-aniversario-de-la-ciudad\/#breadcrumb"},"inLanguage":"es","potentialAction":[{"@type":"ReadAction","target":["https:\/\/infoecos.com.ar\/index.php\/revindicacion-de-los-pueblos-indigenas-en-el-acto-por-el-aniversario-de-la-ciudad\/"]}]},{"@type":"ImageObject","inLanguage":"es","@id":"https:\/\/infoecos.com.ar\/index.php\/revindicacion-de-los-pueblos-indigenas-en-el-acto-por-el-aniversario-de-la-ciudad\/#primaryimage","url":"https:\/\/infoecos.com.ar\/wp-content\/uploads\/2023\/04\/DSC_8939.jpg","contentUrl":"https:\/\/infoecos.com.ar\/wp-content\/uploads\/2023\/04\/DSC_8939.jpg","width":1241,"height":830},{"@type":"BreadcrumbList","@id":"https:\/\/infoecos.com.ar\/index.php\/revindicacion-de-los-pueblos-indigenas-en-el-acto-por-el-aniversario-de-la-ciudad\/#breadcrumb","itemListElement":[{"@type":"ListItem","position":1,"name":"Portada","item":"https:\/\/infoecos.com.ar\/"},{"@type":"ListItem","position":2,"name":"Revindicaci\u00f3n de los pueblos \u00edndigenas en el acto por el aniversario de la ciudad"}]},{"@type":"WebSite","@id":"https:\/\/infoecos.com.ar\/#website","url":"https:\/\/infoecos.com.ar\/","name":"Infoecos","description":"Noticias de trenque lauquen y la zona","publisher":{"@id":"https:\/\/infoecos.com.ar\/#organization"},"alternateName":"Noticias","potentialAction":[{"@type":"SearchAction","target":{"@type":"EntryPoint","urlTemplate":"https:\/\/infoecos.com.ar\/?s={search_term_string}"},"query-input":{"@type":"PropertyValueSpecification","valueRequired":true,"valueName":"search_term_string"}}],"inLanguage":"es"},{"@type":"Organization","@id":"https:\/\/infoecos.com.ar\/#organization","name":"Infoecos","alternateName":"Noticias","url":"https:\/\/infoecos.com.ar\/","logo":{"@type":"ImageObject","inLanguage":"es","@id":"https:\/\/infoecos.com.ar\/#\/schema\/logo\/image\/","url":"https:\/\/infoecos.com.ar\/wp-content\/uploads\/2024\/03\/cropped-logo.png","contentUrl":"https:\/\/infoecos.com.ar\/wp-content\/uploads\/2024\/03\/cropped-logo.png","width":374,"height":90,"caption":"Infoecos"},"image":{"@id":"https:\/\/infoecos.com.ar\/#\/schema\/logo\/image\/"},"sameAs":["https:\/\/www.facebook.com\/profile.php?id=100063200290284","https:\/\/x.com\/infoecos"]},{"@type":"Person","@id":"https:\/\/infoecos.com.ar\/#\/schema\/person\/8f5ace5ce73b4b4aac4b7245aee6f191","name":"Jorge Matheus","url":"https:\/\/infoecos.com.ar\/index.php\/author\/jomatheus\/"}]}},"featured_image_urls":{"full":["https:\/\/infoecos.com.ar\/wp-content\/uploads\/2023\/04\/DSC_8939.jpg",1241,830,false],"thumbnail":["https:\/\/infoecos.com.ar\/wp-content\/uploads\/2023\/04\/DSC_8939-300x150.jpg",300,150,true],"medium":["https:\/\/infoecos.com.ar\/wp-content\/uploads\/2023\/04\/DSC_8939-800x535.jpg",800,535,true],"medium_large":["https:\/\/infoecos.com.ar\/wp-content\/uploads\/2023\/04\/DSC_8939-768x514.jpg",640,428,true],"large":["https:\/\/infoecos.com.ar\/wp-content\/uploads\/2023\/04\/DSC_8939.jpg",640,428,false],"1536x1536":["https:\/\/infoecos.com.ar\/wp-content\/uploads\/2023\/04\/DSC_8939.jpg",1241,830,false],"2048x2048":["https:\/\/infoecos.com.ar\/wp-content\/uploads\/2023\/04\/DSC_8939.jpg",1241,830,false],"covernews-slider-full":["https:\/\/infoecos.com.ar\/wp-content\/uploads\/2023\/04\/DSC_8939.jpg",1069,715,false],"covernews-slider-center":["https:\/\/infoecos.com.ar\/wp-content\/uploads\/2023\/04\/DSC_8939-936x830.jpg",564,500,true],"covernews-featured":["https:\/\/infoecos.com.ar\/wp-content\/uploads\/2023\/04\/DSC_8939-1024x685.jpg",1024,685,true],"covernews-medium":["https:\/\/infoecos.com.ar\/wp-content\/uploads\/2023\/04\/DSC_8939-720x380.jpg",540,285,true],"covernews-medium-square":["https:\/\/infoecos.com.ar\/wp-content\/uploads\/2023\/04\/DSC_8939-675x450.jpg",375,250,true]},"author_info":{"info":["Jorge Matheus"]},"category_info":"<a href=\"https:\/\/infoecos.com.ar\/index.php\/category\/inferior2\/\" rel=\"category tag\">Bloque inferior - 2<\/a>","tag_info":"Bloque inferior - 2","comment_count":"0","_links":{"self":[{"href":"https:\/\/infoecos.com.ar\/index.php\/wp-json\/wp\/v2\/posts\/103731"}],"collection":[{"href":"https:\/\/infoecos.com.ar\/index.php\/wp-json\/wp\/v2\/posts"}],"about":[{"href":"https:\/\/infoecos.com.ar\/index.php\/wp-json\/wp\/v2\/types\/post"}],"author":[{"embeddable":true,"href":"https:\/\/infoecos.com.ar\/index.php\/wp-json\/wp\/v2\/users\/2"}],"replies":[{"embeddable":true,"href":"https:\/\/infoecos.com.ar\/index.php\/wp-json\/wp\/v2\/comments?post=103731"}],"version-history":[{"count":1,"href":"https:\/\/infoecos.com.ar\/index.php\/wp-json\/wp\/v2\/posts\/103731\/revisions"}],"predecessor-version":[{"id":103734,"href":"https:\/\/infoecos.com.ar\/index.php\/wp-json\/wp\/v2\/posts\/103731\/revisions\/103734"}],"wp:featuredmedia":[{"embeddable":true,"href":"https:\/\/infoecos.com.ar\/index.php\/wp-json\/wp\/v2\/media\/103732"}],"wp:attachment":[{"href":"https:\/\/infoecos.com.ar\/index.php\/wp-json\/wp\/v2\/media?parent=103731"}],"wp:term":[{"taxonomy":"category","embeddable":true,"href":"https:\/\/infoecos.com.ar\/index.php\/wp-json\/wp\/v2\/categories?post=103731"},{"taxonomy":"post_tag","embeddable":true,"href":"https:\/\/infoecos.com.ar\/index.php\/wp-json\/wp\/v2\/tags?post=103731"}],"curies":[{"name":"wp","href":"https:\/\/api.w.org\/{rel}","templated":true}]}}