{"id":103735,"date":"2023-04-13T02:55:01","date_gmt":"2023-04-13T05:55:01","guid":{"rendered":"https:\/\/infoecos.com.ar\/?p=103735"},"modified":"2023-04-16T03:51:43","modified_gmt":"2023-04-16T06:51:43","slug":"trenque-lauquen-es-lo-que-es-por-la-fusion-de-esas-culturas-que-no-negamos-dijo-fernandez","status":"publish","type":"post","link":"https:\/\/infoecos.com.ar\/index.php\/trenque-lauquen-es-lo-que-es-por-la-fusion-de-esas-culturas-que-no-negamos-dijo-fernandez\/","title":{"rendered":"\u00abTrenque Lauquen es lo que es por la fusi\u00f3n de esas culturas que no negamos\u00bb, dijo Fern\u00e1ndez"},"content":{"rendered":"\n<p>\u201cHoy, aqu\u00ed, nuevamente, como todos los 12 de abril nos convocamos a la plaza del pueblo para conmemorar nuestra fundaci\u00f3n. En esta plaza, nuestra plaza, llena de historias, est\u00e1n enterradas nuestras ra\u00edces, nuestros valores y nuestra historia\u201d, comenz\u00f3 diciendo el Intendente Miguel Fern\u00e1ndez, al dirigirse a la comunidad en el acto central por el 147\u00ba aniversario de la ciudad de Trenque Lauquen.<\/p>\n\n\n\n<figure class=\"wp-block-image aligncenter size-full is-resized\"><img loading=\"lazy\" decoding=\"async\" src=\"https:\/\/infoecos.com.ar\/wp-content\/uploads\/2023\/04\/DSC_8986.jpg\" alt=\"\" class=\"wp-image-103736\" width=\"520\" height=\"347\" srcset=\"https:\/\/infoecos.com.ar\/wp-content\/uploads\/2023\/04\/DSC_8986.jpg 1241w, https:\/\/infoecos.com.ar\/wp-content\/uploads\/2023\/04\/DSC_8986-800x535.jpg 800w, https:\/\/infoecos.com.ar\/wp-content\/uploads\/2023\/04\/DSC_8986-768x514.jpg 768w, https:\/\/infoecos.com.ar\/wp-content\/uploads\/2023\/04\/DSC_8986-1024x685.jpg 1024w, https:\/\/infoecos.com.ar\/wp-content\/uploads\/2023\/04\/DSC_8986-675x450.jpg 675w\" sizes=\"(max-width: 520px) 100vw, 520px\" \/><\/figure>\n\n\n\n<p>\u201cVaya uno a saber d\u00f3nde estar\u00edan algunas de las tolder\u00edas del bravo Pinc\u00e9n, quiz\u00e1s en el Parque, ac\u00e1 nom\u00e1s, donde se habr\u00e1 pensado c\u00f3mo resistir ese futuro y en esa tensi\u00f3n entre el futuro de Villegas y la resistencia de Pinc\u00e9n, est\u00e1 parte de nuestras ra\u00edces aqu\u00ed en la Plaza, de eso que nos dan origen y personalidad y que nos explica lo que somos\u201d, dijo Fern\u00e1ndez, para remarcar que \u201choy es un d\u00eda que tiene mucho de emoci\u00f3n, ocho discursos en ocho a\u00f1os de mandato son muchos, pero siempre hay emoci\u00f3n, y es lo que uno intenta transmitir en un d\u00eda tan importante\u201d.<\/p>\n\n\n\n<figure class=\"wp-block-image aligncenter size-full is-resized\"><img loading=\"lazy\" decoding=\"async\" src=\"https:\/\/infoecos.com.ar\/wp-content\/uploads\/2023\/04\/DSC_8974.jpg\" alt=\"\" class=\"wp-image-103737\" width=\"513\" height=\"342\" srcset=\"https:\/\/infoecos.com.ar\/wp-content\/uploads\/2023\/04\/DSC_8974.jpg 1241w, https:\/\/infoecos.com.ar\/wp-content\/uploads\/2023\/04\/DSC_8974-800x535.jpg 800w, https:\/\/infoecos.com.ar\/wp-content\/uploads\/2023\/04\/DSC_8974-768x514.jpg 768w, https:\/\/infoecos.com.ar\/wp-content\/uploads\/2023\/04\/DSC_8974-1024x685.jpg 1024w, https:\/\/infoecos.com.ar\/wp-content\/uploads\/2023\/04\/DSC_8974-675x450.jpg 675w\" sizes=\"(max-width: 513px) 100vw, 513px\" \/><\/figure>\n\n\n\n<p>\u201cHay una fundaci\u00f3n, pero hay una fundici\u00f3n tambi\u00e9n, como dec\u00eda (Winston) Churchill, esos sudores, esas sangres y esas l\u00e1grimas no se excluyeron, sino que se fusionaron; y Trenque Lauquen es lo que es por la fusi\u00f3n de esas culturas que no negamos, sino por el contrario que reconocemos como necesarias para darle la identidad que hoy tenemos, 147 a\u00f1os despu\u00e9s\u201d.<\/p>\n\n\n\n<figure class=\"wp-block-image size-full\"><img loading=\"lazy\" decoding=\"async\" width=\"1241\" height=\"830\" src=\"https:\/\/infoecos.com.ar\/wp-content\/uploads\/2023\/04\/DSC_8960.jpg\" alt=\"\" class=\"wp-image-103738\" srcset=\"https:\/\/infoecos.com.ar\/wp-content\/uploads\/2023\/04\/DSC_8960.jpg 1241w, https:\/\/infoecos.com.ar\/wp-content\/uploads\/2023\/04\/DSC_8960-800x535.jpg 800w, https:\/\/infoecos.com.ar\/wp-content\/uploads\/2023\/04\/DSC_8960-768x514.jpg 768w, https:\/\/infoecos.com.ar\/wp-content\/uploads\/2023\/04\/DSC_8960-1024x685.jpg 1024w, https:\/\/infoecos.com.ar\/wp-content\/uploads\/2023\/04\/DSC_8960-675x450.jpg 675w\" sizes=\"(max-width: 1241px) 100vw, 1241px\" \/><\/figure>\n\n\n\n<p>\u201cTodos los que nacieron y nacen en Trenque Lauquen son moldeados con estas ra\u00edces, y todos los migrantes que han elegido Trenque Lauquen para vivir se amoldan a esas ra\u00edces, no hay forma de vivir en esta ciudad si no reconocemos nuestra historia\u201d, manifest\u00f3.<\/p>\n\n\n\n<p>En este marco consider\u00f3 que \u201csi bien es cierto que hay muchas prioridades en una gesti\u00f3n de gobierno, para nosotros el resguardo del patrimonio y de nuestra cultura son parte esencial y fundacional de nuestra ciudad\u201d.<\/p>\n\n\n\n<figure class=\"wp-block-image size-full\"><img loading=\"lazy\" decoding=\"async\" width=\"1241\" height=\"830\" src=\"https:\/\/infoecos.com.ar\/wp-content\/uploads\/2023\/04\/DSC_8942.jpg\" alt=\"\" class=\"wp-image-103739\" srcset=\"https:\/\/infoecos.com.ar\/wp-content\/uploads\/2023\/04\/DSC_8942.jpg 1241w, https:\/\/infoecos.com.ar\/wp-content\/uploads\/2023\/04\/DSC_8942-800x535.jpg 800w, https:\/\/infoecos.com.ar\/wp-content\/uploads\/2023\/04\/DSC_8942-768x514.jpg 768w, https:\/\/infoecos.com.ar\/wp-content\/uploads\/2023\/04\/DSC_8942-1024x685.jpg 1024w, https:\/\/infoecos.com.ar\/wp-content\/uploads\/2023\/04\/DSC_8942-675x450.jpg 675w\" sizes=\"(max-width: 1241px) 100vw, 1241px\" \/><\/figure>\n\n\n\n<p>\u201cNo es f\u00e1cil asignar un lugar espec\u00edfico para una reserva arqueol\u00f3gicas, las piezas all\u00ed encontradas tienen m\u00e1s de 3000 a\u00f1os antes de Cristo, y forma parte de nuestra historia y tenemos que tenerla siempre presente y transmitirla de generaci\u00f3n en generaci\u00f3n\u201d.<\/p>\n\n\n\n<p>Y en ese sentido se\u00f1al\u00f3 que \u201cestas ra\u00edces, tambi\u00e9n le dan identidad a nuestros dirigentes, y cuando hablo de dirigentes no hablo de la pol\u00edtica partidaria, hablo de los vecinos que se animaron a so\u00f1ar y a hacer, sobre todo a hacer; esos dirigentes visionarios que le dieron solidez al desarrollo de nuestra comunidad\u201d.<\/p>\n\n\n\n<figure class=\"wp-block-image size-full\"><img loading=\"lazy\" decoding=\"async\" width=\"1241\" height=\"830\" src=\"https:\/\/infoecos.com.ar\/wp-content\/uploads\/2023\/04\/DSC_8943.jpg\" alt=\"\" class=\"wp-image-103740\" srcset=\"https:\/\/infoecos.com.ar\/wp-content\/uploads\/2023\/04\/DSC_8943.jpg 1241w, https:\/\/infoecos.com.ar\/wp-content\/uploads\/2023\/04\/DSC_8943-800x535.jpg 800w, https:\/\/infoecos.com.ar\/wp-content\/uploads\/2023\/04\/DSC_8943-768x514.jpg 768w, https:\/\/infoecos.com.ar\/wp-content\/uploads\/2023\/04\/DSC_8943-1024x685.jpg 1024w, https:\/\/infoecos.com.ar\/wp-content\/uploads\/2023\/04\/DSC_8943-675x450.jpg 675w\" sizes=\"(max-width: 1241px) 100vw, 1241px\" \/><\/figure>\n\n\n\n<p>\u201cNuestra historia nos se\u00f1ala en el arco de entrada: Historia y Progreso, y no hay una sin la otra; como no hay Villegas sin Pinc\u00e9n, y no hay Trenque Lauquen sin su gente, y Trenque Lauquen ha sido, es y ser\u00e1 por obra de todos nosotros una potencia\u201d, remarc\u00f3.<\/p>\n\n\n\n<p>A modo de ejemplo enumer\u00f3 algunos hitos que destacan a Trenque Lauquen: la Usina del pueblo, luego Cooperativa El\u00e9ctrica, la Compa\u00f1\u00eda de Seguros La Primera, a Cl\u00ednica Garc\u00eda Salinas, el Frigor\u00edfico Regional, el Frigor\u00edfico Indio Pampa, Agrocabina, Fundici\u00f3n de Acero, Garbarino Hnos., una f\u00e1brica de llantas y carburadores, una f\u00e1brica de Amortiguadores Elelin, tres diarios, LU 11 y luego Radio y Televisi\u00f3n Trenque Lauquen.<\/p>\n\n\n\n<figure class=\"wp-block-image size-full\"><img loading=\"lazy\" decoding=\"async\" width=\"1241\" height=\"830\" src=\"https:\/\/infoecos.com.ar\/wp-content\/uploads\/2023\/04\/DSC_9021.jpg\" alt=\"\" class=\"wp-image-103741\" srcset=\"https:\/\/infoecos.com.ar\/wp-content\/uploads\/2023\/04\/DSC_9021.jpg 1241w, https:\/\/infoecos.com.ar\/wp-content\/uploads\/2023\/04\/DSC_9021-800x535.jpg 800w, https:\/\/infoecos.com.ar\/wp-content\/uploads\/2023\/04\/DSC_9021-768x514.jpg 768w, https:\/\/infoecos.com.ar\/wp-content\/uploads\/2023\/04\/DSC_9021-1024x685.jpg 1024w, https:\/\/infoecos.com.ar\/wp-content\/uploads\/2023\/04\/DSC_9021-675x450.jpg 675w\" sizes=\"(max-width: 1241px) 100vw, 1241px\" \/><\/figure>\n\n\n\n<p>\u201cEsto que les menciono lo hicieron dirigentes, no pol\u00edticos, dirigentes visionarios; los gobiernos son emergentes de las sociedades que los forjan. Buenas ra\u00edces dan buenas sociedades, buenas sociedades dan lugar a personas de bien que engendran buenos dirigentes, buenos dirigentes generan buenos pol\u00edticos y buenos pol\u00edticos generan buenas pol\u00edticas\u201d, se\u00f1al\u00f3.<\/p>\n\n\n\n<p>En este contexto recalc\u00f3 que \u201cnuestro pueblo detesta la mediocridad, reniega de la superficialidad y rechaza toda acci\u00f3n que no est\u00e9 orientada a concretar la visi\u00f3n de futuro que est\u00e1 en nuestras ra\u00edces\u201d.<\/p>\n\n\n\n<p>Adem\u00e1s, \u201cnuestro pueblo celebra la acci\u00f3n, valora la honradez y premia la hidalgu\u00eda; y exige sacrificio, y perseveranciay solo ofrece a cambio la gloria de cumplir con nuestro mandato hist\u00f3rico\u201d.<\/p>\n\n\n\n<p>\u201cRespetar nuestro origen, nuestras ra\u00edces, nuestro legado es nuestro deber, y hoy sin duda no son tiempos f\u00e1ciles los de hoy d\u00eda, para nadie. No alcanza la plata, la pobreza acecha y el futuro es incierto.Hoy, las certezas de otros tiempos, son dudas, donde el sentido de pertenencia decae y el compromiso con el otro desvanece; y es ah\u00ed donde debemos aferrarnos a nuestra historia y a nuestras ra\u00edces\u201d.<\/p>\n\n\n\n<p>Para finalizar inst\u00f3 a la comunidad a tomar \u201clas lanzas de Pinc\u00e9n y los sables de Villegas, levant\u00e9monos cada uno de nosotros con el coraje heredado no para eliminar al otro sino para espantar nuestras miserias, nuestras claudicaciones, nuestros miedos y nuestras realidades\u201d.<\/p>\n\n\n\n<p>\u201cSabemos que el futuro es colectivo y no individual, sabemos que el futuro se construye con escucha y entendimiento; sabemos que hay futuro si hay generosidad y humildad; sabemos que hay futuro si hay esfuerzo y compromiso; sabemos que hay futuro si unimos el qu\u00e9 con el c\u00f3mo; sabemos que hay futuro si entendemos para qu\u00e9 estamos y hacia d\u00f3nde vamos; por eso hagamos que la inteligencia que Dios nos dio y el poder que el pueblo nos entreg\u00f3 se orienten a hacer el bien\u201d, subray\u00f3.<\/p>\n\n\n\n<p>Fern\u00e1ndez consider\u00f3 que \u201csi hacemos lo que nos demanda el futuro, haremos honor al legado de Pinc\u00e9n y Villegas, y haremos honor al legado de nuestros dirigentes que hoy ya no est\u00e1n, y sobre todo cumpliremos con nuestro mandato hist\u00f3rico de crear el Trenque Lauquen donde el progreso y el desarrollo sean fuente de oportunidades\u201d.<\/p>\n\n\n\n<p>\u201cParafraseando el pre\u00e1mbulo de la Constituci\u00f3n argentina, para nosotros, para nuestra posteridad y para todos los hombres del mundo que quieran habitar nuestro suelo Trenquelauquenche: Feliz Aniversario Trenque Lauquen\u201d, concluy\u00f3.<\/p>\n","protected":false},"excerpt":{"rendered":"<p>El Intendente Miguel Fern\u00e1ndez, al dirigirse a la comunidad en el acto central por el 147\u00ba aniversario de la ciudad de Trenque Lauquen<\/p>\n","protected":false},"author":2,"featured_media":103736,"comment_status":"closed","ping_status":"open","sticky":false,"template":"","format":"standard","meta":{"footnotes":""},"categories":[42],"tags":[7679],"class_list":["post-103735","post","type-post","status-publish","format-standard","has-post-thumbnail","hentry","category-inferior3","tag-147-anos-de-trenque-lauquen"],"yoast_head":"<!-- This site is optimized with the Yoast SEO plugin v23.4 - https:\/\/yoast.com\/wordpress\/plugins\/seo\/ -->\n<title>&quot;Trenque Lauquen es lo que es por la fusi\u00f3n de esas culturas que no negamos&quot;, dijo Fern\u00e1ndez - Infoecos<\/title>\n<meta name=\"robots\" content=\"index, follow, max-snippet:-1, max-image-preview:large, max-video-preview:-1\" \/>\n<link rel=\"canonical\" href=\"https:\/\/infoecos.com.ar\/index.php\/trenque-lauquen-es-lo-que-es-por-la-fusion-de-esas-culturas-que-no-negamos-dijo-fernandez\/\" \/>\n<meta property=\"og:locale\" content=\"es_ES\" \/>\n<meta property=\"og:type\" content=\"article\" \/>\n<meta property=\"og:title\" content=\"&quot;Trenque Lauquen es lo que es por la fusi\u00f3n de esas culturas que no negamos&quot;, dijo Fern\u00e1ndez - Infoecos\" \/>\n<meta property=\"og:description\" content=\"El Intendente Miguel Fern\u00e1ndez, al dirigirse a la comunidad en el acto central por el 147\u00ba aniversario de la ciudad de Trenque Lauquen\" \/>\n<meta property=\"og:url\" content=\"https:\/\/infoecos.com.ar\/index.php\/trenque-lauquen-es-lo-que-es-por-la-fusion-de-esas-culturas-que-no-negamos-dijo-fernandez\/\" \/>\n<meta property=\"og:site_name\" content=\"Infoecos\" \/>\n<meta property=\"article:publisher\" content=\"https:\/\/www.facebook.com\/profile.php?id=100063200290284\" \/>\n<meta property=\"article:published_time\" content=\"2023-04-13T05:55:01+00:00\" \/>\n<meta property=\"article:modified_time\" content=\"2023-04-16T06:51:43+00:00\" \/>\n<meta property=\"og:image\" content=\"https:\/\/infoecos.com.ar\/wp-content\/uploads\/2023\/04\/DSC_8986.jpg\" \/>\n\t<meta property=\"og:image:width\" content=\"1241\" \/>\n\t<meta property=\"og:image:height\" content=\"830\" \/>\n\t<meta property=\"og:image:type\" content=\"image\/jpeg\" \/>\n<meta name=\"author\" content=\"Jorge Matheus\" \/>\n<meta name=\"twitter:card\" content=\"summary_large_image\" \/>\n<meta name=\"twitter:creator\" content=\"@infoecos\" \/>\n<meta name=\"twitter:site\" content=\"@infoecos\" \/>\n<meta name=\"twitter:label1\" content=\"Escrito por\" \/>\n\t<meta name=\"twitter:data1\" content=\"Jorge Matheus\" \/>\n\t<meta name=\"twitter:label2\" content=\"Tiempo de lectura\" \/>\n\t<meta name=\"twitter:data2\" content=\"6 minutos\" \/>\n<script type=\"application\/ld+json\" class=\"yoast-schema-graph\">{\"@context\":\"https:\/\/schema.org\",\"@graph\":[{\"@type\":\"Article\",\"@id\":\"https:\/\/infoecos.com.ar\/index.php\/trenque-lauquen-es-lo-que-es-por-la-fusion-de-esas-culturas-que-no-negamos-dijo-fernandez\/#article\",\"isPartOf\":{\"@id\":\"https:\/\/infoecos.com.ar\/index.php\/trenque-lauquen-es-lo-que-es-por-la-fusion-de-esas-culturas-que-no-negamos-dijo-fernandez\/\"},\"author\":{\"name\":\"Jorge Matheus\",\"@id\":\"https:\/\/infoecos.com.ar\/#\/schema\/person\/8f5ace5ce73b4b4aac4b7245aee6f191\"},\"headline\":\"\u00abTrenque Lauquen es lo que es por la fusi\u00f3n de esas culturas que no negamos\u00bb, dijo Fern\u00e1ndez\",\"datePublished\":\"2023-04-13T05:55:01+00:00\",\"dateModified\":\"2023-04-16T06:51:43+00:00\",\"mainEntityOfPage\":{\"@id\":\"https:\/\/infoecos.com.ar\/index.php\/trenque-lauquen-es-lo-que-es-por-la-fusion-de-esas-culturas-que-no-negamos-dijo-fernandez\/\"},\"wordCount\":1007,\"publisher\":{\"@id\":\"https:\/\/infoecos.com.ar\/#organization\"},\"image\":{\"@id\":\"https:\/\/infoecos.com.ar\/index.php\/trenque-lauquen-es-lo-que-es-por-la-fusion-de-esas-culturas-que-no-negamos-dijo-fernandez\/#primaryimage\"},\"thumbnailUrl\":\"https:\/\/infoecos.com.ar\/wp-content\/uploads\/2023\/04\/DSC_8986.jpg\",\"keywords\":[\"147 a\u00f1os de Trenque Lauquen\"],\"articleSection\":[\"Bloque inferior - 3\"],\"inLanguage\":\"es\"},{\"@type\":\"WebPage\",\"@id\":\"https:\/\/infoecos.com.ar\/index.php\/trenque-lauquen-es-lo-que-es-por-la-fusion-de-esas-culturas-que-no-negamos-dijo-fernandez\/\",\"url\":\"https:\/\/infoecos.com.ar\/index.php\/trenque-lauquen-es-lo-que-es-por-la-fusion-de-esas-culturas-que-no-negamos-dijo-fernandez\/\",\"name\":\"\\\"Trenque Lauquen es lo que es por la fusi\u00f3n de esas culturas que no negamos\\\", dijo Fern\u00e1ndez - Infoecos\",\"isPartOf\":{\"@id\":\"https:\/\/infoecos.com.ar\/#website\"},\"primaryImageOfPage\":{\"@id\":\"https:\/\/infoecos.com.ar\/index.php\/trenque-lauquen-es-lo-que-es-por-la-fusion-de-esas-culturas-que-no-negamos-dijo-fernandez\/#primaryimage\"},\"image\":{\"@id\":\"https:\/\/infoecos.com.ar\/index.php\/trenque-lauquen-es-lo-que-es-por-la-fusion-de-esas-culturas-que-no-negamos-dijo-fernandez\/#primaryimage\"},\"thumbnailUrl\":\"https:\/\/infoecos.com.ar\/wp-content\/uploads\/2023\/04\/DSC_8986.jpg\",\"datePublished\":\"2023-04-13T05:55:01+00:00\",\"dateModified\":\"2023-04-16T06:51:43+00:00\",\"breadcrumb\":{\"@id\":\"https:\/\/infoecos.com.ar\/index.php\/trenque-lauquen-es-lo-que-es-por-la-fusion-de-esas-culturas-que-no-negamos-dijo-fernandez\/#breadcrumb\"},\"inLanguage\":\"es\",\"potentialAction\":[{\"@type\":\"ReadAction\",\"target\":[\"https:\/\/infoecos.com.ar\/index.php\/trenque-lauquen-es-lo-que-es-por-la-fusion-de-esas-culturas-que-no-negamos-dijo-fernandez\/\"]}]},{\"@type\":\"ImageObject\",\"inLanguage\":\"es\",\"@id\":\"https:\/\/infoecos.com.ar\/index.php\/trenque-lauquen-es-lo-que-es-por-la-fusion-de-esas-culturas-que-no-negamos-dijo-fernandez\/#primaryimage\",\"url\":\"https:\/\/infoecos.com.ar\/wp-content\/uploads\/2023\/04\/DSC_8986.jpg\",\"contentUrl\":\"https:\/\/infoecos.com.ar\/wp-content\/uploads\/2023\/04\/DSC_8986.jpg\",\"width\":1241,\"height\":830},{\"@type\":\"BreadcrumbList\",\"@id\":\"https:\/\/infoecos.com.ar\/index.php\/trenque-lauquen-es-lo-que-es-por-la-fusion-de-esas-culturas-que-no-negamos-dijo-fernandez\/#breadcrumb\",\"itemListElement\":[{\"@type\":\"ListItem\",\"position\":1,\"name\":\"Portada\",\"item\":\"https:\/\/infoecos.com.ar\/\"},{\"@type\":\"ListItem\",\"position\":2,\"name\":\"\u00abTrenque Lauquen es lo que es por la fusi\u00f3n de esas culturas que no negamos\u00bb, dijo Fern\u00e1ndez\"}]},{\"@type\":\"WebSite\",\"@id\":\"https:\/\/infoecos.com.ar\/#website\",\"url\":\"https:\/\/infoecos.com.ar\/\",\"name\":\"Infoecos\",\"description\":\"Noticias de trenque lauquen y la zona\",\"publisher\":{\"@id\":\"https:\/\/infoecos.com.ar\/#organization\"},\"alternateName\":\"Noticias\",\"potentialAction\":[{\"@type\":\"SearchAction\",\"target\":{\"@type\":\"EntryPoint\",\"urlTemplate\":\"https:\/\/infoecos.com.ar\/?s={search_term_string}\"},\"query-input\":{\"@type\":\"PropertyValueSpecification\",\"valueRequired\":true,\"valueName\":\"search_term_string\"}}],\"inLanguage\":\"es\"},{\"@type\":\"Organization\",\"@id\":\"https:\/\/infoecos.com.ar\/#organization\",\"name\":\"Infoecos\",\"alternateName\":\"Noticias\",\"url\":\"https:\/\/infoecos.com.ar\/\",\"logo\":{\"@type\":\"ImageObject\",\"inLanguage\":\"es\",\"@id\":\"https:\/\/infoecos.com.ar\/#\/schema\/logo\/image\/\",\"url\":\"https:\/\/infoecos.com.ar\/wp-content\/uploads\/2024\/03\/cropped-logo.png\",\"contentUrl\":\"https:\/\/infoecos.com.ar\/wp-content\/uploads\/2024\/03\/cropped-logo.png\",\"width\":374,\"height\":90,\"caption\":\"Infoecos\"},\"image\":{\"@id\":\"https:\/\/infoecos.com.ar\/#\/schema\/logo\/image\/\"},\"sameAs\":[\"https:\/\/www.facebook.com\/profile.php?id=100063200290284\",\"https:\/\/x.com\/infoecos\"]},{\"@type\":\"Person\",\"@id\":\"https:\/\/infoecos.com.ar\/#\/schema\/person\/8f5ace5ce73b4b4aac4b7245aee6f191\",\"name\":\"Jorge Matheus\",\"url\":\"https:\/\/infoecos.com.ar\/index.php\/author\/jomatheus\/\"}]}<\/script>\n<!-- \/ Yoast SEO plugin. -->","yoast_head_json":{"title":"\"Trenque Lauquen es lo que es por la fusi\u00f3n de esas culturas que no negamos\", dijo Fern\u00e1ndez - Infoecos","robots":{"index":"index","follow":"follow","max-snippet":"max-snippet:-1","max-image-preview":"max-image-preview:large","max-video-preview":"max-video-preview:-1"},"canonical":"https:\/\/infoecos.com.ar\/index.php\/trenque-lauquen-es-lo-que-es-por-la-fusion-de-esas-culturas-que-no-negamos-dijo-fernandez\/","og_locale":"es_ES","og_type":"article","og_title":"\"Trenque Lauquen es lo que es por la fusi\u00f3n de esas culturas que no negamos\", dijo Fern\u00e1ndez - Infoecos","og_description":"El Intendente Miguel Fern\u00e1ndez, al dirigirse a la comunidad en el acto central por el 147\u00ba aniversario de la ciudad de Trenque Lauquen","og_url":"https:\/\/infoecos.com.ar\/index.php\/trenque-lauquen-es-lo-que-es-por-la-fusion-de-esas-culturas-que-no-negamos-dijo-fernandez\/","og_site_name":"Infoecos","article_publisher":"https:\/\/www.facebook.com\/profile.php?id=100063200290284","article_published_time":"2023-04-13T05:55:01+00:00","article_modified_time":"2023-04-16T06:51:43+00:00","og_image":[{"width":1241,"height":830,"url":"https:\/\/infoecos.com.ar\/wp-content\/uploads\/2023\/04\/DSC_8986.jpg","type":"image\/jpeg"}],"author":"Jorge Matheus","twitter_card":"summary_large_image","twitter_creator":"@infoecos","twitter_site":"@infoecos","twitter_misc":{"Escrito por":"Jorge Matheus","Tiempo de lectura":"6 minutos"},"schema":{"@context":"https:\/\/schema.org","@graph":[{"@type":"Article","@id":"https:\/\/infoecos.com.ar\/index.php\/trenque-lauquen-es-lo-que-es-por-la-fusion-de-esas-culturas-que-no-negamos-dijo-fernandez\/#article","isPartOf":{"@id":"https:\/\/infoecos.com.ar\/index.php\/trenque-lauquen-es-lo-que-es-por-la-fusion-de-esas-culturas-que-no-negamos-dijo-fernandez\/"},"author":{"name":"Jorge Matheus","@id":"https:\/\/infoecos.com.ar\/#\/schema\/person\/8f5ace5ce73b4b4aac4b7245aee6f191"},"headline":"\u00abTrenque Lauquen es lo que es por la fusi\u00f3n de esas culturas que no negamos\u00bb, dijo Fern\u00e1ndez","datePublished":"2023-04-13T05:55:01+00:00","dateModified":"2023-04-16T06:51:43+00:00","mainEntityOfPage":{"@id":"https:\/\/infoecos.com.ar\/index.php\/trenque-lauquen-es-lo-que-es-por-la-fusion-de-esas-culturas-que-no-negamos-dijo-fernandez\/"},"wordCount":1007,"publisher":{"@id":"https:\/\/infoecos.com.ar\/#organization"},"image":{"@id":"https:\/\/infoecos.com.ar\/index.php\/trenque-lauquen-es-lo-que-es-por-la-fusion-de-esas-culturas-que-no-negamos-dijo-fernandez\/#primaryimage"},"thumbnailUrl":"https:\/\/infoecos.com.ar\/wp-content\/uploads\/2023\/04\/DSC_8986.jpg","keywords":["147 a\u00f1os de Trenque Lauquen"],"articleSection":["Bloque inferior - 3"],"inLanguage":"es"},{"@type":"WebPage","@id":"https:\/\/infoecos.com.ar\/index.php\/trenque-lauquen-es-lo-que-es-por-la-fusion-de-esas-culturas-que-no-negamos-dijo-fernandez\/","url":"https:\/\/infoecos.com.ar\/index.php\/trenque-lauquen-es-lo-que-es-por-la-fusion-de-esas-culturas-que-no-negamos-dijo-fernandez\/","name":"\"Trenque Lauquen es lo que es por la fusi\u00f3n de esas culturas que no negamos\", dijo Fern\u00e1ndez - Infoecos","isPartOf":{"@id":"https:\/\/infoecos.com.ar\/#website"},"primaryImageOfPage":{"@id":"https:\/\/infoecos.com.ar\/index.php\/trenque-lauquen-es-lo-que-es-por-la-fusion-de-esas-culturas-que-no-negamos-dijo-fernandez\/#primaryimage"},"image":{"@id":"https:\/\/infoecos.com.ar\/index.php\/trenque-lauquen-es-lo-que-es-por-la-fusion-de-esas-culturas-que-no-negamos-dijo-fernandez\/#primaryimage"},"thumbnailUrl":"https:\/\/infoecos.com.ar\/wp-content\/uploads\/2023\/04\/DSC_8986.jpg","datePublished":"2023-04-13T05:55:01+00:00","dateModified":"2023-04-16T06:51:43+00:00","breadcrumb":{"@id":"https:\/\/infoecos.com.ar\/index.php\/trenque-lauquen-es-lo-que-es-por-la-fusion-de-esas-culturas-que-no-negamos-dijo-fernandez\/#breadcrumb"},"inLanguage":"es","potentialAction":[{"@type":"ReadAction","target":["https:\/\/infoecos.com.ar\/index.php\/trenque-lauquen-es-lo-que-es-por-la-fusion-de-esas-culturas-que-no-negamos-dijo-fernandez\/"]}]},{"@type":"ImageObject","inLanguage":"es","@id":"https:\/\/infoecos.com.ar\/index.php\/trenque-lauquen-es-lo-que-es-por-la-fusion-de-esas-culturas-que-no-negamos-dijo-fernandez\/#primaryimage","url":"https:\/\/infoecos.com.ar\/wp-content\/uploads\/2023\/04\/DSC_8986.jpg","contentUrl":"https:\/\/infoecos.com.ar\/wp-content\/uploads\/2023\/04\/DSC_8986.jpg","width":1241,"height":830},{"@type":"BreadcrumbList","@id":"https:\/\/infoecos.com.ar\/index.php\/trenque-lauquen-es-lo-que-es-por-la-fusion-de-esas-culturas-que-no-negamos-dijo-fernandez\/#breadcrumb","itemListElement":[{"@type":"ListItem","position":1,"name":"Portada","item":"https:\/\/infoecos.com.ar\/"},{"@type":"ListItem","position":2,"name":"\u00abTrenque Lauquen es lo que es por la fusi\u00f3n de esas culturas que no negamos\u00bb, dijo Fern\u00e1ndez"}]},{"@type":"WebSite","@id":"https:\/\/infoecos.com.ar\/#website","url":"https:\/\/infoecos.com.ar\/","name":"Infoecos","description":"Noticias de trenque lauquen y la zona","publisher":{"@id":"https:\/\/infoecos.com.ar\/#organization"},"alternateName":"Noticias","potentialAction":[{"@type":"SearchAction","target":{"@type":"EntryPoint","urlTemplate":"https:\/\/infoecos.com.ar\/?s={search_term_string}"},"query-input":{"@type":"PropertyValueSpecification","valueRequired":true,"valueName":"search_term_string"}}],"inLanguage":"es"},{"@type":"Organization","@id":"https:\/\/infoecos.com.ar\/#organization","name":"Infoecos","alternateName":"Noticias","url":"https:\/\/infoecos.com.ar\/","logo":{"@type":"ImageObject","inLanguage":"es","@id":"https:\/\/infoecos.com.ar\/#\/schema\/logo\/image\/","url":"https:\/\/infoecos.com.ar\/wp-content\/uploads\/2024\/03\/cropped-logo.png","contentUrl":"https:\/\/infoecos.com.ar\/wp-content\/uploads\/2024\/03\/cropped-logo.png","width":374,"height":90,"caption":"Infoecos"},"image":{"@id":"https:\/\/infoecos.com.ar\/#\/schema\/logo\/image\/"},"sameAs":["https:\/\/www.facebook.com\/profile.php?id=100063200290284","https:\/\/x.com\/infoecos"]},{"@type":"Person","@id":"https:\/\/infoecos.com.ar\/#\/schema\/person\/8f5ace5ce73b4b4aac4b7245aee6f191","name":"Jorge Matheus","url":"https:\/\/infoecos.com.ar\/index.php\/author\/jomatheus\/"}]}},"featured_image_urls":{"full":["https:\/\/infoecos.com.ar\/wp-content\/uploads\/2023\/04\/DSC_8986.jpg",1241,830,false],"thumbnail":["https:\/\/infoecos.com.ar\/wp-content\/uploads\/2023\/04\/DSC_8986-300x150.jpg",300,150,true],"medium":["https:\/\/infoecos.com.ar\/wp-content\/uploads\/2023\/04\/DSC_8986-800x535.jpg",800,535,true],"medium_large":["https:\/\/infoecos.com.ar\/wp-content\/uploads\/2023\/04\/DSC_8986-768x514.jpg",640,428,true],"large":["https:\/\/infoecos.com.ar\/wp-content\/uploads\/2023\/04\/DSC_8986.jpg",640,428,false],"1536x1536":["https:\/\/infoecos.com.ar\/wp-content\/uploads\/2023\/04\/DSC_8986.jpg",1241,830,false],"2048x2048":["https:\/\/infoecos.com.ar\/wp-content\/uploads\/2023\/04\/DSC_8986.jpg",1241,830,false],"covernews-slider-full":["https:\/\/infoecos.com.ar\/wp-content\/uploads\/2023\/04\/DSC_8986.jpg",1069,715,false],"covernews-slider-center":["https:\/\/infoecos.com.ar\/wp-content\/uploads\/2023\/04\/DSC_8986-936x830.jpg",564,500,true],"covernews-featured":["https:\/\/infoecos.com.ar\/wp-content\/uploads\/2023\/04\/DSC_8986-1024x685.jpg",1024,685,true],"covernews-medium":["https:\/\/infoecos.com.ar\/wp-content\/uploads\/2023\/04\/DSC_8986-720x380.jpg",540,285,true],"covernews-medium-square":["https:\/\/infoecos.com.ar\/wp-content\/uploads\/2023\/04\/DSC_8986-675x450.jpg",375,250,true]},"author_info":{"info":["Jorge Matheus"]},"category_info":"<a href=\"https:\/\/infoecos.com.ar\/index.php\/category\/inferior3\/\" rel=\"category tag\">Bloque inferior - 3<\/a>","tag_info":"Bloque inferior - 3","comment_count":"0","_links":{"self":[{"href":"https:\/\/infoecos.com.ar\/index.php\/wp-json\/wp\/v2\/posts\/103735"}],"collection":[{"href":"https:\/\/infoecos.com.ar\/index.php\/wp-json\/wp\/v2\/posts"}],"about":[{"href":"https:\/\/infoecos.com.ar\/index.php\/wp-json\/wp\/v2\/types\/post"}],"author":[{"embeddable":true,"href":"https:\/\/infoecos.com.ar\/index.php\/wp-json\/wp\/v2\/users\/2"}],"replies":[{"embeddable":true,"href":"https:\/\/infoecos.com.ar\/index.php\/wp-json\/wp\/v2\/comments?post=103735"}],"version-history":[{"count":1,"href":"https:\/\/infoecos.com.ar\/index.php\/wp-json\/wp\/v2\/posts\/103735\/revisions"}],"predecessor-version":[{"id":103742,"href":"https:\/\/infoecos.com.ar\/index.php\/wp-json\/wp\/v2\/posts\/103735\/revisions\/103742"}],"wp:featuredmedia":[{"embeddable":true,"href":"https:\/\/infoecos.com.ar\/index.php\/wp-json\/wp\/v2\/media\/103736"}],"wp:attachment":[{"href":"https:\/\/infoecos.com.ar\/index.php\/wp-json\/wp\/v2\/media?parent=103735"}],"wp:term":[{"taxonomy":"category","embeddable":true,"href":"https:\/\/infoecos.com.ar\/index.php\/wp-json\/wp\/v2\/categories?post=103735"},{"taxonomy":"post_tag","embeddable":true,"href":"https:\/\/infoecos.com.ar\/index.php\/wp-json\/wp\/v2\/tags?post=103735"}],"curies":[{"name":"wp","href":"https:\/\/api.w.org\/{rel}","templated":true}]}}